{"id":7492,"date":"2022-01-18T19:44:11","date_gmt":"2022-01-18T23:44:11","guid":{"rendered":"https:\/\/minutocerord.com\/?p=7492"},"modified":"2022-01-18T19:44:15","modified_gmt":"2022-01-18T23:44:15","slug":"fallo-mecanico-habria-causado-accidente-en-avion-de-gonzalo","status":"publish","type":"post","link":"https:\/\/minutocerord.com\/?p=7492","title":{"rendered":"Fallo mec\u00e1nico habr\u00eda causado accidente en avi\u00f3n de Gonzalo"},"content":{"rendered":"\n<p><strong>Santo Domingo.-<\/strong> Un problema mec\u00e1nico en uno de los dispositivos de freno aerodin\u00e1micos pudo ser la causa del accidente a\u00e9reo que cost\u00f3 la vida a nueve personas el pasado 15 de diciembre en el Aeropuerto Internacional de Las Am\u00e9ricas, informaron este martes los responsables de la investigaci\u00f3n.<\/p>\n\n\n\n<p>Los \u00abspoilers\u00bb del ala derecha del avi\u00f3n, dispositivos hidr\u00e1ulicos que permiten frenar el aparato en tierra, quedaron desplegados desde el despegue de la aeronave, de la compa\u00f1\u00eda Helidosa, en la que viajaba el productor de reguet\u00f3n&nbsp;puertorrique\u00f1o&nbsp;Jos\u00e9 \u00c1ngel Hern\u00e1ndez, conocido como Flow La Movie, y varios de sus familiares, todos ellos fallecidos en el siniestro.<\/p>\n\n\n\n<p>Al presentar el informe preliminar de la investigaci\u00f3n del accidente, el director de la Comisi\u00f3n Investigadora de Accidentes de Aviaci\u00f3n Civil (CIAA), Emmanuel Souffront, dijo que \u00abno fue posible\u00bb retraer los spoilers del ala derecha \u00aben ning\u00fan momento del vuelo\u00bb.<\/p>\n\n\n\n<p>Solo los spoilers del ala izquierda se retrajeron, mientras que \u00ablos tres spoilers del ala derecha se quedaron extendidos\u00bb, dice el informe.<br>Esa posici\u00f3n habr\u00eda creado \u00abuna asimetr\u00eda en las alas\u00bb que \u00abnormalmente hace bastante dif\u00edcil\u00bb mantener el control del aparato, se\u00f1al\u00f3 Souffront.<br>El aparato, con tres tripulantes y seis pasajeros abordo,&nbsp;\u00abse destruy\u00f3 completamente al impactar con el terreno mientras intentaba realizar un aterrizaje\u00bb de emergencia.<\/p>\n\n\n\n<p>El vuelo dur\u00f3 15 minutos desde que despeg\u00f3 del aeropuerto de La Isabela, tambi\u00e9n en Santo Domingo, donde el aparato se hab\u00eda sometido durante tres horas a unas reparaciones tras llegar procedente de Puerto Rico.<\/p>\n\n\n\n<p>\u00abFue retornado a servicio en el entendido de que estaba completamente aeronavegable\u00bb para continuar viaje a Orlando, Estados Unidos, seg\u00fan el informe.<br>La comisi\u00f3n investigadora pudo comprobar que una aeronave similar estaba en la rampa principal como reserva para ser usada en caso de que el trabajo de mantenimiento no se terminara pero, seg\u00fan la compa\u00f1\u00eda Helidosa, \u00ablos pasajeros requirieron completar el viaje en ese avi\u00f3n en particular\u00bb.<\/p>\n\n\n\n<p>El presidente de la Junta de Aviaci\u00f3n Civil (JAC) de la Rep\u00fablica Dominicana, Jos\u00e9 Marte Piantini, y Souffront insistieron en que este es un informe preliminar y que a\u00fan no han concluido las pesquisas.<\/p>\n\n\n\n<p>Estas tambi\u00e9n incluyen el an\u00e1lisis de las cajas negras del aparato, enviadas a Estados Unidos, que contienen \u00ablas voces de cabina y la comunicaci\u00f3n con la torre de control\u00bb previa al siniestro.<\/p>\n\n\n\n<p>Adem\u00e1s, se trabaja en determinar el tiempo de servicio el d\u00eda del accidente y 48 horas antes del mismo, incluso la actividad de la tripulaci\u00f3n en los \u00faltimos seis meses, as\u00ed como los protocolos de mantenimiento y las operaciones de la compa\u00f1\u00eda, lo cual quedar\u00e1 plasmado en el informe final.EFE<\/p>\n","protected":false},"excerpt":{"rendered":"<p>Santo Domingo.- Un problema mec\u00e1nico en uno de los dispositivos de freno aerodin\u00e1micos pudo ser la causa del accidente a\u00e9reo que cost\u00f3 la vida a nueve personas el pasado 15 de diciembre en el Aeropuerto Internacional de Las Am\u00e9ricas, informaron este martes los responsables de la investigaci\u00f3n. Los \u00abspoilers\u00bb del ala derecha del avi\u00f3n, dispositivos [&hellip;]<\/p>\n","protected":false},"author":1,"featured_media":7493,"comment_status":"open","ping_status":"open","sticky":false,"template":"","format":"standard","meta":{"nf_dc_page":"","jetpack_post_was_ever_published":false,"_jetpack_newsletter_access":"","_jetpack_dont_email_post_to_subs":false,"_jetpack_newsletter_tier_id":0,"_jetpack_memberships_contains_paywalled_content":false,"_jetpack_memberships_contains_paid_content":false,"footnotes":"","jetpack_publicize_message":"","jetpack_publicize_feature_enabled":true,"jetpack_social_post_already_shared":false,"jetpack_social_options":{"image_generator_settings":{"template":"highway","default_image_id":0,"font":"","enabled":false},"version":2}},"categories":[65],"tags":[],"class_list":["post-7492","post","type-post","status-publish","format-standard","has-post-thumbnail","hentry","category-nacionales"],"yoast_head":"<!-- This site is optimized with the Yoast SEO plugin v27.4 - https:\/\/yoast.com\/product\/yoast-seo-wordpress\/ -->\n<title>Fallo mec\u00e1nico habr\u00eda causado accidente en avi\u00f3n de Gonzalo - Minuto Cero RD<\/title>\n<meta name=\"robots\" content=\"index, follow, max-snippet:-1, max-image-preview:large, max-video-preview:-1\" \/>\n<link rel=\"canonical\" href=\"http:\/\/minutocerord.com\/?p=7492\" \/>\n<meta property=\"og:locale\" content=\"es_ES\" \/>\n<meta property=\"og:type\" content=\"article\" \/>\n<meta property=\"og:title\" content=\"Fallo mec\u00e1nico habr\u00eda causado accidente en avi\u00f3n de Gonzalo - Minuto Cero RD\" \/>\n<meta property=\"og:description\" content=\"Santo Domingo.- Un problema mec\u00e1nico en uno de los dispositivos de freno aerodin\u00e1micos pudo ser la causa del accidente a\u00e9reo que cost\u00f3 la vida a nueve personas el pasado 15 de diciembre en el Aeropuerto Internacional de Las Am\u00e9ricas, informaron este martes los responsables de la investigaci\u00f3n. Los \u00abspoilers\u00bb del ala derecha del avi\u00f3n, dispositivos [&hellip;]\" \/>\n<meta property=\"og:url\" content=\"http:\/\/minutocerord.com\/?p=7492\" \/>\n<meta property=\"og:site_name\" content=\"Minuto Cero RD\" \/>\n<meta property=\"article:publisher\" content=\"https:\/\/www.facebook.com\/Genofnotes\" \/>\n<meta property=\"article:author\" content=\"https:\/\/www.facebook.com\/Genofnotes\" \/>\n<meta property=\"article:published_time\" content=\"2022-01-18T23:44:11+00:00\" \/>\n<meta property=\"article:modified_time\" content=\"2022-01-18T23:44:15+00:00\" \/>\n<meta property=\"og:image\" content=\"https:\/\/i0.wp.com\/minutocerord.com\/wp-content\/uploads\/2022\/01\/avion.png?fit=966%2C570\" \/>\n\t<meta property=\"og:image:width\" content=\"966\" \/>\n\t<meta property=\"og:image:height\" content=\"570\" \/>\n\t<meta property=\"og:image:type\" content=\"image\/png\" \/>\n<meta name=\"author\" content=\"Genof\u00f3ntes Urb\u00e1ez\" \/>\n<meta name=\"twitter:card\" content=\"summary_large_image\" \/>\n<meta name=\"twitter:label1\" content=\"Written by\" \/>\n\t<meta name=\"twitter:data1\" content=\"Genof\u00f3ntes Urb\u00e1ez\" \/>\n\t<meta name=\"twitter:label2\" content=\"Est. reading time\" \/>\n\t<meta name=\"twitter:data2\" content=\"2 minutos\" \/>\n<script type=\"application\/ld+json\" class=\"yoast-schema-graph\">{\"@context\":\"https:\\\/\\\/schema.org\",\"@graph\":[{\"@type\":\"Article\",\"@id\":\"http:\\\/\\\/minutocerord.com\\\/?p=7492#article\",\"isPartOf\":{\"@id\":\"http:\\\/\\\/minutocerord.com\\\/?p=7492\"},\"author\":{\"name\":\"Genof\u00f3ntes Urb\u00e1ez\",\"@id\":\"https:\\\/\\\/minutocerord.com\\\/#\\\/schema\\\/person\\\/60b5372d60aaa0a5171fb6488be9aee6\"},\"headline\":\"Fallo mec\u00e1nico habr\u00eda causado accidente en avi\u00f3n de Gonzalo\",\"datePublished\":\"2022-01-18T23:44:11+00:00\",\"dateModified\":\"2022-01-18T23:44:15+00:00\",\"mainEntityOfPage\":{\"@id\":\"http:\\\/\\\/minutocerord.com\\\/?p=7492\"},\"wordCount\":480,\"commentCount\":0,\"publisher\":{\"@id\":\"https:\\\/\\\/minutocerord.com\\\/#\\\/schema\\\/person\\\/60b5372d60aaa0a5171fb6488be9aee6\"},\"image\":{\"@id\":\"http:\\\/\\\/minutocerord.com\\\/?p=7492#primaryimage\"},\"thumbnailUrl\":\"https:\\\/\\\/i0.wp.com\\\/minutocerord.com\\\/wp-content\\\/uploads\\\/2022\\\/01\\\/avion.png?fit=966%2C570&ssl=1\",\"articleSection\":[\"Nacionales\"],\"inLanguage\":\"es-DO\",\"potentialAction\":[{\"@type\":\"CommentAction\",\"name\":\"Comment\",\"target\":[\"http:\\\/\\\/minutocerord.com\\\/?p=7492#respond\"]}]},{\"@type\":\"WebPage\",\"@id\":\"http:\\\/\\\/minutocerord.com\\\/?p=7492\",\"url\":\"http:\\\/\\\/minutocerord.com\\\/?p=7492\",\"name\":\"Fallo mec\u00e1nico habr\u00eda causado accidente en avi\u00f3n de Gonzalo - Minuto Cero RD\",\"isPartOf\":{\"@id\":\"https:\\\/\\\/minutocerord.com\\\/#website\"},\"primaryImageOfPage\":{\"@id\":\"http:\\\/\\\/minutocerord.com\\\/?p=7492#primaryimage\"},\"image\":{\"@id\":\"http:\\\/\\\/minutocerord.com\\\/?p=7492#primaryimage\"},\"thumbnailUrl\":\"https:\\\/\\\/i0.wp.com\\\/minutocerord.com\\\/wp-content\\\/uploads\\\/2022\\\/01\\\/avion.png?fit=966%2C570&ssl=1\",\"datePublished\":\"2022-01-18T23:44:11+00:00\",\"dateModified\":\"2022-01-18T23:44:15+00:00\",\"breadcrumb\":{\"@id\":\"http:\\\/\\\/minutocerord.com\\\/?p=7492#breadcrumb\"},\"inLanguage\":\"es-DO\",\"potentialAction\":[{\"@type\":\"ReadAction\",\"target\":[\"http:\\\/\\\/minutocerord.com\\\/?p=7492\"]}]},{\"@type\":\"ImageObject\",\"inLanguage\":\"es-DO\",\"@id\":\"http:\\\/\\\/minutocerord.com\\\/?p=7492#primaryimage\",\"url\":\"https:\\\/\\\/i0.wp.com\\\/minutocerord.com\\\/wp-content\\\/uploads\\\/2022\\\/01\\\/avion.png?fit=966%2C570&ssl=1\",\"contentUrl\":\"https:\\\/\\\/i0.wp.com\\\/minutocerord.com\\\/wp-content\\\/uploads\\\/2022\\\/01\\\/avion.png?fit=966%2C570&ssl=1\",\"width\":966,\"height\":570},{\"@type\":\"BreadcrumbList\",\"@id\":\"http:\\\/\\\/minutocerord.com\\\/?p=7492#breadcrumb\",\"itemListElement\":[{\"@type\":\"ListItem\",\"position\":1,\"name\":\"Home\",\"item\":\"https:\\\/\\\/minutocerord.com\\\/\"},{\"@type\":\"ListItem\",\"position\":2,\"name\":\"Fallo mec\u00e1nico habr\u00eda causado accidente en avi\u00f3n de Gonzalo\"}]},{\"@type\":\"WebSite\",\"@id\":\"https:\\\/\\\/minutocerord.com\\\/#website\",\"url\":\"https:\\\/\\\/minutocerord.com\\\/\",\"name\":\"Minuto Cero RD\",\"description\":\"Periodismo serio y veraz\",\"publisher\":{\"@id\":\"https:\\\/\\\/minutocerord.com\\\/#\\\/schema\\\/person\\\/60b5372d60aaa0a5171fb6488be9aee6\"},\"potentialAction\":[{\"@type\":\"SearchAction\",\"target\":{\"@type\":\"EntryPoint\",\"urlTemplate\":\"https:\\\/\\\/minutocerord.com\\\/?s={search_term_string}\"},\"query-input\":{\"@type\":\"PropertyValueSpecification\",\"valueRequired\":true,\"valueName\":\"search_term_string\"}}],\"inLanguage\":\"es-DO\"},{\"@type\":[\"Person\",\"Organization\"],\"@id\":\"https:\\\/\\\/minutocerord.com\\\/#\\\/schema\\\/person\\\/60b5372d60aaa0a5171fb6488be9aee6\",\"name\":\"Genof\u00f3ntes Urb\u00e1ez\",\"image\":{\"@type\":\"ImageObject\",\"inLanguage\":\"es-DO\",\"@id\":\"https:\\\/\\\/secure.gravatar.com\\\/avatar\\\/a49ef3186a692098ac3e8a1612261e3ad70cf9e44553dff2929e67939a0ecb9d?s=96&d=identicon&r=g\",\"url\":\"https:\\\/\\\/secure.gravatar.com\\\/avatar\\\/a49ef3186a692098ac3e8a1612261e3ad70cf9e44553dff2929e67939a0ecb9d?s=96&d=identicon&r=g\",\"contentUrl\":\"https:\\\/\\\/secure.gravatar.com\\\/avatar\\\/a49ef3186a692098ac3e8a1612261e3ad70cf9e44553dff2929e67939a0ecb9d?s=96&d=identicon&r=g\",\"caption\":\"Genof\u00f3ntes Urb\u00e1ez\"},\"logo\":{\"@id\":\"https:\\\/\\\/secure.gravatar.com\\\/avatar\\\/a49ef3186a692098ac3e8a1612261e3ad70cf9e44553dff2929e67939a0ecb9d?s=96&d=identicon&r=g\"},\"description\":\"Periodista \\\/ Locutor\",\"sameAs\":[\"https:\\\/\\\/www.facebook.com\\\/Genofnotes\",\"https:\\\/\\\/www.instagram.com\\\/genofnotes\\\/\"]}]}<\/script>\n<!-- \/ Yoast SEO plugin. -->","yoast_head_json":{"title":"Fallo mec\u00e1nico habr\u00eda causado accidente en avi\u00f3n de Gonzalo - Minuto Cero RD","robots":{"index":"index","follow":"follow","max-snippet":"max-snippet:-1","max-image-preview":"max-image-preview:large","max-video-preview":"max-video-preview:-1"},"canonical":"http:\/\/minutocerord.com\/?p=7492","og_locale":"es_ES","og_type":"article","og_title":"Fallo mec\u00e1nico habr\u00eda causado accidente en avi\u00f3n de Gonzalo - Minuto Cero RD","og_description":"Santo Domingo.- Un problema mec\u00e1nico en uno de los dispositivos de freno aerodin\u00e1micos pudo ser la causa del accidente a\u00e9reo que cost\u00f3 la vida a nueve personas el pasado 15 de diciembre en el Aeropuerto Internacional de Las Am\u00e9ricas, informaron este martes los responsables de la investigaci\u00f3n. Los \u00abspoilers\u00bb del ala derecha del avi\u00f3n, dispositivos [&hellip;]","og_url":"http:\/\/minutocerord.com\/?p=7492","og_site_name":"Minuto Cero RD","article_publisher":"https:\/\/www.facebook.com\/Genofnotes","article_author":"https:\/\/www.facebook.com\/Genofnotes","article_published_time":"2022-01-18T23:44:11+00:00","article_modified_time":"2022-01-18T23:44:15+00:00","og_image":[{"width":966,"height":570,"url":"https:\/\/i0.wp.com\/minutocerord.com\/wp-content\/uploads\/2022\/01\/avion.png?fit=966%2C570","type":"image\/png"}],"author":"Genof\u00f3ntes Urb\u00e1ez","twitter_card":"summary_large_image","twitter_misc":{"Written by":"Genof\u00f3ntes Urb\u00e1ez","Est. reading time":"2 minutos"},"schema":{"@context":"https:\/\/schema.org","@graph":[{"@type":"Article","@id":"http:\/\/minutocerord.com\/?p=7492#article","isPartOf":{"@id":"http:\/\/minutocerord.com\/?p=7492"},"author":{"name":"Genof\u00f3ntes Urb\u00e1ez","@id":"https:\/\/minutocerord.com\/#\/schema\/person\/60b5372d60aaa0a5171fb6488be9aee6"},"headline":"Fallo mec\u00e1nico habr\u00eda causado accidente en avi\u00f3n de Gonzalo","datePublished":"2022-01-18T23:44:11+00:00","dateModified":"2022-01-18T23:44:15+00:00","mainEntityOfPage":{"@id":"http:\/\/minutocerord.com\/?p=7492"},"wordCount":480,"commentCount":0,"publisher":{"@id":"https:\/\/minutocerord.com\/#\/schema\/person\/60b5372d60aaa0a5171fb6488be9aee6"},"image":{"@id":"http:\/\/minutocerord.com\/?p=7492#primaryimage"},"thumbnailUrl":"https:\/\/i0.wp.com\/minutocerord.com\/wp-content\/uploads\/2022\/01\/avion.png?fit=966%2C570&ssl=1","articleSection":["Nacionales"],"inLanguage":"es-DO","potentialAction":[{"@type":"CommentAction","name":"Comment","target":["http:\/\/minutocerord.com\/?p=7492#respond"]}]},{"@type":"WebPage","@id":"http:\/\/minutocerord.com\/?p=7492","url":"http:\/\/minutocerord.com\/?p=7492","name":"Fallo mec\u00e1nico habr\u00eda causado accidente en avi\u00f3n de Gonzalo - Minuto Cero RD","isPartOf":{"@id":"https:\/\/minutocerord.com\/#website"},"primaryImageOfPage":{"@id":"http:\/\/minutocerord.com\/?p=7492#primaryimage"},"image":{"@id":"http:\/\/minutocerord.com\/?p=7492#primaryimage"},"thumbnailUrl":"https:\/\/i0.wp.com\/minutocerord.com\/wp-content\/uploads\/2022\/01\/avion.png?fit=966%2C570&ssl=1","datePublished":"2022-01-18T23:44:11+00:00","dateModified":"2022-01-18T23:44:15+00:00","breadcrumb":{"@id":"http:\/\/minutocerord.com\/?p=7492#breadcrumb"},"inLanguage":"es-DO","potentialAction":[{"@type":"ReadAction","target":["http:\/\/minutocerord.com\/?p=7492"]}]},{"@type":"ImageObject","inLanguage":"es-DO","@id":"http:\/\/minutocerord.com\/?p=7492#primaryimage","url":"https:\/\/i0.wp.com\/minutocerord.com\/wp-content\/uploads\/2022\/01\/avion.png?fit=966%2C570&ssl=1","contentUrl":"https:\/\/i0.wp.com\/minutocerord.com\/wp-content\/uploads\/2022\/01\/avion.png?fit=966%2C570&ssl=1","width":966,"height":570},{"@type":"BreadcrumbList","@id":"http:\/\/minutocerord.com\/?p=7492#breadcrumb","itemListElement":[{"@type":"ListItem","position":1,"name":"Home","item":"https:\/\/minutocerord.com\/"},{"@type":"ListItem","position":2,"name":"Fallo mec\u00e1nico habr\u00eda causado accidente en avi\u00f3n de Gonzalo"}]},{"@type":"WebSite","@id":"https:\/\/minutocerord.com\/#website","url":"https:\/\/minutocerord.com\/","name":"Minuto Cero RD","description":"Periodismo serio y veraz","publisher":{"@id":"https:\/\/minutocerord.com\/#\/schema\/person\/60b5372d60aaa0a5171fb6488be9aee6"},"potentialAction":[{"@type":"SearchAction","target":{"@type":"EntryPoint","urlTemplate":"https:\/\/minutocerord.com\/?s={search_term_string}"},"query-input":{"@type":"PropertyValueSpecification","valueRequired":true,"valueName":"search_term_string"}}],"inLanguage":"es-DO"},{"@type":["Person","Organization"],"@id":"https:\/\/minutocerord.com\/#\/schema\/person\/60b5372d60aaa0a5171fb6488be9aee6","name":"Genof\u00f3ntes Urb\u00e1ez","image":{"@type":"ImageObject","inLanguage":"es-DO","@id":"https:\/\/secure.gravatar.com\/avatar\/a49ef3186a692098ac3e8a1612261e3ad70cf9e44553dff2929e67939a0ecb9d?s=96&d=identicon&r=g","url":"https:\/\/secure.gravatar.com\/avatar\/a49ef3186a692098ac3e8a1612261e3ad70cf9e44553dff2929e67939a0ecb9d?s=96&d=identicon&r=g","contentUrl":"https:\/\/secure.gravatar.com\/avatar\/a49ef3186a692098ac3e8a1612261e3ad70cf9e44553dff2929e67939a0ecb9d?s=96&d=identicon&r=g","caption":"Genof\u00f3ntes Urb\u00e1ez"},"logo":{"@id":"https:\/\/secure.gravatar.com\/avatar\/a49ef3186a692098ac3e8a1612261e3ad70cf9e44553dff2929e67939a0ecb9d?s=96&d=identicon&r=g"},"description":"Periodista \/ Locutor","sameAs":["https:\/\/www.facebook.com\/Genofnotes","https:\/\/www.instagram.com\/genofnotes\/"]}]}},"jetpack_publicize_connections":[],"jetpack_featured_media_url":"https:\/\/i0.wp.com\/minutocerord.com\/wp-content\/uploads\/2022\/01\/avion.png?fit=966%2C570&ssl=1","jetpack-related-posts":[],"jetpack_sharing_enabled":true,"_links":{"self":[{"href":"https:\/\/minutocerord.com\/index.php?rest_route=\/wp\/v2\/posts\/7492","targetHints":{"allow":["GET"]}}],"collection":[{"href":"https:\/\/minutocerord.com\/index.php?rest_route=\/wp\/v2\/posts"}],"about":[{"href":"https:\/\/minutocerord.com\/index.php?rest_route=\/wp\/v2\/types\/post"}],"author":[{"embeddable":true,"href":"https:\/\/minutocerord.com\/index.php?rest_route=\/wp\/v2\/users\/1"}],"replies":[{"embeddable":true,"href":"https:\/\/minutocerord.com\/index.php?rest_route=%2Fwp%2Fv2%2Fcomments&post=7492"}],"version-history":[{"count":1,"href":"https:\/\/minutocerord.com\/index.php?rest_route=\/wp\/v2\/posts\/7492\/revisions"}],"predecessor-version":[{"id":7494,"href":"https:\/\/minutocerord.com\/index.php?rest_route=\/wp\/v2\/posts\/7492\/revisions\/7494"}],"wp:featuredmedia":[{"embeddable":true,"href":"https:\/\/minutocerord.com\/index.php?rest_route=\/wp\/v2\/media\/7493"}],"wp:attachment":[{"href":"https:\/\/minutocerord.com\/index.php?rest_route=%2Fwp%2Fv2%2Fmedia&parent=7492"}],"wp:term":[{"taxonomy":"category","embeddable":true,"href":"https:\/\/minutocerord.com\/index.php?rest_route=%2Fwp%2Fv2%2Fcategories&post=7492"},{"taxonomy":"post_tag","embeddable":true,"href":"https:\/\/minutocerord.com\/index.php?rest_route=%2Fwp%2Fv2%2Ftags&post=7492"}],"curies":[{"name":"wp","href":"https:\/\/api.w.org\/{rel}","templated":true}]}}