{"id":7495,"date":"2022-01-18T19:47:18","date_gmt":"2022-01-18T23:47:18","guid":{"rendered":"https:\/\/minutocerord.com\/?p=7495"},"modified":"2022-01-18T19:47:21","modified_gmt":"2022-01-18T23:47:21","slug":"a-prision-pareja-por-violacion-nina-de-cinco-anos","status":"publish","type":"post","link":"https:\/\/minutocerord.com\/?p=7495","title":{"rendered":"A prisi\u00f3n pareja por violaci\u00f3n ni\u00f1a de cinco a\u00f1os."},"content":{"rendered":"\n<p><strong>Santiago.-<\/strong>Un juez de la Oficina de Atenci\u00f3n Permanente impuso tres meses de prisi\u00f3n preventiva contra el padrastro de una ni\u00f1a de cinco a\u00f1os de edad, acusado de violaci\u00f3n sexual en complicidad con la madre.<\/p>\n\n\n\n<p>La medida de coerci\u00f3n fue impuesta contra \u00c1ngel Gabriel Jim\u00e9nez, y la madre de la menor, quien alegadamente grab\u00f3 la acci\u00f3n y supuestamente colg\u00f3 el video del acto en las redes sociales.<\/p>\n\n\n\n<p>Jim\u00e9nez deber\u00e1 cumplir la medida en centro penitenciario El 15 de Azua y la madre en Rafey Mujeres.<\/p>\n\n\n\n<p>Los familiares de la madre de la menor abusada, defiende a su pariente y creen que su pareja jug\u00f3 un papel de manejo psicol\u00f3gico, para influir en la dama cuyo nombre no es ofrecido por el ministerio p\u00fablico.<\/p>\n\n\n\n<p>El caso ha causado consternaci\u00f3n en la barriada donde resid\u00eda la pareja junto a la ni\u00f1a y dicen esperar que la justicia juegue su papel.<\/p>\n","protected":false},"excerpt":{"rendered":"<p>Santiago.-Un juez de la Oficina de Atenci\u00f3n Permanente impuso tres meses de prisi\u00f3n preventiva contra el padrastro de una ni\u00f1a de cinco a\u00f1os de edad, acusado de violaci\u00f3n sexual en complicidad con la madre. La medida de coerci\u00f3n fue impuesta contra \u00c1ngel Gabriel Jim\u00e9nez, y la madre de la menor, quien alegadamente grab\u00f3 la acci\u00f3n [&hellip;]<\/p>\n","protected":false},"author":1,"featured_media":7496,"comment_status":"open","ping_status":"open","sticky":false,"template":"","format":"standard","meta":{"nf_dc_page":"","jetpack_post_was_ever_published":false,"_jetpack_newsletter_access":"","_jetpack_dont_email_post_to_subs":false,"_jetpack_newsletter_tier_id":0,"_jetpack_memberships_contains_paywalled_content":false,"_jetpack_memberships_contains_paid_content":false,"footnotes":"","jetpack_publicize_message":"","jetpack_publicize_feature_enabled":true,"jetpack_social_post_already_shared":false,"jetpack_social_options":{"image_generator_settings":{"template":"highway","default_image_id":0,"font":"","enabled":false},"version":2}},"categories":[93],"tags":[],"class_list":["post-7495","post","type-post","status-publish","format-standard","has-post-thumbnail","hentry","category-justicia"],"yoast_head":"<!-- This site is optimized with the Yoast SEO plugin v27.4 - https:\/\/yoast.com\/product\/yoast-seo-wordpress\/ -->\n<title>A prisi\u00f3n pareja por violaci\u00f3n ni\u00f1a de cinco a\u00f1os. - Minuto Cero RD<\/title>\n<meta name=\"robots\" content=\"index, follow, max-snippet:-1, max-image-preview:large, max-video-preview:-1\" \/>\n<link rel=\"canonical\" href=\"http:\/\/minutocerord.com\/?p=7495\" \/>\n<meta property=\"og:locale\" content=\"es_ES\" \/>\n<meta property=\"og:type\" content=\"article\" \/>\n<meta property=\"og:title\" content=\"A prisi\u00f3n pareja por violaci\u00f3n ni\u00f1a de cinco a\u00f1os. - Minuto Cero RD\" \/>\n<meta property=\"og:description\" content=\"Santiago.-Un juez de la Oficina de Atenci\u00f3n Permanente impuso tres meses de prisi\u00f3n preventiva contra el padrastro de una ni\u00f1a de cinco a\u00f1os de edad, acusado de violaci\u00f3n sexual en complicidad con la madre. La medida de coerci\u00f3n fue impuesta contra \u00c1ngel Gabriel Jim\u00e9nez, y la madre de la menor, quien alegadamente grab\u00f3 la acci\u00f3n [&hellip;]\" \/>\n<meta property=\"og:url\" content=\"http:\/\/minutocerord.com\/?p=7495\" \/>\n<meta property=\"og:site_name\" content=\"Minuto Cero RD\" \/>\n<meta property=\"article:publisher\" content=\"https:\/\/www.facebook.com\/Genofnotes\" \/>\n<meta property=\"article:author\" content=\"https:\/\/www.facebook.com\/Genofnotes\" \/>\n<meta property=\"article:published_time\" content=\"2022-01-18T23:47:18+00:00\" \/>\n<meta property=\"article:modified_time\" content=\"2022-01-18T23:47:21+00:00\" \/>\n<meta property=\"og:image\" content=\"https:\/\/i0.wp.com\/minutocerord.com\/wp-content\/uploads\/2022\/01\/271743289_10224666515505094_1630744231252339637_n.jpg?fit=820%2C733\" \/>\n\t<meta property=\"og:image:width\" content=\"820\" \/>\n\t<meta property=\"og:image:height\" content=\"733\" \/>\n\t<meta property=\"og:image:type\" content=\"image\/jpeg\" \/>\n<meta name=\"author\" content=\"Genof\u00f3ntes Urb\u00e1ez\" \/>\n<meta name=\"twitter:card\" content=\"summary_large_image\" \/>\n<meta name=\"twitter:label1\" content=\"Written by\" \/>\n\t<meta name=\"twitter:data1\" content=\"Genof\u00f3ntes Urb\u00e1ez\" \/>\n\t<meta name=\"twitter:label2\" content=\"Est. reading time\" \/>\n\t<meta name=\"twitter:data2\" content=\"1 minuto\" \/>\n<script type=\"application\/ld+json\" class=\"yoast-schema-graph\">{\"@context\":\"https:\\\/\\\/schema.org\",\"@graph\":[{\"@type\":\"Article\",\"@id\":\"http:\\\/\\\/minutocerord.com\\\/?p=7495#article\",\"isPartOf\":{\"@id\":\"http:\\\/\\\/minutocerord.com\\\/?p=7495\"},\"author\":{\"name\":\"Genof\u00f3ntes Urb\u00e1ez\",\"@id\":\"https:\\\/\\\/minutocerord.com\\\/#\\\/schema\\\/person\\\/60b5372d60aaa0a5171fb6488be9aee6\"},\"headline\":\"A prisi\u00f3n pareja por violaci\u00f3n ni\u00f1a de cinco a\u00f1os.\",\"datePublished\":\"2022-01-18T23:47:18+00:00\",\"dateModified\":\"2022-01-18T23:47:21+00:00\",\"mainEntityOfPage\":{\"@id\":\"http:\\\/\\\/minutocerord.com\\\/?p=7495\"},\"wordCount\":174,\"commentCount\":0,\"publisher\":{\"@id\":\"https:\\\/\\\/minutocerord.com\\\/#\\\/schema\\\/person\\\/60b5372d60aaa0a5171fb6488be9aee6\"},\"image\":{\"@id\":\"http:\\\/\\\/minutocerord.com\\\/?p=7495#primaryimage\"},\"thumbnailUrl\":\"https:\\\/\\\/i0.wp.com\\\/minutocerord.com\\\/wp-content\\\/uploads\\\/2022\\\/01\\\/271743289_10224666515505094_1630744231252339637_n.jpg?fit=820%2C733&ssl=1\",\"articleSection\":[\"Justicia\"],\"inLanguage\":\"es-DO\",\"potentialAction\":[{\"@type\":\"CommentAction\",\"name\":\"Comment\",\"target\":[\"http:\\\/\\\/minutocerord.com\\\/?p=7495#respond\"]}]},{\"@type\":\"WebPage\",\"@id\":\"http:\\\/\\\/minutocerord.com\\\/?p=7495\",\"url\":\"http:\\\/\\\/minutocerord.com\\\/?p=7495\",\"name\":\"A prisi\u00f3n pareja por violaci\u00f3n ni\u00f1a de cinco a\u00f1os. - Minuto Cero RD\",\"isPartOf\":{\"@id\":\"https:\\\/\\\/minutocerord.com\\\/#website\"},\"primaryImageOfPage\":{\"@id\":\"http:\\\/\\\/minutocerord.com\\\/?p=7495#primaryimage\"},\"image\":{\"@id\":\"http:\\\/\\\/minutocerord.com\\\/?p=7495#primaryimage\"},\"thumbnailUrl\":\"https:\\\/\\\/i0.wp.com\\\/minutocerord.com\\\/wp-content\\\/uploads\\\/2022\\\/01\\\/271743289_10224666515505094_1630744231252339637_n.jpg?fit=820%2C733&ssl=1\",\"datePublished\":\"2022-01-18T23:47:18+00:00\",\"dateModified\":\"2022-01-18T23:47:21+00:00\",\"breadcrumb\":{\"@id\":\"http:\\\/\\\/minutocerord.com\\\/?p=7495#breadcrumb\"},\"inLanguage\":\"es-DO\",\"potentialAction\":[{\"@type\":\"ReadAction\",\"target\":[\"http:\\\/\\\/minutocerord.com\\\/?p=7495\"]}]},{\"@type\":\"ImageObject\",\"inLanguage\":\"es-DO\",\"@id\":\"http:\\\/\\\/minutocerord.com\\\/?p=7495#primaryimage\",\"url\":\"https:\\\/\\\/i0.wp.com\\\/minutocerord.com\\\/wp-content\\\/uploads\\\/2022\\\/01\\\/271743289_10224666515505094_1630744231252339637_n.jpg?fit=820%2C733&ssl=1\",\"contentUrl\":\"https:\\\/\\\/i0.wp.com\\\/minutocerord.com\\\/wp-content\\\/uploads\\\/2022\\\/01\\\/271743289_10224666515505094_1630744231252339637_n.jpg?fit=820%2C733&ssl=1\",\"width\":820,\"height\":733},{\"@type\":\"BreadcrumbList\",\"@id\":\"http:\\\/\\\/minutocerord.com\\\/?p=7495#breadcrumb\",\"itemListElement\":[{\"@type\":\"ListItem\",\"position\":1,\"name\":\"Home\",\"item\":\"https:\\\/\\\/minutocerord.com\\\/\"},{\"@type\":\"ListItem\",\"position\":2,\"name\":\"A prisi\u00f3n pareja por violaci\u00f3n ni\u00f1a de cinco a\u00f1os.\"}]},{\"@type\":\"WebSite\",\"@id\":\"https:\\\/\\\/minutocerord.com\\\/#website\",\"url\":\"https:\\\/\\\/minutocerord.com\\\/\",\"name\":\"Minuto Cero RD\",\"description\":\"Periodismo serio y veraz\",\"publisher\":{\"@id\":\"https:\\\/\\\/minutocerord.com\\\/#\\\/schema\\\/person\\\/60b5372d60aaa0a5171fb6488be9aee6\"},\"potentialAction\":[{\"@type\":\"SearchAction\",\"target\":{\"@type\":\"EntryPoint\",\"urlTemplate\":\"https:\\\/\\\/minutocerord.com\\\/?s={search_term_string}\"},\"query-input\":{\"@type\":\"PropertyValueSpecification\",\"valueRequired\":true,\"valueName\":\"search_term_string\"}}],\"inLanguage\":\"es-DO\"},{\"@type\":[\"Person\",\"Organization\"],\"@id\":\"https:\\\/\\\/minutocerord.com\\\/#\\\/schema\\\/person\\\/60b5372d60aaa0a5171fb6488be9aee6\",\"name\":\"Genof\u00f3ntes Urb\u00e1ez\",\"image\":{\"@type\":\"ImageObject\",\"inLanguage\":\"es-DO\",\"@id\":\"https:\\\/\\\/secure.gravatar.com\\\/avatar\\\/a49ef3186a692098ac3e8a1612261e3ad70cf9e44553dff2929e67939a0ecb9d?s=96&d=identicon&r=g\",\"url\":\"https:\\\/\\\/secure.gravatar.com\\\/avatar\\\/a49ef3186a692098ac3e8a1612261e3ad70cf9e44553dff2929e67939a0ecb9d?s=96&d=identicon&r=g\",\"contentUrl\":\"https:\\\/\\\/secure.gravatar.com\\\/avatar\\\/a49ef3186a692098ac3e8a1612261e3ad70cf9e44553dff2929e67939a0ecb9d?s=96&d=identicon&r=g\",\"caption\":\"Genof\u00f3ntes Urb\u00e1ez\"},\"logo\":{\"@id\":\"https:\\\/\\\/secure.gravatar.com\\\/avatar\\\/a49ef3186a692098ac3e8a1612261e3ad70cf9e44553dff2929e67939a0ecb9d?s=96&d=identicon&r=g\"},\"description\":\"Periodista \\\/ Locutor\",\"sameAs\":[\"https:\\\/\\\/www.facebook.com\\\/Genofnotes\",\"https:\\\/\\\/www.instagram.com\\\/genofnotes\\\/\"]}]}<\/script>\n<!-- \/ Yoast SEO plugin. -->","yoast_head_json":{"title":"A prisi\u00f3n pareja por violaci\u00f3n ni\u00f1a de cinco a\u00f1os. - Minuto Cero RD","robots":{"index":"index","follow":"follow","max-snippet":"max-snippet:-1","max-image-preview":"max-image-preview:large","max-video-preview":"max-video-preview:-1"},"canonical":"http:\/\/minutocerord.com\/?p=7495","og_locale":"es_ES","og_type":"article","og_title":"A prisi\u00f3n pareja por violaci\u00f3n ni\u00f1a de cinco a\u00f1os. - Minuto Cero RD","og_description":"Santiago.-Un juez de la Oficina de Atenci\u00f3n Permanente impuso tres meses de prisi\u00f3n preventiva contra el padrastro de una ni\u00f1a de cinco a\u00f1os de edad, acusado de violaci\u00f3n sexual en complicidad con la madre. La medida de coerci\u00f3n fue impuesta contra \u00c1ngel Gabriel Jim\u00e9nez, y la madre de la menor, quien alegadamente grab\u00f3 la acci\u00f3n [&hellip;]","og_url":"http:\/\/minutocerord.com\/?p=7495","og_site_name":"Minuto Cero RD","article_publisher":"https:\/\/www.facebook.com\/Genofnotes","article_author":"https:\/\/www.facebook.com\/Genofnotes","article_published_time":"2022-01-18T23:47:18+00:00","article_modified_time":"2022-01-18T23:47:21+00:00","og_image":[{"width":820,"height":733,"url":"https:\/\/i0.wp.com\/minutocerord.com\/wp-content\/uploads\/2022\/01\/271743289_10224666515505094_1630744231252339637_n.jpg?fit=820%2C733","type":"image\/jpeg"}],"author":"Genof\u00f3ntes Urb\u00e1ez","twitter_card":"summary_large_image","twitter_misc":{"Written by":"Genof\u00f3ntes Urb\u00e1ez","Est. reading time":"1 minuto"},"schema":{"@context":"https:\/\/schema.org","@graph":[{"@type":"Article","@id":"http:\/\/minutocerord.com\/?p=7495#article","isPartOf":{"@id":"http:\/\/minutocerord.com\/?p=7495"},"author":{"name":"Genof\u00f3ntes Urb\u00e1ez","@id":"https:\/\/minutocerord.com\/#\/schema\/person\/60b5372d60aaa0a5171fb6488be9aee6"},"headline":"A prisi\u00f3n pareja por violaci\u00f3n ni\u00f1a de cinco a\u00f1os.","datePublished":"2022-01-18T23:47:18+00:00","dateModified":"2022-01-18T23:47:21+00:00","mainEntityOfPage":{"@id":"http:\/\/minutocerord.com\/?p=7495"},"wordCount":174,"commentCount":0,"publisher":{"@id":"https:\/\/minutocerord.com\/#\/schema\/person\/60b5372d60aaa0a5171fb6488be9aee6"},"image":{"@id":"http:\/\/minutocerord.com\/?p=7495#primaryimage"},"thumbnailUrl":"https:\/\/i0.wp.com\/minutocerord.com\/wp-content\/uploads\/2022\/01\/271743289_10224666515505094_1630744231252339637_n.jpg?fit=820%2C733&ssl=1","articleSection":["Justicia"],"inLanguage":"es-DO","potentialAction":[{"@type":"CommentAction","name":"Comment","target":["http:\/\/minutocerord.com\/?p=7495#respond"]}]},{"@type":"WebPage","@id":"http:\/\/minutocerord.com\/?p=7495","url":"http:\/\/minutocerord.com\/?p=7495","name":"A prisi\u00f3n pareja por violaci\u00f3n ni\u00f1a de cinco a\u00f1os. - Minuto Cero RD","isPartOf":{"@id":"https:\/\/minutocerord.com\/#website"},"primaryImageOfPage":{"@id":"http:\/\/minutocerord.com\/?p=7495#primaryimage"},"image":{"@id":"http:\/\/minutocerord.com\/?p=7495#primaryimage"},"thumbnailUrl":"https:\/\/i0.wp.com\/minutocerord.com\/wp-content\/uploads\/2022\/01\/271743289_10224666515505094_1630744231252339637_n.jpg?fit=820%2C733&ssl=1","datePublished":"2022-01-18T23:47:18+00:00","dateModified":"2022-01-18T23:47:21+00:00","breadcrumb":{"@id":"http:\/\/minutocerord.com\/?p=7495#breadcrumb"},"inLanguage":"es-DO","potentialAction":[{"@type":"ReadAction","target":["http:\/\/minutocerord.com\/?p=7495"]}]},{"@type":"ImageObject","inLanguage":"es-DO","@id":"http:\/\/minutocerord.com\/?p=7495#primaryimage","url":"https:\/\/i0.wp.com\/minutocerord.com\/wp-content\/uploads\/2022\/01\/271743289_10224666515505094_1630744231252339637_n.jpg?fit=820%2C733&ssl=1","contentUrl":"https:\/\/i0.wp.com\/minutocerord.com\/wp-content\/uploads\/2022\/01\/271743289_10224666515505094_1630744231252339637_n.jpg?fit=820%2C733&ssl=1","width":820,"height":733},{"@type":"BreadcrumbList","@id":"http:\/\/minutocerord.com\/?p=7495#breadcrumb","itemListElement":[{"@type":"ListItem","position":1,"name":"Home","item":"https:\/\/minutocerord.com\/"},{"@type":"ListItem","position":2,"name":"A prisi\u00f3n pareja por violaci\u00f3n ni\u00f1a de cinco a\u00f1os."}]},{"@type":"WebSite","@id":"https:\/\/minutocerord.com\/#website","url":"https:\/\/minutocerord.com\/","name":"Minuto Cero RD","description":"Periodismo serio y veraz","publisher":{"@id":"https:\/\/minutocerord.com\/#\/schema\/person\/60b5372d60aaa0a5171fb6488be9aee6"},"potentialAction":[{"@type":"SearchAction","target":{"@type":"EntryPoint","urlTemplate":"https:\/\/minutocerord.com\/?s={search_term_string}"},"query-input":{"@type":"PropertyValueSpecification","valueRequired":true,"valueName":"search_term_string"}}],"inLanguage":"es-DO"},{"@type":["Person","Organization"],"@id":"https:\/\/minutocerord.com\/#\/schema\/person\/60b5372d60aaa0a5171fb6488be9aee6","name":"Genof\u00f3ntes Urb\u00e1ez","image":{"@type":"ImageObject","inLanguage":"es-DO","@id":"https:\/\/secure.gravatar.com\/avatar\/a49ef3186a692098ac3e8a1612261e3ad70cf9e44553dff2929e67939a0ecb9d?s=96&d=identicon&r=g","url":"https:\/\/secure.gravatar.com\/avatar\/a49ef3186a692098ac3e8a1612261e3ad70cf9e44553dff2929e67939a0ecb9d?s=96&d=identicon&r=g","contentUrl":"https:\/\/secure.gravatar.com\/avatar\/a49ef3186a692098ac3e8a1612261e3ad70cf9e44553dff2929e67939a0ecb9d?s=96&d=identicon&r=g","caption":"Genof\u00f3ntes Urb\u00e1ez"},"logo":{"@id":"https:\/\/secure.gravatar.com\/avatar\/a49ef3186a692098ac3e8a1612261e3ad70cf9e44553dff2929e67939a0ecb9d?s=96&d=identicon&r=g"},"description":"Periodista \/ Locutor","sameAs":["https:\/\/www.facebook.com\/Genofnotes","https:\/\/www.instagram.com\/genofnotes\/"]}]}},"jetpack_publicize_connections":[],"jetpack_featured_media_url":"https:\/\/i0.wp.com\/minutocerord.com\/wp-content\/uploads\/2022\/01\/271743289_10224666515505094_1630744231252339637_n.jpg?fit=820%2C733&ssl=1","jetpack-related-posts":[],"jetpack_sharing_enabled":true,"_links":{"self":[{"href":"https:\/\/minutocerord.com\/index.php?rest_route=\/wp\/v2\/posts\/7495","targetHints":{"allow":["GET"]}}],"collection":[{"href":"https:\/\/minutocerord.com\/index.php?rest_route=\/wp\/v2\/posts"}],"about":[{"href":"https:\/\/minutocerord.com\/index.php?rest_route=\/wp\/v2\/types\/post"}],"author":[{"embeddable":true,"href":"https:\/\/minutocerord.com\/index.php?rest_route=\/wp\/v2\/users\/1"}],"replies":[{"embeddable":true,"href":"https:\/\/minutocerord.com\/index.php?rest_route=%2Fwp%2Fv2%2Fcomments&post=7495"}],"version-history":[{"count":1,"href":"https:\/\/minutocerord.com\/index.php?rest_route=\/wp\/v2\/posts\/7495\/revisions"}],"predecessor-version":[{"id":7497,"href":"https:\/\/minutocerord.com\/index.php?rest_route=\/wp\/v2\/posts\/7495\/revisions\/7497"}],"wp:featuredmedia":[{"embeddable":true,"href":"https:\/\/minutocerord.com\/index.php?rest_route=\/wp\/v2\/media\/7496"}],"wp:attachment":[{"href":"https:\/\/minutocerord.com\/index.php?rest_route=%2Fwp%2Fv2%2Fmedia&parent=7495"}],"wp:term":[{"taxonomy":"category","embeddable":true,"href":"https:\/\/minutocerord.com\/index.php?rest_route=%2Fwp%2Fv2%2Fcategories&post=7495"},{"taxonomy":"post_tag","embeddable":true,"href":"https:\/\/minutocerord.com\/index.php?rest_route=%2Fwp%2Fv2%2Ftags&post=7495"}],"curies":[{"name":"wp","href":"https:\/\/api.w.org\/{rel}","templated":true}]}}