{"id":7498,"date":"2022-01-18T19:50:44","date_gmt":"2022-01-18T23:50:44","guid":{"rendered":"https:\/\/minutocerord.com\/?p=7498"},"modified":"2022-01-18T19:58:57","modified_gmt":"2022-01-18T23:58:57","slug":"banco-de-reservas-dominicano-anuncia-su-presencia-en-espana","status":"publish","type":"post","link":"https:\/\/minutocerord.com\/?p=7498","title":{"rendered":"Banco de Reservas dominicano anuncia su presencia en Espa\u00f1a"},"content":{"rendered":"\n<p><strong>Madrid.-<\/strong> El Banco de Reservas de la Rep\u00fablica Dominicana (Banreservas) tendr\u00e1 por primera vez presencia en Madrid para \u00abgestionar facilidades crediticias\u00bb en el pa\u00eds caribe\u00f1o, como la obtenci\u00f3n de viviendas de bajo coste, y \u00abfacilitar las remesas de divisas y alianzas comerciales\u00bb, inform\u00f3 en una entrevista con Efe este martes su administrador general, Samuel Pereyra.<\/p>\n\n\n\n<p>\u00abYa estamos en conversaciones con las autoridades del Banco de Espa\u00f1a para que, en los pr\u00f3ximos meses, nos den las autorizaciones pertinentes\u00bb, precis\u00f3 Pereyra, de visita en Espa\u00f1a para participar en la Feria Internacional de Turismo (Fitur) de Madrid, que se desarrollar\u00e1 entre el 19 y el 23 de enero.<\/p>\n\n\n\n<p>Pereyra defini\u00f3 este anuncio como una forma de \u00abbeneficiar a la di\u00e1spora dominicana\u201d, al tiempo que se premia el aumento de las remesas de divisas que, solo el pasado a\u00f1o, \u201ccrecieron en m\u00e1s de 10.400 millones de d\u00f3lares\u201d.<\/p>\n\n\n\n<p>Como patrocinador oficial del Ministerio de Turismo de Rep\u00fablica Dominicana en Fitur 2022, Banreservas se centrar\u00e1 en el \u00e1rea de negocios con objeto de atraer la inversi\u00f3n de nuevos clientes y otorgar financiaci\u00f3n a los nuevos proyectos que arriben al pa\u00eds.<\/p>\n\n\n\n<p>En esta edici\u00f3n, el pa\u00eds caribe\u00f1o presentar\u00e1 una nueva oferta hotelera y de destinos que van m\u00e1s all\u00e1 de la regi\u00f3n Este donde Punta Cana se mantiene como \u201cdestino favorito del turismo europeo\u201d.<\/p>\n\n\n\n<p>As\u00ed pues, Miches (norte de la Cordillera Oriental y sureste de la bah\u00eda de Saman\u00e1), El Bergant\u00edn (norte) y Pedernales (sur) ser\u00e1n las nuevas apuestas de la cartera de turismo de la administraci\u00f3n del presidente Luis Abinader.<\/p>\n\n\n\n<p>Sobre el impacto de la pandemia de covid-19, Pereyra destac\u00f3 que, cada mes, Rep\u00fablica Dominicana supera, en flujo de turistas, al anterior.<\/p>\n\n\n\n<p>\u201cNosotros fuimos la envidia de la regi\u00f3n. Nuestra econom\u00eda cerr\u00f3 con un crecimiento econ\u00f3mico por encima del 12%, lo cual es un milagro\u201d, agreg\u00f3 alegando que estos datos son el resultado de la confianza de los inversionistas extranjeros en el pa\u00eds.<\/p>\n\n\n\n<p><strong>DOMINICANA EN LAS CALLES DE MADRID<\/strong><\/p>\n\n\n\n<p>Una de las grandes apuestas de Banreservas en Fitur 2022 es la promoci\u00f3n de la cultura dominicana con iniciativas como la inauguraci\u00f3n del mural \u201cRep\u00fablica Dominicana, Reservada para ti\u201d en la estaci\u00f3n de metro de Santo Domingo (Madrid), a cargo de los artistas caribe\u00f1os Wanda Cotorreal y Gerson Rodr\u00edguez, que permanecer\u00e1 expuesto durante los pr\u00f3ximos dos a\u00f1os.<\/p>\n\n\n\n<p>Asimismo, durante los d\u00edas 20 y 21 de este mes, la fuente de la Plaza de Cibeles, emblema madrile\u00f1o en el centro de la capital, se iluminar\u00e1 con los colores patrios de la bandera dominicana.<\/p>\n\n\n\n<p><strong>INVERSIONES M\u00c1S ALL\u00c1 DEL TURISMO<\/strong><\/p>\n\n\n\n<p>Pereyra defini\u00f3 a Espa\u00f1a como el \u201cprincipal socio comercial en el \u00e1rea tur\u00edstica\u201d dominicana, aunque a\u00f1adi\u00f3 que el pa\u00eds \u201cest\u00e1 evolucionando\u201d hacia otros nuevos mercados como el mexicano y el estadounidense.<\/p>\n\n\n\n<p>Adem\u00e1s del turismo, el administrador se\u00f1al\u00f3 a las energ\u00edas renovables y zonas francas como otra de las \u00e1reas de negocio en las que el pa\u00eds espera recibir financiaci\u00f3n.<\/p>\n\n\n\n<p>Rep\u00fablica Dominicana participa este a\u00f1o como socio de Fitur, algo que el pa\u00eds caribe\u00f1o ha asumido como una oportunidad de gran importancia.<\/p>\n\n\n\n<p>\u201cEl Gobierno dominicano es un gran facilitador de la inversi\u00f3n extranjera\u201d en la medida en que \u201ccree en ella\u201d y la \u201cfacilita\u201d, \u201cdando importancia a su seguridad jur\u00eddica\u201d, resolvi\u00f3 el responsable de Banreservas, mientras aplaud\u00eda la implicaci\u00f3n del presidente Abinader en la feria tur\u00edstica.<\/p>\n\n\n\n<p>\u201cEsta es la primera vez que un presidente dominicano asiste a Fitur y eso se traduce en el apoyo que le ha dado a toda esa inversi\u00f3n extranjera que ha cre\u00eddo en el turismo dominicano\u201d, concluy\u00f3.<\/p>\n","protected":false},"excerpt":{"rendered":"<p>Madrid.- El Banco de Reservas de la Rep\u00fablica Dominicana (Banreservas) tendr\u00e1 por primera vez presencia en Madrid para \u00abgestionar facilidades crediticias\u00bb en el pa\u00eds caribe\u00f1o, como la obtenci\u00f3n de viviendas de bajo coste, y \u00abfacilitar las remesas de divisas y alianzas comerciales\u00bb, inform\u00f3 en una entrevista con Efe este martes su administrador general, Samuel Pereyra. [&hellip;]<\/p>\n","protected":false},"author":1,"featured_media":7499,"comment_status":"open","ping_status":"open","sticky":false,"template":"","format":"standard","meta":{"nf_dc_page":"","jetpack_post_was_ever_published":false,"_jetpack_newsletter_access":"","_jetpack_dont_email_post_to_subs":false,"_jetpack_newsletter_tier_id":0,"_jetpack_memberships_contains_paywalled_content":false,"_jetpack_memberships_contains_paid_content":false,"footnotes":"","jetpack_publicize_message":"","jetpack_publicize_feature_enabled":true,"jetpack_social_post_already_shared":false,"jetpack_social_options":{"image_generator_settings":{"template":"highway","default_image_id":0,"font":"","enabled":false},"version":2}},"categories":[74],"tags":[],"class_list":["post-7498","post","type-post","status-publish","format-standard","has-post-thumbnail","hentry","category-economicas"],"yoast_head":"<!-- This site is optimized with the Yoast SEO plugin v27.4 - https:\/\/yoast.com\/product\/yoast-seo-wordpress\/ -->\n<title>Banco de Reservas dominicano anuncia su presencia en Espa\u00f1a - Minuto Cero RD<\/title>\n<meta name=\"robots\" content=\"index, follow, max-snippet:-1, max-image-preview:large, max-video-preview:-1\" \/>\n<link rel=\"canonical\" href=\"http:\/\/minutocerord.com\/?p=7498\" \/>\n<meta property=\"og:locale\" content=\"es_ES\" \/>\n<meta property=\"og:type\" content=\"article\" \/>\n<meta property=\"og:title\" content=\"Banco de Reservas dominicano anuncia su presencia en Espa\u00f1a - Minuto Cero RD\" \/>\n<meta property=\"og:description\" content=\"Madrid.- El Banco de Reservas de la Rep\u00fablica Dominicana (Banreservas) tendr\u00e1 por primera vez presencia en Madrid para \u00abgestionar facilidades crediticias\u00bb en el pa\u00eds caribe\u00f1o, como la obtenci\u00f3n de viviendas de bajo coste, y \u00abfacilitar las remesas de divisas y alianzas comerciales\u00bb, inform\u00f3 en una entrevista con Efe este martes su administrador general, Samuel Pereyra. [&hellip;]\" \/>\n<meta property=\"og:url\" content=\"http:\/\/minutocerord.com\/?p=7498\" \/>\n<meta property=\"og:site_name\" content=\"Minuto Cero RD\" \/>\n<meta property=\"article:publisher\" content=\"https:\/\/www.facebook.com\/Genofnotes\" \/>\n<meta property=\"article:author\" content=\"https:\/\/www.facebook.com\/Genofnotes\" \/>\n<meta property=\"article:published_time\" content=\"2022-01-18T23:50:44+00:00\" \/>\n<meta property=\"article:modified_time\" content=\"2022-01-18T23:58:57+00:00\" \/>\n<meta property=\"og:image\" content=\"https:\/\/i0.wp.com\/minutocerord.com\/wp-content\/uploads\/2022\/01\/WhatsApp-Image-2022-01-18-at-9.53.14-AM-e1642515049388-1536x826-1.jpeg?fit=1536%2C826\" \/>\n\t<meta property=\"og:image:width\" content=\"1536\" \/>\n\t<meta property=\"og:image:height\" content=\"826\" \/>\n\t<meta property=\"og:image:type\" content=\"image\/jpeg\" \/>\n<meta name=\"author\" content=\"Genof\u00f3ntes Urb\u00e1ez\" \/>\n<meta name=\"twitter:card\" content=\"summary_large_image\" \/>\n<meta name=\"twitter:label1\" content=\"Written by\" \/>\n\t<meta name=\"twitter:data1\" content=\"Genof\u00f3ntes Urb\u00e1ez\" \/>\n\t<meta name=\"twitter:label2\" content=\"Est. reading time\" \/>\n\t<meta name=\"twitter:data2\" content=\"3 minutos\" \/>\n<script type=\"application\/ld+json\" class=\"yoast-schema-graph\">{\"@context\":\"https:\\\/\\\/schema.org\",\"@graph\":[{\"@type\":\"Article\",\"@id\":\"http:\\\/\\\/minutocerord.com\\\/?p=7498#article\",\"isPartOf\":{\"@id\":\"http:\\\/\\\/minutocerord.com\\\/?p=7498\"},\"author\":{\"name\":\"Genof\u00f3ntes Urb\u00e1ez\",\"@id\":\"https:\\\/\\\/minutocerord.com\\\/#\\\/schema\\\/person\\\/60b5372d60aaa0a5171fb6488be9aee6\"},\"headline\":\"Banco de Reservas dominicano anuncia su presencia en Espa\u00f1a\",\"datePublished\":\"2022-01-18T23:50:44+00:00\",\"dateModified\":\"2022-01-18T23:58:57+00:00\",\"mainEntityOfPage\":{\"@id\":\"http:\\\/\\\/minutocerord.com\\\/?p=7498\"},\"wordCount\":644,\"commentCount\":0,\"publisher\":{\"@id\":\"https:\\\/\\\/minutocerord.com\\\/#\\\/schema\\\/person\\\/60b5372d60aaa0a5171fb6488be9aee6\"},\"image\":{\"@id\":\"http:\\\/\\\/minutocerord.com\\\/?p=7498#primaryimage\"},\"thumbnailUrl\":\"https:\\\/\\\/i0.wp.com\\\/minutocerord.com\\\/wp-content\\\/uploads\\\/2022\\\/01\\\/WhatsApp-Image-2022-01-18-at-9.53.14-AM-e1642515049388-1536x826-1.jpeg?fit=1536%2C826&ssl=1\",\"articleSection\":[\"Econ\u00f3micas\"],\"inLanguage\":\"es-DO\",\"potentialAction\":[{\"@type\":\"CommentAction\",\"name\":\"Comment\",\"target\":[\"http:\\\/\\\/minutocerord.com\\\/?p=7498#respond\"]}]},{\"@type\":\"WebPage\",\"@id\":\"http:\\\/\\\/minutocerord.com\\\/?p=7498\",\"url\":\"http:\\\/\\\/minutocerord.com\\\/?p=7498\",\"name\":\"Banco de Reservas dominicano anuncia su presencia en Espa\u00f1a - Minuto Cero RD\",\"isPartOf\":{\"@id\":\"https:\\\/\\\/minutocerord.com\\\/#website\"},\"primaryImageOfPage\":{\"@id\":\"http:\\\/\\\/minutocerord.com\\\/?p=7498#primaryimage\"},\"image\":{\"@id\":\"http:\\\/\\\/minutocerord.com\\\/?p=7498#primaryimage\"},\"thumbnailUrl\":\"https:\\\/\\\/i0.wp.com\\\/minutocerord.com\\\/wp-content\\\/uploads\\\/2022\\\/01\\\/WhatsApp-Image-2022-01-18-at-9.53.14-AM-e1642515049388-1536x826-1.jpeg?fit=1536%2C826&ssl=1\",\"datePublished\":\"2022-01-18T23:50:44+00:00\",\"dateModified\":\"2022-01-18T23:58:57+00:00\",\"breadcrumb\":{\"@id\":\"http:\\\/\\\/minutocerord.com\\\/?p=7498#breadcrumb\"},\"inLanguage\":\"es-DO\",\"potentialAction\":[{\"@type\":\"ReadAction\",\"target\":[\"http:\\\/\\\/minutocerord.com\\\/?p=7498\"]}]},{\"@type\":\"ImageObject\",\"inLanguage\":\"es-DO\",\"@id\":\"http:\\\/\\\/minutocerord.com\\\/?p=7498#primaryimage\",\"url\":\"https:\\\/\\\/i0.wp.com\\\/minutocerord.com\\\/wp-content\\\/uploads\\\/2022\\\/01\\\/WhatsApp-Image-2022-01-18-at-9.53.14-AM-e1642515049388-1536x826-1.jpeg?fit=1536%2C826&ssl=1\",\"contentUrl\":\"https:\\\/\\\/i0.wp.com\\\/minutocerord.com\\\/wp-content\\\/uploads\\\/2022\\\/01\\\/WhatsApp-Image-2022-01-18-at-9.53.14-AM-e1642515049388-1536x826-1.jpeg?fit=1536%2C826&ssl=1\",\"width\":1536,\"height\":826},{\"@type\":\"BreadcrumbList\",\"@id\":\"http:\\\/\\\/minutocerord.com\\\/?p=7498#breadcrumb\",\"itemListElement\":[{\"@type\":\"ListItem\",\"position\":1,\"name\":\"Home\",\"item\":\"https:\\\/\\\/minutocerord.com\\\/\"},{\"@type\":\"ListItem\",\"position\":2,\"name\":\"Banco de Reservas dominicano anuncia su presencia en Espa\u00f1a\"}]},{\"@type\":\"WebSite\",\"@id\":\"https:\\\/\\\/minutocerord.com\\\/#website\",\"url\":\"https:\\\/\\\/minutocerord.com\\\/\",\"name\":\"Minuto Cero RD\",\"description\":\"Periodismo serio y veraz\",\"publisher\":{\"@id\":\"https:\\\/\\\/minutocerord.com\\\/#\\\/schema\\\/person\\\/60b5372d60aaa0a5171fb6488be9aee6\"},\"potentialAction\":[{\"@type\":\"SearchAction\",\"target\":{\"@type\":\"EntryPoint\",\"urlTemplate\":\"https:\\\/\\\/minutocerord.com\\\/?s={search_term_string}\"},\"query-input\":{\"@type\":\"PropertyValueSpecification\",\"valueRequired\":true,\"valueName\":\"search_term_string\"}}],\"inLanguage\":\"es-DO\"},{\"@type\":[\"Person\",\"Organization\"],\"@id\":\"https:\\\/\\\/minutocerord.com\\\/#\\\/schema\\\/person\\\/60b5372d60aaa0a5171fb6488be9aee6\",\"name\":\"Genof\u00f3ntes Urb\u00e1ez\",\"image\":{\"@type\":\"ImageObject\",\"inLanguage\":\"es-DO\",\"@id\":\"https:\\\/\\\/secure.gravatar.com\\\/avatar\\\/a49ef3186a692098ac3e8a1612261e3ad70cf9e44553dff2929e67939a0ecb9d?s=96&d=identicon&r=g\",\"url\":\"https:\\\/\\\/secure.gravatar.com\\\/avatar\\\/a49ef3186a692098ac3e8a1612261e3ad70cf9e44553dff2929e67939a0ecb9d?s=96&d=identicon&r=g\",\"contentUrl\":\"https:\\\/\\\/secure.gravatar.com\\\/avatar\\\/a49ef3186a692098ac3e8a1612261e3ad70cf9e44553dff2929e67939a0ecb9d?s=96&d=identicon&r=g\",\"caption\":\"Genof\u00f3ntes Urb\u00e1ez\"},\"logo\":{\"@id\":\"https:\\\/\\\/secure.gravatar.com\\\/avatar\\\/a49ef3186a692098ac3e8a1612261e3ad70cf9e44553dff2929e67939a0ecb9d?s=96&d=identicon&r=g\"},\"description\":\"Periodista \\\/ Locutor\",\"sameAs\":[\"https:\\\/\\\/www.facebook.com\\\/Genofnotes\",\"https:\\\/\\\/www.instagram.com\\\/genofnotes\\\/\"]}]}<\/script>\n<!-- \/ Yoast SEO plugin. -->","yoast_head_json":{"title":"Banco de Reservas dominicano anuncia su presencia en Espa\u00f1a - Minuto Cero RD","robots":{"index":"index","follow":"follow","max-snippet":"max-snippet:-1","max-image-preview":"max-image-preview:large","max-video-preview":"max-video-preview:-1"},"canonical":"http:\/\/minutocerord.com\/?p=7498","og_locale":"es_ES","og_type":"article","og_title":"Banco de Reservas dominicano anuncia su presencia en Espa\u00f1a - Minuto Cero RD","og_description":"Madrid.- El Banco de Reservas de la Rep\u00fablica Dominicana (Banreservas) tendr\u00e1 por primera vez presencia en Madrid para \u00abgestionar facilidades crediticias\u00bb en el pa\u00eds caribe\u00f1o, como la obtenci\u00f3n de viviendas de bajo coste, y \u00abfacilitar las remesas de divisas y alianzas comerciales\u00bb, inform\u00f3 en una entrevista con Efe este martes su administrador general, Samuel Pereyra. [&hellip;]","og_url":"http:\/\/minutocerord.com\/?p=7498","og_site_name":"Minuto Cero RD","article_publisher":"https:\/\/www.facebook.com\/Genofnotes","article_author":"https:\/\/www.facebook.com\/Genofnotes","article_published_time":"2022-01-18T23:50:44+00:00","article_modified_time":"2022-01-18T23:58:57+00:00","og_image":[{"width":1536,"height":826,"url":"https:\/\/i0.wp.com\/minutocerord.com\/wp-content\/uploads\/2022\/01\/WhatsApp-Image-2022-01-18-at-9.53.14-AM-e1642515049388-1536x826-1.jpeg?fit=1536%2C826","type":"image\/jpeg"}],"author":"Genof\u00f3ntes Urb\u00e1ez","twitter_card":"summary_large_image","twitter_misc":{"Written by":"Genof\u00f3ntes Urb\u00e1ez","Est. reading time":"3 minutos"},"schema":{"@context":"https:\/\/schema.org","@graph":[{"@type":"Article","@id":"http:\/\/minutocerord.com\/?p=7498#article","isPartOf":{"@id":"http:\/\/minutocerord.com\/?p=7498"},"author":{"name":"Genof\u00f3ntes Urb\u00e1ez","@id":"https:\/\/minutocerord.com\/#\/schema\/person\/60b5372d60aaa0a5171fb6488be9aee6"},"headline":"Banco de Reservas dominicano anuncia su presencia en Espa\u00f1a","datePublished":"2022-01-18T23:50:44+00:00","dateModified":"2022-01-18T23:58:57+00:00","mainEntityOfPage":{"@id":"http:\/\/minutocerord.com\/?p=7498"},"wordCount":644,"commentCount":0,"publisher":{"@id":"https:\/\/minutocerord.com\/#\/schema\/person\/60b5372d60aaa0a5171fb6488be9aee6"},"image":{"@id":"http:\/\/minutocerord.com\/?p=7498#primaryimage"},"thumbnailUrl":"https:\/\/i0.wp.com\/minutocerord.com\/wp-content\/uploads\/2022\/01\/WhatsApp-Image-2022-01-18-at-9.53.14-AM-e1642515049388-1536x826-1.jpeg?fit=1536%2C826&ssl=1","articleSection":["Econ\u00f3micas"],"inLanguage":"es-DO","potentialAction":[{"@type":"CommentAction","name":"Comment","target":["http:\/\/minutocerord.com\/?p=7498#respond"]}]},{"@type":"WebPage","@id":"http:\/\/minutocerord.com\/?p=7498","url":"http:\/\/minutocerord.com\/?p=7498","name":"Banco de Reservas dominicano anuncia su presencia en Espa\u00f1a - Minuto Cero RD","isPartOf":{"@id":"https:\/\/minutocerord.com\/#website"},"primaryImageOfPage":{"@id":"http:\/\/minutocerord.com\/?p=7498#primaryimage"},"image":{"@id":"http:\/\/minutocerord.com\/?p=7498#primaryimage"},"thumbnailUrl":"https:\/\/i0.wp.com\/minutocerord.com\/wp-content\/uploads\/2022\/01\/WhatsApp-Image-2022-01-18-at-9.53.14-AM-e1642515049388-1536x826-1.jpeg?fit=1536%2C826&ssl=1","datePublished":"2022-01-18T23:50:44+00:00","dateModified":"2022-01-18T23:58:57+00:00","breadcrumb":{"@id":"http:\/\/minutocerord.com\/?p=7498#breadcrumb"},"inLanguage":"es-DO","potentialAction":[{"@type":"ReadAction","target":["http:\/\/minutocerord.com\/?p=7498"]}]},{"@type":"ImageObject","inLanguage":"es-DO","@id":"http:\/\/minutocerord.com\/?p=7498#primaryimage","url":"https:\/\/i0.wp.com\/minutocerord.com\/wp-content\/uploads\/2022\/01\/WhatsApp-Image-2022-01-18-at-9.53.14-AM-e1642515049388-1536x826-1.jpeg?fit=1536%2C826&ssl=1","contentUrl":"https:\/\/i0.wp.com\/minutocerord.com\/wp-content\/uploads\/2022\/01\/WhatsApp-Image-2022-01-18-at-9.53.14-AM-e1642515049388-1536x826-1.jpeg?fit=1536%2C826&ssl=1","width":1536,"height":826},{"@type":"BreadcrumbList","@id":"http:\/\/minutocerord.com\/?p=7498#breadcrumb","itemListElement":[{"@type":"ListItem","position":1,"name":"Home","item":"https:\/\/minutocerord.com\/"},{"@type":"ListItem","position":2,"name":"Banco de Reservas dominicano anuncia su presencia en Espa\u00f1a"}]},{"@type":"WebSite","@id":"https:\/\/minutocerord.com\/#website","url":"https:\/\/minutocerord.com\/","name":"Minuto Cero RD","description":"Periodismo serio y veraz","publisher":{"@id":"https:\/\/minutocerord.com\/#\/schema\/person\/60b5372d60aaa0a5171fb6488be9aee6"},"potentialAction":[{"@type":"SearchAction","target":{"@type":"EntryPoint","urlTemplate":"https:\/\/minutocerord.com\/?s={search_term_string}"},"query-input":{"@type":"PropertyValueSpecification","valueRequired":true,"valueName":"search_term_string"}}],"inLanguage":"es-DO"},{"@type":["Person","Organization"],"@id":"https:\/\/minutocerord.com\/#\/schema\/person\/60b5372d60aaa0a5171fb6488be9aee6","name":"Genof\u00f3ntes Urb\u00e1ez","image":{"@type":"ImageObject","inLanguage":"es-DO","@id":"https:\/\/secure.gravatar.com\/avatar\/a49ef3186a692098ac3e8a1612261e3ad70cf9e44553dff2929e67939a0ecb9d?s=96&d=identicon&r=g","url":"https:\/\/secure.gravatar.com\/avatar\/a49ef3186a692098ac3e8a1612261e3ad70cf9e44553dff2929e67939a0ecb9d?s=96&d=identicon&r=g","contentUrl":"https:\/\/secure.gravatar.com\/avatar\/a49ef3186a692098ac3e8a1612261e3ad70cf9e44553dff2929e67939a0ecb9d?s=96&d=identicon&r=g","caption":"Genof\u00f3ntes Urb\u00e1ez"},"logo":{"@id":"https:\/\/secure.gravatar.com\/avatar\/a49ef3186a692098ac3e8a1612261e3ad70cf9e44553dff2929e67939a0ecb9d?s=96&d=identicon&r=g"},"description":"Periodista \/ Locutor","sameAs":["https:\/\/www.facebook.com\/Genofnotes","https:\/\/www.instagram.com\/genofnotes\/"]}]}},"jetpack_publicize_connections":[],"jetpack_featured_media_url":"https:\/\/i0.wp.com\/minutocerord.com\/wp-content\/uploads\/2022\/01\/WhatsApp-Image-2022-01-18-at-9.53.14-AM-e1642515049388-1536x826-1.jpeg?fit=1536%2C826&ssl=1","jetpack-related-posts":[],"jetpack_sharing_enabled":true,"_links":{"self":[{"href":"https:\/\/minutocerord.com\/index.php?rest_route=\/wp\/v2\/posts\/7498","targetHints":{"allow":["GET"]}}],"collection":[{"href":"https:\/\/minutocerord.com\/index.php?rest_route=\/wp\/v2\/posts"}],"about":[{"href":"https:\/\/minutocerord.com\/index.php?rest_route=\/wp\/v2\/types\/post"}],"author":[{"embeddable":true,"href":"https:\/\/minutocerord.com\/index.php?rest_route=\/wp\/v2\/users\/1"}],"replies":[{"embeddable":true,"href":"https:\/\/minutocerord.com\/index.php?rest_route=%2Fwp%2Fv2%2Fcomments&post=7498"}],"version-history":[{"count":2,"href":"https:\/\/minutocerord.com\/index.php?rest_route=\/wp\/v2\/posts\/7498\/revisions"}],"predecessor-version":[{"id":7501,"href":"https:\/\/minutocerord.com\/index.php?rest_route=\/wp\/v2\/posts\/7498\/revisions\/7501"}],"wp:featuredmedia":[{"embeddable":true,"href":"https:\/\/minutocerord.com\/index.php?rest_route=\/wp\/v2\/media\/7499"}],"wp:attachment":[{"href":"https:\/\/minutocerord.com\/index.php?rest_route=%2Fwp%2Fv2%2Fmedia&parent=7498"}],"wp:term":[{"taxonomy":"category","embeddable":true,"href":"https:\/\/minutocerord.com\/index.php?rest_route=%2Fwp%2Fv2%2Fcategories&post=7498"},{"taxonomy":"post_tag","embeddable":true,"href":"https:\/\/minutocerord.com\/index.php?rest_route=%2Fwp%2Fv2%2Ftags&post=7498"}],"curies":[{"name":"wp","href":"https:\/\/api.w.org\/{rel}","templated":true}]}}