{"id":7508,"date":"2022-01-20T09:31:57","date_gmt":"2022-01-20T13:31:57","guid":{"rendered":"https:\/\/minutocerord.com\/?p=7508"},"modified":"2022-01-20T09:32:00","modified_gmt":"2022-01-20T13:32:00","slug":"espana-el-gobierno-dice-que-seguira-invirtiendo-en-turismo-rd","status":"publish","type":"post","link":"https:\/\/minutocerord.com\/?p=7508","title":{"rendered":"ESPA\u00d1A: El Gobierno dice que seguir\u00e1 invirtiendo en turismo RD"},"content":{"rendered":"\n<figure class=\"wp-block-image\"><a href=\"https:\/\/i0.wp.com\/almomento.net\/wp-content\/uploads\/2022\/01\/202201201200531.jpeg?ssl=1\"><img data-recalc-dims=\"1\" decoding=\"async\" loading=\"lazy\" src=\"https:\/\/i0.wp.com\/almomento.net\/wp-content\/uploads\/2022\/01\/202201201200531.jpeg?w=640&#038;ssl=1\" alt=\"imagen\" title=\"ESPA\u00d1A: El Gobierno dice que seguir\u00e1 invirtiendo en turismo RD\"\/><\/a><\/figure>\n\n\n\n<p><strong>MADRID.- <\/strong>El Gobierno de Espa\u00f1a seguir\u00e1 invirtiendo en el sector tur\u00edstico de la Rep\u00fablica Dominicana, asegur\u00f3 este jueves el presidente Pedro S\u00e1nchez.<\/p>\n\n\n\n<p>Asimismo, revel\u00f3&nbsp;que no s\u00f3lo destinar\u00e1n capital en el turismo dominicano, sino que tambi\u00e9n en energ\u00eda renovable.<\/p>\n\n\n\n<p>\u201cEspa\u00f1a apuesta por seguir reforzando en este pa\u00eds la inversi\u00f3n en la industria tur\u00edstica, pero tambi\u00e9n en otros sectores como el de las energ\u00edas renovables\u201d, escribi\u00f3 en Twitter el gobernante espa\u00f1ol tras haber recibido a su hom\u00f3logo dominicano Luis Abinader en el&nbsp;Palacio de la Moncloa.<\/p>\n","protected":false},"excerpt":{"rendered":"<p>MADRID.- El Gobierno de Espa\u00f1a seguir\u00e1 invirtiendo en el sector tur\u00edstico de la Rep\u00fablica Dominicana, asegur\u00f3 este jueves el presidente Pedro S\u00e1nchez. Asimismo, revel\u00f3&nbsp;que no s\u00f3lo destinar\u00e1n capital en el turismo dominicano, sino que tambi\u00e9n en energ\u00eda renovable. \u201cEspa\u00f1a apuesta por seguir reforzando en este pa\u00eds la inversi\u00f3n en la industria tur\u00edstica, pero tambi\u00e9n en [&hellip;]<\/p>\n","protected":false},"author":1,"featured_media":7509,"comment_status":"open","ping_status":"open","sticky":false,"template":"","format":"standard","meta":{"nf_dc_page":"","jetpack_post_was_ever_published":false,"_jetpack_newsletter_access":"","_jetpack_dont_email_post_to_subs":false,"_jetpack_newsletter_tier_id":0,"_jetpack_memberships_contains_paywalled_content":false,"_jetpack_memberships_contains_paid_content":false,"footnotes":"","jetpack_publicize_message":"","jetpack_publicize_feature_enabled":true,"jetpack_social_post_already_shared":false,"jetpack_social_options":{"image_generator_settings":{"template":"highway","default_image_id":0,"font":"","enabled":false},"version":2}},"categories":[79],"tags":[],"class_list":["post-7508","post","type-post","status-publish","format-standard","has-post-thumbnail","hentry"],"yoast_head":"<!-- This site is optimized with the Yoast SEO plugin v27.4 - https:\/\/yoast.com\/product\/yoast-seo-wordpress\/ -->\n<title>ESPA\u00d1A: El Gobierno dice que seguir\u00e1 invirtiendo en turismo RD - Minuto Cero RD<\/title>\n<meta name=\"robots\" content=\"index, follow, max-snippet:-1, max-image-preview:large, max-video-preview:-1\" \/>\n<link rel=\"canonical\" href=\"https:\/\/minutocerord.com\/?p=7508\" \/>\n<meta property=\"og:locale\" content=\"es_ES\" \/>\n<meta property=\"og:type\" content=\"article\" \/>\n<meta property=\"og:title\" content=\"ESPA\u00d1A: El Gobierno dice que seguir\u00e1 invirtiendo en turismo RD - Minuto Cero RD\" \/>\n<meta property=\"og:description\" content=\"MADRID.- El Gobierno de Espa\u00f1a seguir\u00e1 invirtiendo en el sector tur\u00edstico de la Rep\u00fablica Dominicana, asegur\u00f3 este jueves el presidente Pedro S\u00e1nchez. Asimismo, revel\u00f3&nbsp;que no s\u00f3lo destinar\u00e1n capital en el turismo dominicano, sino que tambi\u00e9n en energ\u00eda renovable. \u201cEspa\u00f1a apuesta por seguir reforzando en este pa\u00eds la inversi\u00f3n en la industria tur\u00edstica, pero tambi\u00e9n en [&hellip;]\" \/>\n<meta property=\"og:url\" content=\"https:\/\/minutocerord.com\/?p=7508\" \/>\n<meta property=\"og:site_name\" content=\"Minuto Cero RD\" \/>\n<meta property=\"article:publisher\" content=\"https:\/\/www.facebook.com\/Genofnotes\" \/>\n<meta property=\"article:author\" content=\"https:\/\/www.facebook.com\/Genofnotes\" \/>\n<meta property=\"article:published_time\" content=\"2022-01-20T13:31:57+00:00\" \/>\n<meta property=\"article:modified_time\" content=\"2022-01-20T13:32:00+00:00\" \/>\n<meta property=\"og:image\" content=\"https:\/\/i0.wp.com\/minutocerord.com\/wp-content\/uploads\/2022\/01\/202201201200531.jpeg?fit=680%2C380&ssl=1\" \/>\n\t<meta property=\"og:image:width\" content=\"680\" \/>\n\t<meta property=\"og:image:height\" content=\"380\" \/>\n\t<meta property=\"og:image:type\" content=\"image\/jpeg\" \/>\n<meta name=\"author\" content=\"Genof\u00f3ntes Urb\u00e1ez\" \/>\n<meta name=\"twitter:card\" content=\"summary_large_image\" \/>\n<meta name=\"twitter:label1\" content=\"Written by\" \/>\n\t<meta name=\"twitter:data1\" content=\"Genof\u00f3ntes Urb\u00e1ez\" \/>\n\t<meta name=\"twitter:label2\" content=\"Est. reading time\" \/>\n\t<meta name=\"twitter:data2\" content=\"1 minuto\" \/>\n<script type=\"application\/ld+json\" class=\"yoast-schema-graph\">{\"@context\":\"https:\\\/\\\/schema.org\",\"@graph\":[{\"@type\":\"Article\",\"@id\":\"https:\\\/\\\/minutocerord.com\\\/?p=7508#article\",\"isPartOf\":{\"@id\":\"https:\\\/\\\/minutocerord.com\\\/?p=7508\"},\"author\":{\"name\":\"Genof\u00f3ntes Urb\u00e1ez\",\"@id\":\"https:\\\/\\\/minutocerord.com\\\/#\\\/schema\\\/person\\\/60b5372d60aaa0a5171fb6488be9aee6\"},\"headline\":\"ESPA\u00d1A: El Gobierno dice que seguir\u00e1 invirtiendo en turismo RD\",\"datePublished\":\"2022-01-20T13:31:57+00:00\",\"dateModified\":\"2022-01-20T13:32:00+00:00\",\"mainEntityOfPage\":{\"@id\":\"https:\\\/\\\/minutocerord.com\\\/?p=7508\"},\"wordCount\":115,\"commentCount\":0,\"publisher\":{\"@id\":\"https:\\\/\\\/minutocerord.com\\\/#\\\/schema\\\/person\\\/60b5372d60aaa0a5171fb6488be9aee6\"},\"image\":{\"@id\":\"https:\\\/\\\/minutocerord.com\\\/?p=7508#primaryimage\"},\"thumbnailUrl\":\"https:\\\/\\\/i0.wp.com\\\/minutocerord.com\\\/wp-content\\\/uploads\\\/2022\\\/01\\\/202201201200531.jpeg?fit=680%2C380&ssl=1\",\"articleSection\":[\"Espa\u00f1a\"],\"inLanguage\":\"es-DO\",\"potentialAction\":[{\"@type\":\"CommentAction\",\"name\":\"Comment\",\"target\":[\"https:\\\/\\\/minutocerord.com\\\/?p=7508#respond\"]}]},{\"@type\":\"WebPage\",\"@id\":\"https:\\\/\\\/minutocerord.com\\\/?p=7508\",\"url\":\"https:\\\/\\\/minutocerord.com\\\/?p=7508\",\"name\":\"ESPA\u00d1A: El Gobierno dice que seguir\u00e1 invirtiendo en turismo RD - Minuto Cero RD\",\"isPartOf\":{\"@id\":\"https:\\\/\\\/minutocerord.com\\\/#website\"},\"primaryImageOfPage\":{\"@id\":\"https:\\\/\\\/minutocerord.com\\\/?p=7508#primaryimage\"},\"image\":{\"@id\":\"https:\\\/\\\/minutocerord.com\\\/?p=7508#primaryimage\"},\"thumbnailUrl\":\"https:\\\/\\\/i0.wp.com\\\/minutocerord.com\\\/wp-content\\\/uploads\\\/2022\\\/01\\\/202201201200531.jpeg?fit=680%2C380&ssl=1\",\"datePublished\":\"2022-01-20T13:31:57+00:00\",\"dateModified\":\"2022-01-20T13:32:00+00:00\",\"breadcrumb\":{\"@id\":\"https:\\\/\\\/minutocerord.com\\\/?p=7508#breadcrumb\"},\"inLanguage\":\"es-DO\",\"potentialAction\":[{\"@type\":\"ReadAction\",\"target\":[\"https:\\\/\\\/minutocerord.com\\\/?p=7508\"]}]},{\"@type\":\"ImageObject\",\"inLanguage\":\"es-DO\",\"@id\":\"https:\\\/\\\/minutocerord.com\\\/?p=7508#primaryimage\",\"url\":\"https:\\\/\\\/i0.wp.com\\\/minutocerord.com\\\/wp-content\\\/uploads\\\/2022\\\/01\\\/202201201200531.jpeg?fit=680%2C380&ssl=1\",\"contentUrl\":\"https:\\\/\\\/i0.wp.com\\\/minutocerord.com\\\/wp-content\\\/uploads\\\/2022\\\/01\\\/202201201200531.jpeg?fit=680%2C380&ssl=1\",\"width\":680,\"height\":380},{\"@type\":\"BreadcrumbList\",\"@id\":\"https:\\\/\\\/minutocerord.com\\\/?p=7508#breadcrumb\",\"itemListElement\":[{\"@type\":\"ListItem\",\"position\":1,\"name\":\"Home\",\"item\":\"https:\\\/\\\/minutocerord.com\\\/\"},{\"@type\":\"ListItem\",\"position\":2,\"name\":\"ESPA\u00d1A: El Gobierno dice que seguir\u00e1 invirtiendo en turismo RD\"}]},{\"@type\":\"WebSite\",\"@id\":\"https:\\\/\\\/minutocerord.com\\\/#website\",\"url\":\"https:\\\/\\\/minutocerord.com\\\/\",\"name\":\"Minuto Cero RD\",\"description\":\"Periodismo serio y veraz\",\"publisher\":{\"@id\":\"https:\\\/\\\/minutocerord.com\\\/#\\\/schema\\\/person\\\/60b5372d60aaa0a5171fb6488be9aee6\"},\"potentialAction\":[{\"@type\":\"SearchAction\",\"target\":{\"@type\":\"EntryPoint\",\"urlTemplate\":\"https:\\\/\\\/minutocerord.com\\\/?s={search_term_string}\"},\"query-input\":{\"@type\":\"PropertyValueSpecification\",\"valueRequired\":true,\"valueName\":\"search_term_string\"}}],\"inLanguage\":\"es-DO\"},{\"@type\":[\"Person\",\"Organization\"],\"@id\":\"https:\\\/\\\/minutocerord.com\\\/#\\\/schema\\\/person\\\/60b5372d60aaa0a5171fb6488be9aee6\",\"name\":\"Genof\u00f3ntes Urb\u00e1ez\",\"image\":{\"@type\":\"ImageObject\",\"inLanguage\":\"es-DO\",\"@id\":\"https:\\\/\\\/secure.gravatar.com\\\/avatar\\\/a49ef3186a692098ac3e8a1612261e3ad70cf9e44553dff2929e67939a0ecb9d?s=96&d=identicon&r=g\",\"url\":\"https:\\\/\\\/secure.gravatar.com\\\/avatar\\\/a49ef3186a692098ac3e8a1612261e3ad70cf9e44553dff2929e67939a0ecb9d?s=96&d=identicon&r=g\",\"contentUrl\":\"https:\\\/\\\/secure.gravatar.com\\\/avatar\\\/a49ef3186a692098ac3e8a1612261e3ad70cf9e44553dff2929e67939a0ecb9d?s=96&d=identicon&r=g\",\"caption\":\"Genof\u00f3ntes Urb\u00e1ez\"},\"logo\":{\"@id\":\"https:\\\/\\\/secure.gravatar.com\\\/avatar\\\/a49ef3186a692098ac3e8a1612261e3ad70cf9e44553dff2929e67939a0ecb9d?s=96&d=identicon&r=g\"},\"description\":\"Periodista \\\/ Locutor\",\"sameAs\":[\"https:\\\/\\\/www.facebook.com\\\/Genofnotes\",\"https:\\\/\\\/www.instagram.com\\\/genofnotes\\\/\"]}]}<\/script>\n<!-- \/ Yoast SEO plugin. -->","yoast_head_json":{"title":"ESPA\u00d1A: El Gobierno dice que seguir\u00e1 invirtiendo en turismo RD - Minuto Cero RD","robots":{"index":"index","follow":"follow","max-snippet":"max-snippet:-1","max-image-preview":"max-image-preview:large","max-video-preview":"max-video-preview:-1"},"canonical":"https:\/\/minutocerord.com\/?p=7508","og_locale":"es_ES","og_type":"article","og_title":"ESPA\u00d1A: El Gobierno dice que seguir\u00e1 invirtiendo en turismo RD - Minuto Cero RD","og_description":"MADRID.- El Gobierno de Espa\u00f1a seguir\u00e1 invirtiendo en el sector tur\u00edstico de la Rep\u00fablica Dominicana, asegur\u00f3 este jueves el presidente Pedro S\u00e1nchez. Asimismo, revel\u00f3&nbsp;que no s\u00f3lo destinar\u00e1n capital en el turismo dominicano, sino que tambi\u00e9n en energ\u00eda renovable. \u201cEspa\u00f1a apuesta por seguir reforzando en este pa\u00eds la inversi\u00f3n en la industria tur\u00edstica, pero tambi\u00e9n en [&hellip;]","og_url":"https:\/\/minutocerord.com\/?p=7508","og_site_name":"Minuto Cero RD","article_publisher":"https:\/\/www.facebook.com\/Genofnotes","article_author":"https:\/\/www.facebook.com\/Genofnotes","article_published_time":"2022-01-20T13:31:57+00:00","article_modified_time":"2022-01-20T13:32:00+00:00","og_image":[{"width":680,"height":380,"url":"https:\/\/i0.wp.com\/minutocerord.com\/wp-content\/uploads\/2022\/01\/202201201200531.jpeg?fit=680%2C380&ssl=1","type":"image\/jpeg"}],"author":"Genof\u00f3ntes Urb\u00e1ez","twitter_card":"summary_large_image","twitter_misc":{"Written by":"Genof\u00f3ntes Urb\u00e1ez","Est. reading time":"1 minuto"},"schema":{"@context":"https:\/\/schema.org","@graph":[{"@type":"Article","@id":"https:\/\/minutocerord.com\/?p=7508#article","isPartOf":{"@id":"https:\/\/minutocerord.com\/?p=7508"},"author":{"name":"Genof\u00f3ntes Urb\u00e1ez","@id":"https:\/\/minutocerord.com\/#\/schema\/person\/60b5372d60aaa0a5171fb6488be9aee6"},"headline":"ESPA\u00d1A: El Gobierno dice que seguir\u00e1 invirtiendo en turismo RD","datePublished":"2022-01-20T13:31:57+00:00","dateModified":"2022-01-20T13:32:00+00:00","mainEntityOfPage":{"@id":"https:\/\/minutocerord.com\/?p=7508"},"wordCount":115,"commentCount":0,"publisher":{"@id":"https:\/\/minutocerord.com\/#\/schema\/person\/60b5372d60aaa0a5171fb6488be9aee6"},"image":{"@id":"https:\/\/minutocerord.com\/?p=7508#primaryimage"},"thumbnailUrl":"https:\/\/i0.wp.com\/minutocerord.com\/wp-content\/uploads\/2022\/01\/202201201200531.jpeg?fit=680%2C380&ssl=1","articleSection":["Espa\u00f1a"],"inLanguage":"es-DO","potentialAction":[{"@type":"CommentAction","name":"Comment","target":["https:\/\/minutocerord.com\/?p=7508#respond"]}]},{"@type":"WebPage","@id":"https:\/\/minutocerord.com\/?p=7508","url":"https:\/\/minutocerord.com\/?p=7508","name":"ESPA\u00d1A: El Gobierno dice que seguir\u00e1 invirtiendo en turismo RD - Minuto Cero RD","isPartOf":{"@id":"https:\/\/minutocerord.com\/#website"},"primaryImageOfPage":{"@id":"https:\/\/minutocerord.com\/?p=7508#primaryimage"},"image":{"@id":"https:\/\/minutocerord.com\/?p=7508#primaryimage"},"thumbnailUrl":"https:\/\/i0.wp.com\/minutocerord.com\/wp-content\/uploads\/2022\/01\/202201201200531.jpeg?fit=680%2C380&ssl=1","datePublished":"2022-01-20T13:31:57+00:00","dateModified":"2022-01-20T13:32:00+00:00","breadcrumb":{"@id":"https:\/\/minutocerord.com\/?p=7508#breadcrumb"},"inLanguage":"es-DO","potentialAction":[{"@type":"ReadAction","target":["https:\/\/minutocerord.com\/?p=7508"]}]},{"@type":"ImageObject","inLanguage":"es-DO","@id":"https:\/\/minutocerord.com\/?p=7508#primaryimage","url":"https:\/\/i0.wp.com\/minutocerord.com\/wp-content\/uploads\/2022\/01\/202201201200531.jpeg?fit=680%2C380&ssl=1","contentUrl":"https:\/\/i0.wp.com\/minutocerord.com\/wp-content\/uploads\/2022\/01\/202201201200531.jpeg?fit=680%2C380&ssl=1","width":680,"height":380},{"@type":"BreadcrumbList","@id":"https:\/\/minutocerord.com\/?p=7508#breadcrumb","itemListElement":[{"@type":"ListItem","position":1,"name":"Home","item":"https:\/\/minutocerord.com\/"},{"@type":"ListItem","position":2,"name":"ESPA\u00d1A: El Gobierno dice que seguir\u00e1 invirtiendo en turismo RD"}]},{"@type":"WebSite","@id":"https:\/\/minutocerord.com\/#website","url":"https:\/\/minutocerord.com\/","name":"Minuto Cero RD","description":"Periodismo serio y veraz","publisher":{"@id":"https:\/\/minutocerord.com\/#\/schema\/person\/60b5372d60aaa0a5171fb6488be9aee6"},"potentialAction":[{"@type":"SearchAction","target":{"@type":"EntryPoint","urlTemplate":"https:\/\/minutocerord.com\/?s={search_term_string}"},"query-input":{"@type":"PropertyValueSpecification","valueRequired":true,"valueName":"search_term_string"}}],"inLanguage":"es-DO"},{"@type":["Person","Organization"],"@id":"https:\/\/minutocerord.com\/#\/schema\/person\/60b5372d60aaa0a5171fb6488be9aee6","name":"Genof\u00f3ntes Urb\u00e1ez","image":{"@type":"ImageObject","inLanguage":"es-DO","@id":"https:\/\/secure.gravatar.com\/avatar\/a49ef3186a692098ac3e8a1612261e3ad70cf9e44553dff2929e67939a0ecb9d?s=96&d=identicon&r=g","url":"https:\/\/secure.gravatar.com\/avatar\/a49ef3186a692098ac3e8a1612261e3ad70cf9e44553dff2929e67939a0ecb9d?s=96&d=identicon&r=g","contentUrl":"https:\/\/secure.gravatar.com\/avatar\/a49ef3186a692098ac3e8a1612261e3ad70cf9e44553dff2929e67939a0ecb9d?s=96&d=identicon&r=g","caption":"Genof\u00f3ntes Urb\u00e1ez"},"logo":{"@id":"https:\/\/secure.gravatar.com\/avatar\/a49ef3186a692098ac3e8a1612261e3ad70cf9e44553dff2929e67939a0ecb9d?s=96&d=identicon&r=g"},"description":"Periodista \/ Locutor","sameAs":["https:\/\/www.facebook.com\/Genofnotes","https:\/\/www.instagram.com\/genofnotes\/"]}]}},"jetpack_publicize_connections":[],"jetpack_featured_media_url":"https:\/\/i0.wp.com\/minutocerord.com\/wp-content\/uploads\/2022\/01\/202201201200531.jpeg?fit=680%2C380&ssl=1","jetpack-related-posts":[],"jetpack_sharing_enabled":true,"_links":{"self":[{"href":"https:\/\/minutocerord.com\/index.php?rest_route=\/wp\/v2\/posts\/7508","targetHints":{"allow":["GET"]}}],"collection":[{"href":"https:\/\/minutocerord.com\/index.php?rest_route=\/wp\/v2\/posts"}],"about":[{"href":"https:\/\/minutocerord.com\/index.php?rest_route=\/wp\/v2\/types\/post"}],"author":[{"embeddable":true,"href":"https:\/\/minutocerord.com\/index.php?rest_route=\/wp\/v2\/users\/1"}],"replies":[{"embeddable":true,"href":"https:\/\/minutocerord.com\/index.php?rest_route=%2Fwp%2Fv2%2Fcomments&post=7508"}],"version-history":[{"count":1,"href":"https:\/\/minutocerord.com\/index.php?rest_route=\/wp\/v2\/posts\/7508\/revisions"}],"predecessor-version":[{"id":7510,"href":"https:\/\/minutocerord.com\/index.php?rest_route=\/wp\/v2\/posts\/7508\/revisions\/7510"}],"wp:featuredmedia":[{"embeddable":true,"href":"https:\/\/minutocerord.com\/index.php?rest_route=\/wp\/v2\/media\/7509"}],"wp:attachment":[{"href":"https:\/\/minutocerord.com\/index.php?rest_route=%2Fwp%2Fv2%2Fmedia&parent=7508"}],"wp:term":[{"taxonomy":"category","embeddable":true,"href":"https:\/\/minutocerord.com\/index.php?rest_route=%2Fwp%2Fv2%2Fcategories&post=7508"},{"taxonomy":"post_tag","embeddable":true,"href":"https:\/\/minutocerord.com\/index.php?rest_route=%2Fwp%2Fv2%2Ftags&post=7508"}],"curies":[{"name":"wp","href":"https:\/\/api.w.org\/{rel}","templated":true}]}}