{"id":7511,"date":"2022-01-20T09:36:24","date_gmt":"2022-01-20T13:36:24","guid":{"rendered":"https:\/\/minutocerord.com\/?p=7511"},"modified":"2022-01-20T09:37:04","modified_gmt":"2022-01-20T13:37:04","slug":"ven-dependencia-de-migracion-pone-en-riesgo-produccion-agraria","status":"publish","type":"post","link":"https:\/\/minutocerord.com\/?p=7511","title":{"rendered":"Ven dependencia de migraci\u00f3n pone en riesgo producci\u00f3n agraria"},"content":{"rendered":"\n<p><strong>SANTO DOMINGO.-<\/strong> En la Rep\u00fablica Dominicana \u00abexiste una dependencia no deseable de los flujos migratorios sin los cuales la producci\u00f3n agr\u00edcola podr\u00eda estar en riesgo\u00bb, seg\u00fan se desprende de un estudio sobre la oferta y demanda de mano de obra inmigrante en el sector agr\u00edcola del pa\u00eds, presentado este mi\u00e9rcoles.<\/p>\n\n\n\n<p>As\u00ed lo expuso el consultor Jos\u00e9 Miguel Mac\u00edas, autor del informe, donde queda patente que \u00abla actividad agr\u00edcola dominicana est\u00e1 estrechamente relacionada con la mano de obra extranjera\u00bb y describe \u00abla necesidad de crear los mecanismos para una migraci\u00f3n ordenada\u00bb para cubrir la demanda de trabajadores.<\/p>\n\n\n\n<p>De acuerdo con las cifras oficiales, el 27 % del total de trabajadores agr\u00edcolas es for\u00e1neo, principalmente de origen haitiano, pero seg\u00fan estimaciones de la Junta Agroempresarial Dominicana (JAD) los extranjeros suponen m\u00e1s del 90 % de los trabajadores agr\u00edcolas y llegan al 100 % en el caso de algunos cultivos.<\/p>\n\n\n\n<p>El estudio se concentra en el arroz, la habichuela y el pl\u00e1tano, componentes esenciales para la seguridad alimentaria que definen la dieta b\u00e1sica dominicana, cuya compra \u00abrepresenta el 8,4 % del gasto familiar y que, en conjunto, constituyen un mercado de cerca de 46.400 millones de pesos\u00bb (unos 800 millones de d\u00f3lares).<\/p>\n\n\n\n<p>Actualmente, seg\u00fan datos del Banco Central de 2021, la agricultura dominicana emplea al 8,7 % de la poblaci\u00f3n ocupada, de la que el 86,6 % trabaja de manera informal, lo que resta atractivo para el trabajador nacional, que deja las zonas rurales para buscar mejores oportunidades en las ciudades.<\/p>\n\n\n\n<p>El presidente de la JAD, Osmar Ben\u00edtez, afirm\u00f3 que desde el sector se ha \u00abintentado motivar a la mano de obra dominicana\u00bb, pero no hay inter\u00e9s por trabajar en el campo y dado que es necesario contratar a extranjeros, los productores entienden \u00abla necesidad de organizar la casa y que los trabajadores est\u00e9n debidamente registrados\u00bb.<\/p>\n\n\n\n<p>Seg\u00fan se\u00f1al\u00f3 al intervenir en el acto, los sectores agrario, de construcci\u00f3n y turismo, con un alto \u00edndice de masa trabajadora inmigrante, \u00abno precisan actualmente de m\u00e1s trabajadores de los que hay ahora mismo, pero necesitamos ayuda para regularizar a los que ya tenemos\u00bb.<\/p>\n\n\n\n<p>\u00abHay que buscar una f\u00f3rmula entre el Gobierno dominicano y el Estado haitiano. Deber\u00edamos tomar una decisi\u00f3n para registrar a los trabajadores extranjeros en la Seguridad Social\u00bb, destac\u00f3.<\/p>\n\n\n\n<p>Esto, teniendo en cuenta que los haitianos tienen especiales dificultades para conseguir documentos de identificaci\u00f3n en los consulados de Hait\u00ed en el pa\u00eds, lo que hace imposible su regularizaci\u00f3n en el contexto actual.<\/p>\n\n\n\n<p>La urgencia viene dada, en parte, por la determinaci\u00f3n del Gobierno de expulsar del pa\u00eds a todo inmigrante que se encuentre en situaci\u00f3n irregular en territorio dominicano, a lo que se suma la legislaci\u00f3n laboral, que obliga a los empresarios a tener un 80 % de mano de obra nacional.<\/p>\n\n\n\n<p>El representante en Rep\u00fablica Dominicana de la Organizaci\u00f3n Internacional para las Migraciones (OIM), Josu\u00e9 Gastelbondo, abog\u00f3 por unas pol\u00edticas migratorias orientadas al plano laboral, puesto que la mayor\u00eda de los 280 millones de personas que emigran en el mundo lo hacen por trabajo. EFE<\/p>\n","protected":false},"excerpt":{"rendered":"<p>SANTO DOMINGO.- En la Rep\u00fablica Dominicana \u00abexiste una dependencia no deseable de los flujos migratorios sin los cuales la producci\u00f3n agr\u00edcola podr\u00eda estar en riesgo\u00bb, seg\u00fan se desprende de un estudio sobre la oferta y demanda de mano de obra inmigrante en el sector agr\u00edcola del pa\u00eds, presentado este mi\u00e9rcoles. As\u00ed lo expuso el consultor [&hellip;]<\/p>\n","protected":false},"author":1,"featured_media":7512,"comment_status":"open","ping_status":"open","sticky":false,"template":"","format":"standard","meta":{"nf_dc_page":"","jetpack_post_was_ever_published":false,"_jetpack_newsletter_access":"","_jetpack_dont_email_post_to_subs":false,"_jetpack_newsletter_tier_id":0,"_jetpack_memberships_contains_paywalled_content":false,"_jetpack_memberships_contains_paid_content":false,"footnotes":"","jetpack_publicize_message":"","jetpack_publicize_feature_enabled":true,"jetpack_social_post_already_shared":false,"jetpack_social_options":{"image_generator_settings":{"template":"highway","default_image_id":0,"font":"","enabled":false},"version":2}},"categories":[74],"tags":[],"class_list":["post-7511","post","type-post","status-publish","format-standard","has-post-thumbnail","hentry","category-economicas"],"yoast_head":"<!-- This site is optimized with the Yoast SEO plugin v27.4 - https:\/\/yoast.com\/product\/yoast-seo-wordpress\/ -->\n<title>Ven dependencia de migraci\u00f3n pone en riesgo producci\u00f3n agraria - Minuto Cero RD<\/title>\n<meta name=\"robots\" content=\"index, follow, max-snippet:-1, max-image-preview:large, max-video-preview:-1\" \/>\n<link rel=\"canonical\" href=\"http:\/\/minutocerord.com\/?p=7511\" \/>\n<meta property=\"og:locale\" content=\"es_ES\" \/>\n<meta property=\"og:type\" content=\"article\" \/>\n<meta property=\"og:title\" content=\"Ven dependencia de migraci\u00f3n pone en riesgo producci\u00f3n agraria - Minuto Cero RD\" \/>\n<meta property=\"og:description\" content=\"SANTO DOMINGO.- En la Rep\u00fablica Dominicana \u00abexiste una dependencia no deseable de los flujos migratorios sin los cuales la producci\u00f3n agr\u00edcola podr\u00eda estar en riesgo\u00bb, seg\u00fan se desprende de un estudio sobre la oferta y demanda de mano de obra inmigrante en el sector agr\u00edcola del pa\u00eds, presentado este mi\u00e9rcoles. As\u00ed lo expuso el consultor [&hellip;]\" \/>\n<meta property=\"og:url\" content=\"http:\/\/minutocerord.com\/?p=7511\" \/>\n<meta property=\"og:site_name\" content=\"Minuto Cero RD\" \/>\n<meta property=\"article:publisher\" content=\"https:\/\/www.facebook.com\/Genofnotes\" \/>\n<meta property=\"article:author\" content=\"https:\/\/www.facebook.com\/Genofnotes\" \/>\n<meta property=\"article:published_time\" content=\"2022-01-20T13:36:24+00:00\" \/>\n<meta property=\"article:modified_time\" content=\"2022-01-20T13:37:04+00:00\" \/>\n<meta property=\"og:image\" content=\"https:\/\/i0.wp.com\/minutocerord.com\/wp-content\/uploads\/2022\/01\/ash.jpg?fit=899%2C557\" \/>\n\t<meta property=\"og:image:width\" content=\"899\" \/>\n\t<meta property=\"og:image:height\" content=\"557\" \/>\n\t<meta property=\"og:image:type\" content=\"image\/jpeg\" \/>\n<meta name=\"author\" content=\"Genof\u00f3ntes Urb\u00e1ez\" \/>\n<meta name=\"twitter:card\" content=\"summary_large_image\" \/>\n<meta name=\"twitter:label1\" content=\"Written by\" \/>\n\t<meta name=\"twitter:data1\" content=\"Genof\u00f3ntes Urb\u00e1ez\" \/>\n\t<meta name=\"twitter:label2\" content=\"Est. reading time\" \/>\n\t<meta name=\"twitter:data2\" content=\"3 minutos\" \/>\n<script type=\"application\/ld+json\" class=\"yoast-schema-graph\">{\"@context\":\"https:\\\/\\\/schema.org\",\"@graph\":[{\"@type\":\"Article\",\"@id\":\"http:\\\/\\\/minutocerord.com\\\/?p=7511#article\",\"isPartOf\":{\"@id\":\"http:\\\/\\\/minutocerord.com\\\/?p=7511\"},\"author\":{\"name\":\"Genof\u00f3ntes Urb\u00e1ez\",\"@id\":\"https:\\\/\\\/minutocerord.com\\\/#\\\/schema\\\/person\\\/60b5372d60aaa0a5171fb6488be9aee6\"},\"headline\":\"Ven dependencia de migraci\u00f3n pone en riesgo producci\u00f3n agraria\",\"datePublished\":\"2022-01-20T13:36:24+00:00\",\"dateModified\":\"2022-01-20T13:37:04+00:00\",\"mainEntityOfPage\":{\"@id\":\"http:\\\/\\\/minutocerord.com\\\/?p=7511\"},\"wordCount\":538,\"commentCount\":0,\"publisher\":{\"@id\":\"https:\\\/\\\/minutocerord.com\\\/#\\\/schema\\\/person\\\/60b5372d60aaa0a5171fb6488be9aee6\"},\"image\":{\"@id\":\"http:\\\/\\\/minutocerord.com\\\/?p=7511#primaryimage\"},\"thumbnailUrl\":\"https:\\\/\\\/i0.wp.com\\\/minutocerord.com\\\/wp-content\\\/uploads\\\/2022\\\/01\\\/ash.jpg?fit=899%2C557&ssl=1\",\"articleSection\":[\"Econ\u00f3micas\"],\"inLanguage\":\"es-DO\",\"potentialAction\":[{\"@type\":\"CommentAction\",\"name\":\"Comment\",\"target\":[\"http:\\\/\\\/minutocerord.com\\\/?p=7511#respond\"]}]},{\"@type\":\"WebPage\",\"@id\":\"http:\\\/\\\/minutocerord.com\\\/?p=7511\",\"url\":\"http:\\\/\\\/minutocerord.com\\\/?p=7511\",\"name\":\"Ven dependencia de migraci\u00f3n pone en riesgo producci\u00f3n agraria - Minuto Cero RD\",\"isPartOf\":{\"@id\":\"https:\\\/\\\/minutocerord.com\\\/#website\"},\"primaryImageOfPage\":{\"@id\":\"http:\\\/\\\/minutocerord.com\\\/?p=7511#primaryimage\"},\"image\":{\"@id\":\"http:\\\/\\\/minutocerord.com\\\/?p=7511#primaryimage\"},\"thumbnailUrl\":\"https:\\\/\\\/i0.wp.com\\\/minutocerord.com\\\/wp-content\\\/uploads\\\/2022\\\/01\\\/ash.jpg?fit=899%2C557&ssl=1\",\"datePublished\":\"2022-01-20T13:36:24+00:00\",\"dateModified\":\"2022-01-20T13:37:04+00:00\",\"breadcrumb\":{\"@id\":\"http:\\\/\\\/minutocerord.com\\\/?p=7511#breadcrumb\"},\"inLanguage\":\"es-DO\",\"potentialAction\":[{\"@type\":\"ReadAction\",\"target\":[\"http:\\\/\\\/minutocerord.com\\\/?p=7511\"]}]},{\"@type\":\"ImageObject\",\"inLanguage\":\"es-DO\",\"@id\":\"http:\\\/\\\/minutocerord.com\\\/?p=7511#primaryimage\",\"url\":\"https:\\\/\\\/i0.wp.com\\\/minutocerord.com\\\/wp-content\\\/uploads\\\/2022\\\/01\\\/ash.jpg?fit=899%2C557&ssl=1\",\"contentUrl\":\"https:\\\/\\\/i0.wp.com\\\/minutocerord.com\\\/wp-content\\\/uploads\\\/2022\\\/01\\\/ash.jpg?fit=899%2C557&ssl=1\",\"width\":899,\"height\":557},{\"@type\":\"BreadcrumbList\",\"@id\":\"http:\\\/\\\/minutocerord.com\\\/?p=7511#breadcrumb\",\"itemListElement\":[{\"@type\":\"ListItem\",\"position\":1,\"name\":\"Home\",\"item\":\"https:\\\/\\\/minutocerord.com\\\/\"},{\"@type\":\"ListItem\",\"position\":2,\"name\":\"Ven dependencia de migraci\u00f3n pone en riesgo producci\u00f3n agraria\"}]},{\"@type\":\"WebSite\",\"@id\":\"https:\\\/\\\/minutocerord.com\\\/#website\",\"url\":\"https:\\\/\\\/minutocerord.com\\\/\",\"name\":\"Minuto Cero RD\",\"description\":\"Periodismo serio y veraz\",\"publisher\":{\"@id\":\"https:\\\/\\\/minutocerord.com\\\/#\\\/schema\\\/person\\\/60b5372d60aaa0a5171fb6488be9aee6\"},\"potentialAction\":[{\"@type\":\"SearchAction\",\"target\":{\"@type\":\"EntryPoint\",\"urlTemplate\":\"https:\\\/\\\/minutocerord.com\\\/?s={search_term_string}\"},\"query-input\":{\"@type\":\"PropertyValueSpecification\",\"valueRequired\":true,\"valueName\":\"search_term_string\"}}],\"inLanguage\":\"es-DO\"},{\"@type\":[\"Person\",\"Organization\"],\"@id\":\"https:\\\/\\\/minutocerord.com\\\/#\\\/schema\\\/person\\\/60b5372d60aaa0a5171fb6488be9aee6\",\"name\":\"Genof\u00f3ntes Urb\u00e1ez\",\"image\":{\"@type\":\"ImageObject\",\"inLanguage\":\"es-DO\",\"@id\":\"https:\\\/\\\/secure.gravatar.com\\\/avatar\\\/a49ef3186a692098ac3e8a1612261e3ad70cf9e44553dff2929e67939a0ecb9d?s=96&d=identicon&r=g\",\"url\":\"https:\\\/\\\/secure.gravatar.com\\\/avatar\\\/a49ef3186a692098ac3e8a1612261e3ad70cf9e44553dff2929e67939a0ecb9d?s=96&d=identicon&r=g\",\"contentUrl\":\"https:\\\/\\\/secure.gravatar.com\\\/avatar\\\/a49ef3186a692098ac3e8a1612261e3ad70cf9e44553dff2929e67939a0ecb9d?s=96&d=identicon&r=g\",\"caption\":\"Genof\u00f3ntes Urb\u00e1ez\"},\"logo\":{\"@id\":\"https:\\\/\\\/secure.gravatar.com\\\/avatar\\\/a49ef3186a692098ac3e8a1612261e3ad70cf9e44553dff2929e67939a0ecb9d?s=96&d=identicon&r=g\"},\"description\":\"Periodista \\\/ Locutor\",\"sameAs\":[\"https:\\\/\\\/www.facebook.com\\\/Genofnotes\",\"https:\\\/\\\/www.instagram.com\\\/genofnotes\\\/\"]}]}<\/script>\n<!-- \/ Yoast SEO plugin. -->","yoast_head_json":{"title":"Ven dependencia de migraci\u00f3n pone en riesgo producci\u00f3n agraria - Minuto Cero RD","robots":{"index":"index","follow":"follow","max-snippet":"max-snippet:-1","max-image-preview":"max-image-preview:large","max-video-preview":"max-video-preview:-1"},"canonical":"http:\/\/minutocerord.com\/?p=7511","og_locale":"es_ES","og_type":"article","og_title":"Ven dependencia de migraci\u00f3n pone en riesgo producci\u00f3n agraria - Minuto Cero RD","og_description":"SANTO DOMINGO.- En la Rep\u00fablica Dominicana \u00abexiste una dependencia no deseable de los flujos migratorios sin los cuales la producci\u00f3n agr\u00edcola podr\u00eda estar en riesgo\u00bb, seg\u00fan se desprende de un estudio sobre la oferta y demanda de mano de obra inmigrante en el sector agr\u00edcola del pa\u00eds, presentado este mi\u00e9rcoles. As\u00ed lo expuso el consultor [&hellip;]","og_url":"http:\/\/minutocerord.com\/?p=7511","og_site_name":"Minuto Cero RD","article_publisher":"https:\/\/www.facebook.com\/Genofnotes","article_author":"https:\/\/www.facebook.com\/Genofnotes","article_published_time":"2022-01-20T13:36:24+00:00","article_modified_time":"2022-01-20T13:37:04+00:00","og_image":[{"width":899,"height":557,"url":"https:\/\/i0.wp.com\/minutocerord.com\/wp-content\/uploads\/2022\/01\/ash.jpg?fit=899%2C557","type":"image\/jpeg"}],"author":"Genof\u00f3ntes Urb\u00e1ez","twitter_card":"summary_large_image","twitter_misc":{"Written by":"Genof\u00f3ntes Urb\u00e1ez","Est. reading time":"3 minutos"},"schema":{"@context":"https:\/\/schema.org","@graph":[{"@type":"Article","@id":"http:\/\/minutocerord.com\/?p=7511#article","isPartOf":{"@id":"http:\/\/minutocerord.com\/?p=7511"},"author":{"name":"Genof\u00f3ntes Urb\u00e1ez","@id":"https:\/\/minutocerord.com\/#\/schema\/person\/60b5372d60aaa0a5171fb6488be9aee6"},"headline":"Ven dependencia de migraci\u00f3n pone en riesgo producci\u00f3n agraria","datePublished":"2022-01-20T13:36:24+00:00","dateModified":"2022-01-20T13:37:04+00:00","mainEntityOfPage":{"@id":"http:\/\/minutocerord.com\/?p=7511"},"wordCount":538,"commentCount":0,"publisher":{"@id":"https:\/\/minutocerord.com\/#\/schema\/person\/60b5372d60aaa0a5171fb6488be9aee6"},"image":{"@id":"http:\/\/minutocerord.com\/?p=7511#primaryimage"},"thumbnailUrl":"https:\/\/i0.wp.com\/minutocerord.com\/wp-content\/uploads\/2022\/01\/ash.jpg?fit=899%2C557&ssl=1","articleSection":["Econ\u00f3micas"],"inLanguage":"es-DO","potentialAction":[{"@type":"CommentAction","name":"Comment","target":["http:\/\/minutocerord.com\/?p=7511#respond"]}]},{"@type":"WebPage","@id":"http:\/\/minutocerord.com\/?p=7511","url":"http:\/\/minutocerord.com\/?p=7511","name":"Ven dependencia de migraci\u00f3n pone en riesgo producci\u00f3n agraria - Minuto Cero RD","isPartOf":{"@id":"https:\/\/minutocerord.com\/#website"},"primaryImageOfPage":{"@id":"http:\/\/minutocerord.com\/?p=7511#primaryimage"},"image":{"@id":"http:\/\/minutocerord.com\/?p=7511#primaryimage"},"thumbnailUrl":"https:\/\/i0.wp.com\/minutocerord.com\/wp-content\/uploads\/2022\/01\/ash.jpg?fit=899%2C557&ssl=1","datePublished":"2022-01-20T13:36:24+00:00","dateModified":"2022-01-20T13:37:04+00:00","breadcrumb":{"@id":"http:\/\/minutocerord.com\/?p=7511#breadcrumb"},"inLanguage":"es-DO","potentialAction":[{"@type":"ReadAction","target":["http:\/\/minutocerord.com\/?p=7511"]}]},{"@type":"ImageObject","inLanguage":"es-DO","@id":"http:\/\/minutocerord.com\/?p=7511#primaryimage","url":"https:\/\/i0.wp.com\/minutocerord.com\/wp-content\/uploads\/2022\/01\/ash.jpg?fit=899%2C557&ssl=1","contentUrl":"https:\/\/i0.wp.com\/minutocerord.com\/wp-content\/uploads\/2022\/01\/ash.jpg?fit=899%2C557&ssl=1","width":899,"height":557},{"@type":"BreadcrumbList","@id":"http:\/\/minutocerord.com\/?p=7511#breadcrumb","itemListElement":[{"@type":"ListItem","position":1,"name":"Home","item":"https:\/\/minutocerord.com\/"},{"@type":"ListItem","position":2,"name":"Ven dependencia de migraci\u00f3n pone en riesgo producci\u00f3n agraria"}]},{"@type":"WebSite","@id":"https:\/\/minutocerord.com\/#website","url":"https:\/\/minutocerord.com\/","name":"Minuto Cero RD","description":"Periodismo serio y veraz","publisher":{"@id":"https:\/\/minutocerord.com\/#\/schema\/person\/60b5372d60aaa0a5171fb6488be9aee6"},"potentialAction":[{"@type":"SearchAction","target":{"@type":"EntryPoint","urlTemplate":"https:\/\/minutocerord.com\/?s={search_term_string}"},"query-input":{"@type":"PropertyValueSpecification","valueRequired":true,"valueName":"search_term_string"}}],"inLanguage":"es-DO"},{"@type":["Person","Organization"],"@id":"https:\/\/minutocerord.com\/#\/schema\/person\/60b5372d60aaa0a5171fb6488be9aee6","name":"Genof\u00f3ntes Urb\u00e1ez","image":{"@type":"ImageObject","inLanguage":"es-DO","@id":"https:\/\/secure.gravatar.com\/avatar\/a49ef3186a692098ac3e8a1612261e3ad70cf9e44553dff2929e67939a0ecb9d?s=96&d=identicon&r=g","url":"https:\/\/secure.gravatar.com\/avatar\/a49ef3186a692098ac3e8a1612261e3ad70cf9e44553dff2929e67939a0ecb9d?s=96&d=identicon&r=g","contentUrl":"https:\/\/secure.gravatar.com\/avatar\/a49ef3186a692098ac3e8a1612261e3ad70cf9e44553dff2929e67939a0ecb9d?s=96&d=identicon&r=g","caption":"Genof\u00f3ntes Urb\u00e1ez"},"logo":{"@id":"https:\/\/secure.gravatar.com\/avatar\/a49ef3186a692098ac3e8a1612261e3ad70cf9e44553dff2929e67939a0ecb9d?s=96&d=identicon&r=g"},"description":"Periodista \/ Locutor","sameAs":["https:\/\/www.facebook.com\/Genofnotes","https:\/\/www.instagram.com\/genofnotes\/"]}]}},"jetpack_publicize_connections":[],"jetpack_featured_media_url":"https:\/\/i0.wp.com\/minutocerord.com\/wp-content\/uploads\/2022\/01\/ash.jpg?fit=899%2C557&ssl=1","jetpack-related-posts":[],"jetpack_sharing_enabled":true,"_links":{"self":[{"href":"https:\/\/minutocerord.com\/index.php?rest_route=\/wp\/v2\/posts\/7511","targetHints":{"allow":["GET"]}}],"collection":[{"href":"https:\/\/minutocerord.com\/index.php?rest_route=\/wp\/v2\/posts"}],"about":[{"href":"https:\/\/minutocerord.com\/index.php?rest_route=\/wp\/v2\/types\/post"}],"author":[{"embeddable":true,"href":"https:\/\/minutocerord.com\/index.php?rest_route=\/wp\/v2\/users\/1"}],"replies":[{"embeddable":true,"href":"https:\/\/minutocerord.com\/index.php?rest_route=%2Fwp%2Fv2%2Fcomments&post=7511"}],"version-history":[{"count":2,"href":"https:\/\/minutocerord.com\/index.php?rest_route=\/wp\/v2\/posts\/7511\/revisions"}],"predecessor-version":[{"id":7514,"href":"https:\/\/minutocerord.com\/index.php?rest_route=\/wp\/v2\/posts\/7511\/revisions\/7514"}],"wp:featuredmedia":[{"embeddable":true,"href":"https:\/\/minutocerord.com\/index.php?rest_route=\/wp\/v2\/media\/7512"}],"wp:attachment":[{"href":"https:\/\/minutocerord.com\/index.php?rest_route=%2Fwp%2Fv2%2Fmedia&parent=7511"}],"wp:term":[{"taxonomy":"category","embeddable":true,"href":"https:\/\/minutocerord.com\/index.php?rest_route=%2Fwp%2Fv2%2Fcategories&post=7511"},{"taxonomy":"post_tag","embeddable":true,"href":"https:\/\/minutocerord.com\/index.php?rest_route=%2Fwp%2Fv2%2Ftags&post=7511"}],"curies":[{"name":"wp","href":"https:\/\/api.w.org\/{rel}","templated":true}]}}