{"id":7515,"date":"2022-01-20T11:17:46","date_gmt":"2022-01-20T15:17:46","guid":{"rendered":"https:\/\/minutocerord.com\/?p=7515"},"modified":"2022-01-20T11:17:49","modified_gmt":"2022-01-20T15:17:49","slug":"ministerio-de-salud-notifica-129-casos-menos-que-ayer-de-covid-19","status":"publish","type":"post","link":"https:\/\/minutocerord.com\/?p=7515","title":{"rendered":"Ministerio de Salud notifica 129 casos menos que ayer de covid-19"},"content":{"rendered":"\n<p><strong>SANTO DOMINGO.- L<\/strong>os casos diarios de covid-19 reflejaron una leve disminuci\u00f3n este jueves en Rep\u00fablica Dominicana, cuando el\u00a0Ministerio de Salud P\u00fablica notific\u00f3 7,024 nuevos contagios, 129 menos que los 7,153 registrados en la v\u00edspera.<\/p>\n\n\n\n<p>Detall\u00f3 que en el pa\u00eds hay 36,025 casos activos y 484,336 personas se han recuperado de la enfermedad.<\/p>\n\n\n\n<p><strong>PRUEBAS&nbsp;<\/strong><\/p>\n\n\n\n<p>Indic\u00f3 que entre las 9:00 de la ma\u00f1ana del martes e igual hora del mi\u00e9rcoles fueron procesadas 27,988 pruebas que detectaron 2,580 contagios en el Distrito Nacional, 1,190 en la provincia Santo Domingo, 570 en Santiago, 674 en Espaillat, 196 en San Juan, 184 en La Vega, 174 en Valverde, 173 en San Pedro de Macor\u00eds, 171 en La Romana, 169 en La Altagracia y 154 en Puerto Plata.<\/p>\n\n\n\n<p><strong>57,455 MUERTOS<\/strong><\/p>\n\n\n\n<p>El total de muertos por covid-19 en el pa\u00eds es de 4,274, el 23.72% de los cuales era hipertenso y el 14.81% diab\u00e9tico.<\/p>\n\n\n\n<p>Entre los infectados hay 2,202 trabajadores de la salud, 1,807 embarazadas y 58,306 menores de 20 a\u00f1os.<\/p>\n\n\n\n<p><strong>OCUPACION HOSPITALARIA<\/strong><\/p>\n\n\n\n<p>En Rep\u00fablica Dominicana hay disponibilidad de 2,261 camas para pacientes de COVID, 882 de las cuales (39%) est\u00e1n ocupadas.<\/p>\n\n\n\n<p>Hay 585 camas en unidades de cuidados intensivos, 225 de ellas ocupadas (38%). De 469 ventiladores disponibles en la red hospitalaria, 146 est\u00e1n ocupados (31%).<\/p>\n\n\n\n<p><strong>CIFRAS CONTAGIOS Y MUERTES<\/strong><\/p>\n\n\n\n<p>01 enero 1,149 contagios, cero defunciones<\/p>\n\n\n\n<p>02 enero 2,026 contagios, 2 defunciones<\/p>\n\n\n\n<p>03 enero 2,856 contagios, 2 defunciones<\/p>\n\n\n\n<p>04 enero 3,700 contagios, 1 defunciones<\/p>\n\n\n\n<p>05 enero 5,201 contagios, 0 defunciones<\/p>\n\n\n\n<p>06 enero 5,307 contagios, 0 defunciones<\/p>\n\n\n\n<p>07 enero 5,968 contagios, 1 defunciones<\/p>\n\n\n\n<p>08 enero 6,200 contagios, 2 defunciones<\/p>\n\n\n\n<p>09 enero 6,042 contagios, 0 defunciones<\/p>\n\n\n\n<p>10 enero 5,155 contagios, 0 defunciones<\/p>\n\n\n\n<p>11 enero 6,683 contagios, 0 defunciones<\/p>\n\n\n\n<p>12 enero 7,439 contagios, 4 defunciones<\/p>\n\n\n\n<p>13 enero 5,953 contagios, 0 defunciones<\/p>\n\n\n\n<p>14 de enero 7,174 contagios, 7 defunciones<\/p>\n\n\n\n<p>15 enero&nbsp;&nbsp;&nbsp;4,964&nbsp; contagios, 2&nbsp;defunciones<\/p>\n\n\n\n<p>16 enero 3,988 contagios, 0 defunciones<\/p>\n\n\n\n<p>17 enero 6,331 contagios, 1 defunci\u00f3n<\/p>\n\n\n\n<p>18 enero 5,544 contagios, 0 defunciones<\/p>\n\n\n\n<p>19 enero 7,153 contagios, 5 defunciones<\/p>\n\n\n\n<p>20 enero 7,024 contagios, 0 defunciones<\/p>\n","protected":false},"excerpt":{"rendered":"<p>SANTO DOMINGO.- Los casos diarios de covid-19 reflejaron una leve disminuci\u00f3n este jueves en Rep\u00fablica Dominicana, cuando el\u00a0Ministerio de Salud P\u00fablica notific\u00f3 7,024 nuevos contagios, 129 menos que los 7,153 registrados en la v\u00edspera. Detall\u00f3 que en el pa\u00eds hay 36,025 casos activos y 484,336 personas se han recuperado de la enfermedad. PRUEBAS&nbsp; Indic\u00f3 que [&hellip;]<\/p>\n","protected":false},"author":1,"featured_media":7516,"comment_status":"open","ping_status":"open","sticky":false,"template":"","format":"standard","meta":{"nf_dc_page":"","jetpack_post_was_ever_published":false,"_jetpack_newsletter_access":"","_jetpack_dont_email_post_to_subs":false,"_jetpack_newsletter_tier_id":0,"_jetpack_memberships_contains_paywalled_content":false,"_jetpack_memberships_contains_paid_content":false,"footnotes":"","jetpack_publicize_message":"","jetpack_publicize_feature_enabled":true,"jetpack_social_post_already_shared":false,"jetpack_social_options":{"image_generator_settings":{"template":"highway","default_image_id":0,"font":"","enabled":false},"version":2}},"categories":[67],"tags":[],"class_list":["post-7515","post","type-post","status-publish","format-standard","has-post-thumbnail","hentry","category-salud"],"yoast_head":"<!-- This site is optimized with the Yoast SEO plugin v27.4 - https:\/\/yoast.com\/product\/yoast-seo-wordpress\/ -->\n<title>Ministerio de Salud notifica 129 casos menos que ayer de covid-19 - Minuto Cero RD<\/title>\n<meta name=\"robots\" content=\"index, follow, max-snippet:-1, max-image-preview:large, max-video-preview:-1\" \/>\n<link rel=\"canonical\" href=\"http:\/\/minutocerord.com\/?p=7515\" \/>\n<meta property=\"og:locale\" content=\"es_ES\" \/>\n<meta property=\"og:type\" content=\"article\" \/>\n<meta property=\"og:title\" content=\"Ministerio de Salud notifica 129 casos menos que ayer de covid-19 - Minuto Cero RD\" \/>\n<meta property=\"og:description\" content=\"SANTO DOMINGO.- Los casos diarios de covid-19 reflejaron una leve disminuci\u00f3n este jueves en Rep\u00fablica Dominicana, cuando el\u00a0Ministerio de Salud P\u00fablica notific\u00f3 7,024 nuevos contagios, 129 menos que los 7,153 registrados en la v\u00edspera. Detall\u00f3 que en el pa\u00eds hay 36,025 casos activos y 484,336 personas se han recuperado de la enfermedad. PRUEBAS&nbsp; Indic\u00f3 que [&hellip;]\" \/>\n<meta property=\"og:url\" content=\"http:\/\/minutocerord.com\/?p=7515\" \/>\n<meta property=\"og:site_name\" content=\"Minuto Cero RD\" \/>\n<meta property=\"article:publisher\" content=\"https:\/\/www.facebook.com\/Genofnotes\" \/>\n<meta property=\"article:author\" content=\"https:\/\/www.facebook.com\/Genofnotes\" \/>\n<meta property=\"article:published_time\" content=\"2022-01-20T15:17:46+00:00\" \/>\n<meta property=\"article:modified_time\" content=\"2022-01-20T15:17:49+00:00\" \/>\n<meta property=\"og:image\" content=\"https:\/\/i0.wp.com\/minutocerord.com\/wp-content\/uploads\/2022\/01\/WhatsApp-Image-2021-05-06-at-8.27.33-PM-960x720-1.jpeg?fit=960%2C554\" \/>\n\t<meta property=\"og:image:width\" content=\"960\" \/>\n\t<meta property=\"og:image:height\" content=\"554\" \/>\n\t<meta property=\"og:image:type\" content=\"image\/jpeg\" \/>\n<meta name=\"author\" content=\"Genof\u00f3ntes Urb\u00e1ez\" \/>\n<meta name=\"twitter:card\" content=\"summary_large_image\" \/>\n<meta name=\"twitter:label1\" content=\"Written by\" \/>\n\t<meta name=\"twitter:data1\" content=\"Genof\u00f3ntes Urb\u00e1ez\" \/>\n\t<meta name=\"twitter:label2\" content=\"Est. reading time\" \/>\n\t<meta name=\"twitter:data2\" content=\"2 minutos\" \/>\n<script type=\"application\/ld+json\" class=\"yoast-schema-graph\">{\"@context\":\"https:\\\/\\\/schema.org\",\"@graph\":[{\"@type\":\"Article\",\"@id\":\"http:\\\/\\\/minutocerord.com\\\/?p=7515#article\",\"isPartOf\":{\"@id\":\"http:\\\/\\\/minutocerord.com\\\/?p=7515\"},\"author\":{\"name\":\"Genof\u00f3ntes Urb\u00e1ez\",\"@id\":\"https:\\\/\\\/minutocerord.com\\\/#\\\/schema\\\/person\\\/60b5372d60aaa0a5171fb6488be9aee6\"},\"headline\":\"Ministerio de Salud notifica 129 casos menos que ayer de covid-19\",\"datePublished\":\"2022-01-20T15:17:46+00:00\",\"dateModified\":\"2022-01-20T15:17:49+00:00\",\"mainEntityOfPage\":{\"@id\":\"http:\\\/\\\/minutocerord.com\\\/?p=7515\"},\"wordCount\":274,\"commentCount\":0,\"publisher\":{\"@id\":\"https:\\\/\\\/minutocerord.com\\\/#\\\/schema\\\/person\\\/60b5372d60aaa0a5171fb6488be9aee6\"},\"image\":{\"@id\":\"http:\\\/\\\/minutocerord.com\\\/?p=7515#primaryimage\"},\"thumbnailUrl\":\"https:\\\/\\\/i0.wp.com\\\/minutocerord.com\\\/wp-content\\\/uploads\\\/2022\\\/01\\\/WhatsApp-Image-2021-05-06-at-8.27.33-PM-960x720-1.jpeg?fit=960%2C554&ssl=1\",\"articleSection\":[\"Salud\"],\"inLanguage\":\"es-DO\",\"potentialAction\":[{\"@type\":\"CommentAction\",\"name\":\"Comment\",\"target\":[\"http:\\\/\\\/minutocerord.com\\\/?p=7515#respond\"]}]},{\"@type\":\"WebPage\",\"@id\":\"http:\\\/\\\/minutocerord.com\\\/?p=7515\",\"url\":\"http:\\\/\\\/minutocerord.com\\\/?p=7515\",\"name\":\"Ministerio de Salud notifica 129 casos menos que ayer de covid-19 - Minuto Cero RD\",\"isPartOf\":{\"@id\":\"https:\\\/\\\/minutocerord.com\\\/#website\"},\"primaryImageOfPage\":{\"@id\":\"http:\\\/\\\/minutocerord.com\\\/?p=7515#primaryimage\"},\"image\":{\"@id\":\"http:\\\/\\\/minutocerord.com\\\/?p=7515#primaryimage\"},\"thumbnailUrl\":\"https:\\\/\\\/i0.wp.com\\\/minutocerord.com\\\/wp-content\\\/uploads\\\/2022\\\/01\\\/WhatsApp-Image-2021-05-06-at-8.27.33-PM-960x720-1.jpeg?fit=960%2C554&ssl=1\",\"datePublished\":\"2022-01-20T15:17:46+00:00\",\"dateModified\":\"2022-01-20T15:17:49+00:00\",\"breadcrumb\":{\"@id\":\"http:\\\/\\\/minutocerord.com\\\/?p=7515#breadcrumb\"},\"inLanguage\":\"es-DO\",\"potentialAction\":[{\"@type\":\"ReadAction\",\"target\":[\"http:\\\/\\\/minutocerord.com\\\/?p=7515\"]}]},{\"@type\":\"ImageObject\",\"inLanguage\":\"es-DO\",\"@id\":\"http:\\\/\\\/minutocerord.com\\\/?p=7515#primaryimage\",\"url\":\"https:\\\/\\\/i0.wp.com\\\/minutocerord.com\\\/wp-content\\\/uploads\\\/2022\\\/01\\\/WhatsApp-Image-2021-05-06-at-8.27.33-PM-960x720-1.jpeg?fit=960%2C554&ssl=1\",\"contentUrl\":\"https:\\\/\\\/i0.wp.com\\\/minutocerord.com\\\/wp-content\\\/uploads\\\/2022\\\/01\\\/WhatsApp-Image-2021-05-06-at-8.27.33-PM-960x720-1.jpeg?fit=960%2C554&ssl=1\",\"width\":960,\"height\":554},{\"@type\":\"BreadcrumbList\",\"@id\":\"http:\\\/\\\/minutocerord.com\\\/?p=7515#breadcrumb\",\"itemListElement\":[{\"@type\":\"ListItem\",\"position\":1,\"name\":\"Home\",\"item\":\"https:\\\/\\\/minutocerord.com\\\/\"},{\"@type\":\"ListItem\",\"position\":2,\"name\":\"Ministerio de Salud notifica 129 casos menos que ayer de covid-19\"}]},{\"@type\":\"WebSite\",\"@id\":\"https:\\\/\\\/minutocerord.com\\\/#website\",\"url\":\"https:\\\/\\\/minutocerord.com\\\/\",\"name\":\"Minuto Cero RD\",\"description\":\"Periodismo serio y veraz\",\"publisher\":{\"@id\":\"https:\\\/\\\/minutocerord.com\\\/#\\\/schema\\\/person\\\/60b5372d60aaa0a5171fb6488be9aee6\"},\"potentialAction\":[{\"@type\":\"SearchAction\",\"target\":{\"@type\":\"EntryPoint\",\"urlTemplate\":\"https:\\\/\\\/minutocerord.com\\\/?s={search_term_string}\"},\"query-input\":{\"@type\":\"PropertyValueSpecification\",\"valueRequired\":true,\"valueName\":\"search_term_string\"}}],\"inLanguage\":\"es-DO\"},{\"@type\":[\"Person\",\"Organization\"],\"@id\":\"https:\\\/\\\/minutocerord.com\\\/#\\\/schema\\\/person\\\/60b5372d60aaa0a5171fb6488be9aee6\",\"name\":\"Genof\u00f3ntes Urb\u00e1ez\",\"image\":{\"@type\":\"ImageObject\",\"inLanguage\":\"es-DO\",\"@id\":\"https:\\\/\\\/secure.gravatar.com\\\/avatar\\\/a49ef3186a692098ac3e8a1612261e3ad70cf9e44553dff2929e67939a0ecb9d?s=96&d=identicon&r=g\",\"url\":\"https:\\\/\\\/secure.gravatar.com\\\/avatar\\\/a49ef3186a692098ac3e8a1612261e3ad70cf9e44553dff2929e67939a0ecb9d?s=96&d=identicon&r=g\",\"contentUrl\":\"https:\\\/\\\/secure.gravatar.com\\\/avatar\\\/a49ef3186a692098ac3e8a1612261e3ad70cf9e44553dff2929e67939a0ecb9d?s=96&d=identicon&r=g\",\"caption\":\"Genof\u00f3ntes Urb\u00e1ez\"},\"logo\":{\"@id\":\"https:\\\/\\\/secure.gravatar.com\\\/avatar\\\/a49ef3186a692098ac3e8a1612261e3ad70cf9e44553dff2929e67939a0ecb9d?s=96&d=identicon&r=g\"},\"description\":\"Periodista \\\/ Locutor\",\"sameAs\":[\"https:\\\/\\\/www.facebook.com\\\/Genofnotes\",\"https:\\\/\\\/www.instagram.com\\\/genofnotes\\\/\"]}]}<\/script>\n<!-- \/ Yoast SEO plugin. -->","yoast_head_json":{"title":"Ministerio de Salud notifica 129 casos menos que ayer de covid-19 - Minuto Cero RD","robots":{"index":"index","follow":"follow","max-snippet":"max-snippet:-1","max-image-preview":"max-image-preview:large","max-video-preview":"max-video-preview:-1"},"canonical":"http:\/\/minutocerord.com\/?p=7515","og_locale":"es_ES","og_type":"article","og_title":"Ministerio de Salud notifica 129 casos menos que ayer de covid-19 - Minuto Cero RD","og_description":"SANTO DOMINGO.- Los casos diarios de covid-19 reflejaron una leve disminuci\u00f3n este jueves en Rep\u00fablica Dominicana, cuando el\u00a0Ministerio de Salud P\u00fablica notific\u00f3 7,024 nuevos contagios, 129 menos que los 7,153 registrados en la v\u00edspera. Detall\u00f3 que en el pa\u00eds hay 36,025 casos activos y 484,336 personas se han recuperado de la enfermedad. PRUEBAS&nbsp; Indic\u00f3 que [&hellip;]","og_url":"http:\/\/minutocerord.com\/?p=7515","og_site_name":"Minuto Cero RD","article_publisher":"https:\/\/www.facebook.com\/Genofnotes","article_author":"https:\/\/www.facebook.com\/Genofnotes","article_published_time":"2022-01-20T15:17:46+00:00","article_modified_time":"2022-01-20T15:17:49+00:00","og_image":[{"width":960,"height":554,"url":"https:\/\/i0.wp.com\/minutocerord.com\/wp-content\/uploads\/2022\/01\/WhatsApp-Image-2021-05-06-at-8.27.33-PM-960x720-1.jpeg?fit=960%2C554","type":"image\/jpeg"}],"author":"Genof\u00f3ntes Urb\u00e1ez","twitter_card":"summary_large_image","twitter_misc":{"Written by":"Genof\u00f3ntes Urb\u00e1ez","Est. reading time":"2 minutos"},"schema":{"@context":"https:\/\/schema.org","@graph":[{"@type":"Article","@id":"http:\/\/minutocerord.com\/?p=7515#article","isPartOf":{"@id":"http:\/\/minutocerord.com\/?p=7515"},"author":{"name":"Genof\u00f3ntes Urb\u00e1ez","@id":"https:\/\/minutocerord.com\/#\/schema\/person\/60b5372d60aaa0a5171fb6488be9aee6"},"headline":"Ministerio de Salud notifica 129 casos menos que ayer de covid-19","datePublished":"2022-01-20T15:17:46+00:00","dateModified":"2022-01-20T15:17:49+00:00","mainEntityOfPage":{"@id":"http:\/\/minutocerord.com\/?p=7515"},"wordCount":274,"commentCount":0,"publisher":{"@id":"https:\/\/minutocerord.com\/#\/schema\/person\/60b5372d60aaa0a5171fb6488be9aee6"},"image":{"@id":"http:\/\/minutocerord.com\/?p=7515#primaryimage"},"thumbnailUrl":"https:\/\/i0.wp.com\/minutocerord.com\/wp-content\/uploads\/2022\/01\/WhatsApp-Image-2021-05-06-at-8.27.33-PM-960x720-1.jpeg?fit=960%2C554&ssl=1","articleSection":["Salud"],"inLanguage":"es-DO","potentialAction":[{"@type":"CommentAction","name":"Comment","target":["http:\/\/minutocerord.com\/?p=7515#respond"]}]},{"@type":"WebPage","@id":"http:\/\/minutocerord.com\/?p=7515","url":"http:\/\/minutocerord.com\/?p=7515","name":"Ministerio de Salud notifica 129 casos menos que ayer de covid-19 - Minuto Cero RD","isPartOf":{"@id":"https:\/\/minutocerord.com\/#website"},"primaryImageOfPage":{"@id":"http:\/\/minutocerord.com\/?p=7515#primaryimage"},"image":{"@id":"http:\/\/minutocerord.com\/?p=7515#primaryimage"},"thumbnailUrl":"https:\/\/i0.wp.com\/minutocerord.com\/wp-content\/uploads\/2022\/01\/WhatsApp-Image-2021-05-06-at-8.27.33-PM-960x720-1.jpeg?fit=960%2C554&ssl=1","datePublished":"2022-01-20T15:17:46+00:00","dateModified":"2022-01-20T15:17:49+00:00","breadcrumb":{"@id":"http:\/\/minutocerord.com\/?p=7515#breadcrumb"},"inLanguage":"es-DO","potentialAction":[{"@type":"ReadAction","target":["http:\/\/minutocerord.com\/?p=7515"]}]},{"@type":"ImageObject","inLanguage":"es-DO","@id":"http:\/\/minutocerord.com\/?p=7515#primaryimage","url":"https:\/\/i0.wp.com\/minutocerord.com\/wp-content\/uploads\/2022\/01\/WhatsApp-Image-2021-05-06-at-8.27.33-PM-960x720-1.jpeg?fit=960%2C554&ssl=1","contentUrl":"https:\/\/i0.wp.com\/minutocerord.com\/wp-content\/uploads\/2022\/01\/WhatsApp-Image-2021-05-06-at-8.27.33-PM-960x720-1.jpeg?fit=960%2C554&ssl=1","width":960,"height":554},{"@type":"BreadcrumbList","@id":"http:\/\/minutocerord.com\/?p=7515#breadcrumb","itemListElement":[{"@type":"ListItem","position":1,"name":"Home","item":"https:\/\/minutocerord.com\/"},{"@type":"ListItem","position":2,"name":"Ministerio de Salud notifica 129 casos menos que ayer de covid-19"}]},{"@type":"WebSite","@id":"https:\/\/minutocerord.com\/#website","url":"https:\/\/minutocerord.com\/","name":"Minuto Cero RD","description":"Periodismo serio y veraz","publisher":{"@id":"https:\/\/minutocerord.com\/#\/schema\/person\/60b5372d60aaa0a5171fb6488be9aee6"},"potentialAction":[{"@type":"SearchAction","target":{"@type":"EntryPoint","urlTemplate":"https:\/\/minutocerord.com\/?s={search_term_string}"},"query-input":{"@type":"PropertyValueSpecification","valueRequired":true,"valueName":"search_term_string"}}],"inLanguage":"es-DO"},{"@type":["Person","Organization"],"@id":"https:\/\/minutocerord.com\/#\/schema\/person\/60b5372d60aaa0a5171fb6488be9aee6","name":"Genof\u00f3ntes Urb\u00e1ez","image":{"@type":"ImageObject","inLanguage":"es-DO","@id":"https:\/\/secure.gravatar.com\/avatar\/a49ef3186a692098ac3e8a1612261e3ad70cf9e44553dff2929e67939a0ecb9d?s=96&d=identicon&r=g","url":"https:\/\/secure.gravatar.com\/avatar\/a49ef3186a692098ac3e8a1612261e3ad70cf9e44553dff2929e67939a0ecb9d?s=96&d=identicon&r=g","contentUrl":"https:\/\/secure.gravatar.com\/avatar\/a49ef3186a692098ac3e8a1612261e3ad70cf9e44553dff2929e67939a0ecb9d?s=96&d=identicon&r=g","caption":"Genof\u00f3ntes Urb\u00e1ez"},"logo":{"@id":"https:\/\/secure.gravatar.com\/avatar\/a49ef3186a692098ac3e8a1612261e3ad70cf9e44553dff2929e67939a0ecb9d?s=96&d=identicon&r=g"},"description":"Periodista \/ Locutor","sameAs":["https:\/\/www.facebook.com\/Genofnotes","https:\/\/www.instagram.com\/genofnotes\/"]}]}},"jetpack_publicize_connections":[],"jetpack_featured_media_url":"https:\/\/i0.wp.com\/minutocerord.com\/wp-content\/uploads\/2022\/01\/WhatsApp-Image-2021-05-06-at-8.27.33-PM-960x720-1.jpeg?fit=960%2C554&ssl=1","jetpack-related-posts":[],"jetpack_sharing_enabled":true,"_links":{"self":[{"href":"https:\/\/minutocerord.com\/index.php?rest_route=\/wp\/v2\/posts\/7515","targetHints":{"allow":["GET"]}}],"collection":[{"href":"https:\/\/minutocerord.com\/index.php?rest_route=\/wp\/v2\/posts"}],"about":[{"href":"https:\/\/minutocerord.com\/index.php?rest_route=\/wp\/v2\/types\/post"}],"author":[{"embeddable":true,"href":"https:\/\/minutocerord.com\/index.php?rest_route=\/wp\/v2\/users\/1"}],"replies":[{"embeddable":true,"href":"https:\/\/minutocerord.com\/index.php?rest_route=%2Fwp%2Fv2%2Fcomments&post=7515"}],"version-history":[{"count":1,"href":"https:\/\/minutocerord.com\/index.php?rest_route=\/wp\/v2\/posts\/7515\/revisions"}],"predecessor-version":[{"id":7517,"href":"https:\/\/minutocerord.com\/index.php?rest_route=\/wp\/v2\/posts\/7515\/revisions\/7517"}],"wp:featuredmedia":[{"embeddable":true,"href":"https:\/\/minutocerord.com\/index.php?rest_route=\/wp\/v2\/media\/7516"}],"wp:attachment":[{"href":"https:\/\/minutocerord.com\/index.php?rest_route=%2Fwp%2Fv2%2Fmedia&parent=7515"}],"wp:term":[{"taxonomy":"category","embeddable":true,"href":"https:\/\/minutocerord.com\/index.php?rest_route=%2Fwp%2Fv2%2Fcategories&post=7515"},{"taxonomy":"post_tag","embeddable":true,"href":"https:\/\/minutocerord.com\/index.php?rest_route=%2Fwp%2Fv2%2Ftags&post=7515"}],"curies":[{"name":"wp","href":"https:\/\/api.w.org\/{rel}","templated":true}]}}