{"id":7518,"date":"2022-01-20T11:22:04","date_gmt":"2022-01-20T15:22:04","guid":{"rendered":"https:\/\/minutocerord.com\/?p=7518"},"modified":"2022-01-20T11:22:08","modified_gmt":"2022-01-20T15:22:08","slug":"dominicana-se-querella-contra-racistas-la-insultaron-en-tren-ny","status":"publish","type":"post","link":"https:\/\/minutocerord.com\/?p=7518","title":{"rendered":"Dominicana se querella contra \u2018racistas\u2019 la insultaron en tren NY"},"content":{"rendered":"\n<figure class=\"wp-block-embed is-type-video is-provider-youtube wp-block-embed-youtube wp-embed-aspect-4-3 wp-has-aspect-ratio\"><div class=\"wp-block-embed__wrapper\">\n<iframe loading=\"lazy\" title=\"The couple started to verbally attack me#shorts\" width=\"640\" height=\"480\" src=\"https:\/\/www.youtube.com\/embed\/1HmauheEGsw?feature=oembed\" frameborder=\"0\" allow=\"accelerometer; autoplay; clipboard-write; encrypted-media; gyroscope; picture-in-picture; web-share\" referrerpolicy=\"strict-origin-when-cross-origin\" allowfullscreen><\/iframe>\n<\/div><\/figure>\n\n\n\n<p><strong>NUEVA YORK.- <\/strong>La dominicana Elizabeth Edelkind\u00a0y su esposo presentaron cargos contra una pareja que los agredi\u00f3 racialmente en un tren de la empresa Long Island Rail Road (LIRR) que sal\u00eda de Penn Station.<\/p>\n\n\n\n<p>La agresi\u00f3n ocurri\u00f3 la noche del lunes 10 de enero mientras Edelkind, su esposo y su hijo de 10 a\u00f1os acud\u00edan a un juego de baloncesto de los Knicks de Nueva York. La familia buscaba asientos en el tren cuando&nbsp;fue acosada verbalmente con insultos raciales por la pareja de blancos, que adem\u00e1s le arroj\u00f3 cerveza.<\/p>\n\n\n\n<p>Un video grabado por un celular, difundido por NBC News y que se volvi\u00f3 viral en redes sociales muestra a un hombre gritando a Edelkind \u00abvoy a ser arrestado esta noche. No me mires. Estos extranjeros se est\u00e1n apoderando de mi pa\u00eds. Inmigrantes, regresen a su pa\u00eds, no pagan impuestos, no pertenecen aqu\u00ed, no tienen derechos en este pa\u00eds, extranjeros\u00bb.<\/p>\n\n\n\n<p>Edelkind, quien es ciudadana estadounidense desde hace m\u00e1s de 20 a\u00f1os, dijo que est\u00e1 consciente de que el proceso judicial ser\u00e1 agotador, pero quiere enviar un mensaje de paz a las personas que piensan como sus agresores y a sus posibles futuras v\u00edctimas.<\/p>\n\n\n\n<p>\u00abYa no quiero que la gente act\u00fae en contra de los inmigrantes porque, a menos que seas de ascendencia nativa americana, todos somos inmigrantes\u00bb, expres\u00f3 la dominicana, quien&nbsp;lament\u00f3 que esos hechos discriminatorios sigan ocurriendo en Estados Unidos.<\/p>\n\n\n\n<p>Declar\u00f3 que \u00abno hay ninguna raz\u00f3n por la que puedas tratar a alguien sin dignidad o respeto en funci\u00f3n de su tono de piel o su acento al hablar\u00bb.<\/p>\n\n\n\n<p>La pareja que la insult\u00f3 trabajaba en Empire Toyota de Huntington y fue despedida a ra\u00edz del incidente.<\/p>\n","protected":false},"excerpt":{"rendered":"<p>NUEVA YORK.- La dominicana Elizabeth Edelkind\u00a0y su esposo presentaron cargos contra una pareja que los agredi\u00f3 racialmente en un tren de la empresa Long Island Rail Road (LIRR) que sal\u00eda de Penn Station. La agresi\u00f3n ocurri\u00f3 la noche del lunes 10 de enero mientras Edelkind, su esposo y su hijo de 10 a\u00f1os acud\u00edan a [&hellip;]<\/p>\n","protected":false},"author":1,"featured_media":7520,"comment_status":"open","ping_status":"open","sticky":false,"template":"","format":"standard","meta":{"nf_dc_page":"","jetpack_post_was_ever_published":false,"_jetpack_newsletter_access":"","_jetpack_dont_email_post_to_subs":false,"_jetpack_newsletter_tier_id":0,"_jetpack_memberships_contains_paywalled_content":false,"_jetpack_memberships_contains_paid_content":false,"footnotes":"","jetpack_publicize_message":"","jetpack_publicize_feature_enabled":true,"jetpack_social_post_already_shared":false,"jetpack_social_options":{"image_generator_settings":{"template":"highway","default_image_id":0,"font":"","enabled":false},"version":2}},"categories":[82],"tags":[],"class_list":["post-7518","post","type-post","status-publish","format-standard","has-post-thumbnail","hentry","category-new-york"],"yoast_head":"<!-- This site is optimized with the Yoast SEO plugin v27.4 - https:\/\/yoast.com\/product\/yoast-seo-wordpress\/ -->\n<title>Dominicana se querella contra \u2018racistas\u2019 la insultaron en tren NY - Minuto Cero RD<\/title>\n<meta name=\"robots\" content=\"index, follow, max-snippet:-1, max-image-preview:large, max-video-preview:-1\" \/>\n<link rel=\"canonical\" href=\"http:\/\/minutocerord.com\/?p=7518\" \/>\n<meta property=\"og:locale\" content=\"es_ES\" \/>\n<meta property=\"og:type\" content=\"article\" \/>\n<meta property=\"og:title\" content=\"Dominicana se querella contra \u2018racistas\u2019 la insultaron en tren NY - Minuto Cero RD\" \/>\n<meta property=\"og:description\" content=\"NUEVA YORK.- La dominicana Elizabeth Edelkind\u00a0y su esposo presentaron cargos contra una pareja que los agredi\u00f3 racialmente en un tren de la empresa Long Island Rail Road (LIRR) que sal\u00eda de Penn Station. La agresi\u00f3n ocurri\u00f3 la noche del lunes 10 de enero mientras Edelkind, su esposo y su hijo de 10 a\u00f1os acud\u00edan a [&hellip;]\" \/>\n<meta property=\"og:url\" content=\"http:\/\/minutocerord.com\/?p=7518\" \/>\n<meta property=\"og:site_name\" content=\"Minuto Cero RD\" \/>\n<meta property=\"article:publisher\" content=\"https:\/\/www.facebook.com\/Genofnotes\" \/>\n<meta property=\"article:author\" content=\"https:\/\/www.facebook.com\/Genofnotes\" \/>\n<meta property=\"article:published_time\" content=\"2022-01-20T15:22:04+00:00\" \/>\n<meta property=\"article:modified_time\" content=\"2022-01-20T15:22:08+00:00\" \/>\n<meta property=\"og:image\" content=\"https:\/\/i0.wp.com\/minutocerord.com\/wp-content\/uploads\/2022\/01\/Untitled-1.jpg?fit=626%2C344\" \/>\n\t<meta property=\"og:image:width\" content=\"626\" \/>\n\t<meta property=\"og:image:height\" content=\"344\" \/>\n\t<meta property=\"og:image:type\" content=\"image\/jpeg\" \/>\n<meta name=\"author\" content=\"Genof\u00f3ntes Urb\u00e1ez\" \/>\n<meta name=\"twitter:card\" content=\"summary_large_image\" \/>\n<meta name=\"twitter:label1\" content=\"Written by\" \/>\n\t<meta name=\"twitter:data1\" content=\"Genof\u00f3ntes Urb\u00e1ez\" \/>\n\t<meta name=\"twitter:label2\" content=\"Est. reading time\" \/>\n\t<meta name=\"twitter:data2\" content=\"2 minutos\" \/>\n<script type=\"application\/ld+json\" class=\"yoast-schema-graph\">{\"@context\":\"https:\\\/\\\/schema.org\",\"@graph\":[{\"@type\":\"Article\",\"@id\":\"http:\\\/\\\/minutocerord.com\\\/?p=7518#article\",\"isPartOf\":{\"@id\":\"http:\\\/\\\/minutocerord.com\\\/?p=7518\"},\"author\":{\"name\":\"Genof\u00f3ntes Urb\u00e1ez\",\"@id\":\"https:\\\/\\\/minutocerord.com\\\/#\\\/schema\\\/person\\\/60b5372d60aaa0a5171fb6488be9aee6\"},\"headline\":\"Dominicana se querella contra \u2018racistas\u2019 la insultaron en tren NY\",\"datePublished\":\"2022-01-20T15:22:04+00:00\",\"dateModified\":\"2022-01-20T15:22:08+00:00\",\"mainEntityOfPage\":{\"@id\":\"http:\\\/\\\/minutocerord.com\\\/?p=7518\"},\"wordCount\":308,\"commentCount\":0,\"publisher\":{\"@id\":\"https:\\\/\\\/minutocerord.com\\\/#\\\/schema\\\/person\\\/60b5372d60aaa0a5171fb6488be9aee6\"},\"image\":{\"@id\":\"http:\\\/\\\/minutocerord.com\\\/?p=7518#primaryimage\"},\"thumbnailUrl\":\"https:\\\/\\\/i0.wp.com\\\/minutocerord.com\\\/wp-content\\\/uploads\\\/2022\\\/01\\\/Untitled-1.jpg?fit=626%2C344&ssl=1\",\"articleSection\":[\"New York\"],\"inLanguage\":\"es-DO\",\"potentialAction\":[{\"@type\":\"CommentAction\",\"name\":\"Comment\",\"target\":[\"http:\\\/\\\/minutocerord.com\\\/?p=7518#respond\"]}]},{\"@type\":\"WebPage\",\"@id\":\"http:\\\/\\\/minutocerord.com\\\/?p=7518\",\"url\":\"http:\\\/\\\/minutocerord.com\\\/?p=7518\",\"name\":\"Dominicana se querella contra \u2018racistas\u2019 la insultaron en tren NY - Minuto Cero RD\",\"isPartOf\":{\"@id\":\"https:\\\/\\\/minutocerord.com\\\/#website\"},\"primaryImageOfPage\":{\"@id\":\"http:\\\/\\\/minutocerord.com\\\/?p=7518#primaryimage\"},\"image\":{\"@id\":\"http:\\\/\\\/minutocerord.com\\\/?p=7518#primaryimage\"},\"thumbnailUrl\":\"https:\\\/\\\/i0.wp.com\\\/minutocerord.com\\\/wp-content\\\/uploads\\\/2022\\\/01\\\/Untitled-1.jpg?fit=626%2C344&ssl=1\",\"datePublished\":\"2022-01-20T15:22:04+00:00\",\"dateModified\":\"2022-01-20T15:22:08+00:00\",\"breadcrumb\":{\"@id\":\"http:\\\/\\\/minutocerord.com\\\/?p=7518#breadcrumb\"},\"inLanguage\":\"es-DO\",\"potentialAction\":[{\"@type\":\"ReadAction\",\"target\":[\"http:\\\/\\\/minutocerord.com\\\/?p=7518\"]}]},{\"@type\":\"ImageObject\",\"inLanguage\":\"es-DO\",\"@id\":\"http:\\\/\\\/minutocerord.com\\\/?p=7518#primaryimage\",\"url\":\"https:\\\/\\\/i0.wp.com\\\/minutocerord.com\\\/wp-content\\\/uploads\\\/2022\\\/01\\\/Untitled-1.jpg?fit=626%2C344&ssl=1\",\"contentUrl\":\"https:\\\/\\\/i0.wp.com\\\/minutocerord.com\\\/wp-content\\\/uploads\\\/2022\\\/01\\\/Untitled-1.jpg?fit=626%2C344&ssl=1\",\"width\":626,\"height\":344},{\"@type\":\"BreadcrumbList\",\"@id\":\"http:\\\/\\\/minutocerord.com\\\/?p=7518#breadcrumb\",\"itemListElement\":[{\"@type\":\"ListItem\",\"position\":1,\"name\":\"Home\",\"item\":\"https:\\\/\\\/minutocerord.com\\\/\"},{\"@type\":\"ListItem\",\"position\":2,\"name\":\"Dominicana se querella contra \u2018racistas\u2019 la insultaron en tren NY\"}]},{\"@type\":\"WebSite\",\"@id\":\"https:\\\/\\\/minutocerord.com\\\/#website\",\"url\":\"https:\\\/\\\/minutocerord.com\\\/\",\"name\":\"Minuto Cero RD\",\"description\":\"Periodismo serio y veraz\",\"publisher\":{\"@id\":\"https:\\\/\\\/minutocerord.com\\\/#\\\/schema\\\/person\\\/60b5372d60aaa0a5171fb6488be9aee6\"},\"potentialAction\":[{\"@type\":\"SearchAction\",\"target\":{\"@type\":\"EntryPoint\",\"urlTemplate\":\"https:\\\/\\\/minutocerord.com\\\/?s={search_term_string}\"},\"query-input\":{\"@type\":\"PropertyValueSpecification\",\"valueRequired\":true,\"valueName\":\"search_term_string\"}}],\"inLanguage\":\"es-DO\"},{\"@type\":[\"Person\",\"Organization\"],\"@id\":\"https:\\\/\\\/minutocerord.com\\\/#\\\/schema\\\/person\\\/60b5372d60aaa0a5171fb6488be9aee6\",\"name\":\"Genof\u00f3ntes Urb\u00e1ez\",\"image\":{\"@type\":\"ImageObject\",\"inLanguage\":\"es-DO\",\"@id\":\"https:\\\/\\\/secure.gravatar.com\\\/avatar\\\/a49ef3186a692098ac3e8a1612261e3ad70cf9e44553dff2929e67939a0ecb9d?s=96&d=identicon&r=g\",\"url\":\"https:\\\/\\\/secure.gravatar.com\\\/avatar\\\/a49ef3186a692098ac3e8a1612261e3ad70cf9e44553dff2929e67939a0ecb9d?s=96&d=identicon&r=g\",\"contentUrl\":\"https:\\\/\\\/secure.gravatar.com\\\/avatar\\\/a49ef3186a692098ac3e8a1612261e3ad70cf9e44553dff2929e67939a0ecb9d?s=96&d=identicon&r=g\",\"caption\":\"Genof\u00f3ntes Urb\u00e1ez\"},\"logo\":{\"@id\":\"https:\\\/\\\/secure.gravatar.com\\\/avatar\\\/a49ef3186a692098ac3e8a1612261e3ad70cf9e44553dff2929e67939a0ecb9d?s=96&d=identicon&r=g\"},\"description\":\"Periodista \\\/ Locutor\",\"sameAs\":[\"https:\\\/\\\/www.facebook.com\\\/Genofnotes\",\"https:\\\/\\\/www.instagram.com\\\/genofnotes\\\/\"]}]}<\/script>\n<!-- \/ Yoast SEO plugin. -->","yoast_head_json":{"title":"Dominicana se querella contra \u2018racistas\u2019 la insultaron en tren NY - Minuto Cero RD","robots":{"index":"index","follow":"follow","max-snippet":"max-snippet:-1","max-image-preview":"max-image-preview:large","max-video-preview":"max-video-preview:-1"},"canonical":"http:\/\/minutocerord.com\/?p=7518","og_locale":"es_ES","og_type":"article","og_title":"Dominicana se querella contra \u2018racistas\u2019 la insultaron en tren NY - Minuto Cero RD","og_description":"NUEVA YORK.- La dominicana Elizabeth Edelkind\u00a0y su esposo presentaron cargos contra una pareja que los agredi\u00f3 racialmente en un tren de la empresa Long Island Rail Road (LIRR) que sal\u00eda de Penn Station. La agresi\u00f3n ocurri\u00f3 la noche del lunes 10 de enero mientras Edelkind, su esposo y su hijo de 10 a\u00f1os acud\u00edan a [&hellip;]","og_url":"http:\/\/minutocerord.com\/?p=7518","og_site_name":"Minuto Cero RD","article_publisher":"https:\/\/www.facebook.com\/Genofnotes","article_author":"https:\/\/www.facebook.com\/Genofnotes","article_published_time":"2022-01-20T15:22:04+00:00","article_modified_time":"2022-01-20T15:22:08+00:00","og_image":[{"width":626,"height":344,"url":"https:\/\/i0.wp.com\/minutocerord.com\/wp-content\/uploads\/2022\/01\/Untitled-1.jpg?fit=626%2C344","type":"image\/jpeg"}],"author":"Genof\u00f3ntes Urb\u00e1ez","twitter_card":"summary_large_image","twitter_misc":{"Written by":"Genof\u00f3ntes Urb\u00e1ez","Est. reading time":"2 minutos"},"schema":{"@context":"https:\/\/schema.org","@graph":[{"@type":"Article","@id":"http:\/\/minutocerord.com\/?p=7518#article","isPartOf":{"@id":"http:\/\/minutocerord.com\/?p=7518"},"author":{"name":"Genof\u00f3ntes Urb\u00e1ez","@id":"https:\/\/minutocerord.com\/#\/schema\/person\/60b5372d60aaa0a5171fb6488be9aee6"},"headline":"Dominicana se querella contra \u2018racistas\u2019 la insultaron en tren NY","datePublished":"2022-01-20T15:22:04+00:00","dateModified":"2022-01-20T15:22:08+00:00","mainEntityOfPage":{"@id":"http:\/\/minutocerord.com\/?p=7518"},"wordCount":308,"commentCount":0,"publisher":{"@id":"https:\/\/minutocerord.com\/#\/schema\/person\/60b5372d60aaa0a5171fb6488be9aee6"},"image":{"@id":"http:\/\/minutocerord.com\/?p=7518#primaryimage"},"thumbnailUrl":"https:\/\/i0.wp.com\/minutocerord.com\/wp-content\/uploads\/2022\/01\/Untitled-1.jpg?fit=626%2C344&ssl=1","articleSection":["New York"],"inLanguage":"es-DO","potentialAction":[{"@type":"CommentAction","name":"Comment","target":["http:\/\/minutocerord.com\/?p=7518#respond"]}]},{"@type":"WebPage","@id":"http:\/\/minutocerord.com\/?p=7518","url":"http:\/\/minutocerord.com\/?p=7518","name":"Dominicana se querella contra \u2018racistas\u2019 la insultaron en tren NY - Minuto Cero RD","isPartOf":{"@id":"https:\/\/minutocerord.com\/#website"},"primaryImageOfPage":{"@id":"http:\/\/minutocerord.com\/?p=7518#primaryimage"},"image":{"@id":"http:\/\/minutocerord.com\/?p=7518#primaryimage"},"thumbnailUrl":"https:\/\/i0.wp.com\/minutocerord.com\/wp-content\/uploads\/2022\/01\/Untitled-1.jpg?fit=626%2C344&ssl=1","datePublished":"2022-01-20T15:22:04+00:00","dateModified":"2022-01-20T15:22:08+00:00","breadcrumb":{"@id":"http:\/\/minutocerord.com\/?p=7518#breadcrumb"},"inLanguage":"es-DO","potentialAction":[{"@type":"ReadAction","target":["http:\/\/minutocerord.com\/?p=7518"]}]},{"@type":"ImageObject","inLanguage":"es-DO","@id":"http:\/\/minutocerord.com\/?p=7518#primaryimage","url":"https:\/\/i0.wp.com\/minutocerord.com\/wp-content\/uploads\/2022\/01\/Untitled-1.jpg?fit=626%2C344&ssl=1","contentUrl":"https:\/\/i0.wp.com\/minutocerord.com\/wp-content\/uploads\/2022\/01\/Untitled-1.jpg?fit=626%2C344&ssl=1","width":626,"height":344},{"@type":"BreadcrumbList","@id":"http:\/\/minutocerord.com\/?p=7518#breadcrumb","itemListElement":[{"@type":"ListItem","position":1,"name":"Home","item":"https:\/\/minutocerord.com\/"},{"@type":"ListItem","position":2,"name":"Dominicana se querella contra \u2018racistas\u2019 la insultaron en tren NY"}]},{"@type":"WebSite","@id":"https:\/\/minutocerord.com\/#website","url":"https:\/\/minutocerord.com\/","name":"Minuto Cero RD","description":"Periodismo serio y veraz","publisher":{"@id":"https:\/\/minutocerord.com\/#\/schema\/person\/60b5372d60aaa0a5171fb6488be9aee6"},"potentialAction":[{"@type":"SearchAction","target":{"@type":"EntryPoint","urlTemplate":"https:\/\/minutocerord.com\/?s={search_term_string}"},"query-input":{"@type":"PropertyValueSpecification","valueRequired":true,"valueName":"search_term_string"}}],"inLanguage":"es-DO"},{"@type":["Person","Organization"],"@id":"https:\/\/minutocerord.com\/#\/schema\/person\/60b5372d60aaa0a5171fb6488be9aee6","name":"Genof\u00f3ntes Urb\u00e1ez","image":{"@type":"ImageObject","inLanguage":"es-DO","@id":"https:\/\/secure.gravatar.com\/avatar\/a49ef3186a692098ac3e8a1612261e3ad70cf9e44553dff2929e67939a0ecb9d?s=96&d=identicon&r=g","url":"https:\/\/secure.gravatar.com\/avatar\/a49ef3186a692098ac3e8a1612261e3ad70cf9e44553dff2929e67939a0ecb9d?s=96&d=identicon&r=g","contentUrl":"https:\/\/secure.gravatar.com\/avatar\/a49ef3186a692098ac3e8a1612261e3ad70cf9e44553dff2929e67939a0ecb9d?s=96&d=identicon&r=g","caption":"Genof\u00f3ntes Urb\u00e1ez"},"logo":{"@id":"https:\/\/secure.gravatar.com\/avatar\/a49ef3186a692098ac3e8a1612261e3ad70cf9e44553dff2929e67939a0ecb9d?s=96&d=identicon&r=g"},"description":"Periodista \/ Locutor","sameAs":["https:\/\/www.facebook.com\/Genofnotes","https:\/\/www.instagram.com\/genofnotes\/"]}]}},"jetpack_publicize_connections":[],"jetpack_featured_media_url":"https:\/\/i0.wp.com\/minutocerord.com\/wp-content\/uploads\/2022\/01\/Untitled-1.jpg?fit=626%2C344&ssl=1","jetpack-related-posts":[],"jetpack_sharing_enabled":true,"_links":{"self":[{"href":"https:\/\/minutocerord.com\/index.php?rest_route=\/wp\/v2\/posts\/7518","targetHints":{"allow":["GET"]}}],"collection":[{"href":"https:\/\/minutocerord.com\/index.php?rest_route=\/wp\/v2\/posts"}],"about":[{"href":"https:\/\/minutocerord.com\/index.php?rest_route=\/wp\/v2\/types\/post"}],"author":[{"embeddable":true,"href":"https:\/\/minutocerord.com\/index.php?rest_route=\/wp\/v2\/users\/1"}],"replies":[{"embeddable":true,"href":"https:\/\/minutocerord.com\/index.php?rest_route=%2Fwp%2Fv2%2Fcomments&post=7518"}],"version-history":[{"count":1,"href":"https:\/\/minutocerord.com\/index.php?rest_route=\/wp\/v2\/posts\/7518\/revisions"}],"predecessor-version":[{"id":7521,"href":"https:\/\/minutocerord.com\/index.php?rest_route=\/wp\/v2\/posts\/7518\/revisions\/7521"}],"wp:featuredmedia":[{"embeddable":true,"href":"https:\/\/minutocerord.com\/index.php?rest_route=\/wp\/v2\/media\/7520"}],"wp:attachment":[{"href":"https:\/\/minutocerord.com\/index.php?rest_route=%2Fwp%2Fv2%2Fmedia&parent=7518"}],"wp:term":[{"taxonomy":"category","embeddable":true,"href":"https:\/\/minutocerord.com\/index.php?rest_route=%2Fwp%2Fv2%2Fcategories&post=7518"},{"taxonomy":"post_tag","embeddable":true,"href":"https:\/\/minutocerord.com\/index.php?rest_route=%2Fwp%2Fv2%2Ftags&post=7518"}],"curies":[{"name":"wp","href":"https:\/\/api.w.org\/{rel}","templated":true}]}}