{"id":7522,"date":"2022-01-22T12:55:57","date_gmt":"2022-01-22T16:55:57","guid":{"rendered":"https:\/\/minutocerord.com\/?p=7522"},"modified":"2022-01-22T12:56:00","modified_gmt":"2022-01-22T16:56:00","slug":"notifican-baja-594-en-contagios-de-covid-19-y-6-defunciones","status":"publish","type":"post","link":"https:\/\/minutocerord.com\/?p=7522","title":{"rendered":"Notifican baja 594 en contagios de COVID-19 y 6 defunciones"},"content":{"rendered":"\n<p><strong>SANTO DOMINGO.-\u00a0<\/strong>El Ministerio de Salud de la Rep\u00fablica Dominicana notific\u00f3 este viernes una nueva baja en la cifra de contagios por COVID.\u00a0\u00a0 Indic\u00f3 que en las \u00faltimas 24 horas fueron registrados 5,769\u00a0 nuevos contagios, 594\u00a0 menos que los 6,363 registrados en la v\u00edspera y\u00a0 se\u00f1al\u00f3 que hubo 6 defunciones, una de ella se produjo en las \u00faltimas 24 horas.<\/p>\n\n\n\n<p>Detall\u00f3 que en el pa\u00eds hay 32,680 casos activos y 499,802 personas se han recuperado de la enfermedad.<\/p>\n\n\n\n<p><strong>PRUEBAS&nbsp;<\/strong><\/p>\n\n\n\n<p>Indic\u00f3 que entre las 9:00 de la ma\u00f1ana del jueves e igual hora del viernes fueron procesadas 29,354 pruebas<\/p>\n\n\n\n<p><strong>NUEVOS CONTAGIOS<\/strong><\/p>\n\n\n\n<p>El cuadro por localidades es el siguiente:<\/p>\n\n\n\n<p>Distrito Nacional, 2,451<\/p>\n\n\n\n<p>Azua, 70<\/p>\n\n\n\n<p>Baoruco, 3<\/p>\n\n\n\n<p>Barahona, 23<\/p>\n\n\n\n<p>Dajab\u00f3n, 41<\/p>\n\n\n\n<p>Duarte, 128<\/p>\n\n\n\n<p>El\u00edas Pina, 22<\/p>\n\n\n\n<p>El Seibo, 5<\/p>\n\n\n\n<p>Espaillat, 8<\/p>\n\n\n\n<p>Hato Mayor, 33<\/p>\n\n\n\n<p>Independencia, 22<\/p>\n\n\n\n<p>La Altagracia, 110<\/p>\n\n\n\n<p>La Romana, 119<\/p>\n\n\n\n<p>La Vega, 338<\/p>\n\n\n\n<p>Mar\u00eda Trinidad S\u00e1nchez, 12<\/p>\n\n\n\n<p>Montecristi, 96<\/p>\n\n\n\n<p>Monsenor Noruel, 129<\/p>\n\n\n\n<p>Monte Plata, 33<\/p>\n\n\n\n<p>Pedernales, 3<\/p>\n\n\n\n<p>Peravia,<\/p>\n\n\n\n<p>Puerto Plata, 206<\/p>\n\n\n\n<p>Hermanas Mirabal, 2<\/p>\n\n\n\n<p>Saman\u00e1, 17<\/p>\n\n\n\n<p>San Crist\u00f3bal, 38<\/p>\n\n\n\n<p>San Juan, 87<\/p>\n\n\n\n<p>San Pedro de Macor\u00eds, 60<\/p>\n\n\n\n<p>S\u00e1nchez Ram\u00edrez, 19<\/p>\n\n\n\n<p>Santiago, 840<\/p>\n\n\n\n<p>Santiago Rodr\u00edguez, 50<\/p>\n\n\n\n<p>San Jos\u00e9 de Ocoa, 2<\/p>\n\n\n\n<p>Santo Domingo, 840<\/p>\n\n\n\n<p>Valverde, 46<\/p>\n\n\n\n<p>No especificados, 14<\/p>\n\n\n\n<p><strong>MUERTOS<\/strong><\/p>\n\n\n\n<p>El total de muertos por covid-19 en el pa\u00eds es de&nbsp;<strong>4,285<\/strong>, el 23.70% de los cuales era hipertenso y el 14.79% diab\u00e9tico.<\/p>\n\n\n\n<p>Entre los infectados hay 2,217 trabajadores de la salud, 1,806 embarazadas y 59,362 menores de 20 a\u00f1os.<\/p>\n\n\n\n<p><strong>OCUPACION HOSPITALARIA<\/strong><\/p>\n\n\n\n<p>En Rep\u00fablica Dominicana hay disponibilidad de 2,261 camas para pacientes de COVID, 821 de las cuales (36%) est\u00e1n ocupadas.<\/p>\n\n\n\n<p>Hay 585 camas en unidades de cuidados intensivos, 219 de ellas ocupadas (37%). De 469 ventiladores disponibles en la red hospitalaria, 152 est\u00e1n ocupados (32%).<\/p>\n\n\n\n<p><strong>CIFRAS CONTAGIOS Y MUERTES<\/strong><\/p>\n\n\n\n<p>01 enero 1,149 contagios, cero defunciones<\/p>\n\n\n\n<p>02 enero 2,026 contagios, 2 defunciones<\/p>\n\n\n\n<p>03 enero 2,856 contagios, 2 defunciones<\/p>\n\n\n\n<p>04 enero 3,700 contagios, 1 defunciones<\/p>\n\n\n\n<p>05 enero 5,201 contagios, 0 defunciones<\/p>\n\n\n\n<p>06 enero 5,307 contagios, 0 defunciones<\/p>\n\n\n\n<p>07 enero 5,968 contagios, 1 defunciones<\/p>\n\n\n\n<p>08 enero 6,200 contagios, 2 defunciones<\/p>\n\n\n\n<p>09 enero 6,042 contagios, 0 defunciones<\/p>\n\n\n\n<p>10 enero 5,155 contagios, 0 defunciones<\/p>\n\n\n\n<p>11 enero 6,683 contagios, 0 defunciones<\/p>\n\n\n\n<p>12 enero 7,439 contagios, 4 defunciones<\/p>\n\n\n\n<p>13 enero 5,953 contagios, 0 defunciones<\/p>\n\n\n\n<p>14 de enero 7,174 contagios, 7 defunciones<\/p>\n\n\n\n<p>15 enero&nbsp;&nbsp;&nbsp;4,964&nbsp; contagios, 2&nbsp;defunciones<\/p>\n\n\n\n<p>16 enero 3,988 contagios, 0 defunciones<\/p>\n\n\n\n<p>17 enero 6,331 contagios, 1 defunci\u00f3n<\/p>\n\n\n\n<p>18 enero 5,544 contagios, 0 defunciones<\/p>\n\n\n\n<p>19 enero 7,153 contagios, 5 defunciones<\/p>\n\n\n\n<p>20 enero 7,024 contagios, 0 defunciones<\/p>\n\n\n\n<p>21 enero 6,363 contagios, 5 defunciones<\/p>\n\n\n\n<p>22 enero&nbsp; 5,769, 6 defunci\u00f3nes<\/p>\n","protected":false},"excerpt":{"rendered":"<p>SANTO DOMINGO.-\u00a0El Ministerio de Salud de la Rep\u00fablica Dominicana notific\u00f3 este viernes una nueva baja en la cifra de contagios por COVID.\u00a0\u00a0 Indic\u00f3 que en las \u00faltimas 24 horas fueron registrados 5,769\u00a0 nuevos contagios, 594\u00a0 menos que los 6,363 registrados en la v\u00edspera y\u00a0 se\u00f1al\u00f3 que hubo 6 defunciones, una de ella se produjo en [&hellip;]<\/p>\n","protected":false},"author":1,"featured_media":7523,"comment_status":"open","ping_status":"open","sticky":false,"template":"","format":"standard","meta":{"nf_dc_page":"","jetpack_post_was_ever_published":false,"_jetpack_newsletter_access":"","_jetpack_dont_email_post_to_subs":false,"_jetpack_newsletter_tier_id":0,"_jetpack_memberships_contains_paywalled_content":false,"_jetpack_memberships_contains_paid_content":false,"footnotes":"","jetpack_publicize_message":"","jetpack_publicize_feature_enabled":true,"jetpack_social_post_already_shared":false,"jetpack_social_options":{"image_generator_settings":{"template":"highway","default_image_id":0,"font":"","enabled":false},"version":2}},"categories":[67],"tags":[],"class_list":["post-7522","post","type-post","status-publish","format-standard","has-post-thumbnail","hentry","category-salud"],"yoast_head":"<!-- This site is optimized with the Yoast SEO plugin v27.4 - https:\/\/yoast.com\/product\/yoast-seo-wordpress\/ -->\n<title>Notifican baja 594 en contagios de COVID-19 y 6 defunciones - Minuto Cero RD<\/title>\n<meta name=\"robots\" content=\"index, follow, max-snippet:-1, max-image-preview:large, max-video-preview:-1\" \/>\n<link rel=\"canonical\" href=\"http:\/\/minutocerord.com\/?p=7522\" \/>\n<meta property=\"og:locale\" content=\"es_ES\" \/>\n<meta property=\"og:type\" content=\"article\" \/>\n<meta property=\"og:title\" content=\"Notifican baja 594 en contagios de COVID-19 y 6 defunciones - Minuto Cero RD\" \/>\n<meta property=\"og:description\" content=\"SANTO DOMINGO.-\u00a0El Ministerio de Salud de la Rep\u00fablica Dominicana notific\u00f3 este viernes una nueva baja en la cifra de contagios por COVID.\u00a0\u00a0 Indic\u00f3 que en las \u00faltimas 24 horas fueron registrados 5,769\u00a0 nuevos contagios, 594\u00a0 menos que los 6,363 registrados en la v\u00edspera y\u00a0 se\u00f1al\u00f3 que hubo 6 defunciones, una de ella se produjo en [&hellip;]\" \/>\n<meta property=\"og:url\" content=\"http:\/\/minutocerord.com\/?p=7522\" \/>\n<meta property=\"og:site_name\" content=\"Minuto Cero RD\" \/>\n<meta property=\"article:publisher\" content=\"https:\/\/www.facebook.com\/Genofnotes\" \/>\n<meta property=\"article:author\" content=\"https:\/\/www.facebook.com\/Genofnotes\" \/>\n<meta property=\"article:published_time\" content=\"2022-01-22T16:55:57+00:00\" \/>\n<meta property=\"article:modified_time\" content=\"2022-01-22T16:56:00+00:00\" \/>\n<meta property=\"og:image\" content=\"https:\/\/i0.wp.com\/minutocerord.com\/wp-content\/uploads\/2022\/01\/202110280339231.png?fit=680%2C395\" \/>\n\t<meta property=\"og:image:width\" content=\"680\" \/>\n\t<meta property=\"og:image:height\" content=\"395\" \/>\n\t<meta property=\"og:image:type\" content=\"image\/png\" \/>\n<meta name=\"author\" content=\"Genof\u00f3ntes Urb\u00e1ez\" \/>\n<meta name=\"twitter:card\" content=\"summary_large_image\" \/>\n<meta name=\"twitter:label1\" content=\"Written by\" \/>\n\t<meta name=\"twitter:data1\" content=\"Genof\u00f3ntes Urb\u00e1ez\" \/>\n\t<meta name=\"twitter:label2\" content=\"Est. reading time\" \/>\n\t<meta name=\"twitter:data2\" content=\"2 minutos\" \/>\n<script type=\"application\/ld+json\" class=\"yoast-schema-graph\">{\"@context\":\"https:\\\/\\\/schema.org\",\"@graph\":[{\"@type\":\"Article\",\"@id\":\"http:\\\/\\\/minutocerord.com\\\/?p=7522#article\",\"isPartOf\":{\"@id\":\"http:\\\/\\\/minutocerord.com\\\/?p=7522\"},\"author\":{\"name\":\"Genof\u00f3ntes Urb\u00e1ez\",\"@id\":\"https:\\\/\\\/minutocerord.com\\\/#\\\/schema\\\/person\\\/60b5372d60aaa0a5171fb6488be9aee6\"},\"headline\":\"Notifican baja 594 en contagios de COVID-19 y 6 defunciones\",\"datePublished\":\"2022-01-22T16:55:57+00:00\",\"dateModified\":\"2022-01-22T16:56:00+00:00\",\"mainEntityOfPage\":{\"@id\":\"http:\\\/\\\/minutocerord.com\\\/?p=7522\"},\"wordCount\":336,\"commentCount\":0,\"publisher\":{\"@id\":\"https:\\\/\\\/minutocerord.com\\\/#\\\/schema\\\/person\\\/60b5372d60aaa0a5171fb6488be9aee6\"},\"image\":{\"@id\":\"http:\\\/\\\/minutocerord.com\\\/?p=7522#primaryimage\"},\"thumbnailUrl\":\"https:\\\/\\\/i0.wp.com\\\/minutocerord.com\\\/wp-content\\\/uploads\\\/2022\\\/01\\\/202110280339231.png?fit=680%2C395&ssl=1\",\"articleSection\":[\"Salud\"],\"inLanguage\":\"es-DO\",\"potentialAction\":[{\"@type\":\"CommentAction\",\"name\":\"Comment\",\"target\":[\"http:\\\/\\\/minutocerord.com\\\/?p=7522#respond\"]}]},{\"@type\":\"WebPage\",\"@id\":\"http:\\\/\\\/minutocerord.com\\\/?p=7522\",\"url\":\"http:\\\/\\\/minutocerord.com\\\/?p=7522\",\"name\":\"Notifican baja 594 en contagios de COVID-19 y 6 defunciones - Minuto Cero RD\",\"isPartOf\":{\"@id\":\"https:\\\/\\\/minutocerord.com\\\/#website\"},\"primaryImageOfPage\":{\"@id\":\"http:\\\/\\\/minutocerord.com\\\/?p=7522#primaryimage\"},\"image\":{\"@id\":\"http:\\\/\\\/minutocerord.com\\\/?p=7522#primaryimage\"},\"thumbnailUrl\":\"https:\\\/\\\/i0.wp.com\\\/minutocerord.com\\\/wp-content\\\/uploads\\\/2022\\\/01\\\/202110280339231.png?fit=680%2C395&ssl=1\",\"datePublished\":\"2022-01-22T16:55:57+00:00\",\"dateModified\":\"2022-01-22T16:56:00+00:00\",\"breadcrumb\":{\"@id\":\"http:\\\/\\\/minutocerord.com\\\/?p=7522#breadcrumb\"},\"inLanguage\":\"es-DO\",\"potentialAction\":[{\"@type\":\"ReadAction\",\"target\":[\"http:\\\/\\\/minutocerord.com\\\/?p=7522\"]}]},{\"@type\":\"ImageObject\",\"inLanguage\":\"es-DO\",\"@id\":\"http:\\\/\\\/minutocerord.com\\\/?p=7522#primaryimage\",\"url\":\"https:\\\/\\\/i0.wp.com\\\/minutocerord.com\\\/wp-content\\\/uploads\\\/2022\\\/01\\\/202110280339231.png?fit=680%2C395&ssl=1\",\"contentUrl\":\"https:\\\/\\\/i0.wp.com\\\/minutocerord.com\\\/wp-content\\\/uploads\\\/2022\\\/01\\\/202110280339231.png?fit=680%2C395&ssl=1\",\"width\":680,\"height\":395},{\"@type\":\"BreadcrumbList\",\"@id\":\"http:\\\/\\\/minutocerord.com\\\/?p=7522#breadcrumb\",\"itemListElement\":[{\"@type\":\"ListItem\",\"position\":1,\"name\":\"Home\",\"item\":\"https:\\\/\\\/minutocerord.com\\\/\"},{\"@type\":\"ListItem\",\"position\":2,\"name\":\"Notifican baja 594 en contagios de COVID-19 y 6 defunciones\"}]},{\"@type\":\"WebSite\",\"@id\":\"https:\\\/\\\/minutocerord.com\\\/#website\",\"url\":\"https:\\\/\\\/minutocerord.com\\\/\",\"name\":\"Minuto Cero RD\",\"description\":\"Periodismo serio y veraz\",\"publisher\":{\"@id\":\"https:\\\/\\\/minutocerord.com\\\/#\\\/schema\\\/person\\\/60b5372d60aaa0a5171fb6488be9aee6\"},\"potentialAction\":[{\"@type\":\"SearchAction\",\"target\":{\"@type\":\"EntryPoint\",\"urlTemplate\":\"https:\\\/\\\/minutocerord.com\\\/?s={search_term_string}\"},\"query-input\":{\"@type\":\"PropertyValueSpecification\",\"valueRequired\":true,\"valueName\":\"search_term_string\"}}],\"inLanguage\":\"es-DO\"},{\"@type\":[\"Person\",\"Organization\"],\"@id\":\"https:\\\/\\\/minutocerord.com\\\/#\\\/schema\\\/person\\\/60b5372d60aaa0a5171fb6488be9aee6\",\"name\":\"Genof\u00f3ntes Urb\u00e1ez\",\"image\":{\"@type\":\"ImageObject\",\"inLanguage\":\"es-DO\",\"@id\":\"https:\\\/\\\/secure.gravatar.com\\\/avatar\\\/a49ef3186a692098ac3e8a1612261e3ad70cf9e44553dff2929e67939a0ecb9d?s=96&d=identicon&r=g\",\"url\":\"https:\\\/\\\/secure.gravatar.com\\\/avatar\\\/a49ef3186a692098ac3e8a1612261e3ad70cf9e44553dff2929e67939a0ecb9d?s=96&d=identicon&r=g\",\"contentUrl\":\"https:\\\/\\\/secure.gravatar.com\\\/avatar\\\/a49ef3186a692098ac3e8a1612261e3ad70cf9e44553dff2929e67939a0ecb9d?s=96&d=identicon&r=g\",\"caption\":\"Genof\u00f3ntes Urb\u00e1ez\"},\"logo\":{\"@id\":\"https:\\\/\\\/secure.gravatar.com\\\/avatar\\\/a49ef3186a692098ac3e8a1612261e3ad70cf9e44553dff2929e67939a0ecb9d?s=96&d=identicon&r=g\"},\"description\":\"Periodista \\\/ Locutor\",\"sameAs\":[\"https:\\\/\\\/www.facebook.com\\\/Genofnotes\",\"https:\\\/\\\/www.instagram.com\\\/genofnotes\\\/\"]}]}<\/script>\n<!-- \/ Yoast SEO plugin. -->","yoast_head_json":{"title":"Notifican baja 594 en contagios de COVID-19 y 6 defunciones - Minuto Cero RD","robots":{"index":"index","follow":"follow","max-snippet":"max-snippet:-1","max-image-preview":"max-image-preview:large","max-video-preview":"max-video-preview:-1"},"canonical":"http:\/\/minutocerord.com\/?p=7522","og_locale":"es_ES","og_type":"article","og_title":"Notifican baja 594 en contagios de COVID-19 y 6 defunciones - Minuto Cero RD","og_description":"SANTO DOMINGO.-\u00a0El Ministerio de Salud de la Rep\u00fablica Dominicana notific\u00f3 este viernes una nueva baja en la cifra de contagios por COVID.\u00a0\u00a0 Indic\u00f3 que en las \u00faltimas 24 horas fueron registrados 5,769\u00a0 nuevos contagios, 594\u00a0 menos que los 6,363 registrados en la v\u00edspera y\u00a0 se\u00f1al\u00f3 que hubo 6 defunciones, una de ella se produjo en [&hellip;]","og_url":"http:\/\/minutocerord.com\/?p=7522","og_site_name":"Minuto Cero RD","article_publisher":"https:\/\/www.facebook.com\/Genofnotes","article_author":"https:\/\/www.facebook.com\/Genofnotes","article_published_time":"2022-01-22T16:55:57+00:00","article_modified_time":"2022-01-22T16:56:00+00:00","og_image":[{"width":680,"height":395,"url":"https:\/\/i0.wp.com\/minutocerord.com\/wp-content\/uploads\/2022\/01\/202110280339231.png?fit=680%2C395","type":"image\/png"}],"author":"Genof\u00f3ntes Urb\u00e1ez","twitter_card":"summary_large_image","twitter_misc":{"Written by":"Genof\u00f3ntes Urb\u00e1ez","Est. reading time":"2 minutos"},"schema":{"@context":"https:\/\/schema.org","@graph":[{"@type":"Article","@id":"http:\/\/minutocerord.com\/?p=7522#article","isPartOf":{"@id":"http:\/\/minutocerord.com\/?p=7522"},"author":{"name":"Genof\u00f3ntes Urb\u00e1ez","@id":"https:\/\/minutocerord.com\/#\/schema\/person\/60b5372d60aaa0a5171fb6488be9aee6"},"headline":"Notifican baja 594 en contagios de COVID-19 y 6 defunciones","datePublished":"2022-01-22T16:55:57+00:00","dateModified":"2022-01-22T16:56:00+00:00","mainEntityOfPage":{"@id":"http:\/\/minutocerord.com\/?p=7522"},"wordCount":336,"commentCount":0,"publisher":{"@id":"https:\/\/minutocerord.com\/#\/schema\/person\/60b5372d60aaa0a5171fb6488be9aee6"},"image":{"@id":"http:\/\/minutocerord.com\/?p=7522#primaryimage"},"thumbnailUrl":"https:\/\/i0.wp.com\/minutocerord.com\/wp-content\/uploads\/2022\/01\/202110280339231.png?fit=680%2C395&ssl=1","articleSection":["Salud"],"inLanguage":"es-DO","potentialAction":[{"@type":"CommentAction","name":"Comment","target":["http:\/\/minutocerord.com\/?p=7522#respond"]}]},{"@type":"WebPage","@id":"http:\/\/minutocerord.com\/?p=7522","url":"http:\/\/minutocerord.com\/?p=7522","name":"Notifican baja 594 en contagios de COVID-19 y 6 defunciones - Minuto Cero RD","isPartOf":{"@id":"https:\/\/minutocerord.com\/#website"},"primaryImageOfPage":{"@id":"http:\/\/minutocerord.com\/?p=7522#primaryimage"},"image":{"@id":"http:\/\/minutocerord.com\/?p=7522#primaryimage"},"thumbnailUrl":"https:\/\/i0.wp.com\/minutocerord.com\/wp-content\/uploads\/2022\/01\/202110280339231.png?fit=680%2C395&ssl=1","datePublished":"2022-01-22T16:55:57+00:00","dateModified":"2022-01-22T16:56:00+00:00","breadcrumb":{"@id":"http:\/\/minutocerord.com\/?p=7522#breadcrumb"},"inLanguage":"es-DO","potentialAction":[{"@type":"ReadAction","target":["http:\/\/minutocerord.com\/?p=7522"]}]},{"@type":"ImageObject","inLanguage":"es-DO","@id":"http:\/\/minutocerord.com\/?p=7522#primaryimage","url":"https:\/\/i0.wp.com\/minutocerord.com\/wp-content\/uploads\/2022\/01\/202110280339231.png?fit=680%2C395&ssl=1","contentUrl":"https:\/\/i0.wp.com\/minutocerord.com\/wp-content\/uploads\/2022\/01\/202110280339231.png?fit=680%2C395&ssl=1","width":680,"height":395},{"@type":"BreadcrumbList","@id":"http:\/\/minutocerord.com\/?p=7522#breadcrumb","itemListElement":[{"@type":"ListItem","position":1,"name":"Home","item":"https:\/\/minutocerord.com\/"},{"@type":"ListItem","position":2,"name":"Notifican baja 594 en contagios de COVID-19 y 6 defunciones"}]},{"@type":"WebSite","@id":"https:\/\/minutocerord.com\/#website","url":"https:\/\/minutocerord.com\/","name":"Minuto Cero RD","description":"Periodismo serio y veraz","publisher":{"@id":"https:\/\/minutocerord.com\/#\/schema\/person\/60b5372d60aaa0a5171fb6488be9aee6"},"potentialAction":[{"@type":"SearchAction","target":{"@type":"EntryPoint","urlTemplate":"https:\/\/minutocerord.com\/?s={search_term_string}"},"query-input":{"@type":"PropertyValueSpecification","valueRequired":true,"valueName":"search_term_string"}}],"inLanguage":"es-DO"},{"@type":["Person","Organization"],"@id":"https:\/\/minutocerord.com\/#\/schema\/person\/60b5372d60aaa0a5171fb6488be9aee6","name":"Genof\u00f3ntes Urb\u00e1ez","image":{"@type":"ImageObject","inLanguage":"es-DO","@id":"https:\/\/secure.gravatar.com\/avatar\/a49ef3186a692098ac3e8a1612261e3ad70cf9e44553dff2929e67939a0ecb9d?s=96&d=identicon&r=g","url":"https:\/\/secure.gravatar.com\/avatar\/a49ef3186a692098ac3e8a1612261e3ad70cf9e44553dff2929e67939a0ecb9d?s=96&d=identicon&r=g","contentUrl":"https:\/\/secure.gravatar.com\/avatar\/a49ef3186a692098ac3e8a1612261e3ad70cf9e44553dff2929e67939a0ecb9d?s=96&d=identicon&r=g","caption":"Genof\u00f3ntes Urb\u00e1ez"},"logo":{"@id":"https:\/\/secure.gravatar.com\/avatar\/a49ef3186a692098ac3e8a1612261e3ad70cf9e44553dff2929e67939a0ecb9d?s=96&d=identicon&r=g"},"description":"Periodista \/ Locutor","sameAs":["https:\/\/www.facebook.com\/Genofnotes","https:\/\/www.instagram.com\/genofnotes\/"]}]}},"jetpack_publicize_connections":[],"jetpack_featured_media_url":"https:\/\/i0.wp.com\/minutocerord.com\/wp-content\/uploads\/2022\/01\/202110280339231.png?fit=680%2C395&ssl=1","jetpack-related-posts":[],"jetpack_sharing_enabled":true,"_links":{"self":[{"href":"https:\/\/minutocerord.com\/index.php?rest_route=\/wp\/v2\/posts\/7522","targetHints":{"allow":["GET"]}}],"collection":[{"href":"https:\/\/minutocerord.com\/index.php?rest_route=\/wp\/v2\/posts"}],"about":[{"href":"https:\/\/minutocerord.com\/index.php?rest_route=\/wp\/v2\/types\/post"}],"author":[{"embeddable":true,"href":"https:\/\/minutocerord.com\/index.php?rest_route=\/wp\/v2\/users\/1"}],"replies":[{"embeddable":true,"href":"https:\/\/minutocerord.com\/index.php?rest_route=%2Fwp%2Fv2%2Fcomments&post=7522"}],"version-history":[{"count":1,"href":"https:\/\/minutocerord.com\/index.php?rest_route=\/wp\/v2\/posts\/7522\/revisions"}],"predecessor-version":[{"id":7524,"href":"https:\/\/minutocerord.com\/index.php?rest_route=\/wp\/v2\/posts\/7522\/revisions\/7524"}],"wp:featuredmedia":[{"embeddable":true,"href":"https:\/\/minutocerord.com\/index.php?rest_route=\/wp\/v2\/media\/7523"}],"wp:attachment":[{"href":"https:\/\/minutocerord.com\/index.php?rest_route=%2Fwp%2Fv2%2Fmedia&parent=7522"}],"wp:term":[{"taxonomy":"category","embeddable":true,"href":"https:\/\/minutocerord.com\/index.php?rest_route=%2Fwp%2Fv2%2Fcategories&post=7522"},{"taxonomy":"post_tag","embeddable":true,"href":"https:\/\/minutocerord.com\/index.php?rest_route=%2Fwp%2Fv2%2Ftags&post=7522"}],"curies":[{"name":"wp","href":"https:\/\/api.w.org\/{rel}","templated":true}]}}