{"id":7531,"date":"2022-01-22T13:32:11","date_gmt":"2022-01-22T17:32:11","guid":{"rendered":"https:\/\/minutocerord.com\/?p=7531"},"modified":"2022-01-22T13:32:15","modified_gmt":"2022-01-22T17:32:15","slug":"santiago-adolescente-que-jugaba-a-ser-artista-muere-al-caer-sobre-un-casco-de-botella-que-llevaba-en-la-mano","status":"publish","type":"post","link":"https:\/\/minutocerord.com\/?p=7531","title":{"rendered":"Santiago: Adolescente que jugaba a ser artista muere al caer sobre un casco de botella que llevaba en la mano"},"content":{"rendered":"\n<p><strong>Santiago R.D<\/strong>.- Un adolescente muri\u00f3 de manera accidental, por una herida cortante en el cuello, ocasionada \u00a0con un casco de botella que llevaba en su mano, mientras jugaba corriendo con unos amigos, la noche del viernes, \u00a0en el sector Ensanche Mella I, en el distrito municipal Santiago Oeste.<\/p>\n\n\n\n<p>El hecho donde perdi\u00f3 la vida&nbsp;<strong>Anderson de Jes\u00fas Mart\u00ednez Tejada,<\/strong>&nbsp;fue confirmado por la Polic\u00eda Nacional, as\u00ed como miembro del Ministerio P\u00fablico,tras el levantamiento de las c\u00e1maras de seguridad que estaban en el entorno donde ocurri\u00f3 el hecho.<\/p>\n\n\n\n<p><strong>El adolescente viv\u00eda junto a su padre Andr\u00e9s Mart\u00ednez, de 39 a\u00f1os de edad.<\/strong><\/p>\n\n\n\n<p>&nbsp;Seg\u00fan las familiares de la v\u00edctima, el menor jugaba con otros dos adolescentes de 13 y 15 a\u00f1os, quienes les informaron a los investigadores policiales que jugaban a ser artistas. Indicaron que Anderson rompi\u00f3 con la pared una botella de cerveza, tropez\u00f3 con una cadena de metal que estaba en la acera y cay\u00f3 al pavimento, produci\u00e9ndose accidentalmente la herida mortal que presenta.<\/p>\n\n\n\n<p>Escena de dolor se viven en la calle 39 del Ensanche Mella I , donde son velados los restos de Anderson, los cuales ser\u00e1n sepultados en el cementerio del Ingenio.<\/p>\n","protected":false},"excerpt":{"rendered":"<p>Santiago R.D.- Un adolescente muri\u00f3 de manera accidental, por una herida cortante en el cuello, ocasionada \u00a0con un casco de botella que llevaba en su mano, mientras jugaba corriendo con unos amigos, la noche del viernes, \u00a0en el sector Ensanche Mella I, en el distrito municipal Santiago Oeste. El hecho donde perdi\u00f3 la vida&nbsp;Anderson de [&hellip;]<\/p>\n","protected":false},"author":1,"featured_media":7532,"comment_status":"open","ping_status":"open","sticky":false,"template":"","format":"standard","meta":{"nf_dc_page":"","jetpack_post_was_ever_published":false,"_jetpack_newsletter_access":"","_jetpack_dont_email_post_to_subs":false,"_jetpack_newsletter_tier_id":0,"_jetpack_memberships_contains_paywalled_content":false,"_jetpack_memberships_contains_paid_content":false,"footnotes":"","jetpack_publicize_message":"","jetpack_publicize_feature_enabled":true,"jetpack_social_post_already_shared":false,"jetpack_social_options":{"image_generator_settings":{"template":"highway","default_image_id":0,"font":"","enabled":false},"version":2}},"categories":[91],"tags":[],"class_list":["post-7531","post","type-post","status-publish","format-standard","has-post-thumbnail","hentry","category-provincia"],"yoast_head":"<!-- This site is optimized with the Yoast SEO plugin v27.4 - https:\/\/yoast.com\/product\/yoast-seo-wordpress\/ -->\n<title>Santiago: Adolescente que jugaba a ser artista muere al caer sobre un casco de botella que llevaba en la mano - Minuto Cero RD<\/title>\n<meta name=\"robots\" content=\"index, follow, max-snippet:-1, max-image-preview:large, max-video-preview:-1\" \/>\n<link rel=\"canonical\" href=\"http:\/\/minutocerord.com\/?p=7531\" \/>\n<meta property=\"og:locale\" content=\"es_ES\" \/>\n<meta property=\"og:type\" content=\"article\" \/>\n<meta property=\"og:title\" content=\"Santiago: Adolescente que jugaba a ser artista muere al caer sobre un casco de botella que llevaba en la mano - Minuto Cero RD\" \/>\n<meta property=\"og:description\" content=\"Santiago R.D.- Un adolescente muri\u00f3 de manera accidental, por una herida cortante en el cuello, ocasionada \u00a0con un casco de botella que llevaba en su mano, mientras jugaba corriendo con unos amigos, la noche del viernes, \u00a0en el sector Ensanche Mella I, en el distrito municipal Santiago Oeste. El hecho donde perdi\u00f3 la vida&nbsp;Anderson de [&hellip;]\" \/>\n<meta property=\"og:url\" content=\"http:\/\/minutocerord.com\/?p=7531\" \/>\n<meta property=\"og:site_name\" content=\"Minuto Cero RD\" \/>\n<meta property=\"article:publisher\" content=\"https:\/\/www.facebook.com\/Genofnotes\" \/>\n<meta property=\"article:author\" content=\"https:\/\/www.facebook.com\/Genofnotes\" \/>\n<meta property=\"article:published_time\" content=\"2022-01-22T17:32:11+00:00\" \/>\n<meta property=\"article:modified_time\" content=\"2022-01-22T17:32:15+00:00\" \/>\n<meta property=\"og:image\" content=\"https:\/\/i0.wp.com\/minutocerord.com\/wp-content\/uploads\/2022\/01\/santiago-adolescente-que-jugaba-a-ser-artista-muere-al-caer-sobre-un-casco-de-botella-que-llevaba-en-la-mano.jpeg?fit=680%2C382\" \/>\n\t<meta property=\"og:image:width\" content=\"680\" \/>\n\t<meta property=\"og:image:height\" content=\"382\" \/>\n\t<meta property=\"og:image:type\" content=\"image\/jpeg\" \/>\n<meta name=\"author\" content=\"Genof\u00f3ntes Urb\u00e1ez\" \/>\n<meta name=\"twitter:card\" content=\"summary_large_image\" \/>\n<meta name=\"twitter:label1\" content=\"Written by\" \/>\n\t<meta name=\"twitter:data1\" content=\"Genof\u00f3ntes Urb\u00e1ez\" \/>\n\t<meta name=\"twitter:label2\" content=\"Est. reading time\" \/>\n\t<meta name=\"twitter:data2\" content=\"1 minuto\" \/>\n<script type=\"application\/ld+json\" class=\"yoast-schema-graph\">{\"@context\":\"https:\\\/\\\/schema.org\",\"@graph\":[{\"@type\":\"Article\",\"@id\":\"http:\\\/\\\/minutocerord.com\\\/?p=7531#article\",\"isPartOf\":{\"@id\":\"http:\\\/\\\/minutocerord.com\\\/?p=7531\"},\"author\":{\"name\":\"Genof\u00f3ntes Urb\u00e1ez\",\"@id\":\"https:\\\/\\\/minutocerord.com\\\/#\\\/schema\\\/person\\\/60b5372d60aaa0a5171fb6488be9aee6\"},\"headline\":\"Santiago: Adolescente que jugaba a ser artista muere al caer sobre un casco de botella que llevaba en la mano\",\"datePublished\":\"2022-01-22T17:32:11+00:00\",\"dateModified\":\"2022-01-22T17:32:15+00:00\",\"mainEntityOfPage\":{\"@id\":\"http:\\\/\\\/minutocerord.com\\\/?p=7531\"},\"wordCount\":229,\"commentCount\":0,\"publisher\":{\"@id\":\"https:\\\/\\\/minutocerord.com\\\/#\\\/schema\\\/person\\\/60b5372d60aaa0a5171fb6488be9aee6\"},\"image\":{\"@id\":\"http:\\\/\\\/minutocerord.com\\\/?p=7531#primaryimage\"},\"thumbnailUrl\":\"https:\\\/\\\/i0.wp.com\\\/minutocerord.com\\\/wp-content\\\/uploads\\\/2022\\\/01\\\/santiago-adolescente-que-jugaba-a-ser-artista-muere-al-caer-sobre-un-casco-de-botella-que-llevaba-en-la-mano.jpeg?fit=680%2C382&ssl=1\",\"articleSection\":[\"Provincia\"],\"inLanguage\":\"es-DO\",\"potentialAction\":[{\"@type\":\"CommentAction\",\"name\":\"Comment\",\"target\":[\"http:\\\/\\\/minutocerord.com\\\/?p=7531#respond\"]}]},{\"@type\":\"WebPage\",\"@id\":\"http:\\\/\\\/minutocerord.com\\\/?p=7531\",\"url\":\"http:\\\/\\\/minutocerord.com\\\/?p=7531\",\"name\":\"Santiago: Adolescente que jugaba a ser artista muere al caer sobre un casco de botella que llevaba en la mano - Minuto Cero RD\",\"isPartOf\":{\"@id\":\"https:\\\/\\\/minutocerord.com\\\/#website\"},\"primaryImageOfPage\":{\"@id\":\"http:\\\/\\\/minutocerord.com\\\/?p=7531#primaryimage\"},\"image\":{\"@id\":\"http:\\\/\\\/minutocerord.com\\\/?p=7531#primaryimage\"},\"thumbnailUrl\":\"https:\\\/\\\/i0.wp.com\\\/minutocerord.com\\\/wp-content\\\/uploads\\\/2022\\\/01\\\/santiago-adolescente-que-jugaba-a-ser-artista-muere-al-caer-sobre-un-casco-de-botella-que-llevaba-en-la-mano.jpeg?fit=680%2C382&ssl=1\",\"datePublished\":\"2022-01-22T17:32:11+00:00\",\"dateModified\":\"2022-01-22T17:32:15+00:00\",\"breadcrumb\":{\"@id\":\"http:\\\/\\\/minutocerord.com\\\/?p=7531#breadcrumb\"},\"inLanguage\":\"es-DO\",\"potentialAction\":[{\"@type\":\"ReadAction\",\"target\":[\"http:\\\/\\\/minutocerord.com\\\/?p=7531\"]}]},{\"@type\":\"ImageObject\",\"inLanguage\":\"es-DO\",\"@id\":\"http:\\\/\\\/minutocerord.com\\\/?p=7531#primaryimage\",\"url\":\"https:\\\/\\\/i0.wp.com\\\/minutocerord.com\\\/wp-content\\\/uploads\\\/2022\\\/01\\\/santiago-adolescente-que-jugaba-a-ser-artista-muere-al-caer-sobre-un-casco-de-botella-que-llevaba-en-la-mano.jpeg?fit=680%2C382&ssl=1\",\"contentUrl\":\"https:\\\/\\\/i0.wp.com\\\/minutocerord.com\\\/wp-content\\\/uploads\\\/2022\\\/01\\\/santiago-adolescente-que-jugaba-a-ser-artista-muere-al-caer-sobre-un-casco-de-botella-que-llevaba-en-la-mano.jpeg?fit=680%2C382&ssl=1\",\"width\":680,\"height\":382},{\"@type\":\"BreadcrumbList\",\"@id\":\"http:\\\/\\\/minutocerord.com\\\/?p=7531#breadcrumb\",\"itemListElement\":[{\"@type\":\"ListItem\",\"position\":1,\"name\":\"Home\",\"item\":\"https:\\\/\\\/minutocerord.com\\\/\"},{\"@type\":\"ListItem\",\"position\":2,\"name\":\"Santiago: Adolescente que jugaba a ser artista muere al caer sobre un casco de botella que llevaba en la mano\"}]},{\"@type\":\"WebSite\",\"@id\":\"https:\\\/\\\/minutocerord.com\\\/#website\",\"url\":\"https:\\\/\\\/minutocerord.com\\\/\",\"name\":\"Minuto Cero RD\",\"description\":\"Periodismo serio y veraz\",\"publisher\":{\"@id\":\"https:\\\/\\\/minutocerord.com\\\/#\\\/schema\\\/person\\\/60b5372d60aaa0a5171fb6488be9aee6\"},\"potentialAction\":[{\"@type\":\"SearchAction\",\"target\":{\"@type\":\"EntryPoint\",\"urlTemplate\":\"https:\\\/\\\/minutocerord.com\\\/?s={search_term_string}\"},\"query-input\":{\"@type\":\"PropertyValueSpecification\",\"valueRequired\":true,\"valueName\":\"search_term_string\"}}],\"inLanguage\":\"es-DO\"},{\"@type\":[\"Person\",\"Organization\"],\"@id\":\"https:\\\/\\\/minutocerord.com\\\/#\\\/schema\\\/person\\\/60b5372d60aaa0a5171fb6488be9aee6\",\"name\":\"Genof\u00f3ntes Urb\u00e1ez\",\"image\":{\"@type\":\"ImageObject\",\"inLanguage\":\"es-DO\",\"@id\":\"https:\\\/\\\/secure.gravatar.com\\\/avatar\\\/a49ef3186a692098ac3e8a1612261e3ad70cf9e44553dff2929e67939a0ecb9d?s=96&d=identicon&r=g\",\"url\":\"https:\\\/\\\/secure.gravatar.com\\\/avatar\\\/a49ef3186a692098ac3e8a1612261e3ad70cf9e44553dff2929e67939a0ecb9d?s=96&d=identicon&r=g\",\"contentUrl\":\"https:\\\/\\\/secure.gravatar.com\\\/avatar\\\/a49ef3186a692098ac3e8a1612261e3ad70cf9e44553dff2929e67939a0ecb9d?s=96&d=identicon&r=g\",\"caption\":\"Genof\u00f3ntes Urb\u00e1ez\"},\"logo\":{\"@id\":\"https:\\\/\\\/secure.gravatar.com\\\/avatar\\\/a49ef3186a692098ac3e8a1612261e3ad70cf9e44553dff2929e67939a0ecb9d?s=96&d=identicon&r=g\"},\"description\":\"Periodista \\\/ Locutor\",\"sameAs\":[\"https:\\\/\\\/www.facebook.com\\\/Genofnotes\",\"https:\\\/\\\/www.instagram.com\\\/genofnotes\\\/\"]}]}<\/script>\n<!-- \/ Yoast SEO plugin. -->","yoast_head_json":{"title":"Santiago: Adolescente que jugaba a ser artista muere al caer sobre un casco de botella que llevaba en la mano - Minuto Cero RD","robots":{"index":"index","follow":"follow","max-snippet":"max-snippet:-1","max-image-preview":"max-image-preview:large","max-video-preview":"max-video-preview:-1"},"canonical":"http:\/\/minutocerord.com\/?p=7531","og_locale":"es_ES","og_type":"article","og_title":"Santiago: Adolescente que jugaba a ser artista muere al caer sobre un casco de botella que llevaba en la mano - Minuto Cero RD","og_description":"Santiago R.D.- Un adolescente muri\u00f3 de manera accidental, por una herida cortante en el cuello, ocasionada \u00a0con un casco de botella que llevaba en su mano, mientras jugaba corriendo con unos amigos, la noche del viernes, \u00a0en el sector Ensanche Mella I, en el distrito municipal Santiago Oeste. El hecho donde perdi\u00f3 la vida&nbsp;Anderson de [&hellip;]","og_url":"http:\/\/minutocerord.com\/?p=7531","og_site_name":"Minuto Cero RD","article_publisher":"https:\/\/www.facebook.com\/Genofnotes","article_author":"https:\/\/www.facebook.com\/Genofnotes","article_published_time":"2022-01-22T17:32:11+00:00","article_modified_time":"2022-01-22T17:32:15+00:00","og_image":[{"width":680,"height":382,"url":"https:\/\/i0.wp.com\/minutocerord.com\/wp-content\/uploads\/2022\/01\/santiago-adolescente-que-jugaba-a-ser-artista-muere-al-caer-sobre-un-casco-de-botella-que-llevaba-en-la-mano.jpeg?fit=680%2C382","type":"image\/jpeg"}],"author":"Genof\u00f3ntes Urb\u00e1ez","twitter_card":"summary_large_image","twitter_misc":{"Written by":"Genof\u00f3ntes Urb\u00e1ez","Est. reading time":"1 minuto"},"schema":{"@context":"https:\/\/schema.org","@graph":[{"@type":"Article","@id":"http:\/\/minutocerord.com\/?p=7531#article","isPartOf":{"@id":"http:\/\/minutocerord.com\/?p=7531"},"author":{"name":"Genof\u00f3ntes Urb\u00e1ez","@id":"https:\/\/minutocerord.com\/#\/schema\/person\/60b5372d60aaa0a5171fb6488be9aee6"},"headline":"Santiago: Adolescente que jugaba a ser artista muere al caer sobre un casco de botella que llevaba en la mano","datePublished":"2022-01-22T17:32:11+00:00","dateModified":"2022-01-22T17:32:15+00:00","mainEntityOfPage":{"@id":"http:\/\/minutocerord.com\/?p=7531"},"wordCount":229,"commentCount":0,"publisher":{"@id":"https:\/\/minutocerord.com\/#\/schema\/person\/60b5372d60aaa0a5171fb6488be9aee6"},"image":{"@id":"http:\/\/minutocerord.com\/?p=7531#primaryimage"},"thumbnailUrl":"https:\/\/i0.wp.com\/minutocerord.com\/wp-content\/uploads\/2022\/01\/santiago-adolescente-que-jugaba-a-ser-artista-muere-al-caer-sobre-un-casco-de-botella-que-llevaba-en-la-mano.jpeg?fit=680%2C382&ssl=1","articleSection":["Provincia"],"inLanguage":"es-DO","potentialAction":[{"@type":"CommentAction","name":"Comment","target":["http:\/\/minutocerord.com\/?p=7531#respond"]}]},{"@type":"WebPage","@id":"http:\/\/minutocerord.com\/?p=7531","url":"http:\/\/minutocerord.com\/?p=7531","name":"Santiago: Adolescente que jugaba a ser artista muere al caer sobre un casco de botella que llevaba en la mano - Minuto Cero RD","isPartOf":{"@id":"https:\/\/minutocerord.com\/#website"},"primaryImageOfPage":{"@id":"http:\/\/minutocerord.com\/?p=7531#primaryimage"},"image":{"@id":"http:\/\/minutocerord.com\/?p=7531#primaryimage"},"thumbnailUrl":"https:\/\/i0.wp.com\/minutocerord.com\/wp-content\/uploads\/2022\/01\/santiago-adolescente-que-jugaba-a-ser-artista-muere-al-caer-sobre-un-casco-de-botella-que-llevaba-en-la-mano.jpeg?fit=680%2C382&ssl=1","datePublished":"2022-01-22T17:32:11+00:00","dateModified":"2022-01-22T17:32:15+00:00","breadcrumb":{"@id":"http:\/\/minutocerord.com\/?p=7531#breadcrumb"},"inLanguage":"es-DO","potentialAction":[{"@type":"ReadAction","target":["http:\/\/minutocerord.com\/?p=7531"]}]},{"@type":"ImageObject","inLanguage":"es-DO","@id":"http:\/\/minutocerord.com\/?p=7531#primaryimage","url":"https:\/\/i0.wp.com\/minutocerord.com\/wp-content\/uploads\/2022\/01\/santiago-adolescente-que-jugaba-a-ser-artista-muere-al-caer-sobre-un-casco-de-botella-que-llevaba-en-la-mano.jpeg?fit=680%2C382&ssl=1","contentUrl":"https:\/\/i0.wp.com\/minutocerord.com\/wp-content\/uploads\/2022\/01\/santiago-adolescente-que-jugaba-a-ser-artista-muere-al-caer-sobre-un-casco-de-botella-que-llevaba-en-la-mano.jpeg?fit=680%2C382&ssl=1","width":680,"height":382},{"@type":"BreadcrumbList","@id":"http:\/\/minutocerord.com\/?p=7531#breadcrumb","itemListElement":[{"@type":"ListItem","position":1,"name":"Home","item":"https:\/\/minutocerord.com\/"},{"@type":"ListItem","position":2,"name":"Santiago: Adolescente que jugaba a ser artista muere al caer sobre un casco de botella que llevaba en la mano"}]},{"@type":"WebSite","@id":"https:\/\/minutocerord.com\/#website","url":"https:\/\/minutocerord.com\/","name":"Minuto Cero RD","description":"Periodismo serio y veraz","publisher":{"@id":"https:\/\/minutocerord.com\/#\/schema\/person\/60b5372d60aaa0a5171fb6488be9aee6"},"potentialAction":[{"@type":"SearchAction","target":{"@type":"EntryPoint","urlTemplate":"https:\/\/minutocerord.com\/?s={search_term_string}"},"query-input":{"@type":"PropertyValueSpecification","valueRequired":true,"valueName":"search_term_string"}}],"inLanguage":"es-DO"},{"@type":["Person","Organization"],"@id":"https:\/\/minutocerord.com\/#\/schema\/person\/60b5372d60aaa0a5171fb6488be9aee6","name":"Genof\u00f3ntes Urb\u00e1ez","image":{"@type":"ImageObject","inLanguage":"es-DO","@id":"https:\/\/secure.gravatar.com\/avatar\/a49ef3186a692098ac3e8a1612261e3ad70cf9e44553dff2929e67939a0ecb9d?s=96&d=identicon&r=g","url":"https:\/\/secure.gravatar.com\/avatar\/a49ef3186a692098ac3e8a1612261e3ad70cf9e44553dff2929e67939a0ecb9d?s=96&d=identicon&r=g","contentUrl":"https:\/\/secure.gravatar.com\/avatar\/a49ef3186a692098ac3e8a1612261e3ad70cf9e44553dff2929e67939a0ecb9d?s=96&d=identicon&r=g","caption":"Genof\u00f3ntes Urb\u00e1ez"},"logo":{"@id":"https:\/\/secure.gravatar.com\/avatar\/a49ef3186a692098ac3e8a1612261e3ad70cf9e44553dff2929e67939a0ecb9d?s=96&d=identicon&r=g"},"description":"Periodista \/ Locutor","sameAs":["https:\/\/www.facebook.com\/Genofnotes","https:\/\/www.instagram.com\/genofnotes\/"]}]}},"jetpack_publicize_connections":[],"jetpack_featured_media_url":"https:\/\/i0.wp.com\/minutocerord.com\/wp-content\/uploads\/2022\/01\/santiago-adolescente-que-jugaba-a-ser-artista-muere-al-caer-sobre-un-casco-de-botella-que-llevaba-en-la-mano.jpeg?fit=680%2C382&ssl=1","jetpack-related-posts":[],"jetpack_sharing_enabled":true,"_links":{"self":[{"href":"https:\/\/minutocerord.com\/index.php?rest_route=\/wp\/v2\/posts\/7531","targetHints":{"allow":["GET"]}}],"collection":[{"href":"https:\/\/minutocerord.com\/index.php?rest_route=\/wp\/v2\/posts"}],"about":[{"href":"https:\/\/minutocerord.com\/index.php?rest_route=\/wp\/v2\/types\/post"}],"author":[{"embeddable":true,"href":"https:\/\/minutocerord.com\/index.php?rest_route=\/wp\/v2\/users\/1"}],"replies":[{"embeddable":true,"href":"https:\/\/minutocerord.com\/index.php?rest_route=%2Fwp%2Fv2%2Fcomments&post=7531"}],"version-history":[{"count":1,"href":"https:\/\/minutocerord.com\/index.php?rest_route=\/wp\/v2\/posts\/7531\/revisions"}],"predecessor-version":[{"id":7533,"href":"https:\/\/minutocerord.com\/index.php?rest_route=\/wp\/v2\/posts\/7531\/revisions\/7533"}],"wp:featuredmedia":[{"embeddable":true,"href":"https:\/\/minutocerord.com\/index.php?rest_route=\/wp\/v2\/media\/7532"}],"wp:attachment":[{"href":"https:\/\/minutocerord.com\/index.php?rest_route=%2Fwp%2Fv2%2Fmedia&parent=7531"}],"wp:term":[{"taxonomy":"category","embeddable":true,"href":"https:\/\/minutocerord.com\/index.php?rest_route=%2Fwp%2Fv2%2Fcategories&post=7531"},{"taxonomy":"post_tag","embeddable":true,"href":"https:\/\/minutocerord.com\/index.php?rest_route=%2Fwp%2Fv2%2Ftags&post=7531"}],"curies":[{"name":"wp","href":"https:\/\/api.w.org\/{rel}","templated":true}]}}