{"id":7534,"date":"2022-01-23T00:05:06","date_gmt":"2022-01-23T04:05:06","guid":{"rendered":"https:\/\/minutocerord.com\/?p=7534"},"modified":"2022-01-23T00:05:10","modified_gmt":"2022-01-23T04:05:10","slug":"muere-monsenor-agripino-nunez-collado-en-la-ciudad-de-santiago","status":"publish","type":"post","link":"https:\/\/minutocerord.com\/?p=7534","title":{"rendered":"Muere Monse\u00f1or Agripino N\u00fa\u00f1ez Collado en la ciudad de Santiago"},"content":{"rendered":"\n<p><strong>SANTIAGO DE LOS CABALLEROS.<\/strong>&#8211; Falleci\u00f3 este s\u00e1bado aqu\u00ed monse\u00f1or Agripino N\u00fa\u00f1ez Collado, reportaron este s\u00e1bado en la noche medios de prensa<\/p>\n\n\n\n<p>Su deceso se produjo en el Hospital Metropolitano de Santiago donde estaba internado desde hace alg\u00fan tiempo aquejado de distintos problemas de salud que se complicaron por la COVID-19. No se dijo de inmediato d\u00f3nde ni cuando se le har\u00edan honras honras f\u00fanebres. Ten\u00eda 88 a\u00f1os&nbsp;de edad.<\/p>\n\n\n\n<p><strong>UNA DE LAS FIGURAS MAS INFLUYENTES<\/strong><\/p>\n\n\n\n<p>N\u00fa\u00f1ez Collado era una de las figuras m\u00e1s influyentes de la Iglesia Cat\u00f3lica, que&nbsp;se desempe\u00f1\u00f3 como rector de la Pontificia Universidad Cat\u00f3lica Madre y Maestra ((PUCMM) entre 1970 y 2014.<\/p>\n\n\n\n<p>Hasta agosto de 2020 estuvo al frente del Consejo Econ\u00f3mico y Social (CES) cuando fue sustituido por Rafael Toribio y designado asesor honor\u00edfico del Poder Ejecutivo.Estudi\u00f3 Filosof\u00eda en Universidad Aut\u00f3noma de Santo Domingo, Teolog\u00eda y Derecho Can\u00f3nico en la Pontificia Universidad de Salamanca, en Espa\u00f1a, y Administraci\u00f3n en la Universidad de Puerto Rico. N\u00fa\u00f1ez Collado recibi\u00f3 varios reconocimientos nacionales e internacionales por su labor en el campo de la educaci\u00f3n y en la mediaci\u00f3n pol\u00edtica.<strong>PRESIDENTE ABINADER LAMENTA DECESO<\/strong><\/p>\n\n\n\n<p>El presidente de la Rep\u00fablica,&nbsp;Luis Abinader, lament\u00f3 el deceso de&nbsp;N\u00fa\u00f1ez Collado y ofreci\u00f3 su m\u00e1s sentido p\u00e9same a sus familiares\u00bb.\u00abLamento mucho el fallecimiento de&nbsp;<a href=\"https:\/\/cdn.com.do\/nacionales\/a-sus-88-anos-monsenor-agripino-nunez-collado-continua-su-labor-de-mediacion\/\">Monse\u00f1or Agripino Nu\u00f1ez Collado<\/a>. Fund\u00f3 la PUCMM y siempre trabaj\u00f3 por la b\u00fasqueda del consenso y la paz entre los diversos sectores sociales. Paz a su alma y mi m\u00e1s sentido p\u00e9same a sus familiares\u00bb, escribi\u00f3 el presidente Abinader en&nbsp; Twitter.<strong>PUSO A CIRCULAR MEMORIAS<\/strong><\/p>\n\n\n\n<p>El pasado 15 de enero de 2020,&nbsp;N\u00fa\u00f1ez Collado&nbsp;puso en circulaci\u00f3n el libro \u201cAhora que puedo contarlo, Memorias l\u201d, en el que&nbsp;narra su historia personal y p\u00fablica hasta 2004.<\/p>\n","protected":false},"excerpt":{"rendered":"<p>SANTIAGO DE LOS CABALLEROS.&#8211; Falleci\u00f3 este s\u00e1bado aqu\u00ed monse\u00f1or Agripino N\u00fa\u00f1ez Collado, reportaron este s\u00e1bado en la noche medios de prensa Su deceso se produjo en el Hospital Metropolitano de Santiago donde estaba internado desde hace alg\u00fan tiempo aquejado de distintos problemas de salud que se complicaron por la COVID-19. No se dijo de inmediato [&hellip;]<\/p>\n","protected":false},"author":1,"featured_media":7535,"comment_status":"open","ping_status":"open","sticky":false,"template":"","format":"standard","meta":{"nf_dc_page":"","jetpack_post_was_ever_published":false,"_jetpack_newsletter_access":"","_jetpack_dont_email_post_to_subs":false,"_jetpack_newsletter_tier_id":0,"_jetpack_memberships_contains_paywalled_content":false,"_jetpack_memberships_contains_paid_content":false,"footnotes":"","jetpack_publicize_message":"","jetpack_publicize_feature_enabled":true,"jetpack_social_post_already_shared":false,"jetpack_social_options":{"image_generator_settings":{"template":"highway","default_image_id":0,"font":"","enabled":false},"version":2}},"categories":[65],"tags":[],"class_list":["post-7534","post","type-post","status-publish","format-standard","has-post-thumbnail","hentry","category-nacionales"],"yoast_head":"<!-- This site is optimized with the Yoast SEO plugin v27.4 - https:\/\/yoast.com\/product\/yoast-seo-wordpress\/ -->\n<title>Muere Monse\u00f1or Agripino N\u00fa\u00f1ez Collado en la ciudad de Santiago - Minuto Cero RD<\/title>\n<meta name=\"robots\" content=\"index, follow, max-snippet:-1, max-image-preview:large, max-video-preview:-1\" \/>\n<link rel=\"canonical\" href=\"http:\/\/minutocerord.com\/?p=7534\" \/>\n<meta property=\"og:locale\" content=\"es_ES\" \/>\n<meta property=\"og:type\" content=\"article\" \/>\n<meta property=\"og:title\" content=\"Muere Monse\u00f1or Agripino N\u00fa\u00f1ez Collado en la ciudad de Santiago - Minuto Cero RD\" \/>\n<meta property=\"og:description\" content=\"SANTIAGO DE LOS CABALLEROS.&#8211; Falleci\u00f3 este s\u00e1bado aqu\u00ed monse\u00f1or Agripino N\u00fa\u00f1ez Collado, reportaron este s\u00e1bado en la noche medios de prensa Su deceso se produjo en el Hospital Metropolitano de Santiago donde estaba internado desde hace alg\u00fan tiempo aquejado de distintos problemas de salud que se complicaron por la COVID-19. No se dijo de inmediato [&hellip;]\" \/>\n<meta property=\"og:url\" content=\"http:\/\/minutocerord.com\/?p=7534\" \/>\n<meta property=\"og:site_name\" content=\"Minuto Cero RD\" \/>\n<meta property=\"article:publisher\" content=\"https:\/\/www.facebook.com\/Genofnotes\" \/>\n<meta property=\"article:author\" content=\"https:\/\/www.facebook.com\/Genofnotes\" \/>\n<meta property=\"article:published_time\" content=\"2022-01-23T04:05:06+00:00\" \/>\n<meta property=\"article:modified_time\" content=\"2022-01-23T04:05:10+00:00\" \/>\n<meta property=\"og:image\" content=\"https:\/\/i0.wp.com\/minutocerord.com\/wp-content\/uploads\/2022\/01\/10001306800243jpg.jpg?fit=645%2C429\" \/>\n\t<meta property=\"og:image:width\" content=\"645\" \/>\n\t<meta property=\"og:image:height\" content=\"429\" \/>\n\t<meta property=\"og:image:type\" content=\"image\/jpeg\" \/>\n<meta name=\"author\" content=\"Genof\u00f3ntes Urb\u00e1ez\" \/>\n<meta name=\"twitter:card\" content=\"summary_large_image\" \/>\n<meta name=\"twitter:label1\" content=\"Written by\" \/>\n\t<meta name=\"twitter:data1\" content=\"Genof\u00f3ntes Urb\u00e1ez\" \/>\n\t<meta name=\"twitter:label2\" content=\"Est. reading time\" \/>\n\t<meta name=\"twitter:data2\" content=\"2 minutos\" \/>\n<script type=\"application\/ld+json\" class=\"yoast-schema-graph\">{\"@context\":\"https:\\\/\\\/schema.org\",\"@graph\":[{\"@type\":\"Article\",\"@id\":\"http:\\\/\\\/minutocerord.com\\\/?p=7534#article\",\"isPartOf\":{\"@id\":\"http:\\\/\\\/minutocerord.com\\\/?p=7534\"},\"author\":{\"name\":\"Genof\u00f3ntes Urb\u00e1ez\",\"@id\":\"https:\\\/\\\/minutocerord.com\\\/#\\\/schema\\\/person\\\/60b5372d60aaa0a5171fb6488be9aee6\"},\"headline\":\"Muere Monse\u00f1or Agripino N\u00fa\u00f1ez Collado en la ciudad de Santiago\",\"datePublished\":\"2022-01-23T04:05:06+00:00\",\"dateModified\":\"2022-01-23T04:05:10+00:00\",\"mainEntityOfPage\":{\"@id\":\"http:\\\/\\\/minutocerord.com\\\/?p=7534\"},\"wordCount\":342,\"commentCount\":0,\"publisher\":{\"@id\":\"https:\\\/\\\/minutocerord.com\\\/#\\\/schema\\\/person\\\/60b5372d60aaa0a5171fb6488be9aee6\"},\"image\":{\"@id\":\"http:\\\/\\\/minutocerord.com\\\/?p=7534#primaryimage\"},\"thumbnailUrl\":\"https:\\\/\\\/i0.wp.com\\\/minutocerord.com\\\/wp-content\\\/uploads\\\/2022\\\/01\\\/10001306800243jpg.jpg?fit=645%2C429&ssl=1\",\"articleSection\":[\"Nacionales\"],\"inLanguage\":\"es-DO\",\"potentialAction\":[{\"@type\":\"CommentAction\",\"name\":\"Comment\",\"target\":[\"http:\\\/\\\/minutocerord.com\\\/?p=7534#respond\"]}]},{\"@type\":\"WebPage\",\"@id\":\"http:\\\/\\\/minutocerord.com\\\/?p=7534\",\"url\":\"http:\\\/\\\/minutocerord.com\\\/?p=7534\",\"name\":\"Muere Monse\u00f1or Agripino N\u00fa\u00f1ez Collado en la ciudad de Santiago - Minuto Cero RD\",\"isPartOf\":{\"@id\":\"https:\\\/\\\/minutocerord.com\\\/#website\"},\"primaryImageOfPage\":{\"@id\":\"http:\\\/\\\/minutocerord.com\\\/?p=7534#primaryimage\"},\"image\":{\"@id\":\"http:\\\/\\\/minutocerord.com\\\/?p=7534#primaryimage\"},\"thumbnailUrl\":\"https:\\\/\\\/i0.wp.com\\\/minutocerord.com\\\/wp-content\\\/uploads\\\/2022\\\/01\\\/10001306800243jpg.jpg?fit=645%2C429&ssl=1\",\"datePublished\":\"2022-01-23T04:05:06+00:00\",\"dateModified\":\"2022-01-23T04:05:10+00:00\",\"breadcrumb\":{\"@id\":\"http:\\\/\\\/minutocerord.com\\\/?p=7534#breadcrumb\"},\"inLanguage\":\"es-DO\",\"potentialAction\":[{\"@type\":\"ReadAction\",\"target\":[\"http:\\\/\\\/minutocerord.com\\\/?p=7534\"]}]},{\"@type\":\"ImageObject\",\"inLanguage\":\"es-DO\",\"@id\":\"http:\\\/\\\/minutocerord.com\\\/?p=7534#primaryimage\",\"url\":\"https:\\\/\\\/i0.wp.com\\\/minutocerord.com\\\/wp-content\\\/uploads\\\/2022\\\/01\\\/10001306800243jpg.jpg?fit=645%2C429&ssl=1\",\"contentUrl\":\"https:\\\/\\\/i0.wp.com\\\/minutocerord.com\\\/wp-content\\\/uploads\\\/2022\\\/01\\\/10001306800243jpg.jpg?fit=645%2C429&ssl=1\",\"width\":645,\"height\":429,\"caption\":\"Agripino N\u00fa\u00f1ez Collado, rector de la Pontificia Universidad Cat\u00f3lica Madre y Maestra Ciudad: Santo Domingo Fotos: Carmen Su\u00e1rez\\\/acento.com.do Fecha: 30\\\/05\\\/2011\"},{\"@type\":\"BreadcrumbList\",\"@id\":\"http:\\\/\\\/minutocerord.com\\\/?p=7534#breadcrumb\",\"itemListElement\":[{\"@type\":\"ListItem\",\"position\":1,\"name\":\"Home\",\"item\":\"https:\\\/\\\/minutocerord.com\\\/\"},{\"@type\":\"ListItem\",\"position\":2,\"name\":\"Muere Monse\u00f1or Agripino N\u00fa\u00f1ez Collado en la ciudad de Santiago\"}]},{\"@type\":\"WebSite\",\"@id\":\"https:\\\/\\\/minutocerord.com\\\/#website\",\"url\":\"https:\\\/\\\/minutocerord.com\\\/\",\"name\":\"Minuto Cero RD\",\"description\":\"Periodismo serio y veraz\",\"publisher\":{\"@id\":\"https:\\\/\\\/minutocerord.com\\\/#\\\/schema\\\/person\\\/60b5372d60aaa0a5171fb6488be9aee6\"},\"potentialAction\":[{\"@type\":\"SearchAction\",\"target\":{\"@type\":\"EntryPoint\",\"urlTemplate\":\"https:\\\/\\\/minutocerord.com\\\/?s={search_term_string}\"},\"query-input\":{\"@type\":\"PropertyValueSpecification\",\"valueRequired\":true,\"valueName\":\"search_term_string\"}}],\"inLanguage\":\"es-DO\"},{\"@type\":[\"Person\",\"Organization\"],\"@id\":\"https:\\\/\\\/minutocerord.com\\\/#\\\/schema\\\/person\\\/60b5372d60aaa0a5171fb6488be9aee6\",\"name\":\"Genof\u00f3ntes Urb\u00e1ez\",\"image\":{\"@type\":\"ImageObject\",\"inLanguage\":\"es-DO\",\"@id\":\"https:\\\/\\\/secure.gravatar.com\\\/avatar\\\/a49ef3186a692098ac3e8a1612261e3ad70cf9e44553dff2929e67939a0ecb9d?s=96&d=identicon&r=g\",\"url\":\"https:\\\/\\\/secure.gravatar.com\\\/avatar\\\/a49ef3186a692098ac3e8a1612261e3ad70cf9e44553dff2929e67939a0ecb9d?s=96&d=identicon&r=g\",\"contentUrl\":\"https:\\\/\\\/secure.gravatar.com\\\/avatar\\\/a49ef3186a692098ac3e8a1612261e3ad70cf9e44553dff2929e67939a0ecb9d?s=96&d=identicon&r=g\",\"caption\":\"Genof\u00f3ntes Urb\u00e1ez\"},\"logo\":{\"@id\":\"https:\\\/\\\/secure.gravatar.com\\\/avatar\\\/a49ef3186a692098ac3e8a1612261e3ad70cf9e44553dff2929e67939a0ecb9d?s=96&d=identicon&r=g\"},\"description\":\"Periodista \\\/ Locutor\",\"sameAs\":[\"https:\\\/\\\/www.facebook.com\\\/Genofnotes\",\"https:\\\/\\\/www.instagram.com\\\/genofnotes\\\/\"]}]}<\/script>\n<!-- \/ Yoast SEO plugin. -->","yoast_head_json":{"title":"Muere Monse\u00f1or Agripino N\u00fa\u00f1ez Collado en la ciudad de Santiago - Minuto Cero RD","robots":{"index":"index","follow":"follow","max-snippet":"max-snippet:-1","max-image-preview":"max-image-preview:large","max-video-preview":"max-video-preview:-1"},"canonical":"http:\/\/minutocerord.com\/?p=7534","og_locale":"es_ES","og_type":"article","og_title":"Muere Monse\u00f1or Agripino N\u00fa\u00f1ez Collado en la ciudad de Santiago - Minuto Cero RD","og_description":"SANTIAGO DE LOS CABALLEROS.&#8211; Falleci\u00f3 este s\u00e1bado aqu\u00ed monse\u00f1or Agripino N\u00fa\u00f1ez Collado, reportaron este s\u00e1bado en la noche medios de prensa Su deceso se produjo en el Hospital Metropolitano de Santiago donde estaba internado desde hace alg\u00fan tiempo aquejado de distintos problemas de salud que se complicaron por la COVID-19. No se dijo de inmediato [&hellip;]","og_url":"http:\/\/minutocerord.com\/?p=7534","og_site_name":"Minuto Cero RD","article_publisher":"https:\/\/www.facebook.com\/Genofnotes","article_author":"https:\/\/www.facebook.com\/Genofnotes","article_published_time":"2022-01-23T04:05:06+00:00","article_modified_time":"2022-01-23T04:05:10+00:00","og_image":[{"width":645,"height":429,"url":"https:\/\/i0.wp.com\/minutocerord.com\/wp-content\/uploads\/2022\/01\/10001306800243jpg.jpg?fit=645%2C429","type":"image\/jpeg"}],"author":"Genof\u00f3ntes Urb\u00e1ez","twitter_card":"summary_large_image","twitter_misc":{"Written by":"Genof\u00f3ntes Urb\u00e1ez","Est. reading time":"2 minutos"},"schema":{"@context":"https:\/\/schema.org","@graph":[{"@type":"Article","@id":"http:\/\/minutocerord.com\/?p=7534#article","isPartOf":{"@id":"http:\/\/minutocerord.com\/?p=7534"},"author":{"name":"Genof\u00f3ntes Urb\u00e1ez","@id":"https:\/\/minutocerord.com\/#\/schema\/person\/60b5372d60aaa0a5171fb6488be9aee6"},"headline":"Muere Monse\u00f1or Agripino N\u00fa\u00f1ez Collado en la ciudad de Santiago","datePublished":"2022-01-23T04:05:06+00:00","dateModified":"2022-01-23T04:05:10+00:00","mainEntityOfPage":{"@id":"http:\/\/minutocerord.com\/?p=7534"},"wordCount":342,"commentCount":0,"publisher":{"@id":"https:\/\/minutocerord.com\/#\/schema\/person\/60b5372d60aaa0a5171fb6488be9aee6"},"image":{"@id":"http:\/\/minutocerord.com\/?p=7534#primaryimage"},"thumbnailUrl":"https:\/\/i0.wp.com\/minutocerord.com\/wp-content\/uploads\/2022\/01\/10001306800243jpg.jpg?fit=645%2C429&ssl=1","articleSection":["Nacionales"],"inLanguage":"es-DO","potentialAction":[{"@type":"CommentAction","name":"Comment","target":["http:\/\/minutocerord.com\/?p=7534#respond"]}]},{"@type":"WebPage","@id":"http:\/\/minutocerord.com\/?p=7534","url":"http:\/\/minutocerord.com\/?p=7534","name":"Muere Monse\u00f1or Agripino N\u00fa\u00f1ez Collado en la ciudad de Santiago - Minuto Cero RD","isPartOf":{"@id":"https:\/\/minutocerord.com\/#website"},"primaryImageOfPage":{"@id":"http:\/\/minutocerord.com\/?p=7534#primaryimage"},"image":{"@id":"http:\/\/minutocerord.com\/?p=7534#primaryimage"},"thumbnailUrl":"https:\/\/i0.wp.com\/minutocerord.com\/wp-content\/uploads\/2022\/01\/10001306800243jpg.jpg?fit=645%2C429&ssl=1","datePublished":"2022-01-23T04:05:06+00:00","dateModified":"2022-01-23T04:05:10+00:00","breadcrumb":{"@id":"http:\/\/minutocerord.com\/?p=7534#breadcrumb"},"inLanguage":"es-DO","potentialAction":[{"@type":"ReadAction","target":["http:\/\/minutocerord.com\/?p=7534"]}]},{"@type":"ImageObject","inLanguage":"es-DO","@id":"http:\/\/minutocerord.com\/?p=7534#primaryimage","url":"https:\/\/i0.wp.com\/minutocerord.com\/wp-content\/uploads\/2022\/01\/10001306800243jpg.jpg?fit=645%2C429&ssl=1","contentUrl":"https:\/\/i0.wp.com\/minutocerord.com\/wp-content\/uploads\/2022\/01\/10001306800243jpg.jpg?fit=645%2C429&ssl=1","width":645,"height":429,"caption":"Agripino N\u00fa\u00f1ez Collado, rector de la Pontificia Universidad Cat\u00f3lica Madre y Maestra Ciudad: Santo Domingo Fotos: Carmen Su\u00e1rez\/acento.com.do Fecha: 30\/05\/2011"},{"@type":"BreadcrumbList","@id":"http:\/\/minutocerord.com\/?p=7534#breadcrumb","itemListElement":[{"@type":"ListItem","position":1,"name":"Home","item":"https:\/\/minutocerord.com\/"},{"@type":"ListItem","position":2,"name":"Muere Monse\u00f1or Agripino N\u00fa\u00f1ez Collado en la ciudad de Santiago"}]},{"@type":"WebSite","@id":"https:\/\/minutocerord.com\/#website","url":"https:\/\/minutocerord.com\/","name":"Minuto Cero RD","description":"Periodismo serio y veraz","publisher":{"@id":"https:\/\/minutocerord.com\/#\/schema\/person\/60b5372d60aaa0a5171fb6488be9aee6"},"potentialAction":[{"@type":"SearchAction","target":{"@type":"EntryPoint","urlTemplate":"https:\/\/minutocerord.com\/?s={search_term_string}"},"query-input":{"@type":"PropertyValueSpecification","valueRequired":true,"valueName":"search_term_string"}}],"inLanguage":"es-DO"},{"@type":["Person","Organization"],"@id":"https:\/\/minutocerord.com\/#\/schema\/person\/60b5372d60aaa0a5171fb6488be9aee6","name":"Genof\u00f3ntes Urb\u00e1ez","image":{"@type":"ImageObject","inLanguage":"es-DO","@id":"https:\/\/secure.gravatar.com\/avatar\/a49ef3186a692098ac3e8a1612261e3ad70cf9e44553dff2929e67939a0ecb9d?s=96&d=identicon&r=g","url":"https:\/\/secure.gravatar.com\/avatar\/a49ef3186a692098ac3e8a1612261e3ad70cf9e44553dff2929e67939a0ecb9d?s=96&d=identicon&r=g","contentUrl":"https:\/\/secure.gravatar.com\/avatar\/a49ef3186a692098ac3e8a1612261e3ad70cf9e44553dff2929e67939a0ecb9d?s=96&d=identicon&r=g","caption":"Genof\u00f3ntes Urb\u00e1ez"},"logo":{"@id":"https:\/\/secure.gravatar.com\/avatar\/a49ef3186a692098ac3e8a1612261e3ad70cf9e44553dff2929e67939a0ecb9d?s=96&d=identicon&r=g"},"description":"Periodista \/ Locutor","sameAs":["https:\/\/www.facebook.com\/Genofnotes","https:\/\/www.instagram.com\/genofnotes\/"]}]}},"jetpack_publicize_connections":[],"jetpack_featured_media_url":"https:\/\/i0.wp.com\/minutocerord.com\/wp-content\/uploads\/2022\/01\/10001306800243jpg.jpg?fit=645%2C429&ssl=1","jetpack-related-posts":[],"jetpack_sharing_enabled":true,"_links":{"self":[{"href":"https:\/\/minutocerord.com\/index.php?rest_route=\/wp\/v2\/posts\/7534","targetHints":{"allow":["GET"]}}],"collection":[{"href":"https:\/\/minutocerord.com\/index.php?rest_route=\/wp\/v2\/posts"}],"about":[{"href":"https:\/\/minutocerord.com\/index.php?rest_route=\/wp\/v2\/types\/post"}],"author":[{"embeddable":true,"href":"https:\/\/minutocerord.com\/index.php?rest_route=\/wp\/v2\/users\/1"}],"replies":[{"embeddable":true,"href":"https:\/\/minutocerord.com\/index.php?rest_route=%2Fwp%2Fv2%2Fcomments&post=7534"}],"version-history":[{"count":1,"href":"https:\/\/minutocerord.com\/index.php?rest_route=\/wp\/v2\/posts\/7534\/revisions"}],"predecessor-version":[{"id":7536,"href":"https:\/\/minutocerord.com\/index.php?rest_route=\/wp\/v2\/posts\/7534\/revisions\/7536"}],"wp:featuredmedia":[{"embeddable":true,"href":"https:\/\/minutocerord.com\/index.php?rest_route=\/wp\/v2\/media\/7535"}],"wp:attachment":[{"href":"https:\/\/minutocerord.com\/index.php?rest_route=%2Fwp%2Fv2%2Fmedia&parent=7534"}],"wp:term":[{"taxonomy":"category","embeddable":true,"href":"https:\/\/minutocerord.com\/index.php?rest_route=%2Fwp%2Fv2%2Fcategories&post=7534"},{"taxonomy":"post_tag","embeddable":true,"href":"https:\/\/minutocerord.com\/index.php?rest_route=%2Fwp%2Fv2%2Ftags&post=7534"}],"curies":[{"name":"wp","href":"https:\/\/api.w.org\/{rel}","templated":true}]}}