{"id":7569,"date":"2022-01-27T00:24:03","date_gmt":"2022-01-27T04:24:03","guid":{"rendered":"https:\/\/minutocerord.com\/?p=7569"},"modified":"2022-01-27T00:26:14","modified_gmt":"2022-01-27T04:26:14","slug":"rey-el-fotografo-de-duarte","status":"publish","type":"post","link":"https:\/\/minutocerord.com\/?p=7569","title":{"rendered":"Rey, el fot\u00f3grafo de Duarte"},"content":{"rendered":"\n<p>Pr\u00f3spero&nbsp;Rey,&nbsp;fot\u00f3grafo&nbsp;venezolano, ha entrado en la historia dominicana por haber tomado la&nbsp;\u00fanica&nbsp;foto conocida del Padre de la Patria Juan Pablo Duarte.<\/p>\n\n\n\n<p>La imagen del patricio Juan Pablo Duarte habr\u00eda sido tomada en 1873, en Caracas, Venezuela, seg\u00fan la ficha t\u00e9cnica del Archivo General de la Naci\u00f3n, y muestra a un hombre con expresi\u00f3n digna, serena, y al mismo tiempo,&nbsp;delgado, envejecido&nbsp;prematuramente por los efectos de las fiebres pal\u00fadicas y las terribles adversidades que tuvo que enfrentar durante casi toda su vida, la cual termin\u00f3 discretamente en 1876, apenas tres a\u00f1os despu\u00e9s de este registro gr\u00e1fico.<\/p>\n\n\n\n<div id=\"attachment_244821\" class=\"wp-block-image\"><figure class=\"alignright is-resized\"><a href=\"https:\/\/i0.wp.com\/almomento.net\/wp-content\/uploads\/2016\/09\/Luis-Mart%C3%ADn-G%C3%B3mez.jpg?ssl=1\"><img data-recalc-dims=\"1\" decoding=\"async\" loading=\"lazy\" src=\"https:\/\/i0.wp.com\/almomento.net\/wp-content\/uploads\/2016\/09\/Luis-Mart%C3%ADn-G%C3%B3mez.jpg?resize=264%2C266&#038;ssl=1\" alt=\"\" class=\"wp-image-244821\" width=\"264\" height=\"266\"\/><\/a><figcaption>EL AUTOR es periodista y escritor. Reside en Santo Domingo.<\/figcaption><\/figure><\/div>\n\n\n\n<p>El retrato lleg\u00f3 a Santo Domingo en 1883 de manos del t\u00edo materno de Duarte, Jos\u00e9 Prudencio D\u00edez, quien viaj\u00f3 al pa\u00eds para exponer ante el Congreso Nacional la situaci\u00f3n calamitosa que afectaba a los hermanos Duarte sobrevivientes en Caracas: Rosa, Francisca y Manuel; para quienes solicit\u00f3 una ayuda que les permitiera regresar a la patria que fund\u00f3 Juan Pablo.<\/p>\n\n\n\n<p>La Gaceta Oficial n\u00famero 453 del 17 de febrero de 1883 publica la nota en la que Jos\u00e9 Prudencio D\u00edez informa al presidente del Ayuntamiento de Santo Domingo, A. Damir\u00f3n, que el retrato de Duarte ha llegado a la ciudad en la goleta Leonor; tambi\u00e9n publica la nota en la que Damir\u00f3n solicita al ministro de lo Interior y Polic\u00eda pedir al Ministerio de Guerra y Marina instruir al jefe de puerto retirar de la goleta el retrato, mandado a copiar a Caracas por cuenta del ayuntamiento, \u201cobservando el mayor esmero, precauci\u00f3n y dilijencia (sic)\u201d; as\u00ed como la nota del ministro de Guerra y Marina dando cuenta de que ha impartido las instrucciones solicitadas.<\/p>\n\n\n\n<p>El hecho no pas\u00f3 desapercibido. Por ejemplo, el peri\u00f3dico El Eco de la Opini\u00f3n, de febrero de 1883, celebr\u00f3 la llegada al pa\u00eds de la fotograf\u00eda de Juan Pablo que ser\u00eda exhibida en la sala capitular del Ayuntamiento de Santo Domingo, y abri\u00f3 una suscripci\u00f3n popular para contribuir con el regreso al pa\u00eds de los hermanos Duarte.<\/p>\n\n\n\n<p>Pero la alegr\u00eda no fue un\u00e1nime. El historiador Orlando Inoa (2012) dice que la imagen del Duarte anciano y desmejorado no gust\u00f3 mucho a los dominicanos de esa \u00e9poca, y que en cambio fue muy celebrado un retrato de Duarte joven pintado en 1887 por el artista Alejandro Bonilla en base a sus recuerdos del patricio, a quien hab\u00eda conocido, y tomando adem\u00e1s como referencia una imagen de un monarca europeo con peinado y facciones parecidas a las del h\u00e9roe dominicano.<\/p>\n\n\n\n<p>En su biograf\u00eda novelada \u201cVida de Juan Pablo Duarte\u201d, el historiador Pedro Troncoso S\u00e1nchez (1976) se refiere a la fotograf\u00eda del patricio recreando un momento de la vida de los Duarte Diez en la Caracas de 1873 en el que Rosa Duarte habr\u00eda animado a su insigne hermano a hacerse un retrato para la posteridad.<\/p>\n\n\n\n<p>\u2014Levanta ese \u00e1nimo, Juan Pablo (\u2026) Ten presente que la nueva generaci\u00f3n dominicana te agradece tu obra de libertador y querr\u00e1 conocer tu fisonom\u00eda- habr\u00eda dicho Rosa; una recreaci\u00f3n literaria que ha sido repetida posteriormente como un hecho hist\u00f3rico.<\/p>\n\n\n\n<p><strong>\u00bfDaguerrotipo o ambrotipo?<\/strong><\/p>\n\n\n\n<p>El lugar donde se hizo la foto a Duarte fue el \u201cSal\u00f3n de Cristal-Galer\u00eda Fotogr\u00e1fica\u201d, estudio fotogr\u00e1fico localizado en la Esquina de la Palma, Caracas, que Pr\u00f3spero Rey hab\u00eda inaugurado en 1858. Duarte habr\u00eda posado para Rey entre las ocho y las once de la ma\u00f1ana, o bien entre la una y las tres y media de la tarde, horario en que funcionaba el estudio, de acuerdo a un anuncio publicado por el propio Rey en el peri\u00f3dico \u201cEl Independiente\u201d el 16 de noviembre de 1863, seg\u00fan cita Manuel Barroso (1995) en su obra \u201cHistoria documentada de la fotograf\u00eda en Venezuela\u201d.<\/p>\n\n\n\n<p>El patricio habr\u00eda pagado entre dos y siete pesos por la imagen, seg\u00fan la tarifa de Rey de la que dan cuenta Alejandro Salas y Esmeralda Ni\u00f1o (2005) en su \u201cDiccionario biogr\u00e1fico de las artes visuales en Venezuela\u201d.<\/p>\n\n\n\n<p>En su obra citada, Troncoso S\u00e1nchez se\u00f1ala que Pr\u00f3spero Rey era un fot\u00f3grafo espa\u00f1ol. Pero Manuel Barroso afirma en su mencionado libro que era franc\u00e9s, hijo de padres espa\u00f1oles. Mientras que Salas y Ni\u00f1o aseguran que Rey era venezolano, hijo de padre franc\u00e9s. Tambi\u00e9n hay divergencias sobre el lugar y la fecha de nacimiento del fot\u00f3grafo. Mientras Barroso dice que naci\u00f3 en Par\u00eds en 1838, Salas y Ni\u00f1o sostienen que fue en Caracas en 1833.<\/p>\n\n\n\n<p>En lo que s\u00ed coinciden Barroso, Salas y Ni\u00f1o es en la opini\u00f3n de que Pr\u00f3spero Rey fue uno de los grandes fot\u00f3grafos venezolanos del siglo XIX. Desarroll\u00f3 con \u00e9xito el ambrotipo (imagen captada en una capa de colodi\u00f3n o nitrato de celulosa sobre soporte de vidrio), introducido en Venezuela por los fot\u00f3grafos Gaspar Lukaesy y John Lacombe, una t\u00e9cnica superior al daguerrotipo (imagen captada en una placa recubierta de plata).<\/p>\n\n\n\n<p>En un anuncio publicado en el peri\u00f3dico \u201cEl Independiente\u201d del 22 de octubre de 1862, Rey asegura que el ambrotipo permite obtener retratos \u201ccon suavidad de tintas blancos perfectos, relieve, belleza de colorido. Las sombras que siempre han sido cortadas hoy son finas y van en degradaci\u00f3n hasta perderse en los blancos de la imagen, formando un conjunto agradable y un brillo suave y sin exageraci\u00f3n\u201d.<\/p>\n\n\n\n<p>Si Rey fotografi\u00f3 a Duarte en 1873, entonces la t\u00e9cnica que habr\u00eda usado fue la del ambrotipo, que ya empleaba desde 1862, y no la del daguerrotipo, nombre que se hizo gen\u00e9rico para las fotograf\u00edas tomadas en esa \u00e9poca.<\/p>\n\n\n\n<p>Rey tambi\u00e9n introdujo en Venezuela las \u201ccartas de visita\u201d, especie de tarjetas de presentaci\u00f3n personal con fotograf\u00edas de peque\u00f1o formato. En 1872, particip\u00f3 en la Primera Exposici\u00f3n de Obras de Arte realizada en el Caf\u00e9 del&nbsp;\u00c1vila de Caracas, obteniendo comentarios elogiosos de la cr\u00edtica; y en 1883, obras suyas fueron exhibidas en la Exposici\u00f3n Universal celebrada en Viena. Por sus aportes a la fotograf\u00eda y la calidad de sus obras, recibi\u00f3 en 1877 la condecoraci\u00f3n de la Medalla del Busto del Libertador Sim\u00f3n Bol\u00edvar.<\/p>\n\n\n\n<p>En el estudio fotogr\u00e1fico de Pr\u00f3spero Rey fueron retratados destacados pol\u00edticos, militares, religiosos y artistas de la Venezuela del siglo XIX.&nbsp;&nbsp;Pudiera pensarse que una figura reconocida y apreciada por los caraque\u00f1os de entonces como Juan Pablo Duarte eligiera a este destacado fot\u00f3grafo para tomarse la foto que felizmente ha llegado hasta nuestros d\u00edas.<\/p>\n\n\n\n<p><strong>Licorista y fabricante de tintes para el pelo<\/strong><\/p>\n\n\n\n<p>Adem\u00e1s de haber sido un gran fot\u00f3grafo, Pr\u00f3spero Rey destac\u00f3 como fabricante de licores y de tintes para el pelo. Barroso cita una cr\u00f3nica del peri\u00f3dico \u201cLa Opini\u00f3n Nacional\u201d del 26 de junio de 1875 en la que se lee: \u201cDebemos al acreditado fot\u00f3grafo Pr\u00f3spero Rey un descubrimiento que hace honor a sus conocimientos qu\u00edmicos. Nos referimos a la maravillosa tinta de te\u00f1ir el pelo que acaba de perfeccionar. Es cosa admirable. Un solo frasquito basta para la operaci\u00f3n y el l\u00edquido no mancha la piel\u2026\u201d.<\/p>\n\n\n\n<p>Como licorista, cre\u00f3 la empresa \u201cPr\u00f3spero Rey y Compa\u00f1\u00eda, Ron y Ginebra\u201d, con la cual particip\u00f3 en la Exposici\u00f3n Nacional del Centenario de 1883, habiendo sido galardonado por sus licores y en especial por su ron.<\/p>\n\n\n\n<p>En lo familiar, Rey cas\u00f3 con Hercilia Rodr\u00edguez en 1862, con la que procre\u00f3 a Pr\u00f3spero y Amalia.<\/p>\n\n\n\n<p><strong>La foto de Duarte<\/strong><\/p>\n\n\n\n<div class=\"wp-block-image\"><figure class=\"alignleft size-full\"><img data-recalc-dims=\"1\" decoding=\"async\" width=\"204\" height=\"320\" loading=\"lazy\" src=\"https:\/\/i0.wp.com\/minutocerord.com\/wp-content\/uploads\/2022\/01\/Juan-Pablo-Duarte-Tomada-por-Prospero-Rey-en-1873.jpg?resize=204%2C320\" alt=\"\" class=\"wp-image-7570\" srcset=\"https:\/\/i0.wp.com\/minutocerord.com\/wp-content\/uploads\/2022\/01\/Juan-Pablo-Duarte-Tomada-por-Prospero-Rey-en-1873.jpg?w=204&amp;ssl=1 204w, https:\/\/i0.wp.com\/minutocerord.com\/wp-content\/uploads\/2022\/01\/Juan-Pablo-Duarte-Tomada-por-Prospero-Rey-en-1873.jpg?resize=191%2C300&amp;ssl=1 191w\" sizes=\"auto, (max-width: 204px) 100vw, 204px\" \/><figcaption>Juan Pablo Duarte, 1873<\/figcaption><\/figure><\/div>\n\n\n\n<p>El Archivo General de la Naci\u00f3n atesora la \u00fanica foto conocida de Juan Pablo Duarte que&nbsp;tomara Pr\u00f3spero Rey. Le fue donada por los descendientes del Historiador Nacional Jos\u00e9 Gabriel Garc\u00eda en 1974. Es peque\u00f1a. Mide apenas 15.9 cm. por 10 cm., es decir, 6.25 pulgadas por 3.94 pulgadas, y se conserva en estado regular, pese a tener alrededor de 150 a\u00f1os. La promesa publicitaria de&nbsp;Rey sobre sus&nbsp;retratos: \u201cbelleza de los negros, limpieza de los blancos, conjunto agradable (\u2026) y no se pondr\u00e1n amarillos\u201d, sigue cumpli\u00e9ndose y permiti\u00e9ndonos que conozcamos la verdadera faz del dominicano m\u00e1s grande.<\/p>\n\n\n\n<p><strong>Referencias:<\/strong><\/p>\n\n\n\n<p>Gaceta oficial n. 453, a\u00f1o X, 17 de febrero de 1883.<\/p>\n\n\n\n<p>Peri\u00f3dico El Eco de la Opini\u00f3n, febrero de 1883.<\/p>\n\n\n\n<p>Inoa, Orlando (2012): Juan Pablo Duarte. Su \u00faltima batalla: Padre de la Patria. En Duarte revisitado (1813-2013), Colecci\u00f3n del Banco Central de la Rep\u00fablica Dominicana, Santo Domingo.<\/p>\n\n\n\n<p>Troncoso S\u00e1nchez, Pedro (1976): Vida de Juan Pablo Duarte, Colecci\u00f3n Duartiana, volumen XI, Instituto Duartiano, Santo Domingo.<\/p>\n\n\n\n<p>Barroso, Manuel (1995): Historia documentada de la fotograf\u00eda en Venezuela. Ediciones de la Presidencia de la Rep\u00fablica, Caracas.<\/p>\n\n\n\n<p>Salas, Alejandro y Esmeralda Ni\u00f1o (2005): Diccionario biogr\u00e1fico de las artes visuales en Venezuela, Fundaci\u00f3n Galer\u00eda de Arte Nacional, Caracas.<\/p>\n","protected":false},"excerpt":{"rendered":"<p>Pr\u00f3spero&nbsp;Rey,&nbsp;fot\u00f3grafo&nbsp;venezolano, ha entrado en la historia dominicana por haber tomado la&nbsp;\u00fanica&nbsp;foto conocida del Padre de la Patria Juan Pablo Duarte. La imagen del patricio Juan Pablo Duarte habr\u00eda sido tomada en 1873, en Caracas, Venezuela, seg\u00fan la ficha t\u00e9cnica del Archivo General de la Naci\u00f3n, y muestra a un hombre con expresi\u00f3n digna, serena, y [&hellip;]<\/p>\n","protected":false},"author":1,"featured_media":7572,"comment_status":"open","ping_status":"open","sticky":false,"template":"","format":"standard","meta":{"nf_dc_page":"","jetpack_post_was_ever_published":false,"_jetpack_newsletter_access":"","_jetpack_dont_email_post_to_subs":false,"_jetpack_newsletter_tier_id":0,"_jetpack_memberships_contains_paywalled_content":false,"_jetpack_memberships_contains_paid_content":false,"footnotes":"","jetpack_publicize_message":"","jetpack_publicize_feature_enabled":true,"jetpack_social_post_already_shared":false,"jetpack_social_options":{"image_generator_settings":{"template":"highway","default_image_id":0,"font":"","enabled":false},"version":2}},"categories":[69],"tags":[],"class_list":["post-7569","post","type-post","status-publish","format-standard","has-post-thumbnail","hentry","category-opinion"],"yoast_head":"<!-- This site is optimized with the Yoast SEO plugin v27.4 - https:\/\/yoast.com\/product\/yoast-seo-wordpress\/ -->\n<title>Rey, el fot\u00f3grafo de Duarte - Minuto Cero RD<\/title>\n<meta name=\"robots\" content=\"index, follow, max-snippet:-1, max-image-preview:large, max-video-preview:-1\" \/>\n<link rel=\"canonical\" href=\"https:\/\/minutocerord.com\/?p=7569\" \/>\n<meta property=\"og:locale\" content=\"es_ES\" \/>\n<meta property=\"og:type\" content=\"article\" \/>\n<meta property=\"og:title\" content=\"Rey, el fot\u00f3grafo de Duarte - Minuto Cero RD\" \/>\n<meta property=\"og:description\" content=\"Pr\u00f3spero&nbsp;Rey,&nbsp;fot\u00f3grafo&nbsp;venezolano, ha entrado en la historia dominicana por haber tomado la&nbsp;\u00fanica&nbsp;foto conocida del Padre de la Patria Juan Pablo Duarte. La imagen del patricio Juan Pablo Duarte habr\u00eda sido tomada en 1873, en Caracas, Venezuela, seg\u00fan la ficha t\u00e9cnica del Archivo General de la Naci\u00f3n, y muestra a un hombre con expresi\u00f3n digna, serena, y [&hellip;]\" \/>\n<meta property=\"og:url\" content=\"https:\/\/minutocerord.com\/?p=7569\" \/>\n<meta property=\"og:site_name\" content=\"Minuto Cero RD\" \/>\n<meta property=\"article:publisher\" content=\"https:\/\/www.facebook.com\/Genofnotes\" \/>\n<meta property=\"article:author\" content=\"https:\/\/www.facebook.com\/Genofnotes\" \/>\n<meta property=\"article:published_time\" content=\"2022-01-27T04:24:03+00:00\" \/>\n<meta property=\"article:modified_time\" content=\"2022-01-27T04:26:14+00:00\" \/>\n<meta property=\"og:image\" content=\"https:\/\/i0.wp.com\/minutocerord.com\/wp-content\/uploads\/2022\/01\/Prospero-Rey-en-su-taller..jpg?fit=428%2C250&ssl=1\" \/>\n\t<meta property=\"og:image:width\" content=\"428\" \/>\n\t<meta property=\"og:image:height\" content=\"250\" \/>\n\t<meta property=\"og:image:type\" content=\"image\/jpeg\" \/>\n<meta name=\"author\" content=\"Genof\u00f3ntes Urb\u00e1ez\" \/>\n<meta name=\"twitter:card\" content=\"summary_large_image\" \/>\n<meta name=\"twitter:label1\" content=\"Written by\" \/>\n\t<meta name=\"twitter:data1\" content=\"Genof\u00f3ntes Urb\u00e1ez\" \/>\n\t<meta name=\"twitter:label2\" content=\"Est. reading time\" \/>\n\t<meta name=\"twitter:data2\" content=\"7 minutos\" \/>\n<script type=\"application\/ld+json\" class=\"yoast-schema-graph\">{\"@context\":\"https:\\\/\\\/schema.org\",\"@graph\":[{\"@type\":\"Article\",\"@id\":\"https:\\\/\\\/minutocerord.com\\\/?p=7569#article\",\"isPartOf\":{\"@id\":\"https:\\\/\\\/minutocerord.com\\\/?p=7569\"},\"author\":{\"name\":\"Genof\u00f3ntes Urb\u00e1ez\",\"@id\":\"https:\\\/\\\/minutocerord.com\\\/#\\\/schema\\\/person\\\/60b5372d60aaa0a5171fb6488be9aee6\"},\"headline\":\"Rey, el fot\u00f3grafo de Duarte\",\"datePublished\":\"2022-01-27T04:24:03+00:00\",\"dateModified\":\"2022-01-27T04:26:14+00:00\",\"mainEntityOfPage\":{\"@id\":\"https:\\\/\\\/minutocerord.com\\\/?p=7569\"},\"wordCount\":1520,\"commentCount\":0,\"publisher\":{\"@id\":\"https:\\\/\\\/minutocerord.com\\\/#\\\/schema\\\/person\\\/60b5372d60aaa0a5171fb6488be9aee6\"},\"image\":{\"@id\":\"https:\\\/\\\/minutocerord.com\\\/?p=7569#primaryimage\"},\"thumbnailUrl\":\"https:\\\/\\\/i0.wp.com\\\/minutocerord.com\\\/wp-content\\\/uploads\\\/2022\\\/01\\\/Prospero-Rey-en-su-taller..jpg?fit=428%2C250&ssl=1\",\"articleSection\":[\"Opini\u00f3n\"],\"inLanguage\":\"es-DO\",\"potentialAction\":[{\"@type\":\"CommentAction\",\"name\":\"Comment\",\"target\":[\"https:\\\/\\\/minutocerord.com\\\/?p=7569#respond\"]}]},{\"@type\":\"WebPage\",\"@id\":\"https:\\\/\\\/minutocerord.com\\\/?p=7569\",\"url\":\"https:\\\/\\\/minutocerord.com\\\/?p=7569\",\"name\":\"Rey, el fot\u00f3grafo de Duarte - Minuto Cero RD\",\"isPartOf\":{\"@id\":\"https:\\\/\\\/minutocerord.com\\\/#website\"},\"primaryImageOfPage\":{\"@id\":\"https:\\\/\\\/minutocerord.com\\\/?p=7569#primaryimage\"},\"image\":{\"@id\":\"https:\\\/\\\/minutocerord.com\\\/?p=7569#primaryimage\"},\"thumbnailUrl\":\"https:\\\/\\\/i0.wp.com\\\/minutocerord.com\\\/wp-content\\\/uploads\\\/2022\\\/01\\\/Prospero-Rey-en-su-taller..jpg?fit=428%2C250&ssl=1\",\"datePublished\":\"2022-01-27T04:24:03+00:00\",\"dateModified\":\"2022-01-27T04:26:14+00:00\",\"breadcrumb\":{\"@id\":\"https:\\\/\\\/minutocerord.com\\\/?p=7569#breadcrumb\"},\"inLanguage\":\"es-DO\",\"potentialAction\":[{\"@type\":\"ReadAction\",\"target\":[\"https:\\\/\\\/minutocerord.com\\\/?p=7569\"]}]},{\"@type\":\"ImageObject\",\"inLanguage\":\"es-DO\",\"@id\":\"https:\\\/\\\/minutocerord.com\\\/?p=7569#primaryimage\",\"url\":\"https:\\\/\\\/i0.wp.com\\\/minutocerord.com\\\/wp-content\\\/uploads\\\/2022\\\/01\\\/Prospero-Rey-en-su-taller..jpg?fit=428%2C250&ssl=1\",\"contentUrl\":\"https:\\\/\\\/i0.wp.com\\\/minutocerord.com\\\/wp-content\\\/uploads\\\/2022\\\/01\\\/Prospero-Rey-en-su-taller..jpg?fit=428%2C250&ssl=1\",\"width\":428,\"height\":250},{\"@type\":\"BreadcrumbList\",\"@id\":\"https:\\\/\\\/minutocerord.com\\\/?p=7569#breadcrumb\",\"itemListElement\":[{\"@type\":\"ListItem\",\"position\":1,\"name\":\"Home\",\"item\":\"https:\\\/\\\/minutocerord.com\\\/\"},{\"@type\":\"ListItem\",\"position\":2,\"name\":\"Rey, el fot\u00f3grafo de Duarte\"}]},{\"@type\":\"WebSite\",\"@id\":\"https:\\\/\\\/minutocerord.com\\\/#website\",\"url\":\"https:\\\/\\\/minutocerord.com\\\/\",\"name\":\"Minuto Cero RD\",\"description\":\"Periodismo serio y veraz\",\"publisher\":{\"@id\":\"https:\\\/\\\/minutocerord.com\\\/#\\\/schema\\\/person\\\/60b5372d60aaa0a5171fb6488be9aee6\"},\"potentialAction\":[{\"@type\":\"SearchAction\",\"target\":{\"@type\":\"EntryPoint\",\"urlTemplate\":\"https:\\\/\\\/minutocerord.com\\\/?s={search_term_string}\"},\"query-input\":{\"@type\":\"PropertyValueSpecification\",\"valueRequired\":true,\"valueName\":\"search_term_string\"}}],\"inLanguage\":\"es-DO\"},{\"@type\":[\"Person\",\"Organization\"],\"@id\":\"https:\\\/\\\/minutocerord.com\\\/#\\\/schema\\\/person\\\/60b5372d60aaa0a5171fb6488be9aee6\",\"name\":\"Genof\u00f3ntes Urb\u00e1ez\",\"image\":{\"@type\":\"ImageObject\",\"inLanguage\":\"es-DO\",\"@id\":\"https:\\\/\\\/secure.gravatar.com\\\/avatar\\\/a49ef3186a692098ac3e8a1612261e3ad70cf9e44553dff2929e67939a0ecb9d?s=96&d=identicon&r=g\",\"url\":\"https:\\\/\\\/secure.gravatar.com\\\/avatar\\\/a49ef3186a692098ac3e8a1612261e3ad70cf9e44553dff2929e67939a0ecb9d?s=96&d=identicon&r=g\",\"contentUrl\":\"https:\\\/\\\/secure.gravatar.com\\\/avatar\\\/a49ef3186a692098ac3e8a1612261e3ad70cf9e44553dff2929e67939a0ecb9d?s=96&d=identicon&r=g\",\"caption\":\"Genof\u00f3ntes Urb\u00e1ez\"},\"logo\":{\"@id\":\"https:\\\/\\\/secure.gravatar.com\\\/avatar\\\/a49ef3186a692098ac3e8a1612261e3ad70cf9e44553dff2929e67939a0ecb9d?s=96&d=identicon&r=g\"},\"description\":\"Periodista \\\/ Locutor\",\"sameAs\":[\"https:\\\/\\\/www.facebook.com\\\/Genofnotes\",\"https:\\\/\\\/www.instagram.com\\\/genofnotes\\\/\"]}]}<\/script>\n<!-- \/ Yoast SEO plugin. -->","yoast_head_json":{"title":"Rey, el fot\u00f3grafo de Duarte - Minuto Cero RD","robots":{"index":"index","follow":"follow","max-snippet":"max-snippet:-1","max-image-preview":"max-image-preview:large","max-video-preview":"max-video-preview:-1"},"canonical":"https:\/\/minutocerord.com\/?p=7569","og_locale":"es_ES","og_type":"article","og_title":"Rey, el fot\u00f3grafo de Duarte - Minuto Cero RD","og_description":"Pr\u00f3spero&nbsp;Rey,&nbsp;fot\u00f3grafo&nbsp;venezolano, ha entrado en la historia dominicana por haber tomado la&nbsp;\u00fanica&nbsp;foto conocida del Padre de la Patria Juan Pablo Duarte. La imagen del patricio Juan Pablo Duarte habr\u00eda sido tomada en 1873, en Caracas, Venezuela, seg\u00fan la ficha t\u00e9cnica del Archivo General de la Naci\u00f3n, y muestra a un hombre con expresi\u00f3n digna, serena, y [&hellip;]","og_url":"https:\/\/minutocerord.com\/?p=7569","og_site_name":"Minuto Cero RD","article_publisher":"https:\/\/www.facebook.com\/Genofnotes","article_author":"https:\/\/www.facebook.com\/Genofnotes","article_published_time":"2022-01-27T04:24:03+00:00","article_modified_time":"2022-01-27T04:26:14+00:00","og_image":[{"width":428,"height":250,"url":"https:\/\/i0.wp.com\/minutocerord.com\/wp-content\/uploads\/2022\/01\/Prospero-Rey-en-su-taller..jpg?fit=428%2C250&ssl=1","type":"image\/jpeg"}],"author":"Genof\u00f3ntes Urb\u00e1ez","twitter_card":"summary_large_image","twitter_misc":{"Written by":"Genof\u00f3ntes Urb\u00e1ez","Est. reading time":"7 minutos"},"schema":{"@context":"https:\/\/schema.org","@graph":[{"@type":"Article","@id":"https:\/\/minutocerord.com\/?p=7569#article","isPartOf":{"@id":"https:\/\/minutocerord.com\/?p=7569"},"author":{"name":"Genof\u00f3ntes Urb\u00e1ez","@id":"https:\/\/minutocerord.com\/#\/schema\/person\/60b5372d60aaa0a5171fb6488be9aee6"},"headline":"Rey, el fot\u00f3grafo de Duarte","datePublished":"2022-01-27T04:24:03+00:00","dateModified":"2022-01-27T04:26:14+00:00","mainEntityOfPage":{"@id":"https:\/\/minutocerord.com\/?p=7569"},"wordCount":1520,"commentCount":0,"publisher":{"@id":"https:\/\/minutocerord.com\/#\/schema\/person\/60b5372d60aaa0a5171fb6488be9aee6"},"image":{"@id":"https:\/\/minutocerord.com\/?p=7569#primaryimage"},"thumbnailUrl":"https:\/\/i0.wp.com\/minutocerord.com\/wp-content\/uploads\/2022\/01\/Prospero-Rey-en-su-taller..jpg?fit=428%2C250&ssl=1","articleSection":["Opini\u00f3n"],"inLanguage":"es-DO","potentialAction":[{"@type":"CommentAction","name":"Comment","target":["https:\/\/minutocerord.com\/?p=7569#respond"]}]},{"@type":"WebPage","@id":"https:\/\/minutocerord.com\/?p=7569","url":"https:\/\/minutocerord.com\/?p=7569","name":"Rey, el fot\u00f3grafo de Duarte - Minuto Cero RD","isPartOf":{"@id":"https:\/\/minutocerord.com\/#website"},"primaryImageOfPage":{"@id":"https:\/\/minutocerord.com\/?p=7569#primaryimage"},"image":{"@id":"https:\/\/minutocerord.com\/?p=7569#primaryimage"},"thumbnailUrl":"https:\/\/i0.wp.com\/minutocerord.com\/wp-content\/uploads\/2022\/01\/Prospero-Rey-en-su-taller..jpg?fit=428%2C250&ssl=1","datePublished":"2022-01-27T04:24:03+00:00","dateModified":"2022-01-27T04:26:14+00:00","breadcrumb":{"@id":"https:\/\/minutocerord.com\/?p=7569#breadcrumb"},"inLanguage":"es-DO","potentialAction":[{"@type":"ReadAction","target":["https:\/\/minutocerord.com\/?p=7569"]}]},{"@type":"ImageObject","inLanguage":"es-DO","@id":"https:\/\/minutocerord.com\/?p=7569#primaryimage","url":"https:\/\/i0.wp.com\/minutocerord.com\/wp-content\/uploads\/2022\/01\/Prospero-Rey-en-su-taller..jpg?fit=428%2C250&ssl=1","contentUrl":"https:\/\/i0.wp.com\/minutocerord.com\/wp-content\/uploads\/2022\/01\/Prospero-Rey-en-su-taller..jpg?fit=428%2C250&ssl=1","width":428,"height":250},{"@type":"BreadcrumbList","@id":"https:\/\/minutocerord.com\/?p=7569#breadcrumb","itemListElement":[{"@type":"ListItem","position":1,"name":"Home","item":"https:\/\/minutocerord.com\/"},{"@type":"ListItem","position":2,"name":"Rey, el fot\u00f3grafo de Duarte"}]},{"@type":"WebSite","@id":"https:\/\/minutocerord.com\/#website","url":"https:\/\/minutocerord.com\/","name":"Minuto Cero RD","description":"Periodismo serio y veraz","publisher":{"@id":"https:\/\/minutocerord.com\/#\/schema\/person\/60b5372d60aaa0a5171fb6488be9aee6"},"potentialAction":[{"@type":"SearchAction","target":{"@type":"EntryPoint","urlTemplate":"https:\/\/minutocerord.com\/?s={search_term_string}"},"query-input":{"@type":"PropertyValueSpecification","valueRequired":true,"valueName":"search_term_string"}}],"inLanguage":"es-DO"},{"@type":["Person","Organization"],"@id":"https:\/\/minutocerord.com\/#\/schema\/person\/60b5372d60aaa0a5171fb6488be9aee6","name":"Genof\u00f3ntes Urb\u00e1ez","image":{"@type":"ImageObject","inLanguage":"es-DO","@id":"https:\/\/secure.gravatar.com\/avatar\/a49ef3186a692098ac3e8a1612261e3ad70cf9e44553dff2929e67939a0ecb9d?s=96&d=identicon&r=g","url":"https:\/\/secure.gravatar.com\/avatar\/a49ef3186a692098ac3e8a1612261e3ad70cf9e44553dff2929e67939a0ecb9d?s=96&d=identicon&r=g","contentUrl":"https:\/\/secure.gravatar.com\/avatar\/a49ef3186a692098ac3e8a1612261e3ad70cf9e44553dff2929e67939a0ecb9d?s=96&d=identicon&r=g","caption":"Genof\u00f3ntes Urb\u00e1ez"},"logo":{"@id":"https:\/\/secure.gravatar.com\/avatar\/a49ef3186a692098ac3e8a1612261e3ad70cf9e44553dff2929e67939a0ecb9d?s=96&d=identicon&r=g"},"description":"Periodista \/ Locutor","sameAs":["https:\/\/www.facebook.com\/Genofnotes","https:\/\/www.instagram.com\/genofnotes\/"]}]}},"jetpack_publicize_connections":[],"jetpack_featured_media_url":"https:\/\/i0.wp.com\/minutocerord.com\/wp-content\/uploads\/2022\/01\/Prospero-Rey-en-su-taller..jpg?fit=428%2C250&ssl=1","jetpack-related-posts":[],"jetpack_sharing_enabled":true,"_links":{"self":[{"href":"https:\/\/minutocerord.com\/index.php?rest_route=\/wp\/v2\/posts\/7569","targetHints":{"allow":["GET"]}}],"collection":[{"href":"https:\/\/minutocerord.com\/index.php?rest_route=\/wp\/v2\/posts"}],"about":[{"href":"https:\/\/minutocerord.com\/index.php?rest_route=\/wp\/v2\/types\/post"}],"author":[{"embeddable":true,"href":"https:\/\/minutocerord.com\/index.php?rest_route=\/wp\/v2\/users\/1"}],"replies":[{"embeddable":true,"href":"https:\/\/minutocerord.com\/index.php?rest_route=%2Fwp%2Fv2%2Fcomments&post=7569"}],"version-history":[{"count":1,"href":"https:\/\/minutocerord.com\/index.php?rest_route=\/wp\/v2\/posts\/7569\/revisions"}],"predecessor-version":[{"id":7571,"href":"https:\/\/minutocerord.com\/index.php?rest_route=\/wp\/v2\/posts\/7569\/revisions\/7571"}],"wp:featuredmedia":[{"embeddable":true,"href":"https:\/\/minutocerord.com\/index.php?rest_route=\/wp\/v2\/media\/7572"}],"wp:attachment":[{"href":"https:\/\/minutocerord.com\/index.php?rest_route=%2Fwp%2Fv2%2Fmedia&parent=7569"}],"wp:term":[{"taxonomy":"category","embeddable":true,"href":"https:\/\/minutocerord.com\/index.php?rest_route=%2Fwp%2Fv2%2Fcategories&post=7569"},{"taxonomy":"post_tag","embeddable":true,"href":"https:\/\/minutocerord.com\/index.php?rest_route=%2Fwp%2Fv2%2Ftags&post=7569"}],"curies":[{"name":"wp","href":"https:\/\/api.w.org\/{rel}","templated":true}]}}