{"id":7581,"date":"2022-01-27T01:02:33","date_gmt":"2022-01-27T05:02:33","guid":{"rendered":"https:\/\/minutocerord.com\/?p=7581"},"modified":"2022-01-27T01:02:35","modified_gmt":"2022-01-27T05:02:35","slug":"tribunal-conocera-el-viernes-solicitud-de-medida-de-coercion-a%c2%a8el-abusador-de-bani%c2%a8-alexis-villalona","status":"publish","type":"post","link":"https:\/\/minutocerord.com\/?p=7581","title":{"rendered":"Tribunal conocer\u00e1 el viernes solicitud de medida de coerci\u00f3n a\u00a8El Abusador de Ban\u00ed\u00a8 Alexis Villalona"},"content":{"rendered":"\n<p><strong>PERAVIA.-<\/strong> La Oficina Judicial de Servicios de Atenci\u00f3n Permanente de esta jurisdicci\u00f3n conocer\u00e1 este viernes la solicitud de medida de coerci\u00f3n del Ministerio P\u00fablico, consistente en prisi\u00f3n preventiva, contra Alexis Villalona, imputado de agredir a una mujer\u00a0 en la v\u00eda p\u00fablica.<\/p>\n\n\n\n<p>La coerci\u00f3n se conocer\u00e1 el viernes, a partir de las 9:00 de la ma\u00f1ana, luego de que la Primera Sala de la C\u00e1mara Penal de la Corte de Apelaci\u00f3n del Departamento Judicial de San Crist\u00f3bal rechazara este mi\u00e9rcoles la recusaci\u00f3n presentada por el abogado del encartado Jorge de los Santos contra la jueza Nurys F\u00e9liz Pinales, quien conoce la solicitud de medida de coerci\u00f3n.<\/p>\n","protected":false},"excerpt":{"rendered":"<p>PERAVIA.- La Oficina Judicial de Servicios de Atenci\u00f3n Permanente de esta jurisdicci\u00f3n conocer\u00e1 este viernes la solicitud de medida de coerci\u00f3n del Ministerio P\u00fablico, consistente en prisi\u00f3n preventiva, contra Alexis Villalona, imputado de agredir a una mujer\u00a0 en la v\u00eda p\u00fablica. La coerci\u00f3n se conocer\u00e1 el viernes, a partir de las 9:00 de la ma\u00f1ana, [&hellip;]<\/p>\n","protected":false},"author":1,"featured_media":7582,"comment_status":"open","ping_status":"open","sticky":false,"template":"","format":"standard","meta":{"nf_dc_page":"","jetpack_post_was_ever_published":false,"_jetpack_newsletter_access":"","_jetpack_dont_email_post_to_subs":false,"_jetpack_newsletter_tier_id":0,"_jetpack_memberships_contains_paywalled_content":false,"_jetpack_memberships_contains_paid_content":false,"footnotes":"","jetpack_publicize_message":"","jetpack_publicize_feature_enabled":true,"jetpack_social_post_already_shared":false,"jetpack_social_options":{"image_generator_settings":{"template":"highway","default_image_id":0,"font":"","enabled":false},"version":2}},"categories":[78],"tags":[],"class_list":["post-7581","post","type-post","status-publish","format-standard","has-post-thumbnail","hentry","category-bani"],"yoast_head":"<!-- This site is optimized with the Yoast SEO plugin v27.4 - https:\/\/yoast.com\/product\/yoast-seo-wordpress\/ -->\n<title>Tribunal conocer\u00e1 el viernes solicitud de medida de coerci\u00f3n a\u00a8El Abusador de Ban\u00ed\u00a8 Alexis Villalona - Minuto Cero RD<\/title>\n<meta name=\"robots\" content=\"index, follow, max-snippet:-1, max-image-preview:large, max-video-preview:-1\" \/>\n<link rel=\"canonical\" href=\"http:\/\/minutocerord.com\/?p=7581\" \/>\n<meta property=\"og:locale\" content=\"es_ES\" \/>\n<meta property=\"og:type\" content=\"article\" \/>\n<meta property=\"og:title\" content=\"Tribunal conocer\u00e1 el viernes solicitud de medida de coerci\u00f3n a\u00a8El Abusador de Ban\u00ed\u00a8 Alexis Villalona - Minuto Cero RD\" \/>\n<meta property=\"og:description\" content=\"PERAVIA.- La Oficina Judicial de Servicios de Atenci\u00f3n Permanente de esta jurisdicci\u00f3n conocer\u00e1 este viernes la solicitud de medida de coerci\u00f3n del Ministerio P\u00fablico, consistente en prisi\u00f3n preventiva, contra Alexis Villalona, imputado de agredir a una mujer\u00a0 en la v\u00eda p\u00fablica. La coerci\u00f3n se conocer\u00e1 el viernes, a partir de las 9:00 de la ma\u00f1ana, [&hellip;]\" \/>\n<meta property=\"og:url\" content=\"http:\/\/minutocerord.com\/?p=7581\" \/>\n<meta property=\"og:site_name\" content=\"Minuto Cero RD\" \/>\n<meta property=\"article:publisher\" content=\"https:\/\/www.facebook.com\/Genofnotes\" \/>\n<meta property=\"article:author\" content=\"https:\/\/www.facebook.com\/Genofnotes\" \/>\n<meta property=\"article:published_time\" content=\"2022-01-27T05:02:33+00:00\" \/>\n<meta property=\"article:modified_time\" content=\"2022-01-27T05:02:35+00:00\" \/>\n<meta property=\"og:image\" content=\"https:\/\/i0.wp.com\/minutocerord.com\/wp-content\/uploads\/2022\/01\/El-agresor-de-Bani-Alexis-Villalona.jpg?fit=1400%2C700\" \/>\n\t<meta property=\"og:image:width\" content=\"1400\" \/>\n\t<meta property=\"og:image:height\" content=\"700\" \/>\n\t<meta property=\"og:image:type\" content=\"image\/jpeg\" \/>\n<meta name=\"author\" content=\"Genof\u00f3ntes Urb\u00e1ez\" \/>\n<meta name=\"twitter:card\" content=\"summary_large_image\" \/>\n<meta name=\"twitter:label1\" content=\"Written by\" \/>\n\t<meta name=\"twitter:data1\" content=\"Genof\u00f3ntes Urb\u00e1ez\" \/>\n\t<meta name=\"twitter:label2\" content=\"Est. reading time\" \/>\n\t<meta name=\"twitter:data2\" content=\"1 minuto\" \/>\n<script type=\"application\/ld+json\" class=\"yoast-schema-graph\">{\"@context\":\"https:\\\/\\\/schema.org\",\"@graph\":[{\"@type\":\"Article\",\"@id\":\"http:\\\/\\\/minutocerord.com\\\/?p=7581#article\",\"isPartOf\":{\"@id\":\"http:\\\/\\\/minutocerord.com\\\/?p=7581\"},\"author\":{\"name\":\"Genof\u00f3ntes Urb\u00e1ez\",\"@id\":\"https:\\\/\\\/minutocerord.com\\\/#\\\/schema\\\/person\\\/60b5372d60aaa0a5171fb6488be9aee6\"},\"headline\":\"Tribunal conocer\u00e1 el viernes solicitud de medida de coerci\u00f3n a\u00a8El Abusador de Ban\u00ed\u00a8 Alexis Villalona\",\"datePublished\":\"2022-01-27T05:02:33+00:00\",\"dateModified\":\"2022-01-27T05:02:35+00:00\",\"mainEntityOfPage\":{\"@id\":\"http:\\\/\\\/minutocerord.com\\\/?p=7581\"},\"wordCount\":138,\"commentCount\":0,\"publisher\":{\"@id\":\"https:\\\/\\\/minutocerord.com\\\/#\\\/schema\\\/person\\\/60b5372d60aaa0a5171fb6488be9aee6\"},\"image\":{\"@id\":\"http:\\\/\\\/minutocerord.com\\\/?p=7581#primaryimage\"},\"thumbnailUrl\":\"https:\\\/\\\/i0.wp.com\\\/minutocerord.com\\\/wp-content\\\/uploads\\\/2022\\\/01\\\/El-agresor-de-Bani-Alexis-Villalona.jpg?fit=1400%2C700&ssl=1\",\"articleSection\":[\"Ban\u00ed\"],\"inLanguage\":\"es-DO\",\"potentialAction\":[{\"@type\":\"CommentAction\",\"name\":\"Comment\",\"target\":[\"http:\\\/\\\/minutocerord.com\\\/?p=7581#respond\"]}]},{\"@type\":\"WebPage\",\"@id\":\"http:\\\/\\\/minutocerord.com\\\/?p=7581\",\"url\":\"http:\\\/\\\/minutocerord.com\\\/?p=7581\",\"name\":\"Tribunal conocer\u00e1 el viernes solicitud de medida de coerci\u00f3n a\u00a8El Abusador de Ban\u00ed\u00a8 Alexis Villalona - Minuto Cero RD\",\"isPartOf\":{\"@id\":\"https:\\\/\\\/minutocerord.com\\\/#website\"},\"primaryImageOfPage\":{\"@id\":\"http:\\\/\\\/minutocerord.com\\\/?p=7581#primaryimage\"},\"image\":{\"@id\":\"http:\\\/\\\/minutocerord.com\\\/?p=7581#primaryimage\"},\"thumbnailUrl\":\"https:\\\/\\\/i0.wp.com\\\/minutocerord.com\\\/wp-content\\\/uploads\\\/2022\\\/01\\\/El-agresor-de-Bani-Alexis-Villalona.jpg?fit=1400%2C700&ssl=1\",\"datePublished\":\"2022-01-27T05:02:33+00:00\",\"dateModified\":\"2022-01-27T05:02:35+00:00\",\"breadcrumb\":{\"@id\":\"http:\\\/\\\/minutocerord.com\\\/?p=7581#breadcrumb\"},\"inLanguage\":\"es-DO\",\"potentialAction\":[{\"@type\":\"ReadAction\",\"target\":[\"http:\\\/\\\/minutocerord.com\\\/?p=7581\"]}]},{\"@type\":\"ImageObject\",\"inLanguage\":\"es-DO\",\"@id\":\"http:\\\/\\\/minutocerord.com\\\/?p=7581#primaryimage\",\"url\":\"https:\\\/\\\/i0.wp.com\\\/minutocerord.com\\\/wp-content\\\/uploads\\\/2022\\\/01\\\/El-agresor-de-Bani-Alexis-Villalona.jpg?fit=1400%2C700&ssl=1\",\"contentUrl\":\"https:\\\/\\\/i0.wp.com\\\/minutocerord.com\\\/wp-content\\\/uploads\\\/2022\\\/01\\\/El-agresor-de-Bani-Alexis-Villalona.jpg?fit=1400%2C700&ssl=1\",\"width\":1400,\"height\":700},{\"@type\":\"BreadcrumbList\",\"@id\":\"http:\\\/\\\/minutocerord.com\\\/?p=7581#breadcrumb\",\"itemListElement\":[{\"@type\":\"ListItem\",\"position\":1,\"name\":\"Home\",\"item\":\"https:\\\/\\\/minutocerord.com\\\/\"},{\"@type\":\"ListItem\",\"position\":2,\"name\":\"Tribunal conocer\u00e1 el viernes solicitud de medida de coerci\u00f3n a\u00a8El Abusador de Ban\u00ed\u00a8 Alexis Villalona\"}]},{\"@type\":\"WebSite\",\"@id\":\"https:\\\/\\\/minutocerord.com\\\/#website\",\"url\":\"https:\\\/\\\/minutocerord.com\\\/\",\"name\":\"Minuto Cero RD\",\"description\":\"Periodismo serio y veraz\",\"publisher\":{\"@id\":\"https:\\\/\\\/minutocerord.com\\\/#\\\/schema\\\/person\\\/60b5372d60aaa0a5171fb6488be9aee6\"},\"potentialAction\":[{\"@type\":\"SearchAction\",\"target\":{\"@type\":\"EntryPoint\",\"urlTemplate\":\"https:\\\/\\\/minutocerord.com\\\/?s={search_term_string}\"},\"query-input\":{\"@type\":\"PropertyValueSpecification\",\"valueRequired\":true,\"valueName\":\"search_term_string\"}}],\"inLanguage\":\"es-DO\"},{\"@type\":[\"Person\",\"Organization\"],\"@id\":\"https:\\\/\\\/minutocerord.com\\\/#\\\/schema\\\/person\\\/60b5372d60aaa0a5171fb6488be9aee6\",\"name\":\"Genof\u00f3ntes Urb\u00e1ez\",\"image\":{\"@type\":\"ImageObject\",\"inLanguage\":\"es-DO\",\"@id\":\"https:\\\/\\\/secure.gravatar.com\\\/avatar\\\/a49ef3186a692098ac3e8a1612261e3ad70cf9e44553dff2929e67939a0ecb9d?s=96&d=identicon&r=g\",\"url\":\"https:\\\/\\\/secure.gravatar.com\\\/avatar\\\/a49ef3186a692098ac3e8a1612261e3ad70cf9e44553dff2929e67939a0ecb9d?s=96&d=identicon&r=g\",\"contentUrl\":\"https:\\\/\\\/secure.gravatar.com\\\/avatar\\\/a49ef3186a692098ac3e8a1612261e3ad70cf9e44553dff2929e67939a0ecb9d?s=96&d=identicon&r=g\",\"caption\":\"Genof\u00f3ntes Urb\u00e1ez\"},\"logo\":{\"@id\":\"https:\\\/\\\/secure.gravatar.com\\\/avatar\\\/a49ef3186a692098ac3e8a1612261e3ad70cf9e44553dff2929e67939a0ecb9d?s=96&d=identicon&r=g\"},\"description\":\"Periodista \\\/ Locutor\",\"sameAs\":[\"https:\\\/\\\/www.facebook.com\\\/Genofnotes\",\"https:\\\/\\\/www.instagram.com\\\/genofnotes\\\/\"]}]}<\/script>\n<!-- \/ Yoast SEO plugin. -->","yoast_head_json":{"title":"Tribunal conocer\u00e1 el viernes solicitud de medida de coerci\u00f3n a\u00a8El Abusador de Ban\u00ed\u00a8 Alexis Villalona - Minuto Cero RD","robots":{"index":"index","follow":"follow","max-snippet":"max-snippet:-1","max-image-preview":"max-image-preview:large","max-video-preview":"max-video-preview:-1"},"canonical":"http:\/\/minutocerord.com\/?p=7581","og_locale":"es_ES","og_type":"article","og_title":"Tribunal conocer\u00e1 el viernes solicitud de medida de coerci\u00f3n a\u00a8El Abusador de Ban\u00ed\u00a8 Alexis Villalona - Minuto Cero RD","og_description":"PERAVIA.- La Oficina Judicial de Servicios de Atenci\u00f3n Permanente de esta jurisdicci\u00f3n conocer\u00e1 este viernes la solicitud de medida de coerci\u00f3n del Ministerio P\u00fablico, consistente en prisi\u00f3n preventiva, contra Alexis Villalona, imputado de agredir a una mujer\u00a0 en la v\u00eda p\u00fablica. La coerci\u00f3n se conocer\u00e1 el viernes, a partir de las 9:00 de la ma\u00f1ana, [&hellip;]","og_url":"http:\/\/minutocerord.com\/?p=7581","og_site_name":"Minuto Cero RD","article_publisher":"https:\/\/www.facebook.com\/Genofnotes","article_author":"https:\/\/www.facebook.com\/Genofnotes","article_published_time":"2022-01-27T05:02:33+00:00","article_modified_time":"2022-01-27T05:02:35+00:00","og_image":[{"width":1400,"height":700,"url":"https:\/\/i0.wp.com\/minutocerord.com\/wp-content\/uploads\/2022\/01\/El-agresor-de-Bani-Alexis-Villalona.jpg?fit=1400%2C700","type":"image\/jpeg"}],"author":"Genof\u00f3ntes Urb\u00e1ez","twitter_card":"summary_large_image","twitter_misc":{"Written by":"Genof\u00f3ntes Urb\u00e1ez","Est. reading time":"1 minuto"},"schema":{"@context":"https:\/\/schema.org","@graph":[{"@type":"Article","@id":"http:\/\/minutocerord.com\/?p=7581#article","isPartOf":{"@id":"http:\/\/minutocerord.com\/?p=7581"},"author":{"name":"Genof\u00f3ntes Urb\u00e1ez","@id":"https:\/\/minutocerord.com\/#\/schema\/person\/60b5372d60aaa0a5171fb6488be9aee6"},"headline":"Tribunal conocer\u00e1 el viernes solicitud de medida de coerci\u00f3n a\u00a8El Abusador de Ban\u00ed\u00a8 Alexis Villalona","datePublished":"2022-01-27T05:02:33+00:00","dateModified":"2022-01-27T05:02:35+00:00","mainEntityOfPage":{"@id":"http:\/\/minutocerord.com\/?p=7581"},"wordCount":138,"commentCount":0,"publisher":{"@id":"https:\/\/minutocerord.com\/#\/schema\/person\/60b5372d60aaa0a5171fb6488be9aee6"},"image":{"@id":"http:\/\/minutocerord.com\/?p=7581#primaryimage"},"thumbnailUrl":"https:\/\/i0.wp.com\/minutocerord.com\/wp-content\/uploads\/2022\/01\/El-agresor-de-Bani-Alexis-Villalona.jpg?fit=1400%2C700&ssl=1","articleSection":["Ban\u00ed"],"inLanguage":"es-DO","potentialAction":[{"@type":"CommentAction","name":"Comment","target":["http:\/\/minutocerord.com\/?p=7581#respond"]}]},{"@type":"WebPage","@id":"http:\/\/minutocerord.com\/?p=7581","url":"http:\/\/minutocerord.com\/?p=7581","name":"Tribunal conocer\u00e1 el viernes solicitud de medida de coerci\u00f3n a\u00a8El Abusador de Ban\u00ed\u00a8 Alexis Villalona - Minuto Cero RD","isPartOf":{"@id":"https:\/\/minutocerord.com\/#website"},"primaryImageOfPage":{"@id":"http:\/\/minutocerord.com\/?p=7581#primaryimage"},"image":{"@id":"http:\/\/minutocerord.com\/?p=7581#primaryimage"},"thumbnailUrl":"https:\/\/i0.wp.com\/minutocerord.com\/wp-content\/uploads\/2022\/01\/El-agresor-de-Bani-Alexis-Villalona.jpg?fit=1400%2C700&ssl=1","datePublished":"2022-01-27T05:02:33+00:00","dateModified":"2022-01-27T05:02:35+00:00","breadcrumb":{"@id":"http:\/\/minutocerord.com\/?p=7581#breadcrumb"},"inLanguage":"es-DO","potentialAction":[{"@type":"ReadAction","target":["http:\/\/minutocerord.com\/?p=7581"]}]},{"@type":"ImageObject","inLanguage":"es-DO","@id":"http:\/\/minutocerord.com\/?p=7581#primaryimage","url":"https:\/\/i0.wp.com\/minutocerord.com\/wp-content\/uploads\/2022\/01\/El-agresor-de-Bani-Alexis-Villalona.jpg?fit=1400%2C700&ssl=1","contentUrl":"https:\/\/i0.wp.com\/minutocerord.com\/wp-content\/uploads\/2022\/01\/El-agresor-de-Bani-Alexis-Villalona.jpg?fit=1400%2C700&ssl=1","width":1400,"height":700},{"@type":"BreadcrumbList","@id":"http:\/\/minutocerord.com\/?p=7581#breadcrumb","itemListElement":[{"@type":"ListItem","position":1,"name":"Home","item":"https:\/\/minutocerord.com\/"},{"@type":"ListItem","position":2,"name":"Tribunal conocer\u00e1 el viernes solicitud de medida de coerci\u00f3n a\u00a8El Abusador de Ban\u00ed\u00a8 Alexis Villalona"}]},{"@type":"WebSite","@id":"https:\/\/minutocerord.com\/#website","url":"https:\/\/minutocerord.com\/","name":"Minuto Cero RD","description":"Periodismo serio y veraz","publisher":{"@id":"https:\/\/minutocerord.com\/#\/schema\/person\/60b5372d60aaa0a5171fb6488be9aee6"},"potentialAction":[{"@type":"SearchAction","target":{"@type":"EntryPoint","urlTemplate":"https:\/\/minutocerord.com\/?s={search_term_string}"},"query-input":{"@type":"PropertyValueSpecification","valueRequired":true,"valueName":"search_term_string"}}],"inLanguage":"es-DO"},{"@type":["Person","Organization"],"@id":"https:\/\/minutocerord.com\/#\/schema\/person\/60b5372d60aaa0a5171fb6488be9aee6","name":"Genof\u00f3ntes Urb\u00e1ez","image":{"@type":"ImageObject","inLanguage":"es-DO","@id":"https:\/\/secure.gravatar.com\/avatar\/a49ef3186a692098ac3e8a1612261e3ad70cf9e44553dff2929e67939a0ecb9d?s=96&d=identicon&r=g","url":"https:\/\/secure.gravatar.com\/avatar\/a49ef3186a692098ac3e8a1612261e3ad70cf9e44553dff2929e67939a0ecb9d?s=96&d=identicon&r=g","contentUrl":"https:\/\/secure.gravatar.com\/avatar\/a49ef3186a692098ac3e8a1612261e3ad70cf9e44553dff2929e67939a0ecb9d?s=96&d=identicon&r=g","caption":"Genof\u00f3ntes Urb\u00e1ez"},"logo":{"@id":"https:\/\/secure.gravatar.com\/avatar\/a49ef3186a692098ac3e8a1612261e3ad70cf9e44553dff2929e67939a0ecb9d?s=96&d=identicon&r=g"},"description":"Periodista \/ Locutor","sameAs":["https:\/\/www.facebook.com\/Genofnotes","https:\/\/www.instagram.com\/genofnotes\/"]}]}},"jetpack_publicize_connections":[],"jetpack_featured_media_url":"https:\/\/i0.wp.com\/minutocerord.com\/wp-content\/uploads\/2022\/01\/El-agresor-de-Bani-Alexis-Villalona.jpg?fit=1400%2C700&ssl=1","jetpack-related-posts":[],"jetpack_sharing_enabled":true,"_links":{"self":[{"href":"https:\/\/minutocerord.com\/index.php?rest_route=\/wp\/v2\/posts\/7581","targetHints":{"allow":["GET"]}}],"collection":[{"href":"https:\/\/minutocerord.com\/index.php?rest_route=\/wp\/v2\/posts"}],"about":[{"href":"https:\/\/minutocerord.com\/index.php?rest_route=\/wp\/v2\/types\/post"}],"author":[{"embeddable":true,"href":"https:\/\/minutocerord.com\/index.php?rest_route=\/wp\/v2\/users\/1"}],"replies":[{"embeddable":true,"href":"https:\/\/minutocerord.com\/index.php?rest_route=%2Fwp%2Fv2%2Fcomments&post=7581"}],"version-history":[{"count":1,"href":"https:\/\/minutocerord.com\/index.php?rest_route=\/wp\/v2\/posts\/7581\/revisions"}],"predecessor-version":[{"id":7583,"href":"https:\/\/minutocerord.com\/index.php?rest_route=\/wp\/v2\/posts\/7581\/revisions\/7583"}],"wp:featuredmedia":[{"embeddable":true,"href":"https:\/\/minutocerord.com\/index.php?rest_route=\/wp\/v2\/media\/7582"}],"wp:attachment":[{"href":"https:\/\/minutocerord.com\/index.php?rest_route=%2Fwp%2Fv2%2Fmedia&parent=7581"}],"wp:term":[{"taxonomy":"category","embeddable":true,"href":"https:\/\/minutocerord.com\/index.php?rest_route=%2Fwp%2Fv2%2Fcategories&post=7581"},{"taxonomy":"post_tag","embeddable":true,"href":"https:\/\/minutocerord.com\/index.php?rest_route=%2Fwp%2Fv2%2Ftags&post=7581"}],"curies":[{"name":"wp","href":"https:\/\/api.w.org\/{rel}","templated":true}]}}