{"id":7584,"date":"2022-01-27T01:10:38","date_gmt":"2022-01-27T05:10:38","guid":{"rendered":"https:\/\/minutocerord.com\/?p=7584"},"modified":"2022-01-27T01:14:38","modified_gmt":"2022-01-27T05:14:38","slug":"medio-ambiente-se-querella-contra-coronel-pedro-marte-palave-por-extraer-material-de-una-mina-de-forma-ilegal","status":"publish","type":"post","link":"https:\/\/minutocerord.com\/?p=7584","title":{"rendered":"Medio Ambiente se querella contra coronel por extraer material de una mina de forma ilegal"},"content":{"rendered":"\n<p><strong>Santo Domingo, RD.<\/strong>.- El ministro de Medio Ambiente y Recursos Naturales, Orlando Jorge Mera, se querell\u00f3 contra El\u00edas Marte Palav\u00e9, coronel de la Polic\u00eda Nacional, acusado de extraer de forma ilegal material de agregados de una mina ubicada a menos de 15 metros del margen del Rio Haina en la provincia San Crist\u00f3bal.<\/p>\n\n\n\n<p>La querella fue notificada este martes 25 de enero, ante el magistrado Rigoberto Santana, procurador Especializado para la Defensa del Medio Ambiente&nbsp; y los Recursos Naturales de esa Provincia. La misma sostiene que el 13 del presente mes, miembros del Servicio Nacional de Protecci\u00f3n Ambiental (SENPA), conjuntamente con t\u00e9cnicos de Medio Ambiente se trasladaron hasta la comunidad La Cereza en San Crist\u00f3bal, donde se realizaban diferentes excavaciones y extracci\u00f3n de arena de empa\u00f1ete con equipos pesados, sin poseer los permisos correspondientes.<\/p>\n\n\n\n<p>Bajo el cumplimiento de la Ley 64-00, de Medio Ambiente y Recursos Naturales, los militares y t\u00e9cnicos del Ministerio retuvieron dos retroexcavadoras color amarillo, dos cubetas, color azul conteniendo en su interior aceite&nbsp; hidr\u00e1ulico; dos tanques de 55 galones vac\u00edos, cuatro palas manuales, un filtro de aire y varias herramientas.<\/p>\n\n\n\n<p>Esta extracci\u00f3n afectaba un \u00e1rea de aproximadamente 30 mil metros cuadrados, unas 47.7 tareas de tierra,&nbsp; con una profundidad de unos 7 metros de la capa terrestre.<\/p>\n\n\n\n<p>Al solicitarle los permisos correspondientes que otorga el Ministerio de Medio Ambiente y Recursos Naturales, el coronel Pedro Marte, no los present\u00f3, al tiempo de indicar que era propietario de la mina y su hermano el administrador.<\/p>\n\n\n\n<p>El ministro de Medio Ambiente, Orlando Jorge Mera, de igual forma, envi\u00f3 una notificaci\u00f3n, de la denuncia al director de la Polic\u00eda Nacional, mayor general Eduardo Alberto Then con el inter\u00e9s de que se investigue la conducta de este miembro del orden.<\/p>\n\n\n\n<p>\u201cEs nuestro inter\u00e9s que independientemente de las acciones que hemos realizado en procura de que se establezca la responsabilidad y juzgamiento del Sr. El\u00edas Marte Palave, solicitamos de sus buenos y acostumbrados oficios para que se investigue el comportamiento de este coronel, ya que su actuaci\u00f3n y actividad am\u00e9n de que est\u00e1n tipificadas como delitos ambientales graves, transgrede otras normas procesales\u201d, indic\u00f3 el ministro en la comunicaci\u00f3n enviada.<\/p>\n\n\n\n<p>Estas acciones en perjuicio del medioambiente por parte del coronel Marte, est\u00e1n tipificadas en la Ley 64-00 en los art\u00edculos 14, 15, p\u00e1rrafo V, 16, p\u00e1rrafo XVI, 45,46, 124. 129.164.<\/p>\n","protected":false},"excerpt":{"rendered":"<p>Santo Domingo, RD..- El ministro de Medio Ambiente y Recursos Naturales, Orlando Jorge Mera, se querell\u00f3 contra El\u00edas Marte Palav\u00e9, coronel de la Polic\u00eda Nacional, acusado de extraer de forma ilegal material de agregados de una mina ubicada a menos de 15 metros del margen del Rio Haina en la provincia San Crist\u00f3bal. La querella [&hellip;]<\/p>\n","protected":false},"author":1,"featured_media":7585,"comment_status":"open","ping_status":"open","sticky":false,"template":"","format":"standard","meta":{"nf_dc_page":"","jetpack_post_was_ever_published":false,"_jetpack_newsletter_access":"","_jetpack_dont_email_post_to_subs":false,"_jetpack_newsletter_tier_id":0,"_jetpack_memberships_contains_paywalled_content":false,"_jetpack_memberships_contains_paid_content":false,"footnotes":"","jetpack_publicize_message":"","jetpack_publicize_feature_enabled":true,"jetpack_social_post_already_shared":false,"jetpack_social_options":{"image_generator_settings":{"template":"highway","default_image_id":0,"font":"","enabled":false},"version":2}},"categories":[65],"tags":[],"class_list":["post-7584","post","type-post","status-publish","format-standard","has-post-thumbnail","hentry","category-nacionales"],"yoast_head":"<!-- This site is optimized with the Yoast SEO plugin v27.4 - https:\/\/yoast.com\/product\/yoast-seo-wordpress\/ -->\n<title>Medio Ambiente se querella contra coronel por extraer material de una mina de forma ilegal - Minuto Cero RD<\/title>\n<meta name=\"robots\" content=\"index, follow, max-snippet:-1, max-image-preview:large, max-video-preview:-1\" \/>\n<link rel=\"canonical\" href=\"http:\/\/minutocerord.com\/?p=7584\" \/>\n<meta property=\"og:locale\" content=\"es_ES\" \/>\n<meta property=\"og:type\" content=\"article\" \/>\n<meta property=\"og:title\" content=\"Medio Ambiente se querella contra coronel por extraer material de una mina de forma ilegal - Minuto Cero RD\" \/>\n<meta property=\"og:description\" content=\"Santo Domingo, RD..- El ministro de Medio Ambiente y Recursos Naturales, Orlando Jorge Mera, se querell\u00f3 contra El\u00edas Marte Palav\u00e9, coronel de la Polic\u00eda Nacional, acusado de extraer de forma ilegal material de agregados de una mina ubicada a menos de 15 metros del margen del Rio Haina en la provincia San Crist\u00f3bal. La querella [&hellip;]\" \/>\n<meta property=\"og:url\" content=\"http:\/\/minutocerord.com\/?p=7584\" \/>\n<meta property=\"og:site_name\" content=\"Minuto Cero RD\" \/>\n<meta property=\"article:publisher\" content=\"https:\/\/www.facebook.com\/Genofnotes\" \/>\n<meta property=\"article:author\" content=\"https:\/\/www.facebook.com\/Genofnotes\" \/>\n<meta property=\"article:published_time\" content=\"2022-01-27T05:10:38+00:00\" \/>\n<meta property=\"article:modified_time\" content=\"2022-01-27T05:14:38+00:00\" \/>\n<meta property=\"og:image\" content=\"https:\/\/i0.wp.com\/minutocerord.com\/wp-content\/uploads\/2022\/01\/medio-ambiente-se-querella-contra-coronel-pedro-marte-palave-por-extraer-material-de-una-mina-de-forma-ilegal.jpeg?fit=680%2C413\" \/>\n\t<meta property=\"og:image:width\" content=\"680\" \/>\n\t<meta property=\"og:image:height\" content=\"413\" \/>\n\t<meta property=\"og:image:type\" content=\"image\/jpeg\" \/>\n<meta name=\"author\" content=\"Genof\u00f3ntes Urb\u00e1ez\" \/>\n<meta name=\"twitter:card\" content=\"summary_large_image\" \/>\n<meta name=\"twitter:label1\" content=\"Written by\" \/>\n\t<meta name=\"twitter:data1\" content=\"Genof\u00f3ntes Urb\u00e1ez\" \/>\n\t<meta name=\"twitter:label2\" content=\"Est. reading time\" \/>\n\t<meta name=\"twitter:data2\" content=\"2 minutos\" \/>\n<script type=\"application\/ld+json\" class=\"yoast-schema-graph\">{\"@context\":\"https:\\\/\\\/schema.org\",\"@graph\":[{\"@type\":\"Article\",\"@id\":\"http:\\\/\\\/minutocerord.com\\\/?p=7584#article\",\"isPartOf\":{\"@id\":\"http:\\\/\\\/minutocerord.com\\\/?p=7584\"},\"author\":{\"name\":\"Genof\u00f3ntes Urb\u00e1ez\",\"@id\":\"https:\\\/\\\/minutocerord.com\\\/#\\\/schema\\\/person\\\/60b5372d60aaa0a5171fb6488be9aee6\"},\"headline\":\"Medio Ambiente se querella contra coronel por extraer material de una mina de forma ilegal\",\"datePublished\":\"2022-01-27T05:10:38+00:00\",\"dateModified\":\"2022-01-27T05:14:38+00:00\",\"mainEntityOfPage\":{\"@id\":\"http:\\\/\\\/minutocerord.com\\\/?p=7584\"},\"wordCount\":419,\"commentCount\":0,\"publisher\":{\"@id\":\"https:\\\/\\\/minutocerord.com\\\/#\\\/schema\\\/person\\\/60b5372d60aaa0a5171fb6488be9aee6\"},\"image\":{\"@id\":\"http:\\\/\\\/minutocerord.com\\\/?p=7584#primaryimage\"},\"thumbnailUrl\":\"https:\\\/\\\/i0.wp.com\\\/minutocerord.com\\\/wp-content\\\/uploads\\\/2022\\\/01\\\/medio-ambiente-se-querella-contra-coronel-pedro-marte-palave-por-extraer-material-de-una-mina-de-forma-ilegal.jpeg?fit=680%2C413&ssl=1\",\"articleSection\":[\"Nacionales\"],\"inLanguage\":\"es-DO\",\"potentialAction\":[{\"@type\":\"CommentAction\",\"name\":\"Comment\",\"target\":[\"http:\\\/\\\/minutocerord.com\\\/?p=7584#respond\"]}]},{\"@type\":\"WebPage\",\"@id\":\"http:\\\/\\\/minutocerord.com\\\/?p=7584\",\"url\":\"http:\\\/\\\/minutocerord.com\\\/?p=7584\",\"name\":\"Medio Ambiente se querella contra coronel por extraer material de una mina de forma ilegal - Minuto Cero RD\",\"isPartOf\":{\"@id\":\"https:\\\/\\\/minutocerord.com\\\/#website\"},\"primaryImageOfPage\":{\"@id\":\"http:\\\/\\\/minutocerord.com\\\/?p=7584#primaryimage\"},\"image\":{\"@id\":\"http:\\\/\\\/minutocerord.com\\\/?p=7584#primaryimage\"},\"thumbnailUrl\":\"https:\\\/\\\/i0.wp.com\\\/minutocerord.com\\\/wp-content\\\/uploads\\\/2022\\\/01\\\/medio-ambiente-se-querella-contra-coronel-pedro-marte-palave-por-extraer-material-de-una-mina-de-forma-ilegal.jpeg?fit=680%2C413&ssl=1\",\"datePublished\":\"2022-01-27T05:10:38+00:00\",\"dateModified\":\"2022-01-27T05:14:38+00:00\",\"breadcrumb\":{\"@id\":\"http:\\\/\\\/minutocerord.com\\\/?p=7584#breadcrumb\"},\"inLanguage\":\"es-DO\",\"potentialAction\":[{\"@type\":\"ReadAction\",\"target\":[\"http:\\\/\\\/minutocerord.com\\\/?p=7584\"]}]},{\"@type\":\"ImageObject\",\"inLanguage\":\"es-DO\",\"@id\":\"http:\\\/\\\/minutocerord.com\\\/?p=7584#primaryimage\",\"url\":\"https:\\\/\\\/i0.wp.com\\\/minutocerord.com\\\/wp-content\\\/uploads\\\/2022\\\/01\\\/medio-ambiente-se-querella-contra-coronel-pedro-marte-palave-por-extraer-material-de-una-mina-de-forma-ilegal.jpeg?fit=680%2C413&ssl=1\",\"contentUrl\":\"https:\\\/\\\/i0.wp.com\\\/minutocerord.com\\\/wp-content\\\/uploads\\\/2022\\\/01\\\/medio-ambiente-se-querella-contra-coronel-pedro-marte-palave-por-extraer-material-de-una-mina-de-forma-ilegal.jpeg?fit=680%2C413&ssl=1\",\"width\":680,\"height\":413},{\"@type\":\"BreadcrumbList\",\"@id\":\"http:\\\/\\\/minutocerord.com\\\/?p=7584#breadcrumb\",\"itemListElement\":[{\"@type\":\"ListItem\",\"position\":1,\"name\":\"Home\",\"item\":\"https:\\\/\\\/minutocerord.com\\\/\"},{\"@type\":\"ListItem\",\"position\":2,\"name\":\"Medio Ambiente se querella contra coronel por extraer material de una mina de forma ilegal\"}]},{\"@type\":\"WebSite\",\"@id\":\"https:\\\/\\\/minutocerord.com\\\/#website\",\"url\":\"https:\\\/\\\/minutocerord.com\\\/\",\"name\":\"Minuto Cero RD\",\"description\":\"Periodismo serio y veraz\",\"publisher\":{\"@id\":\"https:\\\/\\\/minutocerord.com\\\/#\\\/schema\\\/person\\\/60b5372d60aaa0a5171fb6488be9aee6\"},\"potentialAction\":[{\"@type\":\"SearchAction\",\"target\":{\"@type\":\"EntryPoint\",\"urlTemplate\":\"https:\\\/\\\/minutocerord.com\\\/?s={search_term_string}\"},\"query-input\":{\"@type\":\"PropertyValueSpecification\",\"valueRequired\":true,\"valueName\":\"search_term_string\"}}],\"inLanguage\":\"es-DO\"},{\"@type\":[\"Person\",\"Organization\"],\"@id\":\"https:\\\/\\\/minutocerord.com\\\/#\\\/schema\\\/person\\\/60b5372d60aaa0a5171fb6488be9aee6\",\"name\":\"Genof\u00f3ntes Urb\u00e1ez\",\"image\":{\"@type\":\"ImageObject\",\"inLanguage\":\"es-DO\",\"@id\":\"https:\\\/\\\/secure.gravatar.com\\\/avatar\\\/a49ef3186a692098ac3e8a1612261e3ad70cf9e44553dff2929e67939a0ecb9d?s=96&d=identicon&r=g\",\"url\":\"https:\\\/\\\/secure.gravatar.com\\\/avatar\\\/a49ef3186a692098ac3e8a1612261e3ad70cf9e44553dff2929e67939a0ecb9d?s=96&d=identicon&r=g\",\"contentUrl\":\"https:\\\/\\\/secure.gravatar.com\\\/avatar\\\/a49ef3186a692098ac3e8a1612261e3ad70cf9e44553dff2929e67939a0ecb9d?s=96&d=identicon&r=g\",\"caption\":\"Genof\u00f3ntes Urb\u00e1ez\"},\"logo\":{\"@id\":\"https:\\\/\\\/secure.gravatar.com\\\/avatar\\\/a49ef3186a692098ac3e8a1612261e3ad70cf9e44553dff2929e67939a0ecb9d?s=96&d=identicon&r=g\"},\"description\":\"Periodista \\\/ Locutor\",\"sameAs\":[\"https:\\\/\\\/www.facebook.com\\\/Genofnotes\",\"https:\\\/\\\/www.instagram.com\\\/genofnotes\\\/\"]}]}<\/script>\n<!-- \/ Yoast SEO plugin. -->","yoast_head_json":{"title":"Medio Ambiente se querella contra coronel por extraer material de una mina de forma ilegal - Minuto Cero RD","robots":{"index":"index","follow":"follow","max-snippet":"max-snippet:-1","max-image-preview":"max-image-preview:large","max-video-preview":"max-video-preview:-1"},"canonical":"http:\/\/minutocerord.com\/?p=7584","og_locale":"es_ES","og_type":"article","og_title":"Medio Ambiente se querella contra coronel por extraer material de una mina de forma ilegal - Minuto Cero RD","og_description":"Santo Domingo, RD..- El ministro de Medio Ambiente y Recursos Naturales, Orlando Jorge Mera, se querell\u00f3 contra El\u00edas Marte Palav\u00e9, coronel de la Polic\u00eda Nacional, acusado de extraer de forma ilegal material de agregados de una mina ubicada a menos de 15 metros del margen del Rio Haina en la provincia San Crist\u00f3bal. La querella [&hellip;]","og_url":"http:\/\/minutocerord.com\/?p=7584","og_site_name":"Minuto Cero RD","article_publisher":"https:\/\/www.facebook.com\/Genofnotes","article_author":"https:\/\/www.facebook.com\/Genofnotes","article_published_time":"2022-01-27T05:10:38+00:00","article_modified_time":"2022-01-27T05:14:38+00:00","og_image":[{"width":680,"height":413,"url":"https:\/\/i0.wp.com\/minutocerord.com\/wp-content\/uploads\/2022\/01\/medio-ambiente-se-querella-contra-coronel-pedro-marte-palave-por-extraer-material-de-una-mina-de-forma-ilegal.jpeg?fit=680%2C413","type":"image\/jpeg"}],"author":"Genof\u00f3ntes Urb\u00e1ez","twitter_card":"summary_large_image","twitter_misc":{"Written by":"Genof\u00f3ntes Urb\u00e1ez","Est. reading time":"2 minutos"},"schema":{"@context":"https:\/\/schema.org","@graph":[{"@type":"Article","@id":"http:\/\/minutocerord.com\/?p=7584#article","isPartOf":{"@id":"http:\/\/minutocerord.com\/?p=7584"},"author":{"name":"Genof\u00f3ntes Urb\u00e1ez","@id":"https:\/\/minutocerord.com\/#\/schema\/person\/60b5372d60aaa0a5171fb6488be9aee6"},"headline":"Medio Ambiente se querella contra coronel por extraer material de una mina de forma ilegal","datePublished":"2022-01-27T05:10:38+00:00","dateModified":"2022-01-27T05:14:38+00:00","mainEntityOfPage":{"@id":"http:\/\/minutocerord.com\/?p=7584"},"wordCount":419,"commentCount":0,"publisher":{"@id":"https:\/\/minutocerord.com\/#\/schema\/person\/60b5372d60aaa0a5171fb6488be9aee6"},"image":{"@id":"http:\/\/minutocerord.com\/?p=7584#primaryimage"},"thumbnailUrl":"https:\/\/i0.wp.com\/minutocerord.com\/wp-content\/uploads\/2022\/01\/medio-ambiente-se-querella-contra-coronel-pedro-marte-palave-por-extraer-material-de-una-mina-de-forma-ilegal.jpeg?fit=680%2C413&ssl=1","articleSection":["Nacionales"],"inLanguage":"es-DO","potentialAction":[{"@type":"CommentAction","name":"Comment","target":["http:\/\/minutocerord.com\/?p=7584#respond"]}]},{"@type":"WebPage","@id":"http:\/\/minutocerord.com\/?p=7584","url":"http:\/\/minutocerord.com\/?p=7584","name":"Medio Ambiente se querella contra coronel por extraer material de una mina de forma ilegal - Minuto Cero RD","isPartOf":{"@id":"https:\/\/minutocerord.com\/#website"},"primaryImageOfPage":{"@id":"http:\/\/minutocerord.com\/?p=7584#primaryimage"},"image":{"@id":"http:\/\/minutocerord.com\/?p=7584#primaryimage"},"thumbnailUrl":"https:\/\/i0.wp.com\/minutocerord.com\/wp-content\/uploads\/2022\/01\/medio-ambiente-se-querella-contra-coronel-pedro-marte-palave-por-extraer-material-de-una-mina-de-forma-ilegal.jpeg?fit=680%2C413&ssl=1","datePublished":"2022-01-27T05:10:38+00:00","dateModified":"2022-01-27T05:14:38+00:00","breadcrumb":{"@id":"http:\/\/minutocerord.com\/?p=7584#breadcrumb"},"inLanguage":"es-DO","potentialAction":[{"@type":"ReadAction","target":["http:\/\/minutocerord.com\/?p=7584"]}]},{"@type":"ImageObject","inLanguage":"es-DO","@id":"http:\/\/minutocerord.com\/?p=7584#primaryimage","url":"https:\/\/i0.wp.com\/minutocerord.com\/wp-content\/uploads\/2022\/01\/medio-ambiente-se-querella-contra-coronel-pedro-marte-palave-por-extraer-material-de-una-mina-de-forma-ilegal.jpeg?fit=680%2C413&ssl=1","contentUrl":"https:\/\/i0.wp.com\/minutocerord.com\/wp-content\/uploads\/2022\/01\/medio-ambiente-se-querella-contra-coronel-pedro-marte-palave-por-extraer-material-de-una-mina-de-forma-ilegal.jpeg?fit=680%2C413&ssl=1","width":680,"height":413},{"@type":"BreadcrumbList","@id":"http:\/\/minutocerord.com\/?p=7584#breadcrumb","itemListElement":[{"@type":"ListItem","position":1,"name":"Home","item":"https:\/\/minutocerord.com\/"},{"@type":"ListItem","position":2,"name":"Medio Ambiente se querella contra coronel por extraer material de una mina de forma ilegal"}]},{"@type":"WebSite","@id":"https:\/\/minutocerord.com\/#website","url":"https:\/\/minutocerord.com\/","name":"Minuto Cero RD","description":"Periodismo serio y veraz","publisher":{"@id":"https:\/\/minutocerord.com\/#\/schema\/person\/60b5372d60aaa0a5171fb6488be9aee6"},"potentialAction":[{"@type":"SearchAction","target":{"@type":"EntryPoint","urlTemplate":"https:\/\/minutocerord.com\/?s={search_term_string}"},"query-input":{"@type":"PropertyValueSpecification","valueRequired":true,"valueName":"search_term_string"}}],"inLanguage":"es-DO"},{"@type":["Person","Organization"],"@id":"https:\/\/minutocerord.com\/#\/schema\/person\/60b5372d60aaa0a5171fb6488be9aee6","name":"Genof\u00f3ntes Urb\u00e1ez","image":{"@type":"ImageObject","inLanguage":"es-DO","@id":"https:\/\/secure.gravatar.com\/avatar\/a49ef3186a692098ac3e8a1612261e3ad70cf9e44553dff2929e67939a0ecb9d?s=96&d=identicon&r=g","url":"https:\/\/secure.gravatar.com\/avatar\/a49ef3186a692098ac3e8a1612261e3ad70cf9e44553dff2929e67939a0ecb9d?s=96&d=identicon&r=g","contentUrl":"https:\/\/secure.gravatar.com\/avatar\/a49ef3186a692098ac3e8a1612261e3ad70cf9e44553dff2929e67939a0ecb9d?s=96&d=identicon&r=g","caption":"Genof\u00f3ntes Urb\u00e1ez"},"logo":{"@id":"https:\/\/secure.gravatar.com\/avatar\/a49ef3186a692098ac3e8a1612261e3ad70cf9e44553dff2929e67939a0ecb9d?s=96&d=identicon&r=g"},"description":"Periodista \/ Locutor","sameAs":["https:\/\/www.facebook.com\/Genofnotes","https:\/\/www.instagram.com\/genofnotes\/"]}]}},"jetpack_publicize_connections":[],"jetpack_featured_media_url":"https:\/\/i0.wp.com\/minutocerord.com\/wp-content\/uploads\/2022\/01\/medio-ambiente-se-querella-contra-coronel-pedro-marte-palave-por-extraer-material-de-una-mina-de-forma-ilegal.jpeg?fit=680%2C413&ssl=1","jetpack-related-posts":[],"jetpack_sharing_enabled":true,"_links":{"self":[{"href":"https:\/\/minutocerord.com\/index.php?rest_route=\/wp\/v2\/posts\/7584","targetHints":{"allow":["GET"]}}],"collection":[{"href":"https:\/\/minutocerord.com\/index.php?rest_route=\/wp\/v2\/posts"}],"about":[{"href":"https:\/\/minutocerord.com\/index.php?rest_route=\/wp\/v2\/types\/post"}],"author":[{"embeddable":true,"href":"https:\/\/minutocerord.com\/index.php?rest_route=\/wp\/v2\/users\/1"}],"replies":[{"embeddable":true,"href":"https:\/\/minutocerord.com\/index.php?rest_route=%2Fwp%2Fv2%2Fcomments&post=7584"}],"version-history":[{"count":2,"href":"https:\/\/minutocerord.com\/index.php?rest_route=\/wp\/v2\/posts\/7584\/revisions"}],"predecessor-version":[{"id":7587,"href":"https:\/\/minutocerord.com\/index.php?rest_route=\/wp\/v2\/posts\/7584\/revisions\/7587"}],"wp:featuredmedia":[{"embeddable":true,"href":"https:\/\/minutocerord.com\/index.php?rest_route=\/wp\/v2\/media\/7585"}],"wp:attachment":[{"href":"https:\/\/minutocerord.com\/index.php?rest_route=%2Fwp%2Fv2%2Fmedia&parent=7584"}],"wp:term":[{"taxonomy":"category","embeddable":true,"href":"https:\/\/minutocerord.com\/index.php?rest_route=%2Fwp%2Fv2%2Fcategories&post=7584"},{"taxonomy":"post_tag","embeddable":true,"href":"https:\/\/minutocerord.com\/index.php?rest_route=%2Fwp%2Fv2%2Ftags&post=7584"}],"curies":[{"name":"wp","href":"https:\/\/api.w.org\/{rel}","templated":true}]}}