{"id":7592,"date":"2022-01-27T03:59:53","date_gmt":"2022-01-27T07:59:53","guid":{"rendered":"https:\/\/minutocerord.com\/?p=7592"},"modified":"2022-01-27T05:33:03","modified_gmt":"2022-01-27T09:33:03","slug":"migracion-y-el-ejercito-detienen-135-haitianos-indocumentados-en-dajabon","status":"publish","type":"post","link":"https:\/\/minutocerord.com\/?p=7592","title":{"rendered":"Migraci\u00f3n y el Ej\u00e9rcito detienen 135 haitianos indocumentados en Dajab\u00f3n"},"content":{"rendered":"\n<p><strong>Dajab\u00f3n.-<\/strong> Miembros de la Direcci\u00f3n General de Migraci\u00f3n y el Ej\u00e9rcito Dominicano detuvieron 135 haitianos indocumentados mediante labores de interdicci\u00f3n en los puestos de chequeo militares\u00a0 donde est\u00e1n apostados los miembros del d\u00e9cimo Batall\u00f3n infanter\u00eda de esta instituci\u00f3n con asiento en esta provincia fronteriza.<\/p>\n\n\n\n<p>Los extranjeros en condiciones migratoria irregular para estar en el pais, fueron detenidos en los puestos de chequeo de Santiago de la Cruz, Don Miguel Ca\u00f1ongo, Copey, el Puente y las Matas de Santa Cruz.<\/p>\n\n\n\n<p>De los detenidos fueron 115 hombres y 20 f\u00e9minas, quienes fueron llevados hacia el centro de albergue donde son depurados antes de proceder a deportarlos por el puente fronterizo entre Juana M\u00e9ndez y esta ciudad.<\/p>\n","protected":false},"excerpt":{"rendered":"<p>Dajab\u00f3n.- Miembros de la Direcci\u00f3n General de Migraci\u00f3n y el Ej\u00e9rcito Dominicano detuvieron 135 haitianos indocumentados mediante labores de interdicci\u00f3n en los puestos de chequeo militares\u00a0 donde est\u00e1n apostados los miembros del d\u00e9cimo Batall\u00f3n infanter\u00eda de esta instituci\u00f3n con asiento en esta provincia fronteriza. Los extranjeros en condiciones migratoria irregular para estar en el pais, [&hellip;]<\/p>\n","protected":false},"author":1,"featured_media":7593,"comment_status":"open","ping_status":"open","sticky":false,"template":"","format":"standard","meta":{"nf_dc_page":"","jetpack_post_was_ever_published":false,"_jetpack_newsletter_access":"","_jetpack_dont_email_post_to_subs":false,"_jetpack_newsletter_tier_id":0,"_jetpack_memberships_contains_paywalled_content":false,"_jetpack_memberships_contains_paid_content":false,"footnotes":"","jetpack_publicize_message":"","jetpack_publicize_feature_enabled":true,"jetpack_social_post_already_shared":false,"jetpack_social_options":{"image_generator_settings":{"template":"highway","default_image_id":0,"font":"","enabled":false},"version":2}},"categories":[91],"tags":[],"class_list":["post-7592","post","type-post","status-publish","format-standard","has-post-thumbnail","hentry","category-provincia"],"yoast_head":"<!-- This site is optimized with the Yoast SEO plugin v27.4 - https:\/\/yoast.com\/product\/yoast-seo-wordpress\/ -->\n<title>Migraci\u00f3n y el Ej\u00e9rcito detienen 135 haitianos indocumentados en Dajab\u00f3n - Minuto Cero RD<\/title>\n<meta name=\"robots\" content=\"index, follow, max-snippet:-1, max-image-preview:large, max-video-preview:-1\" \/>\n<link rel=\"canonical\" href=\"http:\/\/minutocerord.com\/?p=7592\" \/>\n<meta property=\"og:locale\" content=\"es_ES\" \/>\n<meta property=\"og:type\" content=\"article\" \/>\n<meta property=\"og:title\" content=\"Migraci\u00f3n y el Ej\u00e9rcito detienen 135 haitianos indocumentados en Dajab\u00f3n - Minuto Cero RD\" \/>\n<meta property=\"og:description\" content=\"Dajab\u00f3n.- Miembros de la Direcci\u00f3n General de Migraci\u00f3n y el Ej\u00e9rcito Dominicano detuvieron 135 haitianos indocumentados mediante labores de interdicci\u00f3n en los puestos de chequeo militares\u00a0 donde est\u00e1n apostados los miembros del d\u00e9cimo Batall\u00f3n infanter\u00eda de esta instituci\u00f3n con asiento en esta provincia fronteriza. Los extranjeros en condiciones migratoria irregular para estar en el pais, [&hellip;]\" \/>\n<meta property=\"og:url\" content=\"http:\/\/minutocerord.com\/?p=7592\" \/>\n<meta property=\"og:site_name\" content=\"Minuto Cero RD\" \/>\n<meta property=\"article:publisher\" content=\"https:\/\/www.facebook.com\/Genofnotes\" \/>\n<meta property=\"article:author\" content=\"https:\/\/www.facebook.com\/Genofnotes\" \/>\n<meta property=\"article:published_time\" content=\"2022-01-27T07:59:53+00:00\" \/>\n<meta property=\"article:modified_time\" content=\"2022-01-27T09:33:03+00:00\" \/>\n<meta property=\"og:image\" content=\"https:\/\/i0.wp.com\/minutocerord.com\/wp-content\/uploads\/2022\/01\/c32647a4-whatsapp-image-2022-01-26-at-8-24-17-pm-61f1fe05c8276-640x288-1.jpeg?fit=640%2C288\" \/>\n\t<meta property=\"og:image:width\" content=\"640\" \/>\n\t<meta property=\"og:image:height\" content=\"288\" \/>\n\t<meta property=\"og:image:type\" content=\"image\/jpeg\" \/>\n<meta name=\"author\" content=\"Genof\u00f3ntes Urb\u00e1ez\" \/>\n<meta name=\"twitter:card\" content=\"summary_large_image\" \/>\n<meta name=\"twitter:label1\" content=\"Written by\" \/>\n\t<meta name=\"twitter:data1\" content=\"Genof\u00f3ntes Urb\u00e1ez\" \/>\n\t<meta name=\"twitter:label2\" content=\"Est. reading time\" \/>\n\t<meta name=\"twitter:data2\" content=\"1 minuto\" \/>\n<script type=\"application\/ld+json\" class=\"yoast-schema-graph\">{\"@context\":\"https:\\\/\\\/schema.org\",\"@graph\":[{\"@type\":\"Article\",\"@id\":\"http:\\\/\\\/minutocerord.com\\\/?p=7592#article\",\"isPartOf\":{\"@id\":\"http:\\\/\\\/minutocerord.com\\\/?p=7592\"},\"author\":{\"name\":\"Genof\u00f3ntes Urb\u00e1ez\",\"@id\":\"https:\\\/\\\/minutocerord.com\\\/#\\\/schema\\\/person\\\/60b5372d60aaa0a5171fb6488be9aee6\"},\"headline\":\"Migraci\u00f3n y el Ej\u00e9rcito detienen 135 haitianos indocumentados en Dajab\u00f3n\",\"datePublished\":\"2022-01-27T07:59:53+00:00\",\"dateModified\":\"2022-01-27T09:33:03+00:00\",\"mainEntityOfPage\":{\"@id\":\"http:\\\/\\\/minutocerord.com\\\/?p=7592\"},\"wordCount\":137,\"commentCount\":0,\"publisher\":{\"@id\":\"https:\\\/\\\/minutocerord.com\\\/#\\\/schema\\\/person\\\/60b5372d60aaa0a5171fb6488be9aee6\"},\"image\":{\"@id\":\"http:\\\/\\\/minutocerord.com\\\/?p=7592#primaryimage\"},\"thumbnailUrl\":\"https:\\\/\\\/i0.wp.com\\\/minutocerord.com\\\/wp-content\\\/uploads\\\/2022\\\/01\\\/c32647a4-whatsapp-image-2022-01-26-at-8-24-17-pm-61f1fe05c8276-640x288-1.jpeg?fit=640%2C288&ssl=1\",\"articleSection\":[\"Provincia\"],\"inLanguage\":\"es-DO\",\"potentialAction\":[{\"@type\":\"CommentAction\",\"name\":\"Comment\",\"target\":[\"http:\\\/\\\/minutocerord.com\\\/?p=7592#respond\"]}]},{\"@type\":\"WebPage\",\"@id\":\"http:\\\/\\\/minutocerord.com\\\/?p=7592\",\"url\":\"http:\\\/\\\/minutocerord.com\\\/?p=7592\",\"name\":\"Migraci\u00f3n y el Ej\u00e9rcito detienen 135 haitianos indocumentados en Dajab\u00f3n - Minuto Cero RD\",\"isPartOf\":{\"@id\":\"https:\\\/\\\/minutocerord.com\\\/#website\"},\"primaryImageOfPage\":{\"@id\":\"http:\\\/\\\/minutocerord.com\\\/?p=7592#primaryimage\"},\"image\":{\"@id\":\"http:\\\/\\\/minutocerord.com\\\/?p=7592#primaryimage\"},\"thumbnailUrl\":\"https:\\\/\\\/i0.wp.com\\\/minutocerord.com\\\/wp-content\\\/uploads\\\/2022\\\/01\\\/c32647a4-whatsapp-image-2022-01-26-at-8-24-17-pm-61f1fe05c8276-640x288-1.jpeg?fit=640%2C288&ssl=1\",\"datePublished\":\"2022-01-27T07:59:53+00:00\",\"dateModified\":\"2022-01-27T09:33:03+00:00\",\"breadcrumb\":{\"@id\":\"http:\\\/\\\/minutocerord.com\\\/?p=7592#breadcrumb\"},\"inLanguage\":\"es-DO\",\"potentialAction\":[{\"@type\":\"ReadAction\",\"target\":[\"http:\\\/\\\/minutocerord.com\\\/?p=7592\"]}]},{\"@type\":\"ImageObject\",\"inLanguage\":\"es-DO\",\"@id\":\"http:\\\/\\\/minutocerord.com\\\/?p=7592#primaryimage\",\"url\":\"https:\\\/\\\/i0.wp.com\\\/minutocerord.com\\\/wp-content\\\/uploads\\\/2022\\\/01\\\/c32647a4-whatsapp-image-2022-01-26-at-8-24-17-pm-61f1fe05c8276-640x288-1.jpeg?fit=640%2C288&ssl=1\",\"contentUrl\":\"https:\\\/\\\/i0.wp.com\\\/minutocerord.com\\\/wp-content\\\/uploads\\\/2022\\\/01\\\/c32647a4-whatsapp-image-2022-01-26-at-8-24-17-pm-61f1fe05c8276-640x288-1.jpeg?fit=640%2C288&ssl=1\",\"width\":640,\"height\":288},{\"@type\":\"BreadcrumbList\",\"@id\":\"http:\\\/\\\/minutocerord.com\\\/?p=7592#breadcrumb\",\"itemListElement\":[{\"@type\":\"ListItem\",\"position\":1,\"name\":\"Home\",\"item\":\"https:\\\/\\\/minutocerord.com\\\/\"},{\"@type\":\"ListItem\",\"position\":2,\"name\":\"Migraci\u00f3n y el Ej\u00e9rcito detienen 135 haitianos indocumentados en Dajab\u00f3n\"}]},{\"@type\":\"WebSite\",\"@id\":\"https:\\\/\\\/minutocerord.com\\\/#website\",\"url\":\"https:\\\/\\\/minutocerord.com\\\/\",\"name\":\"Minuto Cero RD\",\"description\":\"Periodismo serio y veraz\",\"publisher\":{\"@id\":\"https:\\\/\\\/minutocerord.com\\\/#\\\/schema\\\/person\\\/60b5372d60aaa0a5171fb6488be9aee6\"},\"potentialAction\":[{\"@type\":\"SearchAction\",\"target\":{\"@type\":\"EntryPoint\",\"urlTemplate\":\"https:\\\/\\\/minutocerord.com\\\/?s={search_term_string}\"},\"query-input\":{\"@type\":\"PropertyValueSpecification\",\"valueRequired\":true,\"valueName\":\"search_term_string\"}}],\"inLanguage\":\"es-DO\"},{\"@type\":[\"Person\",\"Organization\"],\"@id\":\"https:\\\/\\\/minutocerord.com\\\/#\\\/schema\\\/person\\\/60b5372d60aaa0a5171fb6488be9aee6\",\"name\":\"Genof\u00f3ntes Urb\u00e1ez\",\"image\":{\"@type\":\"ImageObject\",\"inLanguage\":\"es-DO\",\"@id\":\"https:\\\/\\\/secure.gravatar.com\\\/avatar\\\/a49ef3186a692098ac3e8a1612261e3ad70cf9e44553dff2929e67939a0ecb9d?s=96&d=identicon&r=g\",\"url\":\"https:\\\/\\\/secure.gravatar.com\\\/avatar\\\/a49ef3186a692098ac3e8a1612261e3ad70cf9e44553dff2929e67939a0ecb9d?s=96&d=identicon&r=g\",\"contentUrl\":\"https:\\\/\\\/secure.gravatar.com\\\/avatar\\\/a49ef3186a692098ac3e8a1612261e3ad70cf9e44553dff2929e67939a0ecb9d?s=96&d=identicon&r=g\",\"caption\":\"Genof\u00f3ntes Urb\u00e1ez\"},\"logo\":{\"@id\":\"https:\\\/\\\/secure.gravatar.com\\\/avatar\\\/a49ef3186a692098ac3e8a1612261e3ad70cf9e44553dff2929e67939a0ecb9d?s=96&d=identicon&r=g\"},\"description\":\"Periodista \\\/ Locutor\",\"sameAs\":[\"https:\\\/\\\/www.facebook.com\\\/Genofnotes\",\"https:\\\/\\\/www.instagram.com\\\/genofnotes\\\/\"]}]}<\/script>\n<!-- \/ Yoast SEO plugin. -->","yoast_head_json":{"title":"Migraci\u00f3n y el Ej\u00e9rcito detienen 135 haitianos indocumentados en Dajab\u00f3n - Minuto Cero RD","robots":{"index":"index","follow":"follow","max-snippet":"max-snippet:-1","max-image-preview":"max-image-preview:large","max-video-preview":"max-video-preview:-1"},"canonical":"http:\/\/minutocerord.com\/?p=7592","og_locale":"es_ES","og_type":"article","og_title":"Migraci\u00f3n y el Ej\u00e9rcito detienen 135 haitianos indocumentados en Dajab\u00f3n - Minuto Cero RD","og_description":"Dajab\u00f3n.- Miembros de la Direcci\u00f3n General de Migraci\u00f3n y el Ej\u00e9rcito Dominicano detuvieron 135 haitianos indocumentados mediante labores de interdicci\u00f3n en los puestos de chequeo militares\u00a0 donde est\u00e1n apostados los miembros del d\u00e9cimo Batall\u00f3n infanter\u00eda de esta instituci\u00f3n con asiento en esta provincia fronteriza. Los extranjeros en condiciones migratoria irregular para estar en el pais, [&hellip;]","og_url":"http:\/\/minutocerord.com\/?p=7592","og_site_name":"Minuto Cero RD","article_publisher":"https:\/\/www.facebook.com\/Genofnotes","article_author":"https:\/\/www.facebook.com\/Genofnotes","article_published_time":"2022-01-27T07:59:53+00:00","article_modified_time":"2022-01-27T09:33:03+00:00","og_image":[{"width":640,"height":288,"url":"https:\/\/i0.wp.com\/minutocerord.com\/wp-content\/uploads\/2022\/01\/c32647a4-whatsapp-image-2022-01-26-at-8-24-17-pm-61f1fe05c8276-640x288-1.jpeg?fit=640%2C288","type":"image\/jpeg"}],"author":"Genof\u00f3ntes Urb\u00e1ez","twitter_card":"summary_large_image","twitter_misc":{"Written by":"Genof\u00f3ntes Urb\u00e1ez","Est. reading time":"1 minuto"},"schema":{"@context":"https:\/\/schema.org","@graph":[{"@type":"Article","@id":"http:\/\/minutocerord.com\/?p=7592#article","isPartOf":{"@id":"http:\/\/minutocerord.com\/?p=7592"},"author":{"name":"Genof\u00f3ntes Urb\u00e1ez","@id":"https:\/\/minutocerord.com\/#\/schema\/person\/60b5372d60aaa0a5171fb6488be9aee6"},"headline":"Migraci\u00f3n y el Ej\u00e9rcito detienen 135 haitianos indocumentados en Dajab\u00f3n","datePublished":"2022-01-27T07:59:53+00:00","dateModified":"2022-01-27T09:33:03+00:00","mainEntityOfPage":{"@id":"http:\/\/minutocerord.com\/?p=7592"},"wordCount":137,"commentCount":0,"publisher":{"@id":"https:\/\/minutocerord.com\/#\/schema\/person\/60b5372d60aaa0a5171fb6488be9aee6"},"image":{"@id":"http:\/\/minutocerord.com\/?p=7592#primaryimage"},"thumbnailUrl":"https:\/\/i0.wp.com\/minutocerord.com\/wp-content\/uploads\/2022\/01\/c32647a4-whatsapp-image-2022-01-26-at-8-24-17-pm-61f1fe05c8276-640x288-1.jpeg?fit=640%2C288&ssl=1","articleSection":["Provincia"],"inLanguage":"es-DO","potentialAction":[{"@type":"CommentAction","name":"Comment","target":["http:\/\/minutocerord.com\/?p=7592#respond"]}]},{"@type":"WebPage","@id":"http:\/\/minutocerord.com\/?p=7592","url":"http:\/\/minutocerord.com\/?p=7592","name":"Migraci\u00f3n y el Ej\u00e9rcito detienen 135 haitianos indocumentados en Dajab\u00f3n - Minuto Cero RD","isPartOf":{"@id":"https:\/\/minutocerord.com\/#website"},"primaryImageOfPage":{"@id":"http:\/\/minutocerord.com\/?p=7592#primaryimage"},"image":{"@id":"http:\/\/minutocerord.com\/?p=7592#primaryimage"},"thumbnailUrl":"https:\/\/i0.wp.com\/minutocerord.com\/wp-content\/uploads\/2022\/01\/c32647a4-whatsapp-image-2022-01-26-at-8-24-17-pm-61f1fe05c8276-640x288-1.jpeg?fit=640%2C288&ssl=1","datePublished":"2022-01-27T07:59:53+00:00","dateModified":"2022-01-27T09:33:03+00:00","breadcrumb":{"@id":"http:\/\/minutocerord.com\/?p=7592#breadcrumb"},"inLanguage":"es-DO","potentialAction":[{"@type":"ReadAction","target":["http:\/\/minutocerord.com\/?p=7592"]}]},{"@type":"ImageObject","inLanguage":"es-DO","@id":"http:\/\/minutocerord.com\/?p=7592#primaryimage","url":"https:\/\/i0.wp.com\/minutocerord.com\/wp-content\/uploads\/2022\/01\/c32647a4-whatsapp-image-2022-01-26-at-8-24-17-pm-61f1fe05c8276-640x288-1.jpeg?fit=640%2C288&ssl=1","contentUrl":"https:\/\/i0.wp.com\/minutocerord.com\/wp-content\/uploads\/2022\/01\/c32647a4-whatsapp-image-2022-01-26-at-8-24-17-pm-61f1fe05c8276-640x288-1.jpeg?fit=640%2C288&ssl=1","width":640,"height":288},{"@type":"BreadcrumbList","@id":"http:\/\/minutocerord.com\/?p=7592#breadcrumb","itemListElement":[{"@type":"ListItem","position":1,"name":"Home","item":"https:\/\/minutocerord.com\/"},{"@type":"ListItem","position":2,"name":"Migraci\u00f3n y el Ej\u00e9rcito detienen 135 haitianos indocumentados en Dajab\u00f3n"}]},{"@type":"WebSite","@id":"https:\/\/minutocerord.com\/#website","url":"https:\/\/minutocerord.com\/","name":"Minuto Cero RD","description":"Periodismo serio y veraz","publisher":{"@id":"https:\/\/minutocerord.com\/#\/schema\/person\/60b5372d60aaa0a5171fb6488be9aee6"},"potentialAction":[{"@type":"SearchAction","target":{"@type":"EntryPoint","urlTemplate":"https:\/\/minutocerord.com\/?s={search_term_string}"},"query-input":{"@type":"PropertyValueSpecification","valueRequired":true,"valueName":"search_term_string"}}],"inLanguage":"es-DO"},{"@type":["Person","Organization"],"@id":"https:\/\/minutocerord.com\/#\/schema\/person\/60b5372d60aaa0a5171fb6488be9aee6","name":"Genof\u00f3ntes Urb\u00e1ez","image":{"@type":"ImageObject","inLanguage":"es-DO","@id":"https:\/\/secure.gravatar.com\/avatar\/a49ef3186a692098ac3e8a1612261e3ad70cf9e44553dff2929e67939a0ecb9d?s=96&d=identicon&r=g","url":"https:\/\/secure.gravatar.com\/avatar\/a49ef3186a692098ac3e8a1612261e3ad70cf9e44553dff2929e67939a0ecb9d?s=96&d=identicon&r=g","contentUrl":"https:\/\/secure.gravatar.com\/avatar\/a49ef3186a692098ac3e8a1612261e3ad70cf9e44553dff2929e67939a0ecb9d?s=96&d=identicon&r=g","caption":"Genof\u00f3ntes Urb\u00e1ez"},"logo":{"@id":"https:\/\/secure.gravatar.com\/avatar\/a49ef3186a692098ac3e8a1612261e3ad70cf9e44553dff2929e67939a0ecb9d?s=96&d=identicon&r=g"},"description":"Periodista \/ Locutor","sameAs":["https:\/\/www.facebook.com\/Genofnotes","https:\/\/www.instagram.com\/genofnotes\/"]}]}},"jetpack_publicize_connections":[],"jetpack_featured_media_url":"https:\/\/i0.wp.com\/minutocerord.com\/wp-content\/uploads\/2022\/01\/c32647a4-whatsapp-image-2022-01-26-at-8-24-17-pm-61f1fe05c8276-640x288-1.jpeg?fit=640%2C288&ssl=1","jetpack-related-posts":[],"jetpack_sharing_enabled":true,"_links":{"self":[{"href":"https:\/\/minutocerord.com\/index.php?rest_route=\/wp\/v2\/posts\/7592","targetHints":{"allow":["GET"]}}],"collection":[{"href":"https:\/\/minutocerord.com\/index.php?rest_route=\/wp\/v2\/posts"}],"about":[{"href":"https:\/\/minutocerord.com\/index.php?rest_route=\/wp\/v2\/types\/post"}],"author":[{"embeddable":true,"href":"https:\/\/minutocerord.com\/index.php?rest_route=\/wp\/v2\/users\/1"}],"replies":[{"embeddable":true,"href":"https:\/\/minutocerord.com\/index.php?rest_route=%2Fwp%2Fv2%2Fcomments&post=7592"}],"version-history":[{"count":3,"href":"https:\/\/minutocerord.com\/index.php?rest_route=\/wp\/v2\/posts\/7592\/revisions"}],"predecessor-version":[{"id":7599,"href":"https:\/\/minutocerord.com\/index.php?rest_route=\/wp\/v2\/posts\/7592\/revisions\/7599"}],"wp:featuredmedia":[{"embeddable":true,"href":"https:\/\/minutocerord.com\/index.php?rest_route=\/wp\/v2\/media\/7593"}],"wp:attachment":[{"href":"https:\/\/minutocerord.com\/index.php?rest_route=%2Fwp%2Fv2%2Fmedia&parent=7592"}],"wp:term":[{"taxonomy":"category","embeddable":true,"href":"https:\/\/minutocerord.com\/index.php?rest_route=%2Fwp%2Fv2%2Fcategories&post=7592"},{"taxonomy":"post_tag","embeddable":true,"href":"https:\/\/minutocerord.com\/index.php?rest_route=%2Fwp%2Fv2%2Ftags&post=7592"}],"curies":[{"name":"wp","href":"https:\/\/api.w.org\/{rel}","templated":true}]}}