{"id":7595,"date":"2022-01-27T05:23:59","date_gmt":"2022-01-27T09:23:59","guid":{"rendered":"https:\/\/minutocerord.com\/?p=7595"},"modified":"2022-01-27T05:24:02","modified_gmt":"2022-01-27T09:24:02","slug":"migracion-dice-gobierno-rd-otorgara-estatus-legal-a-haitianos","status":"publish","type":"post","link":"https:\/\/minutocerord.com\/?p=7595","title":{"rendered":"Migraci\u00f3n dice: Gobierno RD otorgar\u00e1 estatus legal a haitianos"},"content":{"rendered":"\n<figure class=\"wp-block-embed is-type-video is-provider-youtube wp-block-embed-youtube wp-embed-aspect-16-9 wp-has-aspect-ratio\"><div class=\"wp-block-embed__wrapper\">\n<iframe loading=\"lazy\" title=\"Enrique Garc\u00eda: Gobierno dominicano otorgar\u00e1 estatus legal a haitianos\" width=\"640\" height=\"360\" src=\"https:\/\/www.youtube.com\/embed\/rdwPVIfJc_4?feature=oembed\" frameborder=\"0\" allow=\"accelerometer; autoplay; clipboard-write; encrypted-media; gyroscope; picture-in-picture; web-share\" referrerpolicy=\"strict-origin-when-cross-origin\" allowfullscreen><\/iframe>\n<\/div><\/figure>\n\n\n\n<p><strong>SANTO DOMINGO.-<\/strong>\u00a0El\u00a0director de Migraci\u00f3n\u00a0 inform\u00f3 este mi\u00e9rcoles que en los pr\u00f3ximos d\u00edas el\u00a0Gobierno\u00a0anunciar\u00e1 un plan de registro que busca\u00a0otorgar\u00a0estatus\u00a0legal\u00a0a\u00a0nacionales\u00a0haitianos.<\/p>\n\n\n\n<p>\u201cEste que se va anunciar pr\u00f3ximamente si te va dar un estatus legal. Usted tiene 10 nacionales haitianos trabajando en su finca, construcci\u00f3n, le vamos a dar la posibilidad, cumpliendo una serie de requisitos, de que usted los registre en Migraci\u00f3n, un contrato para cada uno\u201d, indic\u00f3 Enrique Garc\u00eda.<\/p>\n\n\n\n<p>Entrevistado&nbsp;en el programa HOY Mismo, dijo que se trata de un plan de registro y la \u00fanica diferencia es que cada uno de esos haitianos va a tener un contrato, que anteriormente no&nbsp; ten\u00edan.<\/p>\n\n\n\n<p>El funcionario dijo que dicho plan tambi\u00e9n contempla que el empleador de esos trabajadores tendr\u00e1 que inscribirlo en la Tesorer\u00eda de la Seguridad Social (TSS).<\/p>\n\n\n\n<p>\u201cVamos a comenzar con los que tienen pasaporte, los que tienen c\u00e9dula haitiana y los que tienen acta de nacimiento haitiana. Vamos a optar por esos tres documentos, acept\u00e1rselos los tres. De alguna forma tenemos que comenzar a organizar este desorden\u201d, manifest\u00f3 el director de&nbsp;Migraci\u00f3n.<\/p>\n\n\n\n<p>Agreg\u00f3 que \u201ccarnet de trabajador temporero no residente por un a\u00f1o. Al a\u00f1o se venci\u00f3 el contrato, usted decidi\u00f3 no renovarlo bueno usted tiene que regresar a&nbsp;Hait\u00ed. Si usted decide renovarlo y \u00e9l cumple con los requisitos se le puede renovar otro a\u00f1o\u201d, explic\u00f3.<\/p>\n\n\n\n<p><strong>REUNION CON ABINADER<\/strong><\/p>\n\n\n\n<p>Garc\u00eda&nbsp;inform\u00f3 que sostuvo a una reuni\u00f3n este martes con el presidente Luis&nbsp;Abinader&nbsp;y el&nbsp;Gabinete e Migraci\u00f3n&nbsp;en la que abordaron estos aspectos, los cuales se dar\u00e1n a conocer.<\/p>\n\n\n\n<p>\u201cAyer la reuni\u00f3n termin\u00f3 con una resoluci\u00f3n que en los pr\u00f3ximos d\u00edas ser\u00e1 anunciada por el Presidente o por el Ministro&nbsp;de&nbsp;Interior. Es la primera vez en la historia que seriamente&nbsp;vamos a comenzar hacer un registro de&nbsp;nacionales&nbsp;haitianos\u201d, expres\u00f3.<\/p>\n\n\n\n<p>\u201cEl problema con&nbsp;Hait\u00ed&nbsp;es&nbsp;seguridad&nbsp;nacional&nbsp;de nuestro pa\u00eds. Con un pa\u00eds que es ingobernable, que son&nbsp;las&nbsp;bandas&nbsp;que mandan all\u00ed, muchos por&nbsp;traspasar&nbsp;las&nbsp;fronteras&nbsp;nuestras y venir de este lado\u201d, puntualiz\u00f3.<\/p>\n","protected":false},"excerpt":{"rendered":"<p>SANTO DOMINGO.-\u00a0El\u00a0director de Migraci\u00f3n\u00a0 inform\u00f3 este mi\u00e9rcoles que en los pr\u00f3ximos d\u00edas el\u00a0Gobierno\u00a0anunciar\u00e1 un plan de registro que busca\u00a0otorgar\u00a0estatus\u00a0legal\u00a0a\u00a0nacionales\u00a0haitianos. \u201cEste que se va anunciar pr\u00f3ximamente si te va dar un estatus legal. Usted tiene 10 nacionales haitianos trabajando en su finca, construcci\u00f3n, le vamos a dar la posibilidad, cumpliendo una serie de requisitos, de que [&hellip;]<\/p>\n","protected":false},"author":1,"featured_media":7596,"comment_status":"open","ping_status":"open","sticky":false,"template":"","format":"standard","meta":{"nf_dc_page":"","jetpack_post_was_ever_published":false,"_jetpack_newsletter_access":"","_jetpack_dont_email_post_to_subs":false,"_jetpack_newsletter_tier_id":0,"_jetpack_memberships_contains_paywalled_content":false,"_jetpack_memberships_contains_paid_content":false,"footnotes":"","jetpack_publicize_message":"","jetpack_publicize_feature_enabled":true,"jetpack_social_post_already_shared":false,"jetpack_social_options":{"image_generator_settings":{"template":"highway","default_image_id":0,"font":"","enabled":false},"version":2}},"categories":[65],"tags":[],"class_list":["post-7595","post","type-post","status-publish","format-standard","has-post-thumbnail","hentry","category-nacionales"],"yoast_head":"<!-- This site is optimized with the Yoast SEO plugin v27.4 - https:\/\/yoast.com\/product\/yoast-seo-wordpress\/ -->\n<title>Migraci\u00f3n dice: Gobierno RD otorgar\u00e1 estatus legal a haitianos - Minuto Cero RD<\/title>\n<meta name=\"robots\" content=\"index, follow, max-snippet:-1, max-image-preview:large, max-video-preview:-1\" \/>\n<link rel=\"canonical\" href=\"http:\/\/minutocerord.com\/?p=7595\" \/>\n<meta property=\"og:locale\" content=\"es_ES\" \/>\n<meta property=\"og:type\" content=\"article\" \/>\n<meta property=\"og:title\" content=\"Migraci\u00f3n dice: Gobierno RD otorgar\u00e1 estatus legal a haitianos - Minuto Cero RD\" \/>\n<meta property=\"og:description\" content=\"SANTO DOMINGO.-\u00a0El\u00a0director de Migraci\u00f3n\u00a0 inform\u00f3 este mi\u00e9rcoles que en los pr\u00f3ximos d\u00edas el\u00a0Gobierno\u00a0anunciar\u00e1 un plan de registro que busca\u00a0otorgar\u00a0estatus\u00a0legal\u00a0a\u00a0nacionales\u00a0haitianos. \u201cEste que se va anunciar pr\u00f3ximamente si te va dar un estatus legal. Usted tiene 10 nacionales haitianos trabajando en su finca, construcci\u00f3n, le vamos a dar la posibilidad, cumpliendo una serie de requisitos, de que [&hellip;]\" \/>\n<meta property=\"og:url\" content=\"http:\/\/minutocerord.com\/?p=7595\" \/>\n<meta property=\"og:site_name\" content=\"Minuto Cero RD\" \/>\n<meta property=\"article:publisher\" content=\"https:\/\/www.facebook.com\/Genofnotes\" \/>\n<meta property=\"article:author\" content=\"https:\/\/www.facebook.com\/Genofnotes\" \/>\n<meta property=\"article:published_time\" content=\"2022-01-27T09:23:59+00:00\" \/>\n<meta property=\"article:modified_time\" content=\"2022-01-27T09:24:02+00:00\" \/>\n<meta property=\"og:image\" content=\"https:\/\/i0.wp.com\/minutocerord.com\/wp-content\/uploads\/2022\/01\/Migracion.-e1643234723950.jpg?fit=500%2C266\" \/>\n\t<meta property=\"og:image:width\" content=\"500\" \/>\n\t<meta property=\"og:image:height\" content=\"266\" \/>\n\t<meta property=\"og:image:type\" content=\"image\/jpeg\" \/>\n<meta name=\"author\" content=\"Genof\u00f3ntes Urb\u00e1ez\" \/>\n<meta name=\"twitter:card\" content=\"summary_large_image\" \/>\n<meta name=\"twitter:label1\" content=\"Written by\" \/>\n\t<meta name=\"twitter:data1\" content=\"Genof\u00f3ntes Urb\u00e1ez\" \/>\n\t<meta name=\"twitter:label2\" content=\"Est. reading time\" \/>\n\t<meta name=\"twitter:data2\" content=\"2 minutos\" \/>\n<script type=\"application\/ld+json\" class=\"yoast-schema-graph\">{\"@context\":\"https:\\\/\\\/schema.org\",\"@graph\":[{\"@type\":\"Article\",\"@id\":\"http:\\\/\\\/minutocerord.com\\\/?p=7595#article\",\"isPartOf\":{\"@id\":\"http:\\\/\\\/minutocerord.com\\\/?p=7595\"},\"author\":{\"name\":\"Genof\u00f3ntes Urb\u00e1ez\",\"@id\":\"https:\\\/\\\/minutocerord.com\\\/#\\\/schema\\\/person\\\/60b5372d60aaa0a5171fb6488be9aee6\"},\"headline\":\"Migraci\u00f3n dice: Gobierno RD otorgar\u00e1 estatus legal a haitianos\",\"datePublished\":\"2022-01-27T09:23:59+00:00\",\"dateModified\":\"2022-01-27T09:24:02+00:00\",\"mainEntityOfPage\":{\"@id\":\"http:\\\/\\\/minutocerord.com\\\/?p=7595\"},\"wordCount\":407,\"commentCount\":0,\"publisher\":{\"@id\":\"https:\\\/\\\/minutocerord.com\\\/#\\\/schema\\\/person\\\/60b5372d60aaa0a5171fb6488be9aee6\"},\"image\":{\"@id\":\"http:\\\/\\\/minutocerord.com\\\/?p=7595#primaryimage\"},\"thumbnailUrl\":\"https:\\\/\\\/i0.wp.com\\\/minutocerord.com\\\/wp-content\\\/uploads\\\/2022\\\/01\\\/Migracion.-e1643234723950.jpg?fit=500%2C266&ssl=1\",\"articleSection\":[\"Nacionales\"],\"inLanguage\":\"es-DO\",\"potentialAction\":[{\"@type\":\"CommentAction\",\"name\":\"Comment\",\"target\":[\"http:\\\/\\\/minutocerord.com\\\/?p=7595#respond\"]}]},{\"@type\":\"WebPage\",\"@id\":\"http:\\\/\\\/minutocerord.com\\\/?p=7595\",\"url\":\"http:\\\/\\\/minutocerord.com\\\/?p=7595\",\"name\":\"Migraci\u00f3n dice: Gobierno RD otorgar\u00e1 estatus legal a haitianos - Minuto Cero RD\",\"isPartOf\":{\"@id\":\"https:\\\/\\\/minutocerord.com\\\/#website\"},\"primaryImageOfPage\":{\"@id\":\"http:\\\/\\\/minutocerord.com\\\/?p=7595#primaryimage\"},\"image\":{\"@id\":\"http:\\\/\\\/minutocerord.com\\\/?p=7595#primaryimage\"},\"thumbnailUrl\":\"https:\\\/\\\/i0.wp.com\\\/minutocerord.com\\\/wp-content\\\/uploads\\\/2022\\\/01\\\/Migracion.-e1643234723950.jpg?fit=500%2C266&ssl=1\",\"datePublished\":\"2022-01-27T09:23:59+00:00\",\"dateModified\":\"2022-01-27T09:24:02+00:00\",\"breadcrumb\":{\"@id\":\"http:\\\/\\\/minutocerord.com\\\/?p=7595#breadcrumb\"},\"inLanguage\":\"es-DO\",\"potentialAction\":[{\"@type\":\"ReadAction\",\"target\":[\"http:\\\/\\\/minutocerord.com\\\/?p=7595\"]}]},{\"@type\":\"ImageObject\",\"inLanguage\":\"es-DO\",\"@id\":\"http:\\\/\\\/minutocerord.com\\\/?p=7595#primaryimage\",\"url\":\"https:\\\/\\\/i0.wp.com\\\/minutocerord.com\\\/wp-content\\\/uploads\\\/2022\\\/01\\\/Migracion.-e1643234723950.jpg?fit=500%2C266&ssl=1\",\"contentUrl\":\"https:\\\/\\\/i0.wp.com\\\/minutocerord.com\\\/wp-content\\\/uploads\\\/2022\\\/01\\\/Migracion.-e1643234723950.jpg?fit=500%2C266&ssl=1\",\"width\":500,\"height\":266},{\"@type\":\"BreadcrumbList\",\"@id\":\"http:\\\/\\\/minutocerord.com\\\/?p=7595#breadcrumb\",\"itemListElement\":[{\"@type\":\"ListItem\",\"position\":1,\"name\":\"Home\",\"item\":\"https:\\\/\\\/minutocerord.com\\\/\"},{\"@type\":\"ListItem\",\"position\":2,\"name\":\"Migraci\u00f3n dice: Gobierno RD otorgar\u00e1 estatus legal a haitianos\"}]},{\"@type\":\"WebSite\",\"@id\":\"https:\\\/\\\/minutocerord.com\\\/#website\",\"url\":\"https:\\\/\\\/minutocerord.com\\\/\",\"name\":\"Minuto Cero RD\",\"description\":\"Periodismo serio y veraz\",\"publisher\":{\"@id\":\"https:\\\/\\\/minutocerord.com\\\/#\\\/schema\\\/person\\\/60b5372d60aaa0a5171fb6488be9aee6\"},\"potentialAction\":[{\"@type\":\"SearchAction\",\"target\":{\"@type\":\"EntryPoint\",\"urlTemplate\":\"https:\\\/\\\/minutocerord.com\\\/?s={search_term_string}\"},\"query-input\":{\"@type\":\"PropertyValueSpecification\",\"valueRequired\":true,\"valueName\":\"search_term_string\"}}],\"inLanguage\":\"es-DO\"},{\"@type\":[\"Person\",\"Organization\"],\"@id\":\"https:\\\/\\\/minutocerord.com\\\/#\\\/schema\\\/person\\\/60b5372d60aaa0a5171fb6488be9aee6\",\"name\":\"Genof\u00f3ntes Urb\u00e1ez\",\"image\":{\"@type\":\"ImageObject\",\"inLanguage\":\"es-DO\",\"@id\":\"https:\\\/\\\/secure.gravatar.com\\\/avatar\\\/a49ef3186a692098ac3e8a1612261e3ad70cf9e44553dff2929e67939a0ecb9d?s=96&d=identicon&r=g\",\"url\":\"https:\\\/\\\/secure.gravatar.com\\\/avatar\\\/a49ef3186a692098ac3e8a1612261e3ad70cf9e44553dff2929e67939a0ecb9d?s=96&d=identicon&r=g\",\"contentUrl\":\"https:\\\/\\\/secure.gravatar.com\\\/avatar\\\/a49ef3186a692098ac3e8a1612261e3ad70cf9e44553dff2929e67939a0ecb9d?s=96&d=identicon&r=g\",\"caption\":\"Genof\u00f3ntes Urb\u00e1ez\"},\"logo\":{\"@id\":\"https:\\\/\\\/secure.gravatar.com\\\/avatar\\\/a49ef3186a692098ac3e8a1612261e3ad70cf9e44553dff2929e67939a0ecb9d?s=96&d=identicon&r=g\"},\"description\":\"Periodista \\\/ Locutor\",\"sameAs\":[\"https:\\\/\\\/www.facebook.com\\\/Genofnotes\",\"https:\\\/\\\/www.instagram.com\\\/genofnotes\\\/\"]}]}<\/script>\n<!-- \/ Yoast SEO plugin. -->","yoast_head_json":{"title":"Migraci\u00f3n dice: Gobierno RD otorgar\u00e1 estatus legal a haitianos - Minuto Cero RD","robots":{"index":"index","follow":"follow","max-snippet":"max-snippet:-1","max-image-preview":"max-image-preview:large","max-video-preview":"max-video-preview:-1"},"canonical":"http:\/\/minutocerord.com\/?p=7595","og_locale":"es_ES","og_type":"article","og_title":"Migraci\u00f3n dice: Gobierno RD otorgar\u00e1 estatus legal a haitianos - Minuto Cero RD","og_description":"SANTO DOMINGO.-\u00a0El\u00a0director de Migraci\u00f3n\u00a0 inform\u00f3 este mi\u00e9rcoles que en los pr\u00f3ximos d\u00edas el\u00a0Gobierno\u00a0anunciar\u00e1 un plan de registro que busca\u00a0otorgar\u00a0estatus\u00a0legal\u00a0a\u00a0nacionales\u00a0haitianos. \u201cEste que se va anunciar pr\u00f3ximamente si te va dar un estatus legal. Usted tiene 10 nacionales haitianos trabajando en su finca, construcci\u00f3n, le vamos a dar la posibilidad, cumpliendo una serie de requisitos, de que [&hellip;]","og_url":"http:\/\/minutocerord.com\/?p=7595","og_site_name":"Minuto Cero RD","article_publisher":"https:\/\/www.facebook.com\/Genofnotes","article_author":"https:\/\/www.facebook.com\/Genofnotes","article_published_time":"2022-01-27T09:23:59+00:00","article_modified_time":"2022-01-27T09:24:02+00:00","og_image":[{"width":500,"height":266,"url":"https:\/\/i0.wp.com\/minutocerord.com\/wp-content\/uploads\/2022\/01\/Migracion.-e1643234723950.jpg?fit=500%2C266","type":"image\/jpeg"}],"author":"Genof\u00f3ntes Urb\u00e1ez","twitter_card":"summary_large_image","twitter_misc":{"Written by":"Genof\u00f3ntes Urb\u00e1ez","Est. reading time":"2 minutos"},"schema":{"@context":"https:\/\/schema.org","@graph":[{"@type":"Article","@id":"http:\/\/minutocerord.com\/?p=7595#article","isPartOf":{"@id":"http:\/\/minutocerord.com\/?p=7595"},"author":{"name":"Genof\u00f3ntes Urb\u00e1ez","@id":"https:\/\/minutocerord.com\/#\/schema\/person\/60b5372d60aaa0a5171fb6488be9aee6"},"headline":"Migraci\u00f3n dice: Gobierno RD otorgar\u00e1 estatus legal a haitianos","datePublished":"2022-01-27T09:23:59+00:00","dateModified":"2022-01-27T09:24:02+00:00","mainEntityOfPage":{"@id":"http:\/\/minutocerord.com\/?p=7595"},"wordCount":407,"commentCount":0,"publisher":{"@id":"https:\/\/minutocerord.com\/#\/schema\/person\/60b5372d60aaa0a5171fb6488be9aee6"},"image":{"@id":"http:\/\/minutocerord.com\/?p=7595#primaryimage"},"thumbnailUrl":"https:\/\/i0.wp.com\/minutocerord.com\/wp-content\/uploads\/2022\/01\/Migracion.-e1643234723950.jpg?fit=500%2C266&ssl=1","articleSection":["Nacionales"],"inLanguage":"es-DO","potentialAction":[{"@type":"CommentAction","name":"Comment","target":["http:\/\/minutocerord.com\/?p=7595#respond"]}]},{"@type":"WebPage","@id":"http:\/\/minutocerord.com\/?p=7595","url":"http:\/\/minutocerord.com\/?p=7595","name":"Migraci\u00f3n dice: Gobierno RD otorgar\u00e1 estatus legal a haitianos - Minuto Cero RD","isPartOf":{"@id":"https:\/\/minutocerord.com\/#website"},"primaryImageOfPage":{"@id":"http:\/\/minutocerord.com\/?p=7595#primaryimage"},"image":{"@id":"http:\/\/minutocerord.com\/?p=7595#primaryimage"},"thumbnailUrl":"https:\/\/i0.wp.com\/minutocerord.com\/wp-content\/uploads\/2022\/01\/Migracion.-e1643234723950.jpg?fit=500%2C266&ssl=1","datePublished":"2022-01-27T09:23:59+00:00","dateModified":"2022-01-27T09:24:02+00:00","breadcrumb":{"@id":"http:\/\/minutocerord.com\/?p=7595#breadcrumb"},"inLanguage":"es-DO","potentialAction":[{"@type":"ReadAction","target":["http:\/\/minutocerord.com\/?p=7595"]}]},{"@type":"ImageObject","inLanguage":"es-DO","@id":"http:\/\/minutocerord.com\/?p=7595#primaryimage","url":"https:\/\/i0.wp.com\/minutocerord.com\/wp-content\/uploads\/2022\/01\/Migracion.-e1643234723950.jpg?fit=500%2C266&ssl=1","contentUrl":"https:\/\/i0.wp.com\/minutocerord.com\/wp-content\/uploads\/2022\/01\/Migracion.-e1643234723950.jpg?fit=500%2C266&ssl=1","width":500,"height":266},{"@type":"BreadcrumbList","@id":"http:\/\/minutocerord.com\/?p=7595#breadcrumb","itemListElement":[{"@type":"ListItem","position":1,"name":"Home","item":"https:\/\/minutocerord.com\/"},{"@type":"ListItem","position":2,"name":"Migraci\u00f3n dice: Gobierno RD otorgar\u00e1 estatus legal a haitianos"}]},{"@type":"WebSite","@id":"https:\/\/minutocerord.com\/#website","url":"https:\/\/minutocerord.com\/","name":"Minuto Cero RD","description":"Periodismo serio y veraz","publisher":{"@id":"https:\/\/minutocerord.com\/#\/schema\/person\/60b5372d60aaa0a5171fb6488be9aee6"},"potentialAction":[{"@type":"SearchAction","target":{"@type":"EntryPoint","urlTemplate":"https:\/\/minutocerord.com\/?s={search_term_string}"},"query-input":{"@type":"PropertyValueSpecification","valueRequired":true,"valueName":"search_term_string"}}],"inLanguage":"es-DO"},{"@type":["Person","Organization"],"@id":"https:\/\/minutocerord.com\/#\/schema\/person\/60b5372d60aaa0a5171fb6488be9aee6","name":"Genof\u00f3ntes Urb\u00e1ez","image":{"@type":"ImageObject","inLanguage":"es-DO","@id":"https:\/\/secure.gravatar.com\/avatar\/a49ef3186a692098ac3e8a1612261e3ad70cf9e44553dff2929e67939a0ecb9d?s=96&d=identicon&r=g","url":"https:\/\/secure.gravatar.com\/avatar\/a49ef3186a692098ac3e8a1612261e3ad70cf9e44553dff2929e67939a0ecb9d?s=96&d=identicon&r=g","contentUrl":"https:\/\/secure.gravatar.com\/avatar\/a49ef3186a692098ac3e8a1612261e3ad70cf9e44553dff2929e67939a0ecb9d?s=96&d=identicon&r=g","caption":"Genof\u00f3ntes Urb\u00e1ez"},"logo":{"@id":"https:\/\/secure.gravatar.com\/avatar\/a49ef3186a692098ac3e8a1612261e3ad70cf9e44553dff2929e67939a0ecb9d?s=96&d=identicon&r=g"},"description":"Periodista \/ Locutor","sameAs":["https:\/\/www.facebook.com\/Genofnotes","https:\/\/www.instagram.com\/genofnotes\/"]}]}},"jetpack_publicize_connections":[],"jetpack_featured_media_url":"https:\/\/i0.wp.com\/minutocerord.com\/wp-content\/uploads\/2022\/01\/Migracion.-e1643234723950.jpg?fit=500%2C266&ssl=1","jetpack-related-posts":[],"jetpack_sharing_enabled":true,"_links":{"self":[{"href":"https:\/\/minutocerord.com\/index.php?rest_route=\/wp\/v2\/posts\/7595","targetHints":{"allow":["GET"]}}],"collection":[{"href":"https:\/\/minutocerord.com\/index.php?rest_route=\/wp\/v2\/posts"}],"about":[{"href":"https:\/\/minutocerord.com\/index.php?rest_route=\/wp\/v2\/types\/post"}],"author":[{"embeddable":true,"href":"https:\/\/minutocerord.com\/index.php?rest_route=\/wp\/v2\/users\/1"}],"replies":[{"embeddable":true,"href":"https:\/\/minutocerord.com\/index.php?rest_route=%2Fwp%2Fv2%2Fcomments&post=7595"}],"version-history":[{"count":1,"href":"https:\/\/minutocerord.com\/index.php?rest_route=\/wp\/v2\/posts\/7595\/revisions"}],"predecessor-version":[{"id":7597,"href":"https:\/\/minutocerord.com\/index.php?rest_route=\/wp\/v2\/posts\/7595\/revisions\/7597"}],"wp:featuredmedia":[{"embeddable":true,"href":"https:\/\/minutocerord.com\/index.php?rest_route=\/wp\/v2\/media\/7596"}],"wp:attachment":[{"href":"https:\/\/minutocerord.com\/index.php?rest_route=%2Fwp%2Fv2%2Fmedia&parent=7595"}],"wp:term":[{"taxonomy":"category","embeddable":true,"href":"https:\/\/minutocerord.com\/index.php?rest_route=%2Fwp%2Fv2%2Fcategories&post=7595"},{"taxonomy":"post_tag","embeddable":true,"href":"https:\/\/minutocerord.com\/index.php?rest_route=%2Fwp%2Fv2%2Ftags&post=7595"}],"curies":[{"name":"wp","href":"https:\/\/api.w.org\/{rel}","templated":true}]}}