{"id":7609,"date":"2022-01-27T09:02:18","date_gmt":"2022-01-27T13:02:18","guid":{"rendered":"https:\/\/minutocerord.com\/?p=7609"},"modified":"2022-01-27T09:02:21","modified_gmt":"2022-01-27T13:02:21","slug":"fuego-en-loma-miranda-una-de-las-principales-reservas-rd","status":"publish","type":"post","link":"https:\/\/minutocerord.com\/?p=7609","title":{"rendered":"Fuego en Loma Miranda, una de las principales reservas RD"},"content":{"rendered":"\n<p><strong>BONAO, Rep\u00fablica Dominicana.-<\/strong> Un incendio estall\u00f3 este este mi\u00e9rcoles de Loma Miranda, lo cual provoc\u00f3 la movilizaci\u00f3n de numerosos bomberos forestales, confirm\u00f3 el ministro de Medio Ambiente y Recursos Naturales, Orlando Jorge Mera.<\/p>\n\n\n\n<p>Para extinguir el siniestro fueron incorporados adem\u00e1s &nbsp;guardaparques de La Vega, Constanza y Valle Nuevo, localidades pertenecientes a la cordillera Central.<\/p>\n\n\n\n<p>En los \u00faltimos tiempos ha habido tambi\u00e9n incendios en los parques nacionales Sierra de Bahoruco, Jos\u00e9 del Carmen Ram\u00edrez y Armando Berm\u00fadez.<\/p>\n\n\n\n<p>Jorge Mera dijo al peri\u00f3dico List\u00edn Diario que hay evidencias de que los fuegos en la sierra de Bahoruco han sido intencionales y los responsables ser\u00e1n sometidos a la &nbsp;justicia.<\/p>\n\n\n\n<p><strong>Loma Miranda<\/strong>&nbsp;es una monta\u00f1a perteneciente a la&nbsp;<a href=\"https:\/\/es.wikipedia.org\/wiki\/Cordillera_Central_(La_Espa%C3%B1ola)\">Cordillera Central<\/a>&nbsp;de la&nbsp;<a href=\"https:\/\/es.wikipedia.org\/wiki\/Rep%C3%BAblica_Dominicana\">Rep\u00fablica Dominicana<\/a>, la cual tiene m\u00e1s de 12.3 km\u00b2 de longitud. &nbsp;Est\u00e1 ubicada a unos 17 km del centro de La Vega Su altura mayor es de 658 metros sobre el nivel del mar<\/p>\n","protected":false},"excerpt":{"rendered":"<p>BONAO, Rep\u00fablica Dominicana.- Un incendio estall\u00f3 este este mi\u00e9rcoles de Loma Miranda, lo cual provoc\u00f3 la movilizaci\u00f3n de numerosos bomberos forestales, confirm\u00f3 el ministro de Medio Ambiente y Recursos Naturales, Orlando Jorge Mera. Para extinguir el siniestro fueron incorporados adem\u00e1s &nbsp;guardaparques de La Vega, Constanza y Valle Nuevo, localidades pertenecientes a la cordillera Central. En [&hellip;]<\/p>\n","protected":false},"author":1,"featured_media":7610,"comment_status":"open","ping_status":"open","sticky":false,"template":"","format":"standard","meta":{"nf_dc_page":"","jetpack_post_was_ever_published":false,"_jetpack_newsletter_access":"","_jetpack_dont_email_post_to_subs":false,"_jetpack_newsletter_tier_id":0,"_jetpack_memberships_contains_paywalled_content":false,"_jetpack_memberships_contains_paid_content":false,"footnotes":"","jetpack_publicize_message":"","jetpack_publicize_feature_enabled":true,"jetpack_social_post_already_shared":false,"jetpack_social_options":{"image_generator_settings":{"template":"highway","default_image_id":0,"font":"","enabled":false},"version":2}},"categories":[65],"tags":[],"class_list":["post-7609","post","type-post","status-publish","format-standard","has-post-thumbnail","hentry","category-nacionales"],"yoast_head":"<!-- This site is optimized with the Yoast SEO plugin v27.4 - https:\/\/yoast.com\/product\/yoast-seo-wordpress\/ -->\n<title>Fuego en Loma Miranda, una de las principales reservas RD - Minuto Cero RD<\/title>\n<meta name=\"robots\" content=\"index, follow, max-snippet:-1, max-image-preview:large, max-video-preview:-1\" \/>\n<link rel=\"canonical\" href=\"http:\/\/minutocerord.com\/?p=7609\" \/>\n<meta property=\"og:locale\" content=\"es_ES\" \/>\n<meta property=\"og:type\" content=\"article\" \/>\n<meta property=\"og:title\" content=\"Fuego en Loma Miranda, una de las principales reservas RD - Minuto Cero RD\" \/>\n<meta property=\"og:description\" content=\"BONAO, Rep\u00fablica Dominicana.- Un incendio estall\u00f3 este este mi\u00e9rcoles de Loma Miranda, lo cual provoc\u00f3 la movilizaci\u00f3n de numerosos bomberos forestales, confirm\u00f3 el ministro de Medio Ambiente y Recursos Naturales, Orlando Jorge Mera. Para extinguir el siniestro fueron incorporados adem\u00e1s &nbsp;guardaparques de La Vega, Constanza y Valle Nuevo, localidades pertenecientes a la cordillera Central. En [&hellip;]\" \/>\n<meta property=\"og:url\" content=\"http:\/\/minutocerord.com\/?p=7609\" \/>\n<meta property=\"og:site_name\" content=\"Minuto Cero RD\" \/>\n<meta property=\"article:publisher\" content=\"https:\/\/www.facebook.com\/Genofnotes\" \/>\n<meta property=\"article:author\" content=\"https:\/\/www.facebook.com\/Genofnotes\" \/>\n<meta property=\"article:published_time\" content=\"2022-01-27T13:02:18+00:00\" \/>\n<meta property=\"article:modified_time\" content=\"2022-01-27T13:02:21+00:00\" \/>\n<meta property=\"og:image\" content=\"https:\/\/i0.wp.com\/minutocerord.com\/wp-content\/uploads\/2022\/01\/Fuego-Loma-Miranda.jpg?fit=680%2C382\" \/>\n\t<meta property=\"og:image:width\" content=\"680\" \/>\n\t<meta property=\"og:image:height\" content=\"382\" \/>\n\t<meta property=\"og:image:type\" content=\"image\/jpeg\" \/>\n<meta name=\"author\" content=\"Genof\u00f3ntes Urb\u00e1ez\" \/>\n<meta name=\"twitter:card\" content=\"summary_large_image\" \/>\n<meta name=\"twitter:label1\" content=\"Written by\" \/>\n\t<meta name=\"twitter:data1\" content=\"Genof\u00f3ntes Urb\u00e1ez\" \/>\n\t<meta name=\"twitter:label2\" content=\"Est. reading time\" \/>\n\t<meta name=\"twitter:data2\" content=\"1 minuto\" \/>\n<script type=\"application\/ld+json\" class=\"yoast-schema-graph\">{\"@context\":\"https:\\\/\\\/schema.org\",\"@graph\":[{\"@type\":\"Article\",\"@id\":\"http:\\\/\\\/minutocerord.com\\\/?p=7609#article\",\"isPartOf\":{\"@id\":\"http:\\\/\\\/minutocerord.com\\\/?p=7609\"},\"author\":{\"name\":\"Genof\u00f3ntes Urb\u00e1ez\",\"@id\":\"https:\\\/\\\/minutocerord.com\\\/#\\\/schema\\\/person\\\/60b5372d60aaa0a5171fb6488be9aee6\"},\"headline\":\"Fuego en Loma Miranda, una de las principales reservas RD\",\"datePublished\":\"2022-01-27T13:02:18+00:00\",\"dateModified\":\"2022-01-27T13:02:21+00:00\",\"mainEntityOfPage\":{\"@id\":\"http:\\\/\\\/minutocerord.com\\\/?p=7609\"},\"wordCount\":180,\"commentCount\":0,\"publisher\":{\"@id\":\"https:\\\/\\\/minutocerord.com\\\/#\\\/schema\\\/person\\\/60b5372d60aaa0a5171fb6488be9aee6\"},\"image\":{\"@id\":\"http:\\\/\\\/minutocerord.com\\\/?p=7609#primaryimage\"},\"thumbnailUrl\":\"https:\\\/\\\/i0.wp.com\\\/minutocerord.com\\\/wp-content\\\/uploads\\\/2022\\\/01\\\/Fuego-Loma-Miranda.jpg?fit=680%2C382&ssl=1\",\"articleSection\":[\"Nacionales\"],\"inLanguage\":\"es-DO\",\"potentialAction\":[{\"@type\":\"CommentAction\",\"name\":\"Comment\",\"target\":[\"http:\\\/\\\/minutocerord.com\\\/?p=7609#respond\"]}]},{\"@type\":\"WebPage\",\"@id\":\"http:\\\/\\\/minutocerord.com\\\/?p=7609\",\"url\":\"http:\\\/\\\/minutocerord.com\\\/?p=7609\",\"name\":\"Fuego en Loma Miranda, una de las principales reservas RD - Minuto Cero RD\",\"isPartOf\":{\"@id\":\"https:\\\/\\\/minutocerord.com\\\/#website\"},\"primaryImageOfPage\":{\"@id\":\"http:\\\/\\\/minutocerord.com\\\/?p=7609#primaryimage\"},\"image\":{\"@id\":\"http:\\\/\\\/minutocerord.com\\\/?p=7609#primaryimage\"},\"thumbnailUrl\":\"https:\\\/\\\/i0.wp.com\\\/minutocerord.com\\\/wp-content\\\/uploads\\\/2022\\\/01\\\/Fuego-Loma-Miranda.jpg?fit=680%2C382&ssl=1\",\"datePublished\":\"2022-01-27T13:02:18+00:00\",\"dateModified\":\"2022-01-27T13:02:21+00:00\",\"breadcrumb\":{\"@id\":\"http:\\\/\\\/minutocerord.com\\\/?p=7609#breadcrumb\"},\"inLanguage\":\"es-DO\",\"potentialAction\":[{\"@type\":\"ReadAction\",\"target\":[\"http:\\\/\\\/minutocerord.com\\\/?p=7609\"]}]},{\"@type\":\"ImageObject\",\"inLanguage\":\"es-DO\",\"@id\":\"http:\\\/\\\/minutocerord.com\\\/?p=7609#primaryimage\",\"url\":\"https:\\\/\\\/i0.wp.com\\\/minutocerord.com\\\/wp-content\\\/uploads\\\/2022\\\/01\\\/Fuego-Loma-Miranda.jpg?fit=680%2C382&ssl=1\",\"contentUrl\":\"https:\\\/\\\/i0.wp.com\\\/minutocerord.com\\\/wp-content\\\/uploads\\\/2022\\\/01\\\/Fuego-Loma-Miranda.jpg?fit=680%2C382&ssl=1\",\"width\":680,\"height\":382},{\"@type\":\"BreadcrumbList\",\"@id\":\"http:\\\/\\\/minutocerord.com\\\/?p=7609#breadcrumb\",\"itemListElement\":[{\"@type\":\"ListItem\",\"position\":1,\"name\":\"Home\",\"item\":\"https:\\\/\\\/minutocerord.com\\\/\"},{\"@type\":\"ListItem\",\"position\":2,\"name\":\"Fuego en Loma Miranda, una de las principales reservas RD\"}]},{\"@type\":\"WebSite\",\"@id\":\"https:\\\/\\\/minutocerord.com\\\/#website\",\"url\":\"https:\\\/\\\/minutocerord.com\\\/\",\"name\":\"Minuto Cero RD\",\"description\":\"Periodismo serio y veraz\",\"publisher\":{\"@id\":\"https:\\\/\\\/minutocerord.com\\\/#\\\/schema\\\/person\\\/60b5372d60aaa0a5171fb6488be9aee6\"},\"potentialAction\":[{\"@type\":\"SearchAction\",\"target\":{\"@type\":\"EntryPoint\",\"urlTemplate\":\"https:\\\/\\\/minutocerord.com\\\/?s={search_term_string}\"},\"query-input\":{\"@type\":\"PropertyValueSpecification\",\"valueRequired\":true,\"valueName\":\"search_term_string\"}}],\"inLanguage\":\"es-DO\"},{\"@type\":[\"Person\",\"Organization\"],\"@id\":\"https:\\\/\\\/minutocerord.com\\\/#\\\/schema\\\/person\\\/60b5372d60aaa0a5171fb6488be9aee6\",\"name\":\"Genof\u00f3ntes Urb\u00e1ez\",\"image\":{\"@type\":\"ImageObject\",\"inLanguage\":\"es-DO\",\"@id\":\"https:\\\/\\\/secure.gravatar.com\\\/avatar\\\/a49ef3186a692098ac3e8a1612261e3ad70cf9e44553dff2929e67939a0ecb9d?s=96&d=identicon&r=g\",\"url\":\"https:\\\/\\\/secure.gravatar.com\\\/avatar\\\/a49ef3186a692098ac3e8a1612261e3ad70cf9e44553dff2929e67939a0ecb9d?s=96&d=identicon&r=g\",\"contentUrl\":\"https:\\\/\\\/secure.gravatar.com\\\/avatar\\\/a49ef3186a692098ac3e8a1612261e3ad70cf9e44553dff2929e67939a0ecb9d?s=96&d=identicon&r=g\",\"caption\":\"Genof\u00f3ntes Urb\u00e1ez\"},\"logo\":{\"@id\":\"https:\\\/\\\/secure.gravatar.com\\\/avatar\\\/a49ef3186a692098ac3e8a1612261e3ad70cf9e44553dff2929e67939a0ecb9d?s=96&d=identicon&r=g\"},\"description\":\"Periodista \\\/ Locutor\",\"sameAs\":[\"https:\\\/\\\/www.facebook.com\\\/Genofnotes\",\"https:\\\/\\\/www.instagram.com\\\/genofnotes\\\/\"]}]}<\/script>\n<!-- \/ Yoast SEO plugin. -->","yoast_head_json":{"title":"Fuego en Loma Miranda, una de las principales reservas RD - Minuto Cero RD","robots":{"index":"index","follow":"follow","max-snippet":"max-snippet:-1","max-image-preview":"max-image-preview:large","max-video-preview":"max-video-preview:-1"},"canonical":"http:\/\/minutocerord.com\/?p=7609","og_locale":"es_ES","og_type":"article","og_title":"Fuego en Loma Miranda, una de las principales reservas RD - Minuto Cero RD","og_description":"BONAO, Rep\u00fablica Dominicana.- Un incendio estall\u00f3 este este mi\u00e9rcoles de Loma Miranda, lo cual provoc\u00f3 la movilizaci\u00f3n de numerosos bomberos forestales, confirm\u00f3 el ministro de Medio Ambiente y Recursos Naturales, Orlando Jorge Mera. Para extinguir el siniestro fueron incorporados adem\u00e1s &nbsp;guardaparques de La Vega, Constanza y Valle Nuevo, localidades pertenecientes a la cordillera Central. En [&hellip;]","og_url":"http:\/\/minutocerord.com\/?p=7609","og_site_name":"Minuto Cero RD","article_publisher":"https:\/\/www.facebook.com\/Genofnotes","article_author":"https:\/\/www.facebook.com\/Genofnotes","article_published_time":"2022-01-27T13:02:18+00:00","article_modified_time":"2022-01-27T13:02:21+00:00","og_image":[{"width":680,"height":382,"url":"https:\/\/i0.wp.com\/minutocerord.com\/wp-content\/uploads\/2022\/01\/Fuego-Loma-Miranda.jpg?fit=680%2C382","type":"image\/jpeg"}],"author":"Genof\u00f3ntes Urb\u00e1ez","twitter_card":"summary_large_image","twitter_misc":{"Written by":"Genof\u00f3ntes Urb\u00e1ez","Est. reading time":"1 minuto"},"schema":{"@context":"https:\/\/schema.org","@graph":[{"@type":"Article","@id":"http:\/\/minutocerord.com\/?p=7609#article","isPartOf":{"@id":"http:\/\/minutocerord.com\/?p=7609"},"author":{"name":"Genof\u00f3ntes Urb\u00e1ez","@id":"https:\/\/minutocerord.com\/#\/schema\/person\/60b5372d60aaa0a5171fb6488be9aee6"},"headline":"Fuego en Loma Miranda, una de las principales reservas RD","datePublished":"2022-01-27T13:02:18+00:00","dateModified":"2022-01-27T13:02:21+00:00","mainEntityOfPage":{"@id":"http:\/\/minutocerord.com\/?p=7609"},"wordCount":180,"commentCount":0,"publisher":{"@id":"https:\/\/minutocerord.com\/#\/schema\/person\/60b5372d60aaa0a5171fb6488be9aee6"},"image":{"@id":"http:\/\/minutocerord.com\/?p=7609#primaryimage"},"thumbnailUrl":"https:\/\/i0.wp.com\/minutocerord.com\/wp-content\/uploads\/2022\/01\/Fuego-Loma-Miranda.jpg?fit=680%2C382&ssl=1","articleSection":["Nacionales"],"inLanguage":"es-DO","potentialAction":[{"@type":"CommentAction","name":"Comment","target":["http:\/\/minutocerord.com\/?p=7609#respond"]}]},{"@type":"WebPage","@id":"http:\/\/minutocerord.com\/?p=7609","url":"http:\/\/minutocerord.com\/?p=7609","name":"Fuego en Loma Miranda, una de las principales reservas RD - Minuto Cero RD","isPartOf":{"@id":"https:\/\/minutocerord.com\/#website"},"primaryImageOfPage":{"@id":"http:\/\/minutocerord.com\/?p=7609#primaryimage"},"image":{"@id":"http:\/\/minutocerord.com\/?p=7609#primaryimage"},"thumbnailUrl":"https:\/\/i0.wp.com\/minutocerord.com\/wp-content\/uploads\/2022\/01\/Fuego-Loma-Miranda.jpg?fit=680%2C382&ssl=1","datePublished":"2022-01-27T13:02:18+00:00","dateModified":"2022-01-27T13:02:21+00:00","breadcrumb":{"@id":"http:\/\/minutocerord.com\/?p=7609#breadcrumb"},"inLanguage":"es-DO","potentialAction":[{"@type":"ReadAction","target":["http:\/\/minutocerord.com\/?p=7609"]}]},{"@type":"ImageObject","inLanguage":"es-DO","@id":"http:\/\/minutocerord.com\/?p=7609#primaryimage","url":"https:\/\/i0.wp.com\/minutocerord.com\/wp-content\/uploads\/2022\/01\/Fuego-Loma-Miranda.jpg?fit=680%2C382&ssl=1","contentUrl":"https:\/\/i0.wp.com\/minutocerord.com\/wp-content\/uploads\/2022\/01\/Fuego-Loma-Miranda.jpg?fit=680%2C382&ssl=1","width":680,"height":382},{"@type":"BreadcrumbList","@id":"http:\/\/minutocerord.com\/?p=7609#breadcrumb","itemListElement":[{"@type":"ListItem","position":1,"name":"Home","item":"https:\/\/minutocerord.com\/"},{"@type":"ListItem","position":2,"name":"Fuego en Loma Miranda, una de las principales reservas RD"}]},{"@type":"WebSite","@id":"https:\/\/minutocerord.com\/#website","url":"https:\/\/minutocerord.com\/","name":"Minuto Cero RD","description":"Periodismo serio y veraz","publisher":{"@id":"https:\/\/minutocerord.com\/#\/schema\/person\/60b5372d60aaa0a5171fb6488be9aee6"},"potentialAction":[{"@type":"SearchAction","target":{"@type":"EntryPoint","urlTemplate":"https:\/\/minutocerord.com\/?s={search_term_string}"},"query-input":{"@type":"PropertyValueSpecification","valueRequired":true,"valueName":"search_term_string"}}],"inLanguage":"es-DO"},{"@type":["Person","Organization"],"@id":"https:\/\/minutocerord.com\/#\/schema\/person\/60b5372d60aaa0a5171fb6488be9aee6","name":"Genof\u00f3ntes Urb\u00e1ez","image":{"@type":"ImageObject","inLanguage":"es-DO","@id":"https:\/\/secure.gravatar.com\/avatar\/a49ef3186a692098ac3e8a1612261e3ad70cf9e44553dff2929e67939a0ecb9d?s=96&d=identicon&r=g","url":"https:\/\/secure.gravatar.com\/avatar\/a49ef3186a692098ac3e8a1612261e3ad70cf9e44553dff2929e67939a0ecb9d?s=96&d=identicon&r=g","contentUrl":"https:\/\/secure.gravatar.com\/avatar\/a49ef3186a692098ac3e8a1612261e3ad70cf9e44553dff2929e67939a0ecb9d?s=96&d=identicon&r=g","caption":"Genof\u00f3ntes Urb\u00e1ez"},"logo":{"@id":"https:\/\/secure.gravatar.com\/avatar\/a49ef3186a692098ac3e8a1612261e3ad70cf9e44553dff2929e67939a0ecb9d?s=96&d=identicon&r=g"},"description":"Periodista \/ Locutor","sameAs":["https:\/\/www.facebook.com\/Genofnotes","https:\/\/www.instagram.com\/genofnotes\/"]}]}},"jetpack_publicize_connections":[],"jetpack_featured_media_url":"https:\/\/i0.wp.com\/minutocerord.com\/wp-content\/uploads\/2022\/01\/Fuego-Loma-Miranda.jpg?fit=680%2C382&ssl=1","jetpack-related-posts":[],"jetpack_sharing_enabled":true,"_links":{"self":[{"href":"https:\/\/minutocerord.com\/index.php?rest_route=\/wp\/v2\/posts\/7609","targetHints":{"allow":["GET"]}}],"collection":[{"href":"https:\/\/minutocerord.com\/index.php?rest_route=\/wp\/v2\/posts"}],"about":[{"href":"https:\/\/minutocerord.com\/index.php?rest_route=\/wp\/v2\/types\/post"}],"author":[{"embeddable":true,"href":"https:\/\/minutocerord.com\/index.php?rest_route=\/wp\/v2\/users\/1"}],"replies":[{"embeddable":true,"href":"https:\/\/minutocerord.com\/index.php?rest_route=%2Fwp%2Fv2%2Fcomments&post=7609"}],"version-history":[{"count":1,"href":"https:\/\/minutocerord.com\/index.php?rest_route=\/wp\/v2\/posts\/7609\/revisions"}],"predecessor-version":[{"id":7611,"href":"https:\/\/minutocerord.com\/index.php?rest_route=\/wp\/v2\/posts\/7609\/revisions\/7611"}],"wp:featuredmedia":[{"embeddable":true,"href":"https:\/\/minutocerord.com\/index.php?rest_route=\/wp\/v2\/media\/7610"}],"wp:attachment":[{"href":"https:\/\/minutocerord.com\/index.php?rest_route=%2Fwp%2Fv2%2Fmedia&parent=7609"}],"wp:term":[{"taxonomy":"category","embeddable":true,"href":"https:\/\/minutocerord.com\/index.php?rest_route=%2Fwp%2Fv2%2Fcategories&post=7609"},{"taxonomy":"post_tag","embeddable":true,"href":"https:\/\/minutocerord.com\/index.php?rest_route=%2Fwp%2Fv2%2Ftags&post=7609"}],"curies":[{"name":"wp","href":"https:\/\/api.w.org\/{rel}","templated":true}]}}