{"id":782,"date":"2020-11-20T00:40:13","date_gmt":"2020-11-20T04:40:13","guid":{"rendered":"https:\/\/minutocerord.com\/?p=782"},"modified":"2020-11-20T00:40:18","modified_gmt":"2020-11-20T04:40:18","slug":"auditaran-todas-instituciones-publicas-por-presuntos-manejos-irregulares","status":"publish","type":"post","link":"https:\/\/minutocerord.com\/?p=782","title":{"rendered":"Auditar\u00e1n todas instituciones p\u00fablicas por presuntos manejos irregulares"},"content":{"rendered":"\n<p>Santo Domingo, 19 nov.- El contralor general de la Rep\u00fablica, Luis Rafael Delgado, revel\u00f3 este jueves que su oficina auditar\u00e1 \u00abcuatro a\u00f1os de Gobierno\u00bb con el prop\u00f3sito de determinar \u00abtodo lo que se pudo haber hecho\u00bb en cada una de las instituciones estatales.<\/p>\n\n\n\n<p>\u00abEl pa\u00eds en su momento tendr\u00e1 que conocer qu\u00e9 hemos encontrado en cada una de las instituciones, pero esto no va a ser con bulla y con acusaciones que pudiera pensarse que tienen car\u00e1cter pol\u00edtico, ser\u00e1 un proceso t\u00e9cnico y cient\u00edfico que ser\u00e1 avalado por todas esas auditor\u00edas\u00bb, expuso el funcionario en nota de prensa.<\/p>\n\n\n\n<p>Delgado adelant\u00f3 que \u00abtodas\u00bb las instituciones se auditar\u00e1n.<\/p>\n\n\n\n<p>\u00abTodos los procesos de auditor\u00eda, todos los informes que impliquen manejo de los fondos p\u00fablicos de manera irregular, que tengan m\u00e9ritos suficientes para ser judicializados, ser\u00e1n remitidos a la Procuradur\u00eda General de la Rep\u00fablica de inmediato\u00bb, acot\u00f3.<\/p>\n\n\n\n<p>Sin embargo, dijo que este proceso no se realizar\u00e1 por \u00abcapricho ni por acusaciones alegres\u00bb.<\/p>\n\n\n\n<p>El contralor afirm\u00f3 que en estos momentos se auditan m\u00e1s de 15 instituciones, entre las que cit\u00f3 el Ministerio de Educaci\u00f3n; Instituto Nacional de Aguas Potables (Inapa); Instituto Nacional de la Vivienda (Invi) y la Oficina de Ingenieros Supervisores de Obras del Estado (Oisoe), una de las instituciones p\u00fablicas que desaparecer\u00e1n en esta administraci\u00f3n.<\/p>\n\n\n\n<p>Considero que el pa\u00eds \u00abnecesita saber de primera mano\u00bb lo sucedido en las instituciones p\u00fablicas, y que para esto se contratar\u00e1n firmas auditoras \u00abindependientes\u00bb, tanto del pa\u00eds como internacionales.<\/p>\n\n\n\n<p>\u00abYa est\u00e1 previsto una asignaci\u00f3n de fondos en el presupuesto (general de la Naci\u00f3n) del a\u00f1o entrante, que contempla justamente esa contrataci\u00f3n. Se est\u00e1 trabajando con la Direcci\u00f3n de Contrataciones P\u00fablicas para montar esta licitaci\u00f3n con todas las de la ley, de manera que podamos tambi\u00e9n poder contratar firmas independientes y fortalecer ese contexto de auditor\u00edas\u00bb, agreg\u00f3.<\/p>\n\n\n\n<p>Delgado indic\u00f3 que la Contralor\u00eda para esos fines con la asesor\u00eda de la Uni\u00f3n Europea (UE), a trav\u00e9s del Programa de Apoyo a la Administraci\u00f3n de las Finanzas P\u00fablicas y la Movilizaci\u00f3n de Ingresos Nacionales (Progref), cuyo objetivo es que el Estado promueva una \u00abadministraci\u00f3n p\u00fablica eficiente, transparente y orientada a los resultados\u00bb.<\/p>\n\n\n\n<p>La informaci\u00f3n precis\u00f3 que el embajador de la UE, Gianluca Grippa, destac\u00f3 la s\u00f3lida relaci\u00f3n de cooperaci\u00f3n basada en la confianza mutua con las principales entidades socias y amigas del sector de las reformas de las finanzas p\u00fablicas en Rep\u00fablica Dominicana, con un aporte financiero a trav\u00e9s del Ministerio de Hacienda de 14.8 millones de euros.<\/p>\n\n\n\n<p>\u00abLa eficiencia operativa, la asignaci\u00f3n efectiva de recursos, la rendici\u00f3n de cuentas y la transparencia son las caracter\u00edsticas que se persigue alcanzar en el sector p\u00fablico con esta intervenci\u00f3n por nuestra parte\u00bb, dijo Grippa.<\/p>\n\n\n\n<p>El presidente Luis Abinader ha reiterado de que su gesti\u00f3n recuperar\u00e1 los recursos presuntamente sustra\u00eddos por el Gobierno que encabez\u00f3 Danilo Medina.EFE<\/p>\n","protected":false},"excerpt":{"rendered":"<p>Santo Domingo, 19 nov.- El contralor general de la Rep\u00fablica, Luis Rafael Delgado, revel\u00f3 este jueves que su oficina auditar\u00e1 \u00abcuatro a\u00f1os de Gobierno\u00bb con el prop\u00f3sito de determinar \u00abtodo lo que se pudo haber hecho\u00bb en cada una de las instituciones estatales. \u00abEl pa\u00eds en su momento tendr\u00e1 que conocer qu\u00e9 hemos encontrado en [&hellip;]<\/p>\n","protected":false},"author":1,"featured_media":783,"comment_status":"open","ping_status":"open","sticky":false,"template":"","format":"standard","meta":{"nf_dc_page":"","jetpack_post_was_ever_published":false,"_jetpack_newsletter_access":"","_jetpack_dont_email_post_to_subs":false,"_jetpack_newsletter_tier_id":0,"_jetpack_memberships_contains_paywalled_content":false,"_jetpack_memberships_contains_paid_content":false,"footnotes":"","jetpack_publicize_message":"","jetpack_publicize_feature_enabled":true,"jetpack_social_post_already_shared":false,"jetpack_social_options":{"image_generator_settings":{"template":"highway","default_image_id":0,"font":"","enabled":false},"version":2}},"categories":[65],"tags":[],"class_list":["post-782","post","type-post","status-publish","format-standard","has-post-thumbnail","hentry","category-nacionales"],"yoast_head":"<!-- This site is optimized with the Yoast SEO plugin v27.5 - https:\/\/yoast.com\/product\/yoast-seo-wordpress\/ -->\n<title>Auditar\u00e1n todas instituciones p\u00fablicas por presuntos manejos irregulares - Minuto Cero RD<\/title>\n<meta name=\"robots\" content=\"index, follow, max-snippet:-1, max-image-preview:large, max-video-preview:-1\" \/>\n<link rel=\"canonical\" href=\"https:\/\/minutocerord.com\/?p=782\" \/>\n<meta property=\"og:locale\" content=\"es_ES\" \/>\n<meta property=\"og:type\" content=\"article\" \/>\n<meta property=\"og:title\" content=\"Auditar\u00e1n todas instituciones p\u00fablicas por presuntos manejos irregulares - Minuto Cero RD\" \/>\n<meta property=\"og:description\" content=\"Santo Domingo, 19 nov.- El contralor general de la Rep\u00fablica, Luis Rafael Delgado, revel\u00f3 este jueves que su oficina auditar\u00e1 \u00abcuatro a\u00f1os de Gobierno\u00bb con el prop\u00f3sito de determinar \u00abtodo lo que se pudo haber hecho\u00bb en cada una de las instituciones estatales. \u00abEl pa\u00eds en su momento tendr\u00e1 que conocer qu\u00e9 hemos encontrado en [&hellip;]\" \/>\n<meta property=\"og:url\" content=\"https:\/\/minutocerord.com\/?p=782\" \/>\n<meta property=\"og:site_name\" content=\"Minuto Cero RD\" \/>\n<meta property=\"article:publisher\" content=\"https:\/\/www.facebook.com\/Genofnotes\" \/>\n<meta property=\"article:author\" content=\"https:\/\/www.facebook.com\/Genofnotes\" \/>\n<meta property=\"article:published_time\" content=\"2020-11-20T04:40:13+00:00\" \/>\n<meta property=\"article:modified_time\" content=\"2020-11-20T04:40:18+00:00\" \/>\n<meta property=\"og:image\" content=\"https:\/\/i0.wp.com\/minutocerord.com\/wp-content\/uploads\/2020\/11\/d6b10333-f4ee568a-palacio-nacional-780x405-5e740ce56ec55.jpg?fit=780%2C405&ssl=1\" \/>\n\t<meta property=\"og:image:width\" content=\"780\" \/>\n\t<meta property=\"og:image:height\" content=\"405\" \/>\n\t<meta property=\"og:image:type\" content=\"image\/jpeg\" \/>\n<meta name=\"author\" content=\"Genof\u00f3ntes Urb\u00e1ez\" \/>\n<meta name=\"twitter:card\" content=\"summary_large_image\" \/>\n<meta name=\"twitter:label1\" content=\"Written by\" \/>\n\t<meta name=\"twitter:data1\" content=\"Genof\u00f3ntes Urb\u00e1ez\" \/>\n\t<meta name=\"twitter:label2\" content=\"Est. reading time\" \/>\n\t<meta name=\"twitter:data2\" content=\"3 minutos\" \/>\n<script type=\"application\/ld+json\" class=\"yoast-schema-graph\">{\"@context\":\"https:\\\/\\\/schema.org\",\"@graph\":[{\"@type\":\"Article\",\"@id\":\"https:\\\/\\\/minutocerord.com\\\/?p=782#article\",\"isPartOf\":{\"@id\":\"https:\\\/\\\/minutocerord.com\\\/?p=782\"},\"author\":{\"name\":\"Genof\u00f3ntes Urb\u00e1ez\",\"@id\":\"https:\\\/\\\/minutocerord.com\\\/#\\\/schema\\\/person\\\/60b5372d60aaa0a5171fb6488be9aee6\"},\"headline\":\"Auditar\u00e1n todas instituciones p\u00fablicas por presuntos manejos irregulares\",\"datePublished\":\"2020-11-20T04:40:13+00:00\",\"dateModified\":\"2020-11-20T04:40:18+00:00\",\"mainEntityOfPage\":{\"@id\":\"https:\\\/\\\/minutocerord.com\\\/?p=782\"},\"wordCount\":529,\"commentCount\":0,\"publisher\":{\"@id\":\"https:\\\/\\\/minutocerord.com\\\/#\\\/schema\\\/person\\\/60b5372d60aaa0a5171fb6488be9aee6\"},\"image\":{\"@id\":\"https:\\\/\\\/minutocerord.com\\\/?p=782#primaryimage\"},\"thumbnailUrl\":\"https:\\\/\\\/i0.wp.com\\\/minutocerord.com\\\/wp-content\\\/uploads\\\/2020\\\/11\\\/d6b10333-f4ee568a-palacio-nacional-780x405-5e740ce56ec55.jpg?fit=780%2C405&ssl=1\",\"articleSection\":[\"Nacionales\"],\"inLanguage\":\"es-DO\",\"potentialAction\":[{\"@type\":\"CommentAction\",\"name\":\"Comment\",\"target\":[\"https:\\\/\\\/minutocerord.com\\\/?p=782#respond\"]}]},{\"@type\":\"WebPage\",\"@id\":\"https:\\\/\\\/minutocerord.com\\\/?p=782\",\"url\":\"https:\\\/\\\/minutocerord.com\\\/?p=782\",\"name\":\"Auditar\u00e1n todas instituciones p\u00fablicas por presuntos manejos irregulares - Minuto Cero RD\",\"isPartOf\":{\"@id\":\"https:\\\/\\\/minutocerord.com\\\/#website\"},\"primaryImageOfPage\":{\"@id\":\"https:\\\/\\\/minutocerord.com\\\/?p=782#primaryimage\"},\"image\":{\"@id\":\"https:\\\/\\\/minutocerord.com\\\/?p=782#primaryimage\"},\"thumbnailUrl\":\"https:\\\/\\\/i0.wp.com\\\/minutocerord.com\\\/wp-content\\\/uploads\\\/2020\\\/11\\\/d6b10333-f4ee568a-palacio-nacional-780x405-5e740ce56ec55.jpg?fit=780%2C405&ssl=1\",\"datePublished\":\"2020-11-20T04:40:13+00:00\",\"dateModified\":\"2020-11-20T04:40:18+00:00\",\"breadcrumb\":{\"@id\":\"https:\\\/\\\/minutocerord.com\\\/?p=782#breadcrumb\"},\"inLanguage\":\"es-DO\",\"potentialAction\":[{\"@type\":\"ReadAction\",\"target\":[\"https:\\\/\\\/minutocerord.com\\\/?p=782\"]}]},{\"@type\":\"ImageObject\",\"inLanguage\":\"es-DO\",\"@id\":\"https:\\\/\\\/minutocerord.com\\\/?p=782#primaryimage\",\"url\":\"https:\\\/\\\/i0.wp.com\\\/minutocerord.com\\\/wp-content\\\/uploads\\\/2020\\\/11\\\/d6b10333-f4ee568a-palacio-nacional-780x405-5e740ce56ec55.jpg?fit=780%2C405&ssl=1\",\"contentUrl\":\"https:\\\/\\\/i0.wp.com\\\/minutocerord.com\\\/wp-content\\\/uploads\\\/2020\\\/11\\\/d6b10333-f4ee568a-palacio-nacional-780x405-5e740ce56ec55.jpg?fit=780%2C405&ssl=1\",\"width\":780,\"height\":405},{\"@type\":\"BreadcrumbList\",\"@id\":\"https:\\\/\\\/minutocerord.com\\\/?p=782#breadcrumb\",\"itemListElement\":[{\"@type\":\"ListItem\",\"position\":1,\"name\":\"Home\",\"item\":\"https:\\\/\\\/minutocerord.com\\\/\"},{\"@type\":\"ListItem\",\"position\":2,\"name\":\"Auditar\u00e1n todas instituciones p\u00fablicas por presuntos manejos irregulares\"}]},{\"@type\":\"WebSite\",\"@id\":\"https:\\\/\\\/minutocerord.com\\\/#website\",\"url\":\"https:\\\/\\\/minutocerord.com\\\/\",\"name\":\"Minuto Cero RD\",\"description\":\"Periodismo serio y veraz\",\"publisher\":{\"@id\":\"https:\\\/\\\/minutocerord.com\\\/#\\\/schema\\\/person\\\/60b5372d60aaa0a5171fb6488be9aee6\"},\"potentialAction\":[{\"@type\":\"SearchAction\",\"target\":{\"@type\":\"EntryPoint\",\"urlTemplate\":\"https:\\\/\\\/minutocerord.com\\\/?s={search_term_string}\"},\"query-input\":{\"@type\":\"PropertyValueSpecification\",\"valueRequired\":true,\"valueName\":\"search_term_string\"}}],\"inLanguage\":\"es-DO\"},{\"@type\":[\"Person\",\"Organization\"],\"@id\":\"https:\\\/\\\/minutocerord.com\\\/#\\\/schema\\\/person\\\/60b5372d60aaa0a5171fb6488be9aee6\",\"name\":\"Genof\u00f3ntes Urb\u00e1ez\",\"image\":{\"@type\":\"ImageObject\",\"inLanguage\":\"es-DO\",\"@id\":\"https:\\\/\\\/secure.gravatar.com\\\/avatar\\\/a49ef3186a692098ac3e8a1612261e3ad70cf9e44553dff2929e67939a0ecb9d?s=96&d=identicon&r=g\",\"url\":\"https:\\\/\\\/secure.gravatar.com\\\/avatar\\\/a49ef3186a692098ac3e8a1612261e3ad70cf9e44553dff2929e67939a0ecb9d?s=96&d=identicon&r=g\",\"contentUrl\":\"https:\\\/\\\/secure.gravatar.com\\\/avatar\\\/a49ef3186a692098ac3e8a1612261e3ad70cf9e44553dff2929e67939a0ecb9d?s=96&d=identicon&r=g\",\"caption\":\"Genof\u00f3ntes Urb\u00e1ez\"},\"logo\":{\"@id\":\"https:\\\/\\\/secure.gravatar.com\\\/avatar\\\/a49ef3186a692098ac3e8a1612261e3ad70cf9e44553dff2929e67939a0ecb9d?s=96&d=identicon&r=g\"},\"description\":\"Periodista \\\/ Locutor\",\"sameAs\":[\"https:\\\/\\\/www.facebook.com\\\/Genofnotes\",\"https:\\\/\\\/www.instagram.com\\\/genofnotes\\\/\"]}]}<\/script>\n<!-- \/ Yoast SEO plugin. -->","yoast_head_json":{"title":"Auditar\u00e1n todas instituciones p\u00fablicas por presuntos manejos irregulares - Minuto Cero RD","robots":{"index":"index","follow":"follow","max-snippet":"max-snippet:-1","max-image-preview":"max-image-preview:large","max-video-preview":"max-video-preview:-1"},"canonical":"https:\/\/minutocerord.com\/?p=782","og_locale":"es_ES","og_type":"article","og_title":"Auditar\u00e1n todas instituciones p\u00fablicas por presuntos manejos irregulares - Minuto Cero RD","og_description":"Santo Domingo, 19 nov.- El contralor general de la Rep\u00fablica, Luis Rafael Delgado, revel\u00f3 este jueves que su oficina auditar\u00e1 \u00abcuatro a\u00f1os de Gobierno\u00bb con el prop\u00f3sito de determinar \u00abtodo lo que se pudo haber hecho\u00bb en cada una de las instituciones estatales. \u00abEl pa\u00eds en su momento tendr\u00e1 que conocer qu\u00e9 hemos encontrado en [&hellip;]","og_url":"https:\/\/minutocerord.com\/?p=782","og_site_name":"Minuto Cero RD","article_publisher":"https:\/\/www.facebook.com\/Genofnotes","article_author":"https:\/\/www.facebook.com\/Genofnotes","article_published_time":"2020-11-20T04:40:13+00:00","article_modified_time":"2020-11-20T04:40:18+00:00","og_image":[{"width":780,"height":405,"url":"https:\/\/i0.wp.com\/minutocerord.com\/wp-content\/uploads\/2020\/11\/d6b10333-f4ee568a-palacio-nacional-780x405-5e740ce56ec55.jpg?fit=780%2C405&ssl=1","type":"image\/jpeg"}],"author":"Genof\u00f3ntes Urb\u00e1ez","twitter_card":"summary_large_image","twitter_misc":{"Written by":"Genof\u00f3ntes Urb\u00e1ez","Est. reading time":"3 minutos"},"schema":{"@context":"https:\/\/schema.org","@graph":[{"@type":"Article","@id":"https:\/\/minutocerord.com\/?p=782#article","isPartOf":{"@id":"https:\/\/minutocerord.com\/?p=782"},"author":{"name":"Genof\u00f3ntes Urb\u00e1ez","@id":"https:\/\/minutocerord.com\/#\/schema\/person\/60b5372d60aaa0a5171fb6488be9aee6"},"headline":"Auditar\u00e1n todas instituciones p\u00fablicas por presuntos manejos irregulares","datePublished":"2020-11-20T04:40:13+00:00","dateModified":"2020-11-20T04:40:18+00:00","mainEntityOfPage":{"@id":"https:\/\/minutocerord.com\/?p=782"},"wordCount":529,"commentCount":0,"publisher":{"@id":"https:\/\/minutocerord.com\/#\/schema\/person\/60b5372d60aaa0a5171fb6488be9aee6"},"image":{"@id":"https:\/\/minutocerord.com\/?p=782#primaryimage"},"thumbnailUrl":"https:\/\/i0.wp.com\/minutocerord.com\/wp-content\/uploads\/2020\/11\/d6b10333-f4ee568a-palacio-nacional-780x405-5e740ce56ec55.jpg?fit=780%2C405&ssl=1","articleSection":["Nacionales"],"inLanguage":"es-DO","potentialAction":[{"@type":"CommentAction","name":"Comment","target":["https:\/\/minutocerord.com\/?p=782#respond"]}]},{"@type":"WebPage","@id":"https:\/\/minutocerord.com\/?p=782","url":"https:\/\/minutocerord.com\/?p=782","name":"Auditar\u00e1n todas instituciones p\u00fablicas por presuntos manejos irregulares - Minuto Cero RD","isPartOf":{"@id":"https:\/\/minutocerord.com\/#website"},"primaryImageOfPage":{"@id":"https:\/\/minutocerord.com\/?p=782#primaryimage"},"image":{"@id":"https:\/\/minutocerord.com\/?p=782#primaryimage"},"thumbnailUrl":"https:\/\/i0.wp.com\/minutocerord.com\/wp-content\/uploads\/2020\/11\/d6b10333-f4ee568a-palacio-nacional-780x405-5e740ce56ec55.jpg?fit=780%2C405&ssl=1","datePublished":"2020-11-20T04:40:13+00:00","dateModified":"2020-11-20T04:40:18+00:00","breadcrumb":{"@id":"https:\/\/minutocerord.com\/?p=782#breadcrumb"},"inLanguage":"es-DO","potentialAction":[{"@type":"ReadAction","target":["https:\/\/minutocerord.com\/?p=782"]}]},{"@type":"ImageObject","inLanguage":"es-DO","@id":"https:\/\/minutocerord.com\/?p=782#primaryimage","url":"https:\/\/i0.wp.com\/minutocerord.com\/wp-content\/uploads\/2020\/11\/d6b10333-f4ee568a-palacio-nacional-780x405-5e740ce56ec55.jpg?fit=780%2C405&ssl=1","contentUrl":"https:\/\/i0.wp.com\/minutocerord.com\/wp-content\/uploads\/2020\/11\/d6b10333-f4ee568a-palacio-nacional-780x405-5e740ce56ec55.jpg?fit=780%2C405&ssl=1","width":780,"height":405},{"@type":"BreadcrumbList","@id":"https:\/\/minutocerord.com\/?p=782#breadcrumb","itemListElement":[{"@type":"ListItem","position":1,"name":"Home","item":"https:\/\/minutocerord.com\/"},{"@type":"ListItem","position":2,"name":"Auditar\u00e1n todas instituciones p\u00fablicas por presuntos manejos irregulares"}]},{"@type":"WebSite","@id":"https:\/\/minutocerord.com\/#website","url":"https:\/\/minutocerord.com\/","name":"Minuto Cero RD","description":"Periodismo serio y veraz","publisher":{"@id":"https:\/\/minutocerord.com\/#\/schema\/person\/60b5372d60aaa0a5171fb6488be9aee6"},"potentialAction":[{"@type":"SearchAction","target":{"@type":"EntryPoint","urlTemplate":"https:\/\/minutocerord.com\/?s={search_term_string}"},"query-input":{"@type":"PropertyValueSpecification","valueRequired":true,"valueName":"search_term_string"}}],"inLanguage":"es-DO"},{"@type":["Person","Organization"],"@id":"https:\/\/minutocerord.com\/#\/schema\/person\/60b5372d60aaa0a5171fb6488be9aee6","name":"Genof\u00f3ntes Urb\u00e1ez","image":{"@type":"ImageObject","inLanguage":"es-DO","@id":"https:\/\/secure.gravatar.com\/avatar\/a49ef3186a692098ac3e8a1612261e3ad70cf9e44553dff2929e67939a0ecb9d?s=96&d=identicon&r=g","url":"https:\/\/secure.gravatar.com\/avatar\/a49ef3186a692098ac3e8a1612261e3ad70cf9e44553dff2929e67939a0ecb9d?s=96&d=identicon&r=g","contentUrl":"https:\/\/secure.gravatar.com\/avatar\/a49ef3186a692098ac3e8a1612261e3ad70cf9e44553dff2929e67939a0ecb9d?s=96&d=identicon&r=g","caption":"Genof\u00f3ntes Urb\u00e1ez"},"logo":{"@id":"https:\/\/secure.gravatar.com\/avatar\/a49ef3186a692098ac3e8a1612261e3ad70cf9e44553dff2929e67939a0ecb9d?s=96&d=identicon&r=g"},"description":"Periodista \/ Locutor","sameAs":["https:\/\/www.facebook.com\/Genofnotes","https:\/\/www.instagram.com\/genofnotes\/"]}]}},"jetpack_publicize_connections":[],"jetpack_featured_media_url":"https:\/\/i0.wp.com\/minutocerord.com\/wp-content\/uploads\/2020\/11\/d6b10333-f4ee568a-palacio-nacional-780x405-5e740ce56ec55.jpg?fit=780%2C405&ssl=1","jetpack-related-posts":[],"jetpack_sharing_enabled":true,"_links":{"self":[{"href":"https:\/\/minutocerord.com\/index.php?rest_route=\/wp\/v2\/posts\/782","targetHints":{"allow":["GET"]}}],"collection":[{"href":"https:\/\/minutocerord.com\/index.php?rest_route=\/wp\/v2\/posts"}],"about":[{"href":"https:\/\/minutocerord.com\/index.php?rest_route=\/wp\/v2\/types\/post"}],"author":[{"embeddable":true,"href":"https:\/\/minutocerord.com\/index.php?rest_route=\/wp\/v2\/users\/1"}],"replies":[{"embeddable":true,"href":"https:\/\/minutocerord.com\/index.php?rest_route=%2Fwp%2Fv2%2Fcomments&post=782"}],"version-history":[{"count":1,"href":"https:\/\/minutocerord.com\/index.php?rest_route=\/wp\/v2\/posts\/782\/revisions"}],"predecessor-version":[{"id":784,"href":"https:\/\/minutocerord.com\/index.php?rest_route=\/wp\/v2\/posts\/782\/revisions\/784"}],"wp:featuredmedia":[{"embeddable":true,"href":"https:\/\/minutocerord.com\/index.php?rest_route=\/wp\/v2\/media\/783"}],"wp:attachment":[{"href":"https:\/\/minutocerord.com\/index.php?rest_route=%2Fwp%2Fv2%2Fmedia&parent=782"}],"wp:term":[{"taxonomy":"category","embeddable":true,"href":"https:\/\/minutocerord.com\/index.php?rest_route=%2Fwp%2Fv2%2Fcategories&post=782"},{"taxonomy":"post_tag","embeddable":true,"href":"https:\/\/minutocerord.com\/index.php?rest_route=%2Fwp%2Fv2%2Ftags&post=782"}],"curies":[{"name":"wp","href":"https:\/\/api.w.org\/{rel}","templated":true}]}}