{"id":785,"date":"2020-11-20T00:47:45","date_gmt":"2020-11-20T04:47:45","guid":{"rendered":"https:\/\/minutocerord.com\/?p=785"},"modified":"2020-11-20T00:47:49","modified_gmt":"2020-11-20T04:47:49","slug":"rondon-cuestiona-a-fiscalia-por-excluir-a-punta-catalina-del-caso-odebrecht","status":"publish","type":"post","link":"https:\/\/minutocerord.com\/?p=785","title":{"rendered":"Rond\u00f3n cuestiona a Fiscal\u00eda por excluir a Punta Catalina del caso Odebrecht"},"content":{"rendered":"\n<figure class=\"wp-block-embed-youtube wp-block-embed is-type-video is-provider-youtube wp-embed-aspect-16-9 wp-has-aspect-ratio\"><div class=\"wp-block-embed__wrapper\">\n<iframe loading=\"lazy\" title=\"EN VIVO Contin\u00faa juicio de fondo caso Odebrecht\" width=\"640\" height=\"360\" src=\"https:\/\/www.youtube.com\/embed\/WNEhhNuCdXE?feature=oembed&#038;enablejsapi=1\" frameborder=\"0\" allow=\"accelerometer; autoplay; clipboard-write; encrypted-media; gyroscope; picture-in-picture; web-share\" referrerpolicy=\"strict-origin-when-cross-origin\" allowfullscreen><\/iframe>\n<\/div><\/figure>\n\n\n\n<p>Santo Domingo, RD. \u2013 El ex representante comercial de Odebrecht \u00c1ngel Rond\u00f3n fue este jueves el primer acusado en declarar en el juicio y cuestion\u00f3 a la fiscal\u00eda por haber excluido del caso la central el\u00e9ctrica de Punta Catalina, obra adjudicada por el Gobierno de Danilo Medina.<\/p>\n\n\n\n<p>En su declaraci\u00f3n, de varias horas de duraci\u00f3n, Rond\u00f3n trat\u00f3 de defender su inocencia rebatiendo p\u00e1rrafo por p\u00e1rrafo las imputaciones de la fiscal\u00eda, se\u00f1alando supuestos fallos en el relato de la acusaci\u00f3n o falta de pruebas.<\/p>\n\n\n\n<p>Se centr\u00f3, especialmente, en se\u00f1alar la incongruencia que, seg\u00fan \u00e9l, supone excluir Punta Catalina del caso, teniendo en cuenta que \u00e9l oper\u00f3 de la misma forma con esta termoel\u00e9ctrica que con las otras 16 obras en las que intermedi\u00f3 a favor de la constructora brasile\u00f1a, seg\u00fan su versi\u00f3n.<\/p>\n\n\n\n<p>\u00abActu\u00e9 en 16 proyectos, y en Punta Catalina dicen que no, que fue investigada hasta la saciedad y yo no di sobornos (\u2026) no entiendo por qu\u00e9 la selecci\u00f3n. O todo toro o todo vaca\u00bb, dijo Rond\u00f3n entre risas en su declaraci\u00f3n ante las magistradas de la corte.<\/p>\n\n\n\n<p>Rond\u00f3n subray\u00f3 que \u00abno es por casualidad\u00bb que las delaciones concluyen en 2012, con las \u00faltimas obras licitadas por el Gobierno de Leonel Fern\u00e1ndez, sugiriendo que hay una motivaci\u00f3n pol\u00edtica en el caso.<strong>Conversaciones en Najayo<\/strong><\/p>\n\n\n\n<p>En esa misma l\u00ednea de argumentaci\u00f3n, asegur\u00f3 que mantuvo conversaciones en la c\u00e1rcel de Najayo con el dirigente pelede\u00edsta Tem\u00edstocles Mont\u00e1s y con el perreme\u00edsta Andr\u00e9s Bautista.<\/p>\n\n\n\n<p>\u00abLe dije a ellos dos si ustedes siguen con la pr\u00e1ctica de que cada Gobierno que entra va a salir a hacerle l\u00edos al que sale, esto no se va acabar nunca\u00bb, coment\u00f3.<\/p>\n\n\n\n<p>Entre otros argumentos para demostrar su inocencia, Rond\u00f3n aleg\u00f3 que en el acuerdo de delaci\u00f3n realizado por ejecutivos de Odebrecht en Brasil no le citan de forma expresa.<\/p>\n\n\n\n<p>Asegur\u00f3, del mismo modo, que la compa\u00f1\u00eda negociaba directamente con los pol\u00edticos dominicanos, asegurando que presentar\u00e1 un testigo que lo corroborar\u00e1, Maximiliano Suero.<\/p>\n\n\n\n<p>Tambi\u00e9n cuestion\u00f3 a la fiscal\u00eda por hacer cambios en la traducci\u00f3n de las delaciones enviadas desde Brasil y por alterar su propia declaraci\u00f3n ante el entonces procurador general, Jean Alain Rodr\u00edguez.<strong>Admite recibi\u00f3 US$200 millones<\/strong><\/p>\n\n\n\n<p>El empresario dijo que en los a\u00f1os que trabaj\u00f3 para Odebrecht recibi\u00f3 200 millones de d\u00f3lares, pero no para sobornos, sino para fines legales, tales como el pago de honorarios por representaci\u00f3n comercial, como subcontratista, como consorciado y por el alquiler de equipos.<\/p>\n\n\n\n<p><strong>Le ofrecieron acuerdo<\/strong>Rond\u00f3n Rijo afirm\u00f3 que el exprocurador general, Jean Alain Rodr\u00edguez, le ofreci\u00f3 un acuerdo para acusar a \u201cdos o tres\u201d del Partido de Revolucionario Moderno (PRM) o de lo contrario, le someter\u00eda a \u00e9l y a \u201ctodos\u201d los delatados por Marcos Cruz.<\/p>\n\n\n\n<p>Expres\u00f3 que se neg\u00f3 a ese acuerdo porque no hab\u00eda sobornado a funcionarios como establece el Ministerio P\u00fablico. Esto habr\u00eda ocurrido en marzo del 2017, seg\u00fan su relato.<\/p>\n\n\n\n<p>El acusado asegur\u00f3, adem\u00e1s, que el exProcurador manipul\u00f3 lo dicho por Marco Vasconcelos Cruz. Record\u00f3 que, en principio, el Ministerio P\u00fablico acus\u00f3 solo a 14 personas, pero dejaron fuera de la acusaci\u00f3n a 28 que tambi\u00e9n fueron mencionadas.<strong>Juicio continuar\u00e1 el lunes<\/strong><\/p>\n\n\n\n<p>Rond\u00f3n continuar\u00e1 su declaraci\u00f3n ante el tribunal el pr\u00f3ximo lunes por la ma\u00f1ana, fecha en la que se reinicia el juicio.<\/p>\n\n\n\n<p>Seg\u00fan documentos publicados en 2016 por el Departamento de Justicia de Estados Unidos, Odebrecht pag\u00f3 aproximadamente 788 millones de d\u00f3lares en sobornos en doce pa\u00edses latinoamericanos, entre ellos Rep\u00fablica Dominicana, donde admiti\u00f3 haber desembolsado 92 millones de d\u00f3lares.<\/p>\n\n\n\n<p>Los otros acusados en este caso son los exsenadores Andr\u00e9s Bautista Garc\u00eda, Roberto Rodr\u00edguez y Tommy Gal\u00e1n; el exministro de Obras P\u00fablicas V\u00edctor D\u00edaz R\u00faa y su supuesto testaferro Conrado Pittaluga Arzeno.<\/p>\n\n\n\n<p><em>(Con informaci\u00f3n de Agencia EFE)<\/em><\/p>\n","protected":false},"excerpt":{"rendered":"<p>Santo Domingo, RD. \u2013 El ex representante comercial de Odebrecht \u00c1ngel Rond\u00f3n fue este jueves el primer acusado en declarar en el juicio y cuestion\u00f3 a la fiscal\u00eda por haber excluido del caso la central el\u00e9ctrica de Punta Catalina, obra adjudicada por el Gobierno de Danilo Medina. En su declaraci\u00f3n, de varias horas de duraci\u00f3n, [&hellip;]<\/p>\n","protected":false},"author":1,"featured_media":787,"comment_status":"open","ping_status":"open","sticky":false,"template":"","format":"standard","meta":{"nf_dc_page":"","jetpack_post_was_ever_published":false,"_jetpack_newsletter_access":"","_jetpack_dont_email_post_to_subs":false,"_jetpack_newsletter_tier_id":0,"_jetpack_memberships_contains_paywalled_content":false,"_jetpack_memberships_contains_paid_content":false,"footnotes":"","jetpack_publicize_message":"","jetpack_publicize_feature_enabled":true,"jetpack_social_post_already_shared":false,"jetpack_social_options":{"image_generator_settings":{"template":"highway","default_image_id":0,"font":"","enabled":false},"version":2}},"categories":[93],"tags":[],"class_list":["post-785","post","type-post","status-publish","format-standard","has-post-thumbnail","hentry","category-justicia"],"yoast_head":"<!-- This site is optimized with the Yoast SEO plugin v27.5 - https:\/\/yoast.com\/product\/yoast-seo-wordpress\/ -->\n<title>Rond\u00f3n cuestiona a Fiscal\u00eda por excluir a Punta Catalina del caso Odebrecht - Minuto Cero RD<\/title>\n<meta name=\"robots\" content=\"index, follow, max-snippet:-1, max-image-preview:large, max-video-preview:-1\" \/>\n<link rel=\"canonical\" href=\"http:\/\/minutocerord.com\/?p=785\" \/>\n<meta property=\"og:locale\" content=\"es_ES\" \/>\n<meta property=\"og:type\" content=\"article\" \/>\n<meta property=\"og:title\" content=\"Rond\u00f3n cuestiona a Fiscal\u00eda por excluir a Punta Catalina del caso Odebrecht - Minuto Cero RD\" \/>\n<meta property=\"og:description\" content=\"Santo Domingo, RD. \u2013 El ex representante comercial de Odebrecht \u00c1ngel Rond\u00f3n fue este jueves el primer acusado en declarar en el juicio y cuestion\u00f3 a la fiscal\u00eda por haber excluido del caso la central el\u00e9ctrica de Punta Catalina, obra adjudicada por el Gobierno de Danilo Medina. En su declaraci\u00f3n, de varias horas de duraci\u00f3n, [&hellip;]\" \/>\n<meta property=\"og:url\" content=\"http:\/\/minutocerord.com\/?p=785\" \/>\n<meta property=\"og:site_name\" content=\"Minuto Cero RD\" \/>\n<meta property=\"article:publisher\" content=\"https:\/\/www.facebook.com\/Genofnotes\" \/>\n<meta property=\"article:author\" content=\"https:\/\/www.facebook.com\/Genofnotes\" \/>\n<meta property=\"article:published_time\" content=\"2020-11-20T04:47:45+00:00\" \/>\n<meta property=\"article:modified_time\" content=\"2020-11-20T04:47:49+00:00\" \/>\n<meta property=\"og:image\" content=\"https:\/\/i0.wp.com\/minutocerord.com\/wp-content\/uploads\/2020\/11\/Angel-Rondon-declarando-este-jueves-en-el-juicio-de-fondo-por-el-caso-Odebrecht.jpg?fit=748%2C431\" \/>\n\t<meta property=\"og:image:width\" content=\"748\" \/>\n\t<meta property=\"og:image:height\" content=\"431\" \/>\n\t<meta property=\"og:image:type\" content=\"image\/jpeg\" \/>\n<meta name=\"author\" content=\"Genof\u00f3ntes Urb\u00e1ez\" \/>\n<meta name=\"twitter:card\" content=\"summary_large_image\" \/>\n<meta name=\"twitter:label1\" content=\"Written by\" \/>\n\t<meta name=\"twitter:data1\" content=\"Genof\u00f3ntes Urb\u00e1ez\" \/>\n\t<meta name=\"twitter:label2\" content=\"Est. reading time\" \/>\n\t<meta name=\"twitter:data2\" content=\"3 minutos\" \/>\n<script type=\"application\/ld+json\" class=\"yoast-schema-graph\">{\"@context\":\"https:\\\/\\\/schema.org\",\"@graph\":[{\"@type\":\"Article\",\"@id\":\"http:\\\/\\\/minutocerord.com\\\/?p=785#article\",\"isPartOf\":{\"@id\":\"http:\\\/\\\/minutocerord.com\\\/?p=785\"},\"author\":{\"name\":\"Genof\u00f3ntes Urb\u00e1ez\",\"@id\":\"https:\\\/\\\/minutocerord.com\\\/#\\\/schema\\\/person\\\/60b5372d60aaa0a5171fb6488be9aee6\"},\"headline\":\"Rond\u00f3n cuestiona a Fiscal\u00eda por excluir a Punta Catalina del caso Odebrecht\",\"datePublished\":\"2020-11-20T04:47:45+00:00\",\"dateModified\":\"2020-11-20T04:47:49+00:00\",\"mainEntityOfPage\":{\"@id\":\"http:\\\/\\\/minutocerord.com\\\/?p=785\"},\"wordCount\":695,\"commentCount\":0,\"publisher\":{\"@id\":\"https:\\\/\\\/minutocerord.com\\\/#\\\/schema\\\/person\\\/60b5372d60aaa0a5171fb6488be9aee6\"},\"image\":{\"@id\":\"http:\\\/\\\/minutocerord.com\\\/?p=785#primaryimage\"},\"thumbnailUrl\":\"https:\\\/\\\/i0.wp.com\\\/minutocerord.com\\\/wp-content\\\/uploads\\\/2020\\\/11\\\/Angel-Rondon-declarando-este-jueves-en-el-juicio-de-fondo-por-el-caso-Odebrecht.jpg?fit=748%2C431&ssl=1\",\"articleSection\":[\"Justicia\"],\"inLanguage\":\"es-DO\",\"potentialAction\":[{\"@type\":\"CommentAction\",\"name\":\"Comment\",\"target\":[\"http:\\\/\\\/minutocerord.com\\\/?p=785#respond\"]}]},{\"@type\":\"WebPage\",\"@id\":\"http:\\\/\\\/minutocerord.com\\\/?p=785\",\"url\":\"http:\\\/\\\/minutocerord.com\\\/?p=785\",\"name\":\"Rond\u00f3n cuestiona a Fiscal\u00eda por excluir a Punta Catalina del caso Odebrecht - Minuto Cero RD\",\"isPartOf\":{\"@id\":\"https:\\\/\\\/minutocerord.com\\\/#website\"},\"primaryImageOfPage\":{\"@id\":\"http:\\\/\\\/minutocerord.com\\\/?p=785#primaryimage\"},\"image\":{\"@id\":\"http:\\\/\\\/minutocerord.com\\\/?p=785#primaryimage\"},\"thumbnailUrl\":\"https:\\\/\\\/i0.wp.com\\\/minutocerord.com\\\/wp-content\\\/uploads\\\/2020\\\/11\\\/Angel-Rondon-declarando-este-jueves-en-el-juicio-de-fondo-por-el-caso-Odebrecht.jpg?fit=748%2C431&ssl=1\",\"datePublished\":\"2020-11-20T04:47:45+00:00\",\"dateModified\":\"2020-11-20T04:47:49+00:00\",\"breadcrumb\":{\"@id\":\"http:\\\/\\\/minutocerord.com\\\/?p=785#breadcrumb\"},\"inLanguage\":\"es-DO\",\"potentialAction\":[{\"@type\":\"ReadAction\",\"target\":[\"http:\\\/\\\/minutocerord.com\\\/?p=785\"]}]},{\"@type\":\"ImageObject\",\"inLanguage\":\"es-DO\",\"@id\":\"http:\\\/\\\/minutocerord.com\\\/?p=785#primaryimage\",\"url\":\"https:\\\/\\\/i0.wp.com\\\/minutocerord.com\\\/wp-content\\\/uploads\\\/2020\\\/11\\\/Angel-Rondon-declarando-este-jueves-en-el-juicio-de-fondo-por-el-caso-Odebrecht.jpg?fit=748%2C431&ssl=1\",\"contentUrl\":\"https:\\\/\\\/i0.wp.com\\\/minutocerord.com\\\/wp-content\\\/uploads\\\/2020\\\/11\\\/Angel-Rondon-declarando-este-jueves-en-el-juicio-de-fondo-por-el-caso-Odebrecht.jpg?fit=748%2C431&ssl=1\",\"width\":748,\"height\":431},{\"@type\":\"BreadcrumbList\",\"@id\":\"http:\\\/\\\/minutocerord.com\\\/?p=785#breadcrumb\",\"itemListElement\":[{\"@type\":\"ListItem\",\"position\":1,\"name\":\"Home\",\"item\":\"https:\\\/\\\/minutocerord.com\\\/\"},{\"@type\":\"ListItem\",\"position\":2,\"name\":\"Rond\u00f3n cuestiona a Fiscal\u00eda por excluir a Punta Catalina del caso Odebrecht\"}]},{\"@type\":\"WebSite\",\"@id\":\"https:\\\/\\\/minutocerord.com\\\/#website\",\"url\":\"https:\\\/\\\/minutocerord.com\\\/\",\"name\":\"Minuto Cero RD\",\"description\":\"Periodismo serio y veraz\",\"publisher\":{\"@id\":\"https:\\\/\\\/minutocerord.com\\\/#\\\/schema\\\/person\\\/60b5372d60aaa0a5171fb6488be9aee6\"},\"potentialAction\":[{\"@type\":\"SearchAction\",\"target\":{\"@type\":\"EntryPoint\",\"urlTemplate\":\"https:\\\/\\\/minutocerord.com\\\/?s={search_term_string}\"},\"query-input\":{\"@type\":\"PropertyValueSpecification\",\"valueRequired\":true,\"valueName\":\"search_term_string\"}}],\"inLanguage\":\"es-DO\"},{\"@type\":[\"Person\",\"Organization\"],\"@id\":\"https:\\\/\\\/minutocerord.com\\\/#\\\/schema\\\/person\\\/60b5372d60aaa0a5171fb6488be9aee6\",\"name\":\"Genof\u00f3ntes Urb\u00e1ez\",\"image\":{\"@type\":\"ImageObject\",\"inLanguage\":\"es-DO\",\"@id\":\"https:\\\/\\\/secure.gravatar.com\\\/avatar\\\/a49ef3186a692098ac3e8a1612261e3ad70cf9e44553dff2929e67939a0ecb9d?s=96&d=identicon&r=g\",\"url\":\"https:\\\/\\\/secure.gravatar.com\\\/avatar\\\/a49ef3186a692098ac3e8a1612261e3ad70cf9e44553dff2929e67939a0ecb9d?s=96&d=identicon&r=g\",\"contentUrl\":\"https:\\\/\\\/secure.gravatar.com\\\/avatar\\\/a49ef3186a692098ac3e8a1612261e3ad70cf9e44553dff2929e67939a0ecb9d?s=96&d=identicon&r=g\",\"caption\":\"Genof\u00f3ntes Urb\u00e1ez\"},\"logo\":{\"@id\":\"https:\\\/\\\/secure.gravatar.com\\\/avatar\\\/a49ef3186a692098ac3e8a1612261e3ad70cf9e44553dff2929e67939a0ecb9d?s=96&d=identicon&r=g\"},\"description\":\"Periodista \\\/ Locutor\",\"sameAs\":[\"https:\\\/\\\/www.facebook.com\\\/Genofnotes\",\"https:\\\/\\\/www.instagram.com\\\/genofnotes\\\/\"]}]}<\/script>\n<!-- \/ Yoast SEO plugin. -->","yoast_head_json":{"title":"Rond\u00f3n cuestiona a Fiscal\u00eda por excluir a Punta Catalina del caso Odebrecht - Minuto Cero RD","robots":{"index":"index","follow":"follow","max-snippet":"max-snippet:-1","max-image-preview":"max-image-preview:large","max-video-preview":"max-video-preview:-1"},"canonical":"http:\/\/minutocerord.com\/?p=785","og_locale":"es_ES","og_type":"article","og_title":"Rond\u00f3n cuestiona a Fiscal\u00eda por excluir a Punta Catalina del caso Odebrecht - Minuto Cero RD","og_description":"Santo Domingo, RD. \u2013 El ex representante comercial de Odebrecht \u00c1ngel Rond\u00f3n fue este jueves el primer acusado en declarar en el juicio y cuestion\u00f3 a la fiscal\u00eda por haber excluido del caso la central el\u00e9ctrica de Punta Catalina, obra adjudicada por el Gobierno de Danilo Medina. En su declaraci\u00f3n, de varias horas de duraci\u00f3n, [&hellip;]","og_url":"http:\/\/minutocerord.com\/?p=785","og_site_name":"Minuto Cero RD","article_publisher":"https:\/\/www.facebook.com\/Genofnotes","article_author":"https:\/\/www.facebook.com\/Genofnotes","article_published_time":"2020-11-20T04:47:45+00:00","article_modified_time":"2020-11-20T04:47:49+00:00","og_image":[{"width":748,"height":431,"url":"https:\/\/i0.wp.com\/minutocerord.com\/wp-content\/uploads\/2020\/11\/Angel-Rondon-declarando-este-jueves-en-el-juicio-de-fondo-por-el-caso-Odebrecht.jpg?fit=748%2C431","type":"image\/jpeg"}],"author":"Genof\u00f3ntes Urb\u00e1ez","twitter_card":"summary_large_image","twitter_misc":{"Written by":"Genof\u00f3ntes Urb\u00e1ez","Est. reading time":"3 minutos"},"schema":{"@context":"https:\/\/schema.org","@graph":[{"@type":"Article","@id":"http:\/\/minutocerord.com\/?p=785#article","isPartOf":{"@id":"http:\/\/minutocerord.com\/?p=785"},"author":{"name":"Genof\u00f3ntes Urb\u00e1ez","@id":"https:\/\/minutocerord.com\/#\/schema\/person\/60b5372d60aaa0a5171fb6488be9aee6"},"headline":"Rond\u00f3n cuestiona a Fiscal\u00eda por excluir a Punta Catalina del caso Odebrecht","datePublished":"2020-11-20T04:47:45+00:00","dateModified":"2020-11-20T04:47:49+00:00","mainEntityOfPage":{"@id":"http:\/\/minutocerord.com\/?p=785"},"wordCount":695,"commentCount":0,"publisher":{"@id":"https:\/\/minutocerord.com\/#\/schema\/person\/60b5372d60aaa0a5171fb6488be9aee6"},"image":{"@id":"http:\/\/minutocerord.com\/?p=785#primaryimage"},"thumbnailUrl":"https:\/\/i0.wp.com\/minutocerord.com\/wp-content\/uploads\/2020\/11\/Angel-Rondon-declarando-este-jueves-en-el-juicio-de-fondo-por-el-caso-Odebrecht.jpg?fit=748%2C431&ssl=1","articleSection":["Justicia"],"inLanguage":"es-DO","potentialAction":[{"@type":"CommentAction","name":"Comment","target":["http:\/\/minutocerord.com\/?p=785#respond"]}]},{"@type":"WebPage","@id":"http:\/\/minutocerord.com\/?p=785","url":"http:\/\/minutocerord.com\/?p=785","name":"Rond\u00f3n cuestiona a Fiscal\u00eda por excluir a Punta Catalina del caso Odebrecht - Minuto Cero RD","isPartOf":{"@id":"https:\/\/minutocerord.com\/#website"},"primaryImageOfPage":{"@id":"http:\/\/minutocerord.com\/?p=785#primaryimage"},"image":{"@id":"http:\/\/minutocerord.com\/?p=785#primaryimage"},"thumbnailUrl":"https:\/\/i0.wp.com\/minutocerord.com\/wp-content\/uploads\/2020\/11\/Angel-Rondon-declarando-este-jueves-en-el-juicio-de-fondo-por-el-caso-Odebrecht.jpg?fit=748%2C431&ssl=1","datePublished":"2020-11-20T04:47:45+00:00","dateModified":"2020-11-20T04:47:49+00:00","breadcrumb":{"@id":"http:\/\/minutocerord.com\/?p=785#breadcrumb"},"inLanguage":"es-DO","potentialAction":[{"@type":"ReadAction","target":["http:\/\/minutocerord.com\/?p=785"]}]},{"@type":"ImageObject","inLanguage":"es-DO","@id":"http:\/\/minutocerord.com\/?p=785#primaryimage","url":"https:\/\/i0.wp.com\/minutocerord.com\/wp-content\/uploads\/2020\/11\/Angel-Rondon-declarando-este-jueves-en-el-juicio-de-fondo-por-el-caso-Odebrecht.jpg?fit=748%2C431&ssl=1","contentUrl":"https:\/\/i0.wp.com\/minutocerord.com\/wp-content\/uploads\/2020\/11\/Angel-Rondon-declarando-este-jueves-en-el-juicio-de-fondo-por-el-caso-Odebrecht.jpg?fit=748%2C431&ssl=1","width":748,"height":431},{"@type":"BreadcrumbList","@id":"http:\/\/minutocerord.com\/?p=785#breadcrumb","itemListElement":[{"@type":"ListItem","position":1,"name":"Home","item":"https:\/\/minutocerord.com\/"},{"@type":"ListItem","position":2,"name":"Rond\u00f3n cuestiona a Fiscal\u00eda por excluir a Punta Catalina del caso Odebrecht"}]},{"@type":"WebSite","@id":"https:\/\/minutocerord.com\/#website","url":"https:\/\/minutocerord.com\/","name":"Minuto Cero RD","description":"Periodismo serio y veraz","publisher":{"@id":"https:\/\/minutocerord.com\/#\/schema\/person\/60b5372d60aaa0a5171fb6488be9aee6"},"potentialAction":[{"@type":"SearchAction","target":{"@type":"EntryPoint","urlTemplate":"https:\/\/minutocerord.com\/?s={search_term_string}"},"query-input":{"@type":"PropertyValueSpecification","valueRequired":true,"valueName":"search_term_string"}}],"inLanguage":"es-DO"},{"@type":["Person","Organization"],"@id":"https:\/\/minutocerord.com\/#\/schema\/person\/60b5372d60aaa0a5171fb6488be9aee6","name":"Genof\u00f3ntes Urb\u00e1ez","image":{"@type":"ImageObject","inLanguage":"es-DO","@id":"https:\/\/secure.gravatar.com\/avatar\/a49ef3186a692098ac3e8a1612261e3ad70cf9e44553dff2929e67939a0ecb9d?s=96&d=identicon&r=g","url":"https:\/\/secure.gravatar.com\/avatar\/a49ef3186a692098ac3e8a1612261e3ad70cf9e44553dff2929e67939a0ecb9d?s=96&d=identicon&r=g","contentUrl":"https:\/\/secure.gravatar.com\/avatar\/a49ef3186a692098ac3e8a1612261e3ad70cf9e44553dff2929e67939a0ecb9d?s=96&d=identicon&r=g","caption":"Genof\u00f3ntes Urb\u00e1ez"},"logo":{"@id":"https:\/\/secure.gravatar.com\/avatar\/a49ef3186a692098ac3e8a1612261e3ad70cf9e44553dff2929e67939a0ecb9d?s=96&d=identicon&r=g"},"description":"Periodista \/ Locutor","sameAs":["https:\/\/www.facebook.com\/Genofnotes","https:\/\/www.instagram.com\/genofnotes\/"]}]}},"jetpack_publicize_connections":[],"jetpack_featured_media_url":"https:\/\/i0.wp.com\/minutocerord.com\/wp-content\/uploads\/2020\/11\/Angel-Rondon-declarando-este-jueves-en-el-juicio-de-fondo-por-el-caso-Odebrecht.jpg?fit=748%2C431&ssl=1","jetpack-related-posts":[],"jetpack_sharing_enabled":true,"_links":{"self":[{"href":"https:\/\/minutocerord.com\/index.php?rest_route=\/wp\/v2\/posts\/785","targetHints":{"allow":["GET"]}}],"collection":[{"href":"https:\/\/minutocerord.com\/index.php?rest_route=\/wp\/v2\/posts"}],"about":[{"href":"https:\/\/minutocerord.com\/index.php?rest_route=\/wp\/v2\/types\/post"}],"author":[{"embeddable":true,"href":"https:\/\/minutocerord.com\/index.php?rest_route=\/wp\/v2\/users\/1"}],"replies":[{"embeddable":true,"href":"https:\/\/minutocerord.com\/index.php?rest_route=%2Fwp%2Fv2%2Fcomments&post=785"}],"version-history":[{"count":1,"href":"https:\/\/minutocerord.com\/index.php?rest_route=\/wp\/v2\/posts\/785\/revisions"}],"predecessor-version":[{"id":788,"href":"https:\/\/minutocerord.com\/index.php?rest_route=\/wp\/v2\/posts\/785\/revisions\/788"}],"wp:featuredmedia":[{"embeddable":true,"href":"https:\/\/minutocerord.com\/index.php?rest_route=\/wp\/v2\/media\/787"}],"wp:attachment":[{"href":"https:\/\/minutocerord.com\/index.php?rest_route=%2Fwp%2Fv2%2Fmedia&parent=785"}],"wp:term":[{"taxonomy":"category","embeddable":true,"href":"https:\/\/minutocerord.com\/index.php?rest_route=%2Fwp%2Fv2%2Fcategories&post=785"},{"taxonomy":"post_tag","embeddable":true,"href":"https:\/\/minutocerord.com\/index.php?rest_route=%2Fwp%2Fv2%2Ftags&post=785"}],"curies":[{"name":"wp","href":"https:\/\/api.w.org\/{rel}","templated":true}]}}