{"id":798,"date":"2020-11-20T02:22:43","date_gmt":"2020-11-20T06:22:43","guid":{"rendered":"https:\/\/minutocerord.com\/?p=798"},"modified":"2020-11-20T02:22:46","modified_gmt":"2020-11-20T06:22:46","slug":"devastacion-y-muerte-en-honduras-y-nicaragua-tras-el-paso-huracan-iota","status":"publish","type":"post","link":"https:\/\/minutocerord.com\/?p=798","title":{"rendered":"Devastaci\u00f3n y muerte en Honduras y Nicaragua tras el paso hurac\u00e1n Iota"},"content":{"rendered":"\n<p>MANAGUA.- La desolaci\u00f3n, te\u00f1ida de muerte, dejada por el hurac\u00e1n Iota en Centroam\u00e9rica empiezan a salir a la luz.<\/p>\n\n\n\n<p>\u00a0Se sab\u00eda que su impacto ser\u00eda muy duro, pero las im\u00e1genes de monta\u00f1as de escombros en Bilwi, en la regi\u00f3n Caribe norte de Nicaragua, y de enormes inundaciones en Honduras, dan una idea de las dimensiones del desastre.\u00a0<\/p>\n\n\n\n<p>En Bilwi, la poblaci\u00f3n erra en mitad de la nada. Miles de personas se han quedado sin un techo bajo el que protegerse, despu\u00e9s de que el hurac\u00e1n destruyera sus casas. El resto no tienen ni electricidad ni agua corriente.<\/p>\n\n\n\n<p>\u00abEl hurac\u00e1n se lo llev\u00f3 todo \u00bfD\u00f3nde voy a vivir?\u00bb\u00abEstaba demasiado fuerte el viento. Sent\u00eda como mi casa ya estaba as\u00ed\u00a0(agita fuertemente las manos para mostrar c\u00f3mo se mov\u00eda su casa)\u00a0Yo tuve que salir con mi hijo.\u00a0Se lo llev\u00f3 todo. Sent\u00eda que toda la casa se me ven\u00eda encima\u00ab,\u00a0relata una mujer.\u00abLos techos se estaban cayendo, las cosas se las llevaba al mar\u00ab,\u00a0cuenta otra v\u00edctima.<\/p>\n\n\n\n<p>\u00abEl hurac\u00e1n vino y bot\u00f3 mi casa y la casa de mi hija. Se llev\u00f3 todo de cinco casas.\u00a0As\u00ed que estoy fuera. \u00bfDonde voy a vivir?\u00bb, dice, con la voz entrecortada, un hombre.<\/p>\n\n\n\n<p>Por el momento se habla de\u00a018 muertos en el pa\u00eds, siete de ellos ni\u00f1os, la mayor\u00eda v\u00edctimas de deslizamientos de tierras e inundaciones.\u00a0El hurac\u00e1n Iota embisti\u00f3 la costa nicarag\u00fcense con categor\u00eda cinco, la m\u00e1xima, y vientos de 260 kil\u00f3metros por hora.\u00a0<\/p>\n\n\n\n<p><strong>Honduras: 15 muertos y enormes zonas anegadas<\/strong><\/p>\n\n\n\n<p>Despu\u00e9s, el hurac\u00e1n, convertido ya en tormenta tropical, se dirigi\u00f3 a Honduras, donde volvi\u00f3 a golpear sin clemencia zonas que hace solo dos semanas sufrieron el paso devastador de la tormenta Eta, como el extenso valle del Cauca.<\/p>\n\n\n\n<p>Hay al menos 15 muertos, 14 de ellos fallecidos en varios derrumbes\u00a0provocados por las lluvias torrenciales en el occidente el pa\u00eds. Decenas de miles de personas est\u00e1n en albergues, despu\u00e9s de que el fen\u00f3meno destruyera sus viviendas.\u00a0Los afectados se cuentan por cientos de miles.\u00a0<\/p>\n\n\n\n<p>Iota tambi\u00e9n ha dejado dos muertos en Guatemala, otro dos en el archipi\u00e9lago colombiano de San Andr\u00e9s y Providencia, as\u00ed como un fallecido en Panam\u00e1 y otro en el El Salvador<\/p>\n\n\n\n<p>El combo destructivo de las tormentas Iota y Eta ha provocado\u00a0da\u00f1os descomunales en viviendas, infraestructuras y cultivos, que se temen\u00a0lastren durante a\u00f1os el futuro de la regi\u00f3n y, sobre todo, de su poblaci\u00f3n m\u00e1s joven.<\/p>\n","protected":false},"excerpt":{"rendered":"<p>MANAGUA.- La desolaci\u00f3n, te\u00f1ida de muerte, dejada por el hurac\u00e1n Iota en Centroam\u00e9rica empiezan a salir a la luz. \u00a0Se sab\u00eda que su impacto ser\u00eda muy duro, pero las im\u00e1genes de monta\u00f1as de escombros en Bilwi, en la regi\u00f3n Caribe norte de Nicaragua, y de enormes inundaciones en Honduras, dan una idea de las dimensiones [&hellip;]<\/p>\n","protected":false},"author":1,"featured_media":800,"comment_status":"open","ping_status":"open","sticky":false,"template":"","format":"standard","meta":{"nf_dc_page":"","jetpack_post_was_ever_published":false,"_jetpack_newsletter_access":"","_jetpack_dont_email_post_to_subs":false,"_jetpack_newsletter_tier_id":0,"_jetpack_memberships_contains_paywalled_content":false,"_jetpack_memberships_contains_paid_content":false,"footnotes":"","jetpack_publicize_message":"","jetpack_publicize_feature_enabled":true,"jetpack_social_post_already_shared":false,"jetpack_social_options":{"image_generator_settings":{"template":"highway","default_image_id":0,"font":"","enabled":false},"version":2}},"categories":[66],"tags":[],"class_list":["post-798","post","type-post","status-publish","format-standard","has-post-thumbnail","hentry","category-internacionales"],"yoast_head":"<!-- This site is optimized with the Yoast SEO plugin v27.5 - https:\/\/yoast.com\/product\/yoast-seo-wordpress\/ -->\n<title>Devastaci\u00f3n y muerte en Honduras y Nicaragua tras el paso hurac\u00e1n Iota - Minuto Cero RD<\/title>\n<meta name=\"robots\" content=\"index, follow, max-snippet:-1, max-image-preview:large, max-video-preview:-1\" \/>\n<link rel=\"canonical\" href=\"http:\/\/minutocerord.com\/?p=798\" \/>\n<meta property=\"og:locale\" content=\"es_ES\" \/>\n<meta property=\"og:type\" content=\"article\" \/>\n<meta property=\"og:title\" content=\"Devastaci\u00f3n y muerte en Honduras y Nicaragua tras el paso hurac\u00e1n Iota - Minuto Cero RD\" \/>\n<meta property=\"og:description\" content=\"MANAGUA.- La desolaci\u00f3n, te\u00f1ida de muerte, dejada por el hurac\u00e1n Iota en Centroam\u00e9rica empiezan a salir a la luz. \u00a0Se sab\u00eda que su impacto ser\u00eda muy duro, pero las im\u00e1genes de monta\u00f1as de escombros en Bilwi, en la regi\u00f3n Caribe norte de Nicaragua, y de enormes inundaciones en Honduras, dan una idea de las dimensiones [&hellip;]\" \/>\n<meta property=\"og:url\" content=\"http:\/\/minutocerord.com\/?p=798\" \/>\n<meta property=\"og:site_name\" content=\"Minuto Cero RD\" \/>\n<meta property=\"article:publisher\" content=\"https:\/\/www.facebook.com\/Genofnotes\" \/>\n<meta property=\"article:author\" content=\"https:\/\/www.facebook.com\/Genofnotes\" \/>\n<meta property=\"article:published_time\" content=\"2020-11-20T06:22:43+00:00\" \/>\n<meta property=\"article:modified_time\" content=\"2020-11-20T06:22:46+00:00\" \/>\n<meta property=\"og:image\" content=\"https:\/\/i0.wp.com\/minutocerord.com\/wp-content\/uploads\/2020\/11\/devas.jpg?fit=602%2C338\" \/>\n\t<meta property=\"og:image:width\" content=\"602\" \/>\n\t<meta property=\"og:image:height\" content=\"338\" \/>\n\t<meta property=\"og:image:type\" content=\"image\/jpeg\" \/>\n<meta name=\"author\" content=\"Genof\u00f3ntes Urb\u00e1ez\" \/>\n<meta name=\"twitter:card\" content=\"summary_large_image\" \/>\n<meta name=\"twitter:label1\" content=\"Written by\" \/>\n\t<meta name=\"twitter:data1\" content=\"Genof\u00f3ntes Urb\u00e1ez\" \/>\n\t<meta name=\"twitter:label2\" content=\"Est. reading time\" \/>\n\t<meta name=\"twitter:data2\" content=\"2 minutos\" \/>\n<script type=\"application\/ld+json\" class=\"yoast-schema-graph\">{\"@context\":\"https:\\\/\\\/schema.org\",\"@graph\":[{\"@type\":\"Article\",\"@id\":\"http:\\\/\\\/minutocerord.com\\\/?p=798#article\",\"isPartOf\":{\"@id\":\"http:\\\/\\\/minutocerord.com\\\/?p=798\"},\"author\":{\"name\":\"Genof\u00f3ntes Urb\u00e1ez\",\"@id\":\"https:\\\/\\\/minutocerord.com\\\/#\\\/schema\\\/person\\\/60b5372d60aaa0a5171fb6488be9aee6\"},\"headline\":\"Devastaci\u00f3n y muerte en Honduras y Nicaragua tras el paso hurac\u00e1n Iota\",\"datePublished\":\"2020-11-20T06:22:43+00:00\",\"dateModified\":\"2020-11-20T06:22:46+00:00\",\"mainEntityOfPage\":{\"@id\":\"http:\\\/\\\/minutocerord.com\\\/?p=798\"},\"wordCount\":458,\"commentCount\":0,\"publisher\":{\"@id\":\"https:\\\/\\\/minutocerord.com\\\/#\\\/schema\\\/person\\\/60b5372d60aaa0a5171fb6488be9aee6\"},\"image\":{\"@id\":\"http:\\\/\\\/minutocerord.com\\\/?p=798#primaryimage\"},\"thumbnailUrl\":\"https:\\\/\\\/i0.wp.com\\\/minutocerord.com\\\/wp-content\\\/uploads\\\/2020\\\/11\\\/devas.jpg?fit=602%2C338&ssl=1\",\"articleSection\":[\"Internacionales\"],\"inLanguage\":\"es-DO\",\"potentialAction\":[{\"@type\":\"CommentAction\",\"name\":\"Comment\",\"target\":[\"http:\\\/\\\/minutocerord.com\\\/?p=798#respond\"]}]},{\"@type\":\"WebPage\",\"@id\":\"http:\\\/\\\/minutocerord.com\\\/?p=798\",\"url\":\"http:\\\/\\\/minutocerord.com\\\/?p=798\",\"name\":\"Devastaci\u00f3n y muerte en Honduras y Nicaragua tras el paso hurac\u00e1n Iota - Minuto Cero RD\",\"isPartOf\":{\"@id\":\"https:\\\/\\\/minutocerord.com\\\/#website\"},\"primaryImageOfPage\":{\"@id\":\"http:\\\/\\\/minutocerord.com\\\/?p=798#primaryimage\"},\"image\":{\"@id\":\"http:\\\/\\\/minutocerord.com\\\/?p=798#primaryimage\"},\"thumbnailUrl\":\"https:\\\/\\\/i0.wp.com\\\/minutocerord.com\\\/wp-content\\\/uploads\\\/2020\\\/11\\\/devas.jpg?fit=602%2C338&ssl=1\",\"datePublished\":\"2020-11-20T06:22:43+00:00\",\"dateModified\":\"2020-11-20T06:22:46+00:00\",\"breadcrumb\":{\"@id\":\"http:\\\/\\\/minutocerord.com\\\/?p=798#breadcrumb\"},\"inLanguage\":\"es-DO\",\"potentialAction\":[{\"@type\":\"ReadAction\",\"target\":[\"http:\\\/\\\/minutocerord.com\\\/?p=798\"]}]},{\"@type\":\"ImageObject\",\"inLanguage\":\"es-DO\",\"@id\":\"http:\\\/\\\/minutocerord.com\\\/?p=798#primaryimage\",\"url\":\"https:\\\/\\\/i0.wp.com\\\/minutocerord.com\\\/wp-content\\\/uploads\\\/2020\\\/11\\\/devas.jpg?fit=602%2C338&ssl=1\",\"contentUrl\":\"https:\\\/\\\/i0.wp.com\\\/minutocerord.com\\\/wp-content\\\/uploads\\\/2020\\\/11\\\/devas.jpg?fit=602%2C338&ssl=1\",\"width\":602,\"height\":338},{\"@type\":\"BreadcrumbList\",\"@id\":\"http:\\\/\\\/minutocerord.com\\\/?p=798#breadcrumb\",\"itemListElement\":[{\"@type\":\"ListItem\",\"position\":1,\"name\":\"Home\",\"item\":\"https:\\\/\\\/minutocerord.com\\\/\"},{\"@type\":\"ListItem\",\"position\":2,\"name\":\"Devastaci\u00f3n y muerte en Honduras y Nicaragua tras el paso hurac\u00e1n Iota\"}]},{\"@type\":\"WebSite\",\"@id\":\"https:\\\/\\\/minutocerord.com\\\/#website\",\"url\":\"https:\\\/\\\/minutocerord.com\\\/\",\"name\":\"Minuto Cero RD\",\"description\":\"Periodismo serio y veraz\",\"publisher\":{\"@id\":\"https:\\\/\\\/minutocerord.com\\\/#\\\/schema\\\/person\\\/60b5372d60aaa0a5171fb6488be9aee6\"},\"potentialAction\":[{\"@type\":\"SearchAction\",\"target\":{\"@type\":\"EntryPoint\",\"urlTemplate\":\"https:\\\/\\\/minutocerord.com\\\/?s={search_term_string}\"},\"query-input\":{\"@type\":\"PropertyValueSpecification\",\"valueRequired\":true,\"valueName\":\"search_term_string\"}}],\"inLanguage\":\"es-DO\"},{\"@type\":[\"Person\",\"Organization\"],\"@id\":\"https:\\\/\\\/minutocerord.com\\\/#\\\/schema\\\/person\\\/60b5372d60aaa0a5171fb6488be9aee6\",\"name\":\"Genof\u00f3ntes Urb\u00e1ez\",\"image\":{\"@type\":\"ImageObject\",\"inLanguage\":\"es-DO\",\"@id\":\"https:\\\/\\\/secure.gravatar.com\\\/avatar\\\/a49ef3186a692098ac3e8a1612261e3ad70cf9e44553dff2929e67939a0ecb9d?s=96&d=identicon&r=g\",\"url\":\"https:\\\/\\\/secure.gravatar.com\\\/avatar\\\/a49ef3186a692098ac3e8a1612261e3ad70cf9e44553dff2929e67939a0ecb9d?s=96&d=identicon&r=g\",\"contentUrl\":\"https:\\\/\\\/secure.gravatar.com\\\/avatar\\\/a49ef3186a692098ac3e8a1612261e3ad70cf9e44553dff2929e67939a0ecb9d?s=96&d=identicon&r=g\",\"caption\":\"Genof\u00f3ntes Urb\u00e1ez\"},\"logo\":{\"@id\":\"https:\\\/\\\/secure.gravatar.com\\\/avatar\\\/a49ef3186a692098ac3e8a1612261e3ad70cf9e44553dff2929e67939a0ecb9d?s=96&d=identicon&r=g\"},\"description\":\"Periodista \\\/ Locutor\",\"sameAs\":[\"https:\\\/\\\/www.facebook.com\\\/Genofnotes\",\"https:\\\/\\\/www.instagram.com\\\/genofnotes\\\/\"]}]}<\/script>\n<!-- \/ Yoast SEO plugin. -->","yoast_head_json":{"title":"Devastaci\u00f3n y muerte en Honduras y Nicaragua tras el paso hurac\u00e1n Iota - Minuto Cero RD","robots":{"index":"index","follow":"follow","max-snippet":"max-snippet:-1","max-image-preview":"max-image-preview:large","max-video-preview":"max-video-preview:-1"},"canonical":"http:\/\/minutocerord.com\/?p=798","og_locale":"es_ES","og_type":"article","og_title":"Devastaci\u00f3n y muerte en Honduras y Nicaragua tras el paso hurac\u00e1n Iota - Minuto Cero RD","og_description":"MANAGUA.- La desolaci\u00f3n, te\u00f1ida de muerte, dejada por el hurac\u00e1n Iota en Centroam\u00e9rica empiezan a salir a la luz. \u00a0Se sab\u00eda que su impacto ser\u00eda muy duro, pero las im\u00e1genes de monta\u00f1as de escombros en Bilwi, en la regi\u00f3n Caribe norte de Nicaragua, y de enormes inundaciones en Honduras, dan una idea de las dimensiones [&hellip;]","og_url":"http:\/\/minutocerord.com\/?p=798","og_site_name":"Minuto Cero RD","article_publisher":"https:\/\/www.facebook.com\/Genofnotes","article_author":"https:\/\/www.facebook.com\/Genofnotes","article_published_time":"2020-11-20T06:22:43+00:00","article_modified_time":"2020-11-20T06:22:46+00:00","og_image":[{"width":602,"height":338,"url":"https:\/\/i0.wp.com\/minutocerord.com\/wp-content\/uploads\/2020\/11\/devas.jpg?fit=602%2C338","type":"image\/jpeg"}],"author":"Genof\u00f3ntes Urb\u00e1ez","twitter_card":"summary_large_image","twitter_misc":{"Written by":"Genof\u00f3ntes Urb\u00e1ez","Est. reading time":"2 minutos"},"schema":{"@context":"https:\/\/schema.org","@graph":[{"@type":"Article","@id":"http:\/\/minutocerord.com\/?p=798#article","isPartOf":{"@id":"http:\/\/minutocerord.com\/?p=798"},"author":{"name":"Genof\u00f3ntes Urb\u00e1ez","@id":"https:\/\/minutocerord.com\/#\/schema\/person\/60b5372d60aaa0a5171fb6488be9aee6"},"headline":"Devastaci\u00f3n y muerte en Honduras y Nicaragua tras el paso hurac\u00e1n Iota","datePublished":"2020-11-20T06:22:43+00:00","dateModified":"2020-11-20T06:22:46+00:00","mainEntityOfPage":{"@id":"http:\/\/minutocerord.com\/?p=798"},"wordCount":458,"commentCount":0,"publisher":{"@id":"https:\/\/minutocerord.com\/#\/schema\/person\/60b5372d60aaa0a5171fb6488be9aee6"},"image":{"@id":"http:\/\/minutocerord.com\/?p=798#primaryimage"},"thumbnailUrl":"https:\/\/i0.wp.com\/minutocerord.com\/wp-content\/uploads\/2020\/11\/devas.jpg?fit=602%2C338&ssl=1","articleSection":["Internacionales"],"inLanguage":"es-DO","potentialAction":[{"@type":"CommentAction","name":"Comment","target":["http:\/\/minutocerord.com\/?p=798#respond"]}]},{"@type":"WebPage","@id":"http:\/\/minutocerord.com\/?p=798","url":"http:\/\/minutocerord.com\/?p=798","name":"Devastaci\u00f3n y muerte en Honduras y Nicaragua tras el paso hurac\u00e1n Iota - Minuto Cero RD","isPartOf":{"@id":"https:\/\/minutocerord.com\/#website"},"primaryImageOfPage":{"@id":"http:\/\/minutocerord.com\/?p=798#primaryimage"},"image":{"@id":"http:\/\/minutocerord.com\/?p=798#primaryimage"},"thumbnailUrl":"https:\/\/i0.wp.com\/minutocerord.com\/wp-content\/uploads\/2020\/11\/devas.jpg?fit=602%2C338&ssl=1","datePublished":"2020-11-20T06:22:43+00:00","dateModified":"2020-11-20T06:22:46+00:00","breadcrumb":{"@id":"http:\/\/minutocerord.com\/?p=798#breadcrumb"},"inLanguage":"es-DO","potentialAction":[{"@type":"ReadAction","target":["http:\/\/minutocerord.com\/?p=798"]}]},{"@type":"ImageObject","inLanguage":"es-DO","@id":"http:\/\/minutocerord.com\/?p=798#primaryimage","url":"https:\/\/i0.wp.com\/minutocerord.com\/wp-content\/uploads\/2020\/11\/devas.jpg?fit=602%2C338&ssl=1","contentUrl":"https:\/\/i0.wp.com\/minutocerord.com\/wp-content\/uploads\/2020\/11\/devas.jpg?fit=602%2C338&ssl=1","width":602,"height":338},{"@type":"BreadcrumbList","@id":"http:\/\/minutocerord.com\/?p=798#breadcrumb","itemListElement":[{"@type":"ListItem","position":1,"name":"Home","item":"https:\/\/minutocerord.com\/"},{"@type":"ListItem","position":2,"name":"Devastaci\u00f3n y muerte en Honduras y Nicaragua tras el paso hurac\u00e1n Iota"}]},{"@type":"WebSite","@id":"https:\/\/minutocerord.com\/#website","url":"https:\/\/minutocerord.com\/","name":"Minuto Cero RD","description":"Periodismo serio y veraz","publisher":{"@id":"https:\/\/minutocerord.com\/#\/schema\/person\/60b5372d60aaa0a5171fb6488be9aee6"},"potentialAction":[{"@type":"SearchAction","target":{"@type":"EntryPoint","urlTemplate":"https:\/\/minutocerord.com\/?s={search_term_string}"},"query-input":{"@type":"PropertyValueSpecification","valueRequired":true,"valueName":"search_term_string"}}],"inLanguage":"es-DO"},{"@type":["Person","Organization"],"@id":"https:\/\/minutocerord.com\/#\/schema\/person\/60b5372d60aaa0a5171fb6488be9aee6","name":"Genof\u00f3ntes Urb\u00e1ez","image":{"@type":"ImageObject","inLanguage":"es-DO","@id":"https:\/\/secure.gravatar.com\/avatar\/a49ef3186a692098ac3e8a1612261e3ad70cf9e44553dff2929e67939a0ecb9d?s=96&d=identicon&r=g","url":"https:\/\/secure.gravatar.com\/avatar\/a49ef3186a692098ac3e8a1612261e3ad70cf9e44553dff2929e67939a0ecb9d?s=96&d=identicon&r=g","contentUrl":"https:\/\/secure.gravatar.com\/avatar\/a49ef3186a692098ac3e8a1612261e3ad70cf9e44553dff2929e67939a0ecb9d?s=96&d=identicon&r=g","caption":"Genof\u00f3ntes Urb\u00e1ez"},"logo":{"@id":"https:\/\/secure.gravatar.com\/avatar\/a49ef3186a692098ac3e8a1612261e3ad70cf9e44553dff2929e67939a0ecb9d?s=96&d=identicon&r=g"},"description":"Periodista \/ Locutor","sameAs":["https:\/\/www.facebook.com\/Genofnotes","https:\/\/www.instagram.com\/genofnotes\/"]}]}},"jetpack_publicize_connections":[],"jetpack_featured_media_url":"https:\/\/i0.wp.com\/minutocerord.com\/wp-content\/uploads\/2020\/11\/devas.jpg?fit=602%2C338&ssl=1","jetpack-related-posts":[],"jetpack_sharing_enabled":true,"_links":{"self":[{"href":"https:\/\/minutocerord.com\/index.php?rest_route=\/wp\/v2\/posts\/798","targetHints":{"allow":["GET"]}}],"collection":[{"href":"https:\/\/minutocerord.com\/index.php?rest_route=\/wp\/v2\/posts"}],"about":[{"href":"https:\/\/minutocerord.com\/index.php?rest_route=\/wp\/v2\/types\/post"}],"author":[{"embeddable":true,"href":"https:\/\/minutocerord.com\/index.php?rest_route=\/wp\/v2\/users\/1"}],"replies":[{"embeddable":true,"href":"https:\/\/minutocerord.com\/index.php?rest_route=%2Fwp%2Fv2%2Fcomments&post=798"}],"version-history":[{"count":1,"href":"https:\/\/minutocerord.com\/index.php?rest_route=\/wp\/v2\/posts\/798\/revisions"}],"predecessor-version":[{"id":801,"href":"https:\/\/minutocerord.com\/index.php?rest_route=\/wp\/v2\/posts\/798\/revisions\/801"}],"wp:featuredmedia":[{"embeddable":true,"href":"https:\/\/minutocerord.com\/index.php?rest_route=\/wp\/v2\/media\/800"}],"wp:attachment":[{"href":"https:\/\/minutocerord.com\/index.php?rest_route=%2Fwp%2Fv2%2Fmedia&parent=798"}],"wp:term":[{"taxonomy":"category","embeddable":true,"href":"https:\/\/minutocerord.com\/index.php?rest_route=%2Fwp%2Fv2%2Fcategories&post=798"},{"taxonomy":"post_tag","embeddable":true,"href":"https:\/\/minutocerord.com\/index.php?rest_route=%2Fwp%2Fv2%2Ftags&post=798"}],"curies":[{"name":"wp","href":"https:\/\/api.w.org\/{rel}","templated":true}]}}