{"id":7998,"date":"2022-03-07T00:02:00","date_gmt":"2022-03-07T04:02:00","guid":{"rendered":"https:\/\/minutocerord.com\/?p=7998"},"modified":"2022-03-07T00:02:03","modified_gmt":"2022-03-07T04:02:03","slug":"asesor-economico-del-gobierno-dice-guerra-en-ucrania-ya-afecta-rd","status":"publish","type":"post","link":"https:\/\/minutocerord.com\/?p=7998","title":{"rendered":"Asesor econ\u00f3mico del Gobierno, dice guerra en Ucrania ya afecta RD"},"content":{"rendered":"\n<p><strong>SANTO DOMINGO.-\u00a0<\/strong>La \u00a0invasi\u00f3n rusa a\u00a0Ucrania\u00a0est\u00e1 teniendo ya efectos negativos en la econom\u00eda de Rep\u00fablica Dominicana,\u00a0 que se ve afectada en el turismo y las alzas de precios de los combustibles y granos, afirm\u00f3 este domingo el asesor econ\u00f3mico del Poder Ejecutivo, Pedro Silverio.<\/p>\n\n\n\n<p>Expres\u00f3 que el a\u00f1o pasado de Rusia y Ucrania llegaron a territorio dominicano 260,000 turistas y todo estaba previsto para que en 2022 esa cifra se duplicara, pero el estallido de la guerra cerr\u00f3 esos mercados, lo cual puede significar que el pa\u00eds deje de recibir aproximadamente 400 millones de d\u00f3lares.<\/p>\n\n\n\n<p>\u201cTodos los precios de bienes agr\u00edcolas como el ma\u00edz, soya, sorgo y el trigo han estado subiendo desde el inicio de la guerra en Ucrania y desde que se produjo la invasi\u00f3n a Ucrania el petr\u00f3leo se ha disparado m\u00e1s de 20 d\u00f3lares el barril\u201d, expres\u00f3 el economista al ser entrevistado por&nbsp;Pablo McKinney&nbsp;en su programa televisivo \u201cMcKinney\u201d, por Color Visi\u00f3n.<\/p>\n\n\n\n<p>Agreg\u00f3 que la invasi\u00f3n rusa a Ucrania est\u00e1 creando una gran incertidumbre en el comercio mundial porque Rusia participa en la venta de petr\u00f3leo, gas y productos terminados en Europa y Estados Unidos.<\/p>\n\n\n\n<p>Silverio consider\u00f3 que las sanciones impuestas a Rusia ser\u00e1n dif\u00edciles de desmontar aun despu\u00e9s de finalizada la operaci\u00f3n militar, lo que agrega incertidumbre en el comercio mundial y el peligro de una escalada de conflictos en el mundo si el presidente ruso, Vladimir Putin, se siente acorralado.<\/p>\n\n\n\n<p><strong>GOBIERNO RESPONDE<\/strong><\/p>\n\n\n\n<p>El Asesor Econ\u00f3mico del presidente Luis Abinader explic\u00f3 que ante los efectos inflacionarios provocados primero por la pandemia y ahora por la guerra en Ucrania, el gobierno responde en una combinaci\u00f3n de pol\u00edtica monetaria y fiscal.<\/p>\n\n\n\n<p>\u201cLos pr\u00f3ximos meses ser\u00e1n de lucha fuerte contra la inflaci\u00f3n en el pa\u00eds porque eso es lo que el entorno internacional est\u00e1 proyectando hacia nosotros y el gobierno est\u00e1 enfocado en la lucha contra la inflaci\u00f3n por parte de la pol\u00edtica monetaria y la pol\u00edtica fiscal a trav\u00e9s de los programas sociales\u201d, apunt\u00f3.<\/p>\n\n\n\n<p>Explic\u00f3 que como parte de la pol\u00edtica monetaria, la Junta Monetaria ha tratado de restar impacto a los precios de los productos v\u00eda encarecimiento del costo del dinero, mientras que por el lado fiscal ha incluido a otros 300,000 beneficiarios del programa social Sup\u00e9rate y a 400,000 al bono gas, que tiene un monto doble de dinero.<\/p>\n\n\n\n<p>Manifest\u00f3 que aunque el gobierno presupuest\u00f3 sus gastos sobre la base de una estimaci\u00f3n de que el petr\u00f3leo costar\u00eda un promedio de 68 d\u00f3lares el barril y ahora est\u00e1 casi al doble, se ha acogido a una mayor racionalizaci\u00f3n del gasto.<\/p>\n\n\n\n<p><strong>CUESTIONA CRITICA DE LEONEL<\/strong><\/p>\n\n\n\n<p>Sobre la cr\u00edtica de Leonel Fern\u00e1ndez a las estad\u00edsticas del Banco Central, Silverio dijo que se trata de opiniones pol\u00edticas, porque a su juicio, hay grandes avances en la transparencia de las cuentas nacionales, c\u00e1lculo de la inflaci\u00f3n.<\/p>\n\n\n\n<p>Consider\u00f3 que ese tipo de debate lo que hace da\u00f1o es al pa\u00eds, no al Banco Central.<\/p>\n","protected":false},"excerpt":{"rendered":"<p>SANTO DOMINGO.-\u00a0La \u00a0invasi\u00f3n rusa a\u00a0Ucrania\u00a0est\u00e1 teniendo ya efectos negativos en la econom\u00eda de Rep\u00fablica Dominicana,\u00a0 que se ve afectada en el turismo y las alzas de precios de los combustibles y granos, afirm\u00f3 este domingo el asesor econ\u00f3mico del Poder Ejecutivo, Pedro Silverio. Expres\u00f3 que el a\u00f1o pasado de Rusia y Ucrania llegaron a territorio [&hellip;]<\/p>\n","protected":false},"author":1,"featured_media":7999,"comment_status":"open","ping_status":"open","sticky":false,"template":"","format":"standard","meta":{"nf_dc_page":"","jetpack_post_was_ever_published":false,"_jetpack_newsletter_access":"","_jetpack_dont_email_post_to_subs":false,"_jetpack_newsletter_tier_id":0,"_jetpack_memberships_contains_paywalled_content":false,"_jetpack_memberships_contains_paid_content":false,"footnotes":"","jetpack_publicize_message":"","jetpack_publicize_feature_enabled":true,"jetpack_social_post_already_shared":false,"jetpack_social_options":{"image_generator_settings":{"template":"highway","default_image_id":0,"font":"","enabled":false},"version":2}},"categories":[74],"tags":[],"class_list":["post-7998","post","type-post","status-publish","format-standard","has-post-thumbnail","hentry","category-economicas"],"yoast_head":"<!-- This site is optimized with the Yoast SEO plugin v27.4 - https:\/\/yoast.com\/product\/yoast-seo-wordpress\/ -->\n<title>Asesor econ\u00f3mico del Gobierno, dice guerra en Ucrania ya afecta RD - Minuto Cero RD<\/title>\n<meta name=\"robots\" content=\"index, follow, max-snippet:-1, max-image-preview:large, max-video-preview:-1\" \/>\n<link rel=\"canonical\" href=\"http:\/\/minutocerord.com\/?p=7998\" \/>\n<meta property=\"og:locale\" content=\"es_ES\" \/>\n<meta property=\"og:type\" content=\"article\" \/>\n<meta property=\"og:title\" content=\"Asesor econ\u00f3mico del Gobierno, dice guerra en Ucrania ya afecta RD - Minuto Cero RD\" \/>\n<meta property=\"og:description\" content=\"SANTO DOMINGO.-\u00a0La \u00a0invasi\u00f3n rusa a\u00a0Ucrania\u00a0est\u00e1 teniendo ya efectos negativos en la econom\u00eda de Rep\u00fablica Dominicana,\u00a0 que se ve afectada en el turismo y las alzas de precios de los combustibles y granos, afirm\u00f3 este domingo el asesor econ\u00f3mico del Poder Ejecutivo, Pedro Silverio. Expres\u00f3 que el a\u00f1o pasado de Rusia y Ucrania llegaron a territorio [&hellip;]\" \/>\n<meta property=\"og:url\" content=\"http:\/\/minutocerord.com\/?p=7998\" \/>\n<meta property=\"og:site_name\" content=\"Minuto Cero RD\" \/>\n<meta property=\"article:publisher\" content=\"https:\/\/www.facebook.com\/Genofnotes\" \/>\n<meta property=\"article:author\" content=\"https:\/\/www.facebook.com\/Genofnotes\" \/>\n<meta property=\"article:published_time\" content=\"2022-03-07T04:02:00+00:00\" \/>\n<meta property=\"article:modified_time\" content=\"2022-03-07T04:02:03+00:00\" \/>\n<meta property=\"og:image\" content=\"https:\/\/i0.wp.com\/minutocerord.com\/wp-content\/uploads\/2022\/03\/silverio.jpg?fit=696%2C450\" \/>\n\t<meta property=\"og:image:width\" content=\"696\" \/>\n\t<meta property=\"og:image:height\" content=\"450\" \/>\n\t<meta property=\"og:image:type\" content=\"image\/jpeg\" \/>\n<meta name=\"author\" content=\"Genof\u00f3ntes Urb\u00e1ez\" \/>\n<meta name=\"twitter:card\" content=\"summary_large_image\" \/>\n<meta name=\"twitter:label1\" content=\"Written by\" \/>\n\t<meta name=\"twitter:data1\" content=\"Genof\u00f3ntes Urb\u00e1ez\" \/>\n\t<meta name=\"twitter:label2\" content=\"Est. reading time\" \/>\n\t<meta name=\"twitter:data2\" content=\"3 minutos\" \/>\n<script type=\"application\/ld+json\" class=\"yoast-schema-graph\">{\"@context\":\"https:\\\/\\\/schema.org\",\"@graph\":[{\"@type\":\"Article\",\"@id\":\"http:\\\/\\\/minutocerord.com\\\/?p=7998#article\",\"isPartOf\":{\"@id\":\"http:\\\/\\\/minutocerord.com\\\/?p=7998\"},\"author\":{\"name\":\"Genof\u00f3ntes Urb\u00e1ez\",\"@id\":\"https:\\\/\\\/minutocerord.com\\\/#\\\/schema\\\/person\\\/60b5372d60aaa0a5171fb6488be9aee6\"},\"headline\":\"Asesor econ\u00f3mico del Gobierno, dice guerra en Ucrania ya afecta RD\",\"datePublished\":\"2022-03-07T04:02:00+00:00\",\"dateModified\":\"2022-03-07T04:02:03+00:00\",\"mainEntityOfPage\":{\"@id\":\"http:\\\/\\\/minutocerord.com\\\/?p=7998\"},\"wordCount\":542,\"commentCount\":0,\"publisher\":{\"@id\":\"https:\\\/\\\/minutocerord.com\\\/#\\\/schema\\\/person\\\/60b5372d60aaa0a5171fb6488be9aee6\"},\"image\":{\"@id\":\"http:\\\/\\\/minutocerord.com\\\/?p=7998#primaryimage\"},\"thumbnailUrl\":\"https:\\\/\\\/i0.wp.com\\\/minutocerord.com\\\/wp-content\\\/uploads\\\/2022\\\/03\\\/silverio.jpg?fit=696%2C450&ssl=1\",\"articleSection\":[\"Econ\u00f3micas\"],\"inLanguage\":\"es-DO\",\"potentialAction\":[{\"@type\":\"CommentAction\",\"name\":\"Comment\",\"target\":[\"http:\\\/\\\/minutocerord.com\\\/?p=7998#respond\"]}]},{\"@type\":\"WebPage\",\"@id\":\"http:\\\/\\\/minutocerord.com\\\/?p=7998\",\"url\":\"http:\\\/\\\/minutocerord.com\\\/?p=7998\",\"name\":\"Asesor econ\u00f3mico del Gobierno, dice guerra en Ucrania ya afecta RD - Minuto Cero RD\",\"isPartOf\":{\"@id\":\"https:\\\/\\\/minutocerord.com\\\/#website\"},\"primaryImageOfPage\":{\"@id\":\"http:\\\/\\\/minutocerord.com\\\/?p=7998#primaryimage\"},\"image\":{\"@id\":\"http:\\\/\\\/minutocerord.com\\\/?p=7998#primaryimage\"},\"thumbnailUrl\":\"https:\\\/\\\/i0.wp.com\\\/minutocerord.com\\\/wp-content\\\/uploads\\\/2022\\\/03\\\/silverio.jpg?fit=696%2C450&ssl=1\",\"datePublished\":\"2022-03-07T04:02:00+00:00\",\"dateModified\":\"2022-03-07T04:02:03+00:00\",\"breadcrumb\":{\"@id\":\"http:\\\/\\\/minutocerord.com\\\/?p=7998#breadcrumb\"},\"inLanguage\":\"es-DO\",\"potentialAction\":[{\"@type\":\"ReadAction\",\"target\":[\"http:\\\/\\\/minutocerord.com\\\/?p=7998\"]}]},{\"@type\":\"ImageObject\",\"inLanguage\":\"es-DO\",\"@id\":\"http:\\\/\\\/minutocerord.com\\\/?p=7998#primaryimage\",\"url\":\"https:\\\/\\\/i0.wp.com\\\/minutocerord.com\\\/wp-content\\\/uploads\\\/2022\\\/03\\\/silverio.jpg?fit=696%2C450&ssl=1\",\"contentUrl\":\"https:\\\/\\\/i0.wp.com\\\/minutocerord.com\\\/wp-content\\\/uploads\\\/2022\\\/03\\\/silverio.jpg?fit=696%2C450&ssl=1\",\"width\":696,\"height\":450},{\"@type\":\"BreadcrumbList\",\"@id\":\"http:\\\/\\\/minutocerord.com\\\/?p=7998#breadcrumb\",\"itemListElement\":[{\"@type\":\"ListItem\",\"position\":1,\"name\":\"Home\",\"item\":\"https:\\\/\\\/minutocerord.com\\\/\"},{\"@type\":\"ListItem\",\"position\":2,\"name\":\"Asesor econ\u00f3mico del Gobierno, dice guerra en Ucrania ya afecta RD\"}]},{\"@type\":\"WebSite\",\"@id\":\"https:\\\/\\\/minutocerord.com\\\/#website\",\"url\":\"https:\\\/\\\/minutocerord.com\\\/\",\"name\":\"Minuto Cero RD\",\"description\":\"Periodismo serio y veraz\",\"publisher\":{\"@id\":\"https:\\\/\\\/minutocerord.com\\\/#\\\/schema\\\/person\\\/60b5372d60aaa0a5171fb6488be9aee6\"},\"potentialAction\":[{\"@type\":\"SearchAction\",\"target\":{\"@type\":\"EntryPoint\",\"urlTemplate\":\"https:\\\/\\\/minutocerord.com\\\/?s={search_term_string}\"},\"query-input\":{\"@type\":\"PropertyValueSpecification\",\"valueRequired\":true,\"valueName\":\"search_term_string\"}}],\"inLanguage\":\"es-DO\"},{\"@type\":[\"Person\",\"Organization\"],\"@id\":\"https:\\\/\\\/minutocerord.com\\\/#\\\/schema\\\/person\\\/60b5372d60aaa0a5171fb6488be9aee6\",\"name\":\"Genof\u00f3ntes Urb\u00e1ez\",\"image\":{\"@type\":\"ImageObject\",\"inLanguage\":\"es-DO\",\"@id\":\"https:\\\/\\\/secure.gravatar.com\\\/avatar\\\/a49ef3186a692098ac3e8a1612261e3ad70cf9e44553dff2929e67939a0ecb9d?s=96&d=identicon&r=g\",\"url\":\"https:\\\/\\\/secure.gravatar.com\\\/avatar\\\/a49ef3186a692098ac3e8a1612261e3ad70cf9e44553dff2929e67939a0ecb9d?s=96&d=identicon&r=g\",\"contentUrl\":\"https:\\\/\\\/secure.gravatar.com\\\/avatar\\\/a49ef3186a692098ac3e8a1612261e3ad70cf9e44553dff2929e67939a0ecb9d?s=96&d=identicon&r=g\",\"caption\":\"Genof\u00f3ntes Urb\u00e1ez\"},\"logo\":{\"@id\":\"https:\\\/\\\/secure.gravatar.com\\\/avatar\\\/a49ef3186a692098ac3e8a1612261e3ad70cf9e44553dff2929e67939a0ecb9d?s=96&d=identicon&r=g\"},\"description\":\"Periodista \\\/ Locutor\",\"sameAs\":[\"https:\\\/\\\/www.facebook.com\\\/Genofnotes\",\"https:\\\/\\\/www.instagram.com\\\/genofnotes\\\/\"]}]}<\/script>\n<!-- \/ Yoast SEO plugin. -->","yoast_head_json":{"title":"Asesor econ\u00f3mico del Gobierno, dice guerra en Ucrania ya afecta RD - Minuto Cero RD","robots":{"index":"index","follow":"follow","max-snippet":"max-snippet:-1","max-image-preview":"max-image-preview:large","max-video-preview":"max-video-preview:-1"},"canonical":"http:\/\/minutocerord.com\/?p=7998","og_locale":"es_ES","og_type":"article","og_title":"Asesor econ\u00f3mico del Gobierno, dice guerra en Ucrania ya afecta RD - Minuto Cero RD","og_description":"SANTO DOMINGO.-\u00a0La \u00a0invasi\u00f3n rusa a\u00a0Ucrania\u00a0est\u00e1 teniendo ya efectos negativos en la econom\u00eda de Rep\u00fablica Dominicana,\u00a0 que se ve afectada en el turismo y las alzas de precios de los combustibles y granos, afirm\u00f3 este domingo el asesor econ\u00f3mico del Poder Ejecutivo, Pedro Silverio. Expres\u00f3 que el a\u00f1o pasado de Rusia y Ucrania llegaron a territorio [&hellip;]","og_url":"http:\/\/minutocerord.com\/?p=7998","og_site_name":"Minuto Cero RD","article_publisher":"https:\/\/www.facebook.com\/Genofnotes","article_author":"https:\/\/www.facebook.com\/Genofnotes","article_published_time":"2022-03-07T04:02:00+00:00","article_modified_time":"2022-03-07T04:02:03+00:00","og_image":[{"width":696,"height":450,"url":"https:\/\/i0.wp.com\/minutocerord.com\/wp-content\/uploads\/2022\/03\/silverio.jpg?fit=696%2C450","type":"image\/jpeg"}],"author":"Genof\u00f3ntes Urb\u00e1ez","twitter_card":"summary_large_image","twitter_misc":{"Written by":"Genof\u00f3ntes Urb\u00e1ez","Est. reading time":"3 minutos"},"schema":{"@context":"https:\/\/schema.org","@graph":[{"@type":"Article","@id":"http:\/\/minutocerord.com\/?p=7998#article","isPartOf":{"@id":"http:\/\/minutocerord.com\/?p=7998"},"author":{"name":"Genof\u00f3ntes Urb\u00e1ez","@id":"https:\/\/minutocerord.com\/#\/schema\/person\/60b5372d60aaa0a5171fb6488be9aee6"},"headline":"Asesor econ\u00f3mico del Gobierno, dice guerra en Ucrania ya afecta RD","datePublished":"2022-03-07T04:02:00+00:00","dateModified":"2022-03-07T04:02:03+00:00","mainEntityOfPage":{"@id":"http:\/\/minutocerord.com\/?p=7998"},"wordCount":542,"commentCount":0,"publisher":{"@id":"https:\/\/minutocerord.com\/#\/schema\/person\/60b5372d60aaa0a5171fb6488be9aee6"},"image":{"@id":"http:\/\/minutocerord.com\/?p=7998#primaryimage"},"thumbnailUrl":"https:\/\/i0.wp.com\/minutocerord.com\/wp-content\/uploads\/2022\/03\/silverio.jpg?fit=696%2C450&ssl=1","articleSection":["Econ\u00f3micas"],"inLanguage":"es-DO","potentialAction":[{"@type":"CommentAction","name":"Comment","target":["http:\/\/minutocerord.com\/?p=7998#respond"]}]},{"@type":"WebPage","@id":"http:\/\/minutocerord.com\/?p=7998","url":"http:\/\/minutocerord.com\/?p=7998","name":"Asesor econ\u00f3mico del Gobierno, dice guerra en Ucrania ya afecta RD - Minuto Cero RD","isPartOf":{"@id":"https:\/\/minutocerord.com\/#website"},"primaryImageOfPage":{"@id":"http:\/\/minutocerord.com\/?p=7998#primaryimage"},"image":{"@id":"http:\/\/minutocerord.com\/?p=7998#primaryimage"},"thumbnailUrl":"https:\/\/i0.wp.com\/minutocerord.com\/wp-content\/uploads\/2022\/03\/silverio.jpg?fit=696%2C450&ssl=1","datePublished":"2022-03-07T04:02:00+00:00","dateModified":"2022-03-07T04:02:03+00:00","breadcrumb":{"@id":"http:\/\/minutocerord.com\/?p=7998#breadcrumb"},"inLanguage":"es-DO","potentialAction":[{"@type":"ReadAction","target":["http:\/\/minutocerord.com\/?p=7998"]}]},{"@type":"ImageObject","inLanguage":"es-DO","@id":"http:\/\/minutocerord.com\/?p=7998#primaryimage","url":"https:\/\/i0.wp.com\/minutocerord.com\/wp-content\/uploads\/2022\/03\/silverio.jpg?fit=696%2C450&ssl=1","contentUrl":"https:\/\/i0.wp.com\/minutocerord.com\/wp-content\/uploads\/2022\/03\/silverio.jpg?fit=696%2C450&ssl=1","width":696,"height":450},{"@type":"BreadcrumbList","@id":"http:\/\/minutocerord.com\/?p=7998#breadcrumb","itemListElement":[{"@type":"ListItem","position":1,"name":"Home","item":"https:\/\/minutocerord.com\/"},{"@type":"ListItem","position":2,"name":"Asesor econ\u00f3mico del Gobierno, dice guerra en Ucrania ya afecta RD"}]},{"@type":"WebSite","@id":"https:\/\/minutocerord.com\/#website","url":"https:\/\/minutocerord.com\/","name":"Minuto Cero RD","description":"Periodismo serio y veraz","publisher":{"@id":"https:\/\/minutocerord.com\/#\/schema\/person\/60b5372d60aaa0a5171fb6488be9aee6"},"potentialAction":[{"@type":"SearchAction","target":{"@type":"EntryPoint","urlTemplate":"https:\/\/minutocerord.com\/?s={search_term_string}"},"query-input":{"@type":"PropertyValueSpecification","valueRequired":true,"valueName":"search_term_string"}}],"inLanguage":"es-DO"},{"@type":["Person","Organization"],"@id":"https:\/\/minutocerord.com\/#\/schema\/person\/60b5372d60aaa0a5171fb6488be9aee6","name":"Genof\u00f3ntes Urb\u00e1ez","image":{"@type":"ImageObject","inLanguage":"es-DO","@id":"https:\/\/secure.gravatar.com\/avatar\/a49ef3186a692098ac3e8a1612261e3ad70cf9e44553dff2929e67939a0ecb9d?s=96&d=identicon&r=g","url":"https:\/\/secure.gravatar.com\/avatar\/a49ef3186a692098ac3e8a1612261e3ad70cf9e44553dff2929e67939a0ecb9d?s=96&d=identicon&r=g","contentUrl":"https:\/\/secure.gravatar.com\/avatar\/a49ef3186a692098ac3e8a1612261e3ad70cf9e44553dff2929e67939a0ecb9d?s=96&d=identicon&r=g","caption":"Genof\u00f3ntes Urb\u00e1ez"},"logo":{"@id":"https:\/\/secure.gravatar.com\/avatar\/a49ef3186a692098ac3e8a1612261e3ad70cf9e44553dff2929e67939a0ecb9d?s=96&d=identicon&r=g"},"description":"Periodista \/ Locutor","sameAs":["https:\/\/www.facebook.com\/Genofnotes","https:\/\/www.instagram.com\/genofnotes\/"]}]}},"jetpack_publicize_connections":[],"jetpack_featured_media_url":"https:\/\/i0.wp.com\/minutocerord.com\/wp-content\/uploads\/2022\/03\/silverio.jpg?fit=696%2C450&ssl=1","jetpack-related-posts":[],"jetpack_sharing_enabled":true,"_links":{"self":[{"href":"https:\/\/minutocerord.com\/index.php?rest_route=\/wp\/v2\/posts\/7998","targetHints":{"allow":["GET"]}}],"collection":[{"href":"https:\/\/minutocerord.com\/index.php?rest_route=\/wp\/v2\/posts"}],"about":[{"href":"https:\/\/minutocerord.com\/index.php?rest_route=\/wp\/v2\/types\/post"}],"author":[{"embeddable":true,"href":"https:\/\/minutocerord.com\/index.php?rest_route=\/wp\/v2\/users\/1"}],"replies":[{"embeddable":true,"href":"https:\/\/minutocerord.com\/index.php?rest_route=%2Fwp%2Fv2%2Fcomments&post=7998"}],"version-history":[{"count":1,"href":"https:\/\/minutocerord.com\/index.php?rest_route=\/wp\/v2\/posts\/7998\/revisions"}],"predecessor-version":[{"id":8000,"href":"https:\/\/minutocerord.com\/index.php?rest_route=\/wp\/v2\/posts\/7998\/revisions\/8000"}],"wp:featuredmedia":[{"embeddable":true,"href":"https:\/\/minutocerord.com\/index.php?rest_route=\/wp\/v2\/media\/7999"}],"wp:attachment":[{"href":"https:\/\/minutocerord.com\/index.php?rest_route=%2Fwp%2Fv2%2Fmedia&parent=7998"}],"wp:term":[{"taxonomy":"category","embeddable":true,"href":"https:\/\/minutocerord.com\/index.php?rest_route=%2Fwp%2Fv2%2Fcategories&post=7998"},{"taxonomy":"post_tag","embeddable":true,"href":"https:\/\/minutocerord.com\/index.php?rest_route=%2Fwp%2Fv2%2Ftags&post=7998"}],"curies":[{"name":"wp","href":"https:\/\/api.w.org\/{rel}","templated":true}]}}