{"id":8009,"date":"2022-03-09T16:08:45","date_gmt":"2022-03-09T20:08:45","guid":{"rendered":"https:\/\/minutocerord.com\/?p=8009"},"modified":"2022-03-09T16:08:48","modified_gmt":"2022-03-09T20:08:48","slug":"hace-unos-minutos-se-detuvo-su-corazon-detalla-carlos-julio-ascuasiati-familia-donara-organos-de-patricia","status":"publish","type":"post","link":"https:\/\/minutocerord.com\/?p=8009","title":{"rendered":"\u201cHace unos minutos se detuvo su coraz\u00f3n\u201d, detalla Carlos Julio Ascuasiati; familia donar\u00e1 \u00f3rganos de Patricia"},"content":{"rendered":"\n<p><strong>SANTO DOMINGO<\/strong>.- El hermano mayor de Patricia Ascuasiati \u00a0inform\u00f3 que la tarde de este mi\u00e9rcoles la bailarina fue declarada fallecida de forma oficial tras el diagn\u00f3stico de muerte cerebral.<\/p>\n\n\n\n<p>\u201cHace unos minutos se detuvo su coraz\u00f3n, la familia donar\u00e1 los \u00f3rganos de Patricia para que pueda seguir viviendo en otros\u201d, expres\u00f3 Carlos Julio Ascuasiati a Noticiassin.com<\/p>\n\n\n\n<p>Desde el pasado 15 de febrero, la bailarina fue sometida a varias operaciones y a una&nbsp;traqueostom\u00eda&nbsp;en busca de los m\u00e9dicos salvarle la vida.<\/p>\n\n\n\n<p>La bailarina y core\u00f3grafa fue recluida en el centro m\u00e9dico Plaza de la Salud tras ser embestida por su colega y amiga Marylouise Ventura, a quien hace una semana\u00a0se le dict\u00f3 tres meses de prisi\u00f3n\u00a0ante una solicitud del Ministerio P\u00fablico que considera el accidente como un intento de homicidio.<\/p>\n\n\n\n<p>Patricia&nbsp;Antonia Ascusiati Dom\u00ednguez fue una&nbsp;bailarina&nbsp;y&nbsp;actriz&nbsp;dominicana con m\u00e1s de 35 a\u00f1os de carrera art\u00edstica.<\/p>\n\n\n\n<p>Ascuasiati Dom\u00ednguez acumul\u00f3 una larga trayectoria en la danza y en el teatro dominicano, y en los \u00faltimos a\u00f1os incursion\u00f3 en las producciones cinematogr\u00e1ficas.<\/p>\n\n\n\n<p>Se destaca su participaci\u00f3n en producciones como la&nbsp;pel\u00edcula&nbsp;La Gunguna&nbsp;(2015),&nbsp;Detective Willy&nbsp;(2015) y&nbsp;Piedra de Sangre&nbsp;(2016).&nbsp;Ascuasiati&nbsp;tambi\u00e9n produjo y dirigi\u00f3 espect\u00e1culos teatrales y televisivos.<\/p>\n","protected":false},"excerpt":{"rendered":"<p>SANTO DOMINGO.- El hermano mayor de Patricia Ascuasiati \u00a0inform\u00f3 que la tarde de este mi\u00e9rcoles la bailarina fue declarada fallecida de forma oficial tras el diagn\u00f3stico de muerte cerebral. \u201cHace unos minutos se detuvo su coraz\u00f3n, la familia donar\u00e1 los \u00f3rganos de Patricia para que pueda seguir viviendo en otros\u201d, expres\u00f3 Carlos Julio Ascuasiati a [&hellip;]<\/p>\n","protected":false},"author":1,"featured_media":8010,"comment_status":"open","ping_status":"open","sticky":false,"template":"","format":"standard","meta":{"nf_dc_page":"","jetpack_post_was_ever_published":false,"_jetpack_newsletter_access":"","_jetpack_dont_email_post_to_subs":false,"_jetpack_newsletter_tier_id":0,"_jetpack_memberships_contains_paywalled_content":false,"_jetpack_memberships_contains_paid_content":false,"footnotes":"","jetpack_publicize_message":"","jetpack_publicize_feature_enabled":true,"jetpack_social_post_already_shared":false,"jetpack_social_options":{"image_generator_settings":{"template":"highway","default_image_id":0,"font":"","enabled":false},"version":2}},"categories":[68],"tags":[],"class_list":["post-8009","post","type-post","status-publish","format-standard","has-post-thumbnail","hentry","category-entretenimiento"],"yoast_head":"<!-- This site is optimized with the Yoast SEO plugin v27.4 - https:\/\/yoast.com\/product\/yoast-seo-wordpress\/ -->\n<title>\u201cHace unos minutos se detuvo su coraz\u00f3n\u201d, detalla Carlos Julio Ascuasiati; familia donar\u00e1 \u00f3rganos de Patricia - Minuto Cero RD<\/title>\n<meta name=\"robots\" content=\"index, follow, max-snippet:-1, max-image-preview:large, max-video-preview:-1\" \/>\n<link rel=\"canonical\" href=\"http:\/\/minutocerord.com\/?p=8009\" \/>\n<meta property=\"og:locale\" content=\"es_ES\" \/>\n<meta property=\"og:type\" content=\"article\" \/>\n<meta property=\"og:title\" content=\"\u201cHace unos minutos se detuvo su coraz\u00f3n\u201d, detalla Carlos Julio Ascuasiati; familia donar\u00e1 \u00f3rganos de Patricia - Minuto Cero RD\" \/>\n<meta property=\"og:description\" content=\"SANTO DOMINGO.- El hermano mayor de Patricia Ascuasiati \u00a0inform\u00f3 que la tarde de este mi\u00e9rcoles la bailarina fue declarada fallecida de forma oficial tras el diagn\u00f3stico de muerte cerebral. \u201cHace unos minutos se detuvo su coraz\u00f3n, la familia donar\u00e1 los \u00f3rganos de Patricia para que pueda seguir viviendo en otros\u201d, expres\u00f3 Carlos Julio Ascuasiati a [&hellip;]\" \/>\n<meta property=\"og:url\" content=\"http:\/\/minutocerord.com\/?p=8009\" \/>\n<meta property=\"og:site_name\" content=\"Minuto Cero RD\" \/>\n<meta property=\"article:publisher\" content=\"https:\/\/www.facebook.com\/Genofnotes\" \/>\n<meta property=\"article:author\" content=\"https:\/\/www.facebook.com\/Genofnotes\" \/>\n<meta property=\"article:published_time\" content=\"2022-03-09T20:08:45+00:00\" \/>\n<meta property=\"article:modified_time\" content=\"2022-03-09T20:08:48+00:00\" \/>\n<meta property=\"og:image\" content=\"https:\/\/i0.wp.com\/minutocerord.com\/wp-content\/uploads\/2022\/03\/1f067aa6-patricia-ascuasiati-620ffebca6586-696x459-1.png?fit=696%2C459\" \/>\n\t<meta property=\"og:image:width\" content=\"696\" \/>\n\t<meta property=\"og:image:height\" content=\"459\" \/>\n\t<meta property=\"og:image:type\" content=\"image\/png\" \/>\n<meta name=\"author\" content=\"Genof\u00f3ntes Urb\u00e1ez\" \/>\n<meta name=\"twitter:card\" content=\"summary_large_image\" \/>\n<meta name=\"twitter:label1\" content=\"Written by\" \/>\n\t<meta name=\"twitter:data1\" content=\"Genof\u00f3ntes Urb\u00e1ez\" \/>\n\t<meta name=\"twitter:label2\" content=\"Est. reading time\" \/>\n\t<meta name=\"twitter:data2\" content=\"1 minuto\" \/>\n<script type=\"application\/ld+json\" class=\"yoast-schema-graph\">{\"@context\":\"https:\\\/\\\/schema.org\",\"@graph\":[{\"@type\":\"Article\",\"@id\":\"http:\\\/\\\/minutocerord.com\\\/?p=8009#article\",\"isPartOf\":{\"@id\":\"http:\\\/\\\/minutocerord.com\\\/?p=8009\"},\"author\":{\"name\":\"Genof\u00f3ntes Urb\u00e1ez\",\"@id\":\"https:\\\/\\\/minutocerord.com\\\/#\\\/schema\\\/person\\\/60b5372d60aaa0a5171fb6488be9aee6\"},\"headline\":\"\u201cHace unos minutos se detuvo su coraz\u00f3n\u201d, detalla Carlos Julio Ascuasiati; familia donar\u00e1 \u00f3rganos de Patricia\",\"datePublished\":\"2022-03-09T20:08:45+00:00\",\"dateModified\":\"2022-03-09T20:08:48+00:00\",\"mainEntityOfPage\":{\"@id\":\"http:\\\/\\\/minutocerord.com\\\/?p=8009\"},\"wordCount\":253,\"commentCount\":0,\"publisher\":{\"@id\":\"https:\\\/\\\/minutocerord.com\\\/#\\\/schema\\\/person\\\/60b5372d60aaa0a5171fb6488be9aee6\"},\"image\":{\"@id\":\"http:\\\/\\\/minutocerord.com\\\/?p=8009#primaryimage\"},\"thumbnailUrl\":\"https:\\\/\\\/i0.wp.com\\\/minutocerord.com\\\/wp-content\\\/uploads\\\/2022\\\/03\\\/1f067aa6-patricia-ascuasiati-620ffebca6586-696x459-1.png?fit=696%2C459&ssl=1\",\"articleSection\":[\"Entretenimiento\"],\"inLanguage\":\"es-DO\",\"potentialAction\":[{\"@type\":\"CommentAction\",\"name\":\"Comment\",\"target\":[\"http:\\\/\\\/minutocerord.com\\\/?p=8009#respond\"]}]},{\"@type\":\"WebPage\",\"@id\":\"http:\\\/\\\/minutocerord.com\\\/?p=8009\",\"url\":\"http:\\\/\\\/minutocerord.com\\\/?p=8009\",\"name\":\"\u201cHace unos minutos se detuvo su coraz\u00f3n\u201d, detalla Carlos Julio Ascuasiati; familia donar\u00e1 \u00f3rganos de Patricia - Minuto Cero RD\",\"isPartOf\":{\"@id\":\"https:\\\/\\\/minutocerord.com\\\/#website\"},\"primaryImageOfPage\":{\"@id\":\"http:\\\/\\\/minutocerord.com\\\/?p=8009#primaryimage\"},\"image\":{\"@id\":\"http:\\\/\\\/minutocerord.com\\\/?p=8009#primaryimage\"},\"thumbnailUrl\":\"https:\\\/\\\/i0.wp.com\\\/minutocerord.com\\\/wp-content\\\/uploads\\\/2022\\\/03\\\/1f067aa6-patricia-ascuasiati-620ffebca6586-696x459-1.png?fit=696%2C459&ssl=1\",\"datePublished\":\"2022-03-09T20:08:45+00:00\",\"dateModified\":\"2022-03-09T20:08:48+00:00\",\"breadcrumb\":{\"@id\":\"http:\\\/\\\/minutocerord.com\\\/?p=8009#breadcrumb\"},\"inLanguage\":\"es-DO\",\"potentialAction\":[{\"@type\":\"ReadAction\",\"target\":[\"http:\\\/\\\/minutocerord.com\\\/?p=8009\"]}]},{\"@type\":\"ImageObject\",\"inLanguage\":\"es-DO\",\"@id\":\"http:\\\/\\\/minutocerord.com\\\/?p=8009#primaryimage\",\"url\":\"https:\\\/\\\/i0.wp.com\\\/minutocerord.com\\\/wp-content\\\/uploads\\\/2022\\\/03\\\/1f067aa6-patricia-ascuasiati-620ffebca6586-696x459-1.png?fit=696%2C459&ssl=1\",\"contentUrl\":\"https:\\\/\\\/i0.wp.com\\\/minutocerord.com\\\/wp-content\\\/uploads\\\/2022\\\/03\\\/1f067aa6-patricia-ascuasiati-620ffebca6586-696x459-1.png?fit=696%2C459&ssl=1\",\"width\":696,\"height\":459},{\"@type\":\"BreadcrumbList\",\"@id\":\"http:\\\/\\\/minutocerord.com\\\/?p=8009#breadcrumb\",\"itemListElement\":[{\"@type\":\"ListItem\",\"position\":1,\"name\":\"Home\",\"item\":\"https:\\\/\\\/minutocerord.com\\\/\"},{\"@type\":\"ListItem\",\"position\":2,\"name\":\"\u201cHace unos minutos se detuvo su coraz\u00f3n\u201d, detalla Carlos Julio Ascuasiati; familia donar\u00e1 \u00f3rganos de Patricia\"}]},{\"@type\":\"WebSite\",\"@id\":\"https:\\\/\\\/minutocerord.com\\\/#website\",\"url\":\"https:\\\/\\\/minutocerord.com\\\/\",\"name\":\"Minuto Cero RD\",\"description\":\"Periodismo serio y veraz\",\"publisher\":{\"@id\":\"https:\\\/\\\/minutocerord.com\\\/#\\\/schema\\\/person\\\/60b5372d60aaa0a5171fb6488be9aee6\"},\"potentialAction\":[{\"@type\":\"SearchAction\",\"target\":{\"@type\":\"EntryPoint\",\"urlTemplate\":\"https:\\\/\\\/minutocerord.com\\\/?s={search_term_string}\"},\"query-input\":{\"@type\":\"PropertyValueSpecification\",\"valueRequired\":true,\"valueName\":\"search_term_string\"}}],\"inLanguage\":\"es-DO\"},{\"@type\":[\"Person\",\"Organization\"],\"@id\":\"https:\\\/\\\/minutocerord.com\\\/#\\\/schema\\\/person\\\/60b5372d60aaa0a5171fb6488be9aee6\",\"name\":\"Genof\u00f3ntes Urb\u00e1ez\",\"image\":{\"@type\":\"ImageObject\",\"inLanguage\":\"es-DO\",\"@id\":\"https:\\\/\\\/secure.gravatar.com\\\/avatar\\\/a49ef3186a692098ac3e8a1612261e3ad70cf9e44553dff2929e67939a0ecb9d?s=96&d=identicon&r=g\",\"url\":\"https:\\\/\\\/secure.gravatar.com\\\/avatar\\\/a49ef3186a692098ac3e8a1612261e3ad70cf9e44553dff2929e67939a0ecb9d?s=96&d=identicon&r=g\",\"contentUrl\":\"https:\\\/\\\/secure.gravatar.com\\\/avatar\\\/a49ef3186a692098ac3e8a1612261e3ad70cf9e44553dff2929e67939a0ecb9d?s=96&d=identicon&r=g\",\"caption\":\"Genof\u00f3ntes Urb\u00e1ez\"},\"logo\":{\"@id\":\"https:\\\/\\\/secure.gravatar.com\\\/avatar\\\/a49ef3186a692098ac3e8a1612261e3ad70cf9e44553dff2929e67939a0ecb9d?s=96&d=identicon&r=g\"},\"description\":\"Periodista \\\/ Locutor\",\"sameAs\":[\"https:\\\/\\\/www.facebook.com\\\/Genofnotes\",\"https:\\\/\\\/www.instagram.com\\\/genofnotes\\\/\"]}]}<\/script>\n<!-- \/ Yoast SEO plugin. -->","yoast_head_json":{"title":"\u201cHace unos minutos se detuvo su coraz\u00f3n\u201d, detalla Carlos Julio Ascuasiati; familia donar\u00e1 \u00f3rganos de Patricia - Minuto Cero RD","robots":{"index":"index","follow":"follow","max-snippet":"max-snippet:-1","max-image-preview":"max-image-preview:large","max-video-preview":"max-video-preview:-1"},"canonical":"http:\/\/minutocerord.com\/?p=8009","og_locale":"es_ES","og_type":"article","og_title":"\u201cHace unos minutos se detuvo su coraz\u00f3n\u201d, detalla Carlos Julio Ascuasiati; familia donar\u00e1 \u00f3rganos de Patricia - Minuto Cero RD","og_description":"SANTO DOMINGO.- El hermano mayor de Patricia Ascuasiati \u00a0inform\u00f3 que la tarde de este mi\u00e9rcoles la bailarina fue declarada fallecida de forma oficial tras el diagn\u00f3stico de muerte cerebral. \u201cHace unos minutos se detuvo su coraz\u00f3n, la familia donar\u00e1 los \u00f3rganos de Patricia para que pueda seguir viviendo en otros\u201d, expres\u00f3 Carlos Julio Ascuasiati a [&hellip;]","og_url":"http:\/\/minutocerord.com\/?p=8009","og_site_name":"Minuto Cero RD","article_publisher":"https:\/\/www.facebook.com\/Genofnotes","article_author":"https:\/\/www.facebook.com\/Genofnotes","article_published_time":"2022-03-09T20:08:45+00:00","article_modified_time":"2022-03-09T20:08:48+00:00","og_image":[{"width":696,"height":459,"url":"https:\/\/i0.wp.com\/minutocerord.com\/wp-content\/uploads\/2022\/03\/1f067aa6-patricia-ascuasiati-620ffebca6586-696x459-1.png?fit=696%2C459","type":"image\/png"}],"author":"Genof\u00f3ntes Urb\u00e1ez","twitter_card":"summary_large_image","twitter_misc":{"Written by":"Genof\u00f3ntes Urb\u00e1ez","Est. reading time":"1 minuto"},"schema":{"@context":"https:\/\/schema.org","@graph":[{"@type":"Article","@id":"http:\/\/minutocerord.com\/?p=8009#article","isPartOf":{"@id":"http:\/\/minutocerord.com\/?p=8009"},"author":{"name":"Genof\u00f3ntes Urb\u00e1ez","@id":"https:\/\/minutocerord.com\/#\/schema\/person\/60b5372d60aaa0a5171fb6488be9aee6"},"headline":"\u201cHace unos minutos se detuvo su coraz\u00f3n\u201d, detalla Carlos Julio Ascuasiati; familia donar\u00e1 \u00f3rganos de Patricia","datePublished":"2022-03-09T20:08:45+00:00","dateModified":"2022-03-09T20:08:48+00:00","mainEntityOfPage":{"@id":"http:\/\/minutocerord.com\/?p=8009"},"wordCount":253,"commentCount":0,"publisher":{"@id":"https:\/\/minutocerord.com\/#\/schema\/person\/60b5372d60aaa0a5171fb6488be9aee6"},"image":{"@id":"http:\/\/minutocerord.com\/?p=8009#primaryimage"},"thumbnailUrl":"https:\/\/i0.wp.com\/minutocerord.com\/wp-content\/uploads\/2022\/03\/1f067aa6-patricia-ascuasiati-620ffebca6586-696x459-1.png?fit=696%2C459&ssl=1","articleSection":["Entretenimiento"],"inLanguage":"es-DO","potentialAction":[{"@type":"CommentAction","name":"Comment","target":["http:\/\/minutocerord.com\/?p=8009#respond"]}]},{"@type":"WebPage","@id":"http:\/\/minutocerord.com\/?p=8009","url":"http:\/\/minutocerord.com\/?p=8009","name":"\u201cHace unos minutos se detuvo su coraz\u00f3n\u201d, detalla Carlos Julio Ascuasiati; familia donar\u00e1 \u00f3rganos de Patricia - Minuto Cero RD","isPartOf":{"@id":"https:\/\/minutocerord.com\/#website"},"primaryImageOfPage":{"@id":"http:\/\/minutocerord.com\/?p=8009#primaryimage"},"image":{"@id":"http:\/\/minutocerord.com\/?p=8009#primaryimage"},"thumbnailUrl":"https:\/\/i0.wp.com\/minutocerord.com\/wp-content\/uploads\/2022\/03\/1f067aa6-patricia-ascuasiati-620ffebca6586-696x459-1.png?fit=696%2C459&ssl=1","datePublished":"2022-03-09T20:08:45+00:00","dateModified":"2022-03-09T20:08:48+00:00","breadcrumb":{"@id":"http:\/\/minutocerord.com\/?p=8009#breadcrumb"},"inLanguage":"es-DO","potentialAction":[{"@type":"ReadAction","target":["http:\/\/minutocerord.com\/?p=8009"]}]},{"@type":"ImageObject","inLanguage":"es-DO","@id":"http:\/\/minutocerord.com\/?p=8009#primaryimage","url":"https:\/\/i0.wp.com\/minutocerord.com\/wp-content\/uploads\/2022\/03\/1f067aa6-patricia-ascuasiati-620ffebca6586-696x459-1.png?fit=696%2C459&ssl=1","contentUrl":"https:\/\/i0.wp.com\/minutocerord.com\/wp-content\/uploads\/2022\/03\/1f067aa6-patricia-ascuasiati-620ffebca6586-696x459-1.png?fit=696%2C459&ssl=1","width":696,"height":459},{"@type":"BreadcrumbList","@id":"http:\/\/minutocerord.com\/?p=8009#breadcrumb","itemListElement":[{"@type":"ListItem","position":1,"name":"Home","item":"https:\/\/minutocerord.com\/"},{"@type":"ListItem","position":2,"name":"\u201cHace unos minutos se detuvo su coraz\u00f3n\u201d, detalla Carlos Julio Ascuasiati; familia donar\u00e1 \u00f3rganos de Patricia"}]},{"@type":"WebSite","@id":"https:\/\/minutocerord.com\/#website","url":"https:\/\/minutocerord.com\/","name":"Minuto Cero RD","description":"Periodismo serio y veraz","publisher":{"@id":"https:\/\/minutocerord.com\/#\/schema\/person\/60b5372d60aaa0a5171fb6488be9aee6"},"potentialAction":[{"@type":"SearchAction","target":{"@type":"EntryPoint","urlTemplate":"https:\/\/minutocerord.com\/?s={search_term_string}"},"query-input":{"@type":"PropertyValueSpecification","valueRequired":true,"valueName":"search_term_string"}}],"inLanguage":"es-DO"},{"@type":["Person","Organization"],"@id":"https:\/\/minutocerord.com\/#\/schema\/person\/60b5372d60aaa0a5171fb6488be9aee6","name":"Genof\u00f3ntes Urb\u00e1ez","image":{"@type":"ImageObject","inLanguage":"es-DO","@id":"https:\/\/secure.gravatar.com\/avatar\/a49ef3186a692098ac3e8a1612261e3ad70cf9e44553dff2929e67939a0ecb9d?s=96&d=identicon&r=g","url":"https:\/\/secure.gravatar.com\/avatar\/a49ef3186a692098ac3e8a1612261e3ad70cf9e44553dff2929e67939a0ecb9d?s=96&d=identicon&r=g","contentUrl":"https:\/\/secure.gravatar.com\/avatar\/a49ef3186a692098ac3e8a1612261e3ad70cf9e44553dff2929e67939a0ecb9d?s=96&d=identicon&r=g","caption":"Genof\u00f3ntes Urb\u00e1ez"},"logo":{"@id":"https:\/\/secure.gravatar.com\/avatar\/a49ef3186a692098ac3e8a1612261e3ad70cf9e44553dff2929e67939a0ecb9d?s=96&d=identicon&r=g"},"description":"Periodista \/ Locutor","sameAs":["https:\/\/www.facebook.com\/Genofnotes","https:\/\/www.instagram.com\/genofnotes\/"]}]}},"jetpack_publicize_connections":[],"jetpack_featured_media_url":"https:\/\/i0.wp.com\/minutocerord.com\/wp-content\/uploads\/2022\/03\/1f067aa6-patricia-ascuasiati-620ffebca6586-696x459-1.png?fit=696%2C459&ssl=1","jetpack-related-posts":[],"jetpack_sharing_enabled":true,"_links":{"self":[{"href":"https:\/\/minutocerord.com\/index.php?rest_route=\/wp\/v2\/posts\/8009","targetHints":{"allow":["GET"]}}],"collection":[{"href":"https:\/\/minutocerord.com\/index.php?rest_route=\/wp\/v2\/posts"}],"about":[{"href":"https:\/\/minutocerord.com\/index.php?rest_route=\/wp\/v2\/types\/post"}],"author":[{"embeddable":true,"href":"https:\/\/minutocerord.com\/index.php?rest_route=\/wp\/v2\/users\/1"}],"replies":[{"embeddable":true,"href":"https:\/\/minutocerord.com\/index.php?rest_route=%2Fwp%2Fv2%2Fcomments&post=8009"}],"version-history":[{"count":1,"href":"https:\/\/minutocerord.com\/index.php?rest_route=\/wp\/v2\/posts\/8009\/revisions"}],"predecessor-version":[{"id":8011,"href":"https:\/\/minutocerord.com\/index.php?rest_route=\/wp\/v2\/posts\/8009\/revisions\/8011"}],"wp:featuredmedia":[{"embeddable":true,"href":"https:\/\/minutocerord.com\/index.php?rest_route=\/wp\/v2\/media\/8010"}],"wp:attachment":[{"href":"https:\/\/minutocerord.com\/index.php?rest_route=%2Fwp%2Fv2%2Fmedia&parent=8009"}],"wp:term":[{"taxonomy":"category","embeddable":true,"href":"https:\/\/minutocerord.com\/index.php?rest_route=%2Fwp%2Fv2%2Fcategories&post=8009"},{"taxonomy":"post_tag","embeddable":true,"href":"https:\/\/minutocerord.com\/index.php?rest_route=%2Fwp%2Fv2%2Ftags&post=8009"}],"curies":[{"name":"wp","href":"https:\/\/api.w.org\/{rel}","templated":true}]}}