{"id":8015,"date":"2022-03-09T17:53:03","date_gmt":"2022-03-09T21:53:03","guid":{"rendered":"https:\/\/minutocerord.com\/?p=8015"},"modified":"2022-03-09T17:53:06","modified_gmt":"2022-03-09T21:53:06","slug":"argentina-y-republica-dominicana-firman-acuerdos-de-cooperacion","status":"publish","type":"post","link":"https:\/\/minutocerord.com\/?p=8015","title":{"rendered":"Argentina y Rep\u00fablica Dominicana firman acuerdos de cooperaci\u00f3n"},"content":{"rendered":"\n<p><strong>Buenos Aires.-<\/strong> Los presidentes de Argentina, Alberto Fern\u00e1ndez, y de Rep\u00fablica Dominicana, Luis Abinader, firmaron este mi\u00e9rcoles en Buenos Aires una declaraci\u00f3n de cooperaci\u00f3n para el desarrollo de hidrocarburos, incluyendo la posibilidad de proyectos conjuntos en la colosal formaci\u00f3n de Vaca Muerta.<\/p>\n\n\n\n<p>\u00abEstos acuerdos son muy importantes para nuestro pa\u00eds\u00bb, destac\u00f3 Abinader en un acto en la Casa Rosada, sede del Ejecutivo argentino.<\/p>\n\n\n\n<p>El mandatario dominicano sostuvo que el acuerdo firmado en materia de hidrocarburos es \u00abde vital importancia\u00bb para su pa\u00eds \u00aben una coyuntura muy negativa en t\u00e9rminos del precio de los hidrocarburos\u00bb.<\/p>\n\n\n\n<p>Abinader dijo que su Gobierno estudia junto a la petrolera YPF, controlada por el Estado argentino, y otras compa\u00f1\u00edas del sector la posibilidad de importar combustibles l\u00edquidos.<\/p>\n\n\n\n<p>\u00abTambi\u00e9n vamos a evaluar la factibilidad de, en sociedad con YPF, poder explorar \u00e1reas de gas natural en Vaca Muerta, donde hay much\u00edsimas oportunidades y que creo que pueden ser de beneficio para ambos pa\u00edses\u00bb, afirm\u00f3.<\/p>\n\n\n\n<p>Vaca Muerta, con epicentro en la provincia argentina de Neuqu\u00e9n (suroeste), es la segunda mayor reserva mundial de gas no convencional y la cuarta de petr\u00f3leo de este tipo, pero su desarrollo masivo a\u00fan est\u00e1 en las primeras etapas.<\/p>\n\n\n\n<p>\u00abVaca Muerta tiene mucho por desarrollar todav\u00eda y hay oportunidades para que trabajemos juntos\u00bb, afirm\u00f3 Fern\u00e1ndez, quien, antes de este acto, mantuvo una reuni\u00f3n con Abinader y comparti\u00f3 un almuerzo con \u00e9l y su comitiva.<\/p>\n\n\n\n<p><strong>OTROS ACUERDOS<\/strong><\/p>\n\n\n\n<p>En el acto, tambi\u00e9n se firm\u00f3 una \u00abhoja de ruta\u00bb para la implementaci\u00f3n de un convenio bilateral en materia de trasplantes.<\/p>\n\n\n\n<p>\u00abCon respecto al acuerdo de trasplantes, empezamos por el \u00e1rea pedi\u00e1trica, pero lo vamos a extender en t\u00e9rminos generales. Vamos a recibir a los excelentes m\u00e9dicos argentinos, que han avanzado much\u00edsimo en esta \u00e1rea\u00bb, se\u00f1al\u00f3 Abinader.<\/p>\n\n\n\n<p>Tambi\u00e9n se suscribi\u00f3 un memorando de entendimiento en materia sanitaria y fitosanitaria entre los Ministerios de Agricultura de los dos pa\u00edses y un acuerdo de cooperaci\u00f3n t\u00e9cnica para mejorar las pr\u00e1cticas de producci\u00f3n vin\u00edcola.<\/p>\n\n\n\n<p>Abinader sostuvo que Argentina, que es un importante productor y exportador mundial de vinos, \u00abes una gran potencia en este sector\u00bb y \u00abpuede ayudar bastante al desarrollo de la industria vin\u00edcola\u00bb dominicana \u00abcon la asesor\u00eda de los excelentes productores de Argentina\u00bb.<\/p>\n\n\n\n<p><strong>M\u00c1S COOPERACI\u00d3N<\/strong><\/p>\n\n\n\n<p>Fern\u00e1ndez destac\u00f3 la \u00abmirada com\u00fan\u00bb con Abinader sobre \u00ablos problemas que enfrenta el mundo y la regi\u00f3n\u00bb de Latinoam\u00e9rica y el Caribe.<\/p>\n\n\n\n<p>Adem\u00e1s de los acuerdos firmados, ambos mandatarios hablaron sobre la posibilidad de cooperar en otras \u00e1reas.<\/p>\n\n\n\n<p>Argentina ofreci\u00f3 cooperaci\u00f3n en materia de desarrollo satelital, con tecnolog\u00eda que podr\u00eda ser aplicada a la prevenci\u00f3n ante eventos relacionados con el cambio clim\u00e1tico.<\/p>\n\n\n\n<p>Adem\u00e1s, dialogaron sobre la posibilidad de cooperar en materia de medicina nuclear y sobre el sector del turismo.<\/p>\n\n\n\n<p>\u00abVoy a sorprender al presidente Fern\u00e1ndez con un acuerdo que vamos a hacer. Nosotros recibimos a miles de argentinos todos los a\u00f1os y estamos muy contentos. Como parte de estos acuerdos, todos los argentinos que nos visiten tendr\u00e1n una clase de merengue gratis\u00bb, propuso, entre aplausos, el mandatario dominicano. EFE<\/p>\n","protected":false},"excerpt":{"rendered":"<p>Buenos Aires.- Los presidentes de Argentina, Alberto Fern\u00e1ndez, y de Rep\u00fablica Dominicana, Luis Abinader, firmaron este mi\u00e9rcoles en Buenos Aires una declaraci\u00f3n de cooperaci\u00f3n para el desarrollo de hidrocarburos, incluyendo la posibilidad de proyectos conjuntos en la colosal formaci\u00f3n de Vaca Muerta. \u00abEstos acuerdos son muy importantes para nuestro pa\u00eds\u00bb, destac\u00f3 Abinader en un acto [&hellip;]<\/p>\n","protected":false},"author":1,"featured_media":8017,"comment_status":"open","ping_status":"open","sticky":false,"template":"","format":"standard","meta":{"nf_dc_page":"","jetpack_post_was_ever_published":false,"_jetpack_newsletter_access":"","_jetpack_dont_email_post_to_subs":false,"_jetpack_newsletter_tier_id":0,"_jetpack_memberships_contains_paywalled_content":false,"_jetpack_memberships_contains_paid_content":false,"footnotes":"","jetpack_publicize_message":"","jetpack_publicize_feature_enabled":true,"jetpack_social_post_already_shared":false,"jetpack_social_options":{"image_generator_settings":{"template":"highway","default_image_id":0,"font":"","enabled":false},"version":2}},"categories":[70],"tags":[],"class_list":["post-8015","post","type-post","status-publish","format-standard","has-post-thumbnail","hentry","category-politica"],"yoast_head":"<!-- This site is optimized with the Yoast SEO plugin v27.4 - https:\/\/yoast.com\/product\/yoast-seo-wordpress\/ -->\n<title>Argentina y Rep\u00fablica Dominicana firman acuerdos de cooperaci\u00f3n - Minuto Cero RD<\/title>\n<meta name=\"robots\" content=\"index, follow, max-snippet:-1, max-image-preview:large, max-video-preview:-1\" \/>\n<link rel=\"canonical\" href=\"https:\/\/minutocerord.com\/?p=8015\" \/>\n<meta property=\"og:locale\" content=\"es_ES\" \/>\n<meta property=\"og:type\" content=\"article\" \/>\n<meta property=\"og:title\" content=\"Argentina y Rep\u00fablica Dominicana firman acuerdos de cooperaci\u00f3n - Minuto Cero RD\" \/>\n<meta property=\"og:description\" content=\"Buenos Aires.- Los presidentes de Argentina, Alberto Fern\u00e1ndez, y de Rep\u00fablica Dominicana, Luis Abinader, firmaron este mi\u00e9rcoles en Buenos Aires una declaraci\u00f3n de cooperaci\u00f3n para el desarrollo de hidrocarburos, incluyendo la posibilidad de proyectos conjuntos en la colosal formaci\u00f3n de Vaca Muerta. \u00abEstos acuerdos son muy importantes para nuestro pa\u00eds\u00bb, destac\u00f3 Abinader en un acto [&hellip;]\" \/>\n<meta property=\"og:url\" content=\"https:\/\/minutocerord.com\/?p=8015\" \/>\n<meta property=\"og:site_name\" content=\"Minuto Cero RD\" \/>\n<meta property=\"article:publisher\" content=\"https:\/\/www.facebook.com\/Genofnotes\" \/>\n<meta property=\"article:author\" content=\"https:\/\/www.facebook.com\/Genofnotes\" \/>\n<meta property=\"article:published_time\" content=\"2022-03-09T21:53:03+00:00\" \/>\n<meta property=\"article:modified_time\" content=\"2022-03-09T21:53:06+00:00\" \/>\n<meta property=\"og:image\" content=\"https:\/\/i0.wp.com\/minutocerord.com\/wp-content\/uploads\/2022\/03\/Presidentes-dominicano-y-argentino..jpg?fit=556%2C312&ssl=1\" \/>\n\t<meta property=\"og:image:width\" content=\"556\" \/>\n\t<meta property=\"og:image:height\" content=\"312\" \/>\n\t<meta property=\"og:image:type\" content=\"image\/jpeg\" \/>\n<meta name=\"author\" content=\"Genof\u00f3ntes Urb\u00e1ez\" \/>\n<meta name=\"twitter:card\" content=\"summary_large_image\" \/>\n<meta name=\"twitter:label1\" content=\"Written by\" \/>\n\t<meta name=\"twitter:data1\" content=\"Genof\u00f3ntes Urb\u00e1ez\" \/>\n\t<meta name=\"twitter:label2\" content=\"Est. reading time\" \/>\n\t<meta name=\"twitter:data2\" content=\"3 minutos\" \/>\n<script type=\"application\/ld+json\" class=\"yoast-schema-graph\">{\"@context\":\"https:\\\/\\\/schema.org\",\"@graph\":[{\"@type\":\"Article\",\"@id\":\"https:\\\/\\\/minutocerord.com\\\/?p=8015#article\",\"isPartOf\":{\"@id\":\"https:\\\/\\\/minutocerord.com\\\/?p=8015\"},\"author\":{\"name\":\"Genof\u00f3ntes Urb\u00e1ez\",\"@id\":\"https:\\\/\\\/minutocerord.com\\\/#\\\/schema\\\/person\\\/60b5372d60aaa0a5171fb6488be9aee6\"},\"headline\":\"Argentina y Rep\u00fablica Dominicana firman acuerdos de cooperaci\u00f3n\",\"datePublished\":\"2022-03-09T21:53:03+00:00\",\"dateModified\":\"2022-03-09T21:53:06+00:00\",\"mainEntityOfPage\":{\"@id\":\"https:\\\/\\\/minutocerord.com\\\/?p=8015\"},\"wordCount\":560,\"commentCount\":0,\"publisher\":{\"@id\":\"https:\\\/\\\/minutocerord.com\\\/#\\\/schema\\\/person\\\/60b5372d60aaa0a5171fb6488be9aee6\"},\"image\":{\"@id\":\"https:\\\/\\\/minutocerord.com\\\/?p=8015#primaryimage\"},\"thumbnailUrl\":\"https:\\\/\\\/i0.wp.com\\\/minutocerord.com\\\/wp-content\\\/uploads\\\/2022\\\/03\\\/Presidentes-dominicano-y-argentino..jpg?fit=556%2C312&ssl=1\",\"articleSection\":[\"Pol\u00edtica\"],\"inLanguage\":\"es-DO\",\"potentialAction\":[{\"@type\":\"CommentAction\",\"name\":\"Comment\",\"target\":[\"https:\\\/\\\/minutocerord.com\\\/?p=8015#respond\"]}]},{\"@type\":\"WebPage\",\"@id\":\"https:\\\/\\\/minutocerord.com\\\/?p=8015\",\"url\":\"https:\\\/\\\/minutocerord.com\\\/?p=8015\",\"name\":\"Argentina y Rep\u00fablica Dominicana firman acuerdos de cooperaci\u00f3n - Minuto Cero RD\",\"isPartOf\":{\"@id\":\"https:\\\/\\\/minutocerord.com\\\/#website\"},\"primaryImageOfPage\":{\"@id\":\"https:\\\/\\\/minutocerord.com\\\/?p=8015#primaryimage\"},\"image\":{\"@id\":\"https:\\\/\\\/minutocerord.com\\\/?p=8015#primaryimage\"},\"thumbnailUrl\":\"https:\\\/\\\/i0.wp.com\\\/minutocerord.com\\\/wp-content\\\/uploads\\\/2022\\\/03\\\/Presidentes-dominicano-y-argentino..jpg?fit=556%2C312&ssl=1\",\"datePublished\":\"2022-03-09T21:53:03+00:00\",\"dateModified\":\"2022-03-09T21:53:06+00:00\",\"breadcrumb\":{\"@id\":\"https:\\\/\\\/minutocerord.com\\\/?p=8015#breadcrumb\"},\"inLanguage\":\"es-DO\",\"potentialAction\":[{\"@type\":\"ReadAction\",\"target\":[\"https:\\\/\\\/minutocerord.com\\\/?p=8015\"]}]},{\"@type\":\"ImageObject\",\"inLanguage\":\"es-DO\",\"@id\":\"https:\\\/\\\/minutocerord.com\\\/?p=8015#primaryimage\",\"url\":\"https:\\\/\\\/i0.wp.com\\\/minutocerord.com\\\/wp-content\\\/uploads\\\/2022\\\/03\\\/Presidentes-dominicano-y-argentino..jpg?fit=556%2C312&ssl=1\",\"contentUrl\":\"https:\\\/\\\/i0.wp.com\\\/minutocerord.com\\\/wp-content\\\/uploads\\\/2022\\\/03\\\/Presidentes-dominicano-y-argentino..jpg?fit=556%2C312&ssl=1\",\"width\":556,\"height\":312},{\"@type\":\"BreadcrumbList\",\"@id\":\"https:\\\/\\\/minutocerord.com\\\/?p=8015#breadcrumb\",\"itemListElement\":[{\"@type\":\"ListItem\",\"position\":1,\"name\":\"Home\",\"item\":\"https:\\\/\\\/minutocerord.com\\\/\"},{\"@type\":\"ListItem\",\"position\":2,\"name\":\"Argentina y Rep\u00fablica Dominicana firman acuerdos de cooperaci\u00f3n\"}]},{\"@type\":\"WebSite\",\"@id\":\"https:\\\/\\\/minutocerord.com\\\/#website\",\"url\":\"https:\\\/\\\/minutocerord.com\\\/\",\"name\":\"Minuto Cero RD\",\"description\":\"Periodismo serio y veraz\",\"publisher\":{\"@id\":\"https:\\\/\\\/minutocerord.com\\\/#\\\/schema\\\/person\\\/60b5372d60aaa0a5171fb6488be9aee6\"},\"potentialAction\":[{\"@type\":\"SearchAction\",\"target\":{\"@type\":\"EntryPoint\",\"urlTemplate\":\"https:\\\/\\\/minutocerord.com\\\/?s={search_term_string}\"},\"query-input\":{\"@type\":\"PropertyValueSpecification\",\"valueRequired\":true,\"valueName\":\"search_term_string\"}}],\"inLanguage\":\"es-DO\"},{\"@type\":[\"Person\",\"Organization\"],\"@id\":\"https:\\\/\\\/minutocerord.com\\\/#\\\/schema\\\/person\\\/60b5372d60aaa0a5171fb6488be9aee6\",\"name\":\"Genof\u00f3ntes Urb\u00e1ez\",\"image\":{\"@type\":\"ImageObject\",\"inLanguage\":\"es-DO\",\"@id\":\"https:\\\/\\\/secure.gravatar.com\\\/avatar\\\/a49ef3186a692098ac3e8a1612261e3ad70cf9e44553dff2929e67939a0ecb9d?s=96&d=identicon&r=g\",\"url\":\"https:\\\/\\\/secure.gravatar.com\\\/avatar\\\/a49ef3186a692098ac3e8a1612261e3ad70cf9e44553dff2929e67939a0ecb9d?s=96&d=identicon&r=g\",\"contentUrl\":\"https:\\\/\\\/secure.gravatar.com\\\/avatar\\\/a49ef3186a692098ac3e8a1612261e3ad70cf9e44553dff2929e67939a0ecb9d?s=96&d=identicon&r=g\",\"caption\":\"Genof\u00f3ntes Urb\u00e1ez\"},\"logo\":{\"@id\":\"https:\\\/\\\/secure.gravatar.com\\\/avatar\\\/a49ef3186a692098ac3e8a1612261e3ad70cf9e44553dff2929e67939a0ecb9d?s=96&d=identicon&r=g\"},\"description\":\"Periodista \\\/ Locutor\",\"sameAs\":[\"https:\\\/\\\/www.facebook.com\\\/Genofnotes\",\"https:\\\/\\\/www.instagram.com\\\/genofnotes\\\/\"]}]}<\/script>\n<!-- \/ Yoast SEO plugin. -->","yoast_head_json":{"title":"Argentina y Rep\u00fablica Dominicana firman acuerdos de cooperaci\u00f3n - Minuto Cero RD","robots":{"index":"index","follow":"follow","max-snippet":"max-snippet:-1","max-image-preview":"max-image-preview:large","max-video-preview":"max-video-preview:-1"},"canonical":"https:\/\/minutocerord.com\/?p=8015","og_locale":"es_ES","og_type":"article","og_title":"Argentina y Rep\u00fablica Dominicana firman acuerdos de cooperaci\u00f3n - Minuto Cero RD","og_description":"Buenos Aires.- Los presidentes de Argentina, Alberto Fern\u00e1ndez, y de Rep\u00fablica Dominicana, Luis Abinader, firmaron este mi\u00e9rcoles en Buenos Aires una declaraci\u00f3n de cooperaci\u00f3n para el desarrollo de hidrocarburos, incluyendo la posibilidad de proyectos conjuntos en la colosal formaci\u00f3n de Vaca Muerta. \u00abEstos acuerdos son muy importantes para nuestro pa\u00eds\u00bb, destac\u00f3 Abinader en un acto [&hellip;]","og_url":"https:\/\/minutocerord.com\/?p=8015","og_site_name":"Minuto Cero RD","article_publisher":"https:\/\/www.facebook.com\/Genofnotes","article_author":"https:\/\/www.facebook.com\/Genofnotes","article_published_time":"2022-03-09T21:53:03+00:00","article_modified_time":"2022-03-09T21:53:06+00:00","og_image":[{"width":556,"height":312,"url":"https:\/\/i0.wp.com\/minutocerord.com\/wp-content\/uploads\/2022\/03\/Presidentes-dominicano-y-argentino..jpg?fit=556%2C312&ssl=1","type":"image\/jpeg"}],"author":"Genof\u00f3ntes Urb\u00e1ez","twitter_card":"summary_large_image","twitter_misc":{"Written by":"Genof\u00f3ntes Urb\u00e1ez","Est. reading time":"3 minutos"},"schema":{"@context":"https:\/\/schema.org","@graph":[{"@type":"Article","@id":"https:\/\/minutocerord.com\/?p=8015#article","isPartOf":{"@id":"https:\/\/minutocerord.com\/?p=8015"},"author":{"name":"Genof\u00f3ntes Urb\u00e1ez","@id":"https:\/\/minutocerord.com\/#\/schema\/person\/60b5372d60aaa0a5171fb6488be9aee6"},"headline":"Argentina y Rep\u00fablica Dominicana firman acuerdos de cooperaci\u00f3n","datePublished":"2022-03-09T21:53:03+00:00","dateModified":"2022-03-09T21:53:06+00:00","mainEntityOfPage":{"@id":"https:\/\/minutocerord.com\/?p=8015"},"wordCount":560,"commentCount":0,"publisher":{"@id":"https:\/\/minutocerord.com\/#\/schema\/person\/60b5372d60aaa0a5171fb6488be9aee6"},"image":{"@id":"https:\/\/minutocerord.com\/?p=8015#primaryimage"},"thumbnailUrl":"https:\/\/i0.wp.com\/minutocerord.com\/wp-content\/uploads\/2022\/03\/Presidentes-dominicano-y-argentino..jpg?fit=556%2C312&ssl=1","articleSection":["Pol\u00edtica"],"inLanguage":"es-DO","potentialAction":[{"@type":"CommentAction","name":"Comment","target":["https:\/\/minutocerord.com\/?p=8015#respond"]}]},{"@type":"WebPage","@id":"https:\/\/minutocerord.com\/?p=8015","url":"https:\/\/minutocerord.com\/?p=8015","name":"Argentina y Rep\u00fablica Dominicana firman acuerdos de cooperaci\u00f3n - Minuto Cero RD","isPartOf":{"@id":"https:\/\/minutocerord.com\/#website"},"primaryImageOfPage":{"@id":"https:\/\/minutocerord.com\/?p=8015#primaryimage"},"image":{"@id":"https:\/\/minutocerord.com\/?p=8015#primaryimage"},"thumbnailUrl":"https:\/\/i0.wp.com\/minutocerord.com\/wp-content\/uploads\/2022\/03\/Presidentes-dominicano-y-argentino..jpg?fit=556%2C312&ssl=1","datePublished":"2022-03-09T21:53:03+00:00","dateModified":"2022-03-09T21:53:06+00:00","breadcrumb":{"@id":"https:\/\/minutocerord.com\/?p=8015#breadcrumb"},"inLanguage":"es-DO","potentialAction":[{"@type":"ReadAction","target":["https:\/\/minutocerord.com\/?p=8015"]}]},{"@type":"ImageObject","inLanguage":"es-DO","@id":"https:\/\/minutocerord.com\/?p=8015#primaryimage","url":"https:\/\/i0.wp.com\/minutocerord.com\/wp-content\/uploads\/2022\/03\/Presidentes-dominicano-y-argentino..jpg?fit=556%2C312&ssl=1","contentUrl":"https:\/\/i0.wp.com\/minutocerord.com\/wp-content\/uploads\/2022\/03\/Presidentes-dominicano-y-argentino..jpg?fit=556%2C312&ssl=1","width":556,"height":312},{"@type":"BreadcrumbList","@id":"https:\/\/minutocerord.com\/?p=8015#breadcrumb","itemListElement":[{"@type":"ListItem","position":1,"name":"Home","item":"https:\/\/minutocerord.com\/"},{"@type":"ListItem","position":2,"name":"Argentina y Rep\u00fablica Dominicana firman acuerdos de cooperaci\u00f3n"}]},{"@type":"WebSite","@id":"https:\/\/minutocerord.com\/#website","url":"https:\/\/minutocerord.com\/","name":"Minuto Cero RD","description":"Periodismo serio y veraz","publisher":{"@id":"https:\/\/minutocerord.com\/#\/schema\/person\/60b5372d60aaa0a5171fb6488be9aee6"},"potentialAction":[{"@type":"SearchAction","target":{"@type":"EntryPoint","urlTemplate":"https:\/\/minutocerord.com\/?s={search_term_string}"},"query-input":{"@type":"PropertyValueSpecification","valueRequired":true,"valueName":"search_term_string"}}],"inLanguage":"es-DO"},{"@type":["Person","Organization"],"@id":"https:\/\/minutocerord.com\/#\/schema\/person\/60b5372d60aaa0a5171fb6488be9aee6","name":"Genof\u00f3ntes Urb\u00e1ez","image":{"@type":"ImageObject","inLanguage":"es-DO","@id":"https:\/\/secure.gravatar.com\/avatar\/a49ef3186a692098ac3e8a1612261e3ad70cf9e44553dff2929e67939a0ecb9d?s=96&d=identicon&r=g","url":"https:\/\/secure.gravatar.com\/avatar\/a49ef3186a692098ac3e8a1612261e3ad70cf9e44553dff2929e67939a0ecb9d?s=96&d=identicon&r=g","contentUrl":"https:\/\/secure.gravatar.com\/avatar\/a49ef3186a692098ac3e8a1612261e3ad70cf9e44553dff2929e67939a0ecb9d?s=96&d=identicon&r=g","caption":"Genof\u00f3ntes Urb\u00e1ez"},"logo":{"@id":"https:\/\/secure.gravatar.com\/avatar\/a49ef3186a692098ac3e8a1612261e3ad70cf9e44553dff2929e67939a0ecb9d?s=96&d=identicon&r=g"},"description":"Periodista \/ Locutor","sameAs":["https:\/\/www.facebook.com\/Genofnotes","https:\/\/www.instagram.com\/genofnotes\/"]}]}},"jetpack_publicize_connections":[],"jetpack_featured_media_url":"https:\/\/i0.wp.com\/minutocerord.com\/wp-content\/uploads\/2022\/03\/Presidentes-dominicano-y-argentino..jpg?fit=556%2C312&ssl=1","jetpack-related-posts":[],"jetpack_sharing_enabled":true,"_links":{"self":[{"href":"https:\/\/minutocerord.com\/index.php?rest_route=\/wp\/v2\/posts\/8015","targetHints":{"allow":["GET"]}}],"collection":[{"href":"https:\/\/minutocerord.com\/index.php?rest_route=\/wp\/v2\/posts"}],"about":[{"href":"https:\/\/minutocerord.com\/index.php?rest_route=\/wp\/v2\/types\/post"}],"author":[{"embeddable":true,"href":"https:\/\/minutocerord.com\/index.php?rest_route=\/wp\/v2\/users\/1"}],"replies":[{"embeddable":true,"href":"https:\/\/minutocerord.com\/index.php?rest_route=%2Fwp%2Fv2%2Fcomments&post=8015"}],"version-history":[{"count":1,"href":"https:\/\/minutocerord.com\/index.php?rest_route=\/wp\/v2\/posts\/8015\/revisions"}],"predecessor-version":[{"id":8018,"href":"https:\/\/minutocerord.com\/index.php?rest_route=\/wp\/v2\/posts\/8015\/revisions\/8018"}],"wp:featuredmedia":[{"embeddable":true,"href":"https:\/\/minutocerord.com\/index.php?rest_route=\/wp\/v2\/media\/8017"}],"wp:attachment":[{"href":"https:\/\/minutocerord.com\/index.php?rest_route=%2Fwp%2Fv2%2Fmedia&parent=8015"}],"wp:term":[{"taxonomy":"category","embeddable":true,"href":"https:\/\/minutocerord.com\/index.php?rest_route=%2Fwp%2Fv2%2Fcategories&post=8015"},{"taxonomy":"post_tag","embeddable":true,"href":"https:\/\/minutocerord.com\/index.php?rest_route=%2Fwp%2Fv2%2Ftags&post=8015"}],"curies":[{"name":"wp","href":"https:\/\/api.w.org\/{rel}","templated":true}]}}