{"id":8030,"date":"2022-03-10T09:09:45","date_gmt":"2022-03-10T13:09:45","guid":{"rendered":"https:\/\/minutocerord.com\/?p=8030"},"modified":"2022-03-10T09:09:48","modified_gmt":"2022-03-10T13:09:48","slug":"personas-proximas-a-50-anos-son-las-mas-afectadas-de-covid","status":"publish","type":"post","link":"https:\/\/minutocerord.com\/?p=8030","title":{"rendered":"Personas pr\u00f3ximas a 50 a\u00f1os son las m\u00e1s afectadas de Covid"},"content":{"rendered":"\n<p><strong>Santo Domingo, RD<\/strong>.- Aunque la positividad y transmisibilidad del vi\u00adrus del Covid-19 tienen sus m\u00e1s bajos indicadores de incidencia en el pa\u00eds, es el grupo poblacional con edad promedio de 50 a\u00f1os el que en la actuali\u00addad est\u00e1 presentando ma\u00adyores contagios.<\/p>\n\n\n\n<p>As\u00ed lo revelaron ayer las autoridades sanitarias, quienes aseguraron que con el prop\u00f3sito de seguir au\u00admentando la inmunizaci\u00f3n contra el virus, se ha inten\u00adsificado la vacunaci\u00f3n ca\u00adsa a casa, en cuyas jornadas participan 711 brigadas de vacunadores.<\/p>\n\n\n\n<p>El viceministro de Salud Colectiva, doctor Eladio P\u00e9\u00adrez, se\u00f1al\u00f3 que, aunque se han ido reduciendo los puestos de vacunaci\u00f3n con\u00adtra el Covid-19 establecidos en instituciones privadas debido a la baja afluencia de personas, se han estado abriendo otros sobre todo dirigidos a la poblaci\u00f3n es\u00adcolar para vacunar a los ni\u00ad\u00f1os de cinco a 11 a\u00f1os.<\/p>\n\n\n\n<p>Hasta ayer en el pa\u00eds se hab\u00edan aplicado 15.3 mi\u00adllones de dosis de vacuna contra el Covid-19, de las cuales 7.1 millones corres\u00adponden a primera dosis; 5.8 a segunda dosis y 2.2 a tercera dosis. Asimismo, el doctor Fernando Ure\u00f1a, vi\u00adceministro coordinador de las Direcciones Provinciales y \u00c1reas de Salud DPS\/DAS, explic\u00f3 que las jornadas de vacunaci\u00f3n casa a casa se desarrollan por medio a las brigadas, 711 en total, que debidamente organizadas e identificadas se desplazan por todo el territorio nacio\u00adnal.<\/p>\n\n\n\n<p>En las \u00faltimas 24 ho\u00adras, el pa\u00eds notific\u00f3 el regis\u00adtro de un fallecimiento y 91 casos nuevos del virus del Covid-19, para un total acumulado de 4,372 defun\u00adciones y 576,220 registros positivos.<\/p>\n","protected":false},"excerpt":{"rendered":"<p>Santo Domingo, RD.- Aunque la positividad y transmisibilidad del vi\u00adrus del Covid-19 tienen sus m\u00e1s bajos indicadores de incidencia en el pa\u00eds, es el grupo poblacional con edad promedio de 50 a\u00f1os el que en la actuali\u00addad est\u00e1 presentando ma\u00adyores contagios. As\u00ed lo revelaron ayer las autoridades sanitarias, quienes aseguraron que con el prop\u00f3sito de [&hellip;]<\/p>\n","protected":false},"author":1,"featured_media":7741,"comment_status":"open","ping_status":"open","sticky":false,"template":"","format":"standard","meta":{"nf_dc_page":"","jetpack_post_was_ever_published":false,"_jetpack_newsletter_access":"","_jetpack_dont_email_post_to_subs":false,"_jetpack_newsletter_tier_id":0,"_jetpack_memberships_contains_paywalled_content":false,"_jetpack_memberships_contains_paid_content":false,"footnotes":"","jetpack_publicize_message":"","jetpack_publicize_feature_enabled":true,"jetpack_social_post_already_shared":false,"jetpack_social_options":{"image_generator_settings":{"template":"highway","default_image_id":0,"font":"","enabled":false},"version":2}},"categories":[67],"tags":[],"class_list":["post-8030","post","type-post","status-publish","format-standard","has-post-thumbnail","hentry","category-salud"],"yoast_head":"<!-- This site is optimized with the Yoast SEO plugin v27.4 - https:\/\/yoast.com\/product\/yoast-seo-wordpress\/ -->\n<title>Personas pr\u00f3ximas a 50 a\u00f1os son las m\u00e1s afectadas de Covid - Minuto Cero RD<\/title>\n<meta name=\"robots\" content=\"index, follow, max-snippet:-1, max-image-preview:large, max-video-preview:-1\" \/>\n<link rel=\"canonical\" href=\"https:\/\/minutocerord.com\/?p=8030\" \/>\n<meta property=\"og:locale\" content=\"es_ES\" \/>\n<meta property=\"og:type\" content=\"article\" \/>\n<meta property=\"og:title\" content=\"Personas pr\u00f3ximas a 50 a\u00f1os son las m\u00e1s afectadas de Covid - Minuto Cero RD\" \/>\n<meta property=\"og:description\" content=\"Santo Domingo, RD.- Aunque la positividad y transmisibilidad del vi\u00adrus del Covid-19 tienen sus m\u00e1s bajos indicadores de incidencia en el pa\u00eds, es el grupo poblacional con edad promedio de 50 a\u00f1os el que en la actuali\u00addad est\u00e1 presentando ma\u00adyores contagios. As\u00ed lo revelaron ayer las autoridades sanitarias, quienes aseguraron que con el prop\u00f3sito de [&hellip;]\" \/>\n<meta property=\"og:url\" content=\"https:\/\/minutocerord.com\/?p=8030\" \/>\n<meta property=\"og:site_name\" content=\"Minuto Cero RD\" \/>\n<meta property=\"article:publisher\" content=\"https:\/\/www.facebook.com\/Genofnotes\" \/>\n<meta property=\"article:author\" content=\"https:\/\/www.facebook.com\/Genofnotes\" \/>\n<meta property=\"article:published_time\" content=\"2022-03-10T13:09:45+00:00\" \/>\n<meta property=\"article:modified_time\" content=\"2022-03-10T13:09:48+00:00\" \/>\n<meta property=\"og:image\" content=\"https:\/\/i0.wp.com\/minutocerord.com\/wp-content\/uploads\/2022\/02\/1-salud.jpeg?fit=680%2C359&ssl=1\" \/>\n\t<meta property=\"og:image:width\" content=\"680\" \/>\n\t<meta property=\"og:image:height\" content=\"359\" \/>\n\t<meta property=\"og:image:type\" content=\"image\/jpeg\" \/>\n<meta name=\"author\" content=\"Genof\u00f3ntes Urb\u00e1ez\" \/>\n<meta name=\"twitter:card\" content=\"summary_large_image\" \/>\n<meta name=\"twitter:label1\" content=\"Written by\" \/>\n\t<meta name=\"twitter:data1\" content=\"Genof\u00f3ntes Urb\u00e1ez\" \/>\n\t<meta name=\"twitter:label2\" content=\"Est. reading time\" \/>\n\t<meta name=\"twitter:data2\" content=\"2 minutos\" \/>\n<script type=\"application\/ld+json\" class=\"yoast-schema-graph\">{\"@context\":\"https:\\\/\\\/schema.org\",\"@graph\":[{\"@type\":\"Article\",\"@id\":\"https:\\\/\\\/minutocerord.com\\\/?p=8030#article\",\"isPartOf\":{\"@id\":\"https:\\\/\\\/minutocerord.com\\\/?p=8030\"},\"author\":{\"name\":\"Genof\u00f3ntes Urb\u00e1ez\",\"@id\":\"https:\\\/\\\/minutocerord.com\\\/#\\\/schema\\\/person\\\/60b5372d60aaa0a5171fb6488be9aee6\"},\"headline\":\"Personas pr\u00f3ximas a 50 a\u00f1os son las m\u00e1s afectadas de Covid\",\"datePublished\":\"2022-03-10T13:09:45+00:00\",\"dateModified\":\"2022-03-10T13:09:48+00:00\",\"mainEntityOfPage\":{\"@id\":\"https:\\\/\\\/minutocerord.com\\\/?p=8030\"},\"wordCount\":282,\"commentCount\":0,\"publisher\":{\"@id\":\"https:\\\/\\\/minutocerord.com\\\/#\\\/schema\\\/person\\\/60b5372d60aaa0a5171fb6488be9aee6\"},\"image\":{\"@id\":\"https:\\\/\\\/minutocerord.com\\\/?p=8030#primaryimage\"},\"thumbnailUrl\":\"https:\\\/\\\/i0.wp.com\\\/minutocerord.com\\\/wp-content\\\/uploads\\\/2022\\\/02\\\/1-salud.jpeg?fit=680%2C359&ssl=1\",\"articleSection\":[\"Salud\"],\"inLanguage\":\"es-DO\",\"potentialAction\":[{\"@type\":\"CommentAction\",\"name\":\"Comment\",\"target\":[\"https:\\\/\\\/minutocerord.com\\\/?p=8030#respond\"]}]},{\"@type\":\"WebPage\",\"@id\":\"https:\\\/\\\/minutocerord.com\\\/?p=8030\",\"url\":\"https:\\\/\\\/minutocerord.com\\\/?p=8030\",\"name\":\"Personas pr\u00f3ximas a 50 a\u00f1os son las m\u00e1s afectadas de Covid - Minuto Cero RD\",\"isPartOf\":{\"@id\":\"https:\\\/\\\/minutocerord.com\\\/#website\"},\"primaryImageOfPage\":{\"@id\":\"https:\\\/\\\/minutocerord.com\\\/?p=8030#primaryimage\"},\"image\":{\"@id\":\"https:\\\/\\\/minutocerord.com\\\/?p=8030#primaryimage\"},\"thumbnailUrl\":\"https:\\\/\\\/i0.wp.com\\\/minutocerord.com\\\/wp-content\\\/uploads\\\/2022\\\/02\\\/1-salud.jpeg?fit=680%2C359&ssl=1\",\"datePublished\":\"2022-03-10T13:09:45+00:00\",\"dateModified\":\"2022-03-10T13:09:48+00:00\",\"breadcrumb\":{\"@id\":\"https:\\\/\\\/minutocerord.com\\\/?p=8030#breadcrumb\"},\"inLanguage\":\"es-DO\",\"potentialAction\":[{\"@type\":\"ReadAction\",\"target\":[\"https:\\\/\\\/minutocerord.com\\\/?p=8030\"]}]},{\"@type\":\"ImageObject\",\"inLanguage\":\"es-DO\",\"@id\":\"https:\\\/\\\/minutocerord.com\\\/?p=8030#primaryimage\",\"url\":\"https:\\\/\\\/i0.wp.com\\\/minutocerord.com\\\/wp-content\\\/uploads\\\/2022\\\/02\\\/1-salud.jpeg?fit=680%2C359&ssl=1\",\"contentUrl\":\"https:\\\/\\\/i0.wp.com\\\/minutocerord.com\\\/wp-content\\\/uploads\\\/2022\\\/02\\\/1-salud.jpeg?fit=680%2C359&ssl=1\",\"width\":680,\"height\":359},{\"@type\":\"BreadcrumbList\",\"@id\":\"https:\\\/\\\/minutocerord.com\\\/?p=8030#breadcrumb\",\"itemListElement\":[{\"@type\":\"ListItem\",\"position\":1,\"name\":\"Home\",\"item\":\"https:\\\/\\\/minutocerord.com\\\/\"},{\"@type\":\"ListItem\",\"position\":2,\"name\":\"Personas pr\u00f3ximas a 50 a\u00f1os son las m\u00e1s afectadas de Covid\"}]},{\"@type\":\"WebSite\",\"@id\":\"https:\\\/\\\/minutocerord.com\\\/#website\",\"url\":\"https:\\\/\\\/minutocerord.com\\\/\",\"name\":\"Minuto Cero RD\",\"description\":\"Periodismo serio y veraz\",\"publisher\":{\"@id\":\"https:\\\/\\\/minutocerord.com\\\/#\\\/schema\\\/person\\\/60b5372d60aaa0a5171fb6488be9aee6\"},\"potentialAction\":[{\"@type\":\"SearchAction\",\"target\":{\"@type\":\"EntryPoint\",\"urlTemplate\":\"https:\\\/\\\/minutocerord.com\\\/?s={search_term_string}\"},\"query-input\":{\"@type\":\"PropertyValueSpecification\",\"valueRequired\":true,\"valueName\":\"search_term_string\"}}],\"inLanguage\":\"es-DO\"},{\"@type\":[\"Person\",\"Organization\"],\"@id\":\"https:\\\/\\\/minutocerord.com\\\/#\\\/schema\\\/person\\\/60b5372d60aaa0a5171fb6488be9aee6\",\"name\":\"Genof\u00f3ntes Urb\u00e1ez\",\"image\":{\"@type\":\"ImageObject\",\"inLanguage\":\"es-DO\",\"@id\":\"https:\\\/\\\/secure.gravatar.com\\\/avatar\\\/a49ef3186a692098ac3e8a1612261e3ad70cf9e44553dff2929e67939a0ecb9d?s=96&d=identicon&r=g\",\"url\":\"https:\\\/\\\/secure.gravatar.com\\\/avatar\\\/a49ef3186a692098ac3e8a1612261e3ad70cf9e44553dff2929e67939a0ecb9d?s=96&d=identicon&r=g\",\"contentUrl\":\"https:\\\/\\\/secure.gravatar.com\\\/avatar\\\/a49ef3186a692098ac3e8a1612261e3ad70cf9e44553dff2929e67939a0ecb9d?s=96&d=identicon&r=g\",\"caption\":\"Genof\u00f3ntes Urb\u00e1ez\"},\"logo\":{\"@id\":\"https:\\\/\\\/secure.gravatar.com\\\/avatar\\\/a49ef3186a692098ac3e8a1612261e3ad70cf9e44553dff2929e67939a0ecb9d?s=96&d=identicon&r=g\"},\"description\":\"Periodista \\\/ Locutor\",\"sameAs\":[\"https:\\\/\\\/www.facebook.com\\\/Genofnotes\",\"https:\\\/\\\/www.instagram.com\\\/genofnotes\\\/\"]}]}<\/script>\n<!-- \/ Yoast SEO plugin. -->","yoast_head_json":{"title":"Personas pr\u00f3ximas a 50 a\u00f1os son las m\u00e1s afectadas de Covid - Minuto Cero RD","robots":{"index":"index","follow":"follow","max-snippet":"max-snippet:-1","max-image-preview":"max-image-preview:large","max-video-preview":"max-video-preview:-1"},"canonical":"https:\/\/minutocerord.com\/?p=8030","og_locale":"es_ES","og_type":"article","og_title":"Personas pr\u00f3ximas a 50 a\u00f1os son las m\u00e1s afectadas de Covid - Minuto Cero RD","og_description":"Santo Domingo, RD.- Aunque la positividad y transmisibilidad del vi\u00adrus del Covid-19 tienen sus m\u00e1s bajos indicadores de incidencia en el pa\u00eds, es el grupo poblacional con edad promedio de 50 a\u00f1os el que en la actuali\u00addad est\u00e1 presentando ma\u00adyores contagios. As\u00ed lo revelaron ayer las autoridades sanitarias, quienes aseguraron que con el prop\u00f3sito de [&hellip;]","og_url":"https:\/\/minutocerord.com\/?p=8030","og_site_name":"Minuto Cero RD","article_publisher":"https:\/\/www.facebook.com\/Genofnotes","article_author":"https:\/\/www.facebook.com\/Genofnotes","article_published_time":"2022-03-10T13:09:45+00:00","article_modified_time":"2022-03-10T13:09:48+00:00","og_image":[{"width":680,"height":359,"url":"https:\/\/i0.wp.com\/minutocerord.com\/wp-content\/uploads\/2022\/02\/1-salud.jpeg?fit=680%2C359&ssl=1","type":"image\/jpeg"}],"author":"Genof\u00f3ntes Urb\u00e1ez","twitter_card":"summary_large_image","twitter_misc":{"Written by":"Genof\u00f3ntes Urb\u00e1ez","Est. reading time":"2 minutos"},"schema":{"@context":"https:\/\/schema.org","@graph":[{"@type":"Article","@id":"https:\/\/minutocerord.com\/?p=8030#article","isPartOf":{"@id":"https:\/\/minutocerord.com\/?p=8030"},"author":{"name":"Genof\u00f3ntes Urb\u00e1ez","@id":"https:\/\/minutocerord.com\/#\/schema\/person\/60b5372d60aaa0a5171fb6488be9aee6"},"headline":"Personas pr\u00f3ximas a 50 a\u00f1os son las m\u00e1s afectadas de Covid","datePublished":"2022-03-10T13:09:45+00:00","dateModified":"2022-03-10T13:09:48+00:00","mainEntityOfPage":{"@id":"https:\/\/minutocerord.com\/?p=8030"},"wordCount":282,"commentCount":0,"publisher":{"@id":"https:\/\/minutocerord.com\/#\/schema\/person\/60b5372d60aaa0a5171fb6488be9aee6"},"image":{"@id":"https:\/\/minutocerord.com\/?p=8030#primaryimage"},"thumbnailUrl":"https:\/\/i0.wp.com\/minutocerord.com\/wp-content\/uploads\/2022\/02\/1-salud.jpeg?fit=680%2C359&ssl=1","articleSection":["Salud"],"inLanguage":"es-DO","potentialAction":[{"@type":"CommentAction","name":"Comment","target":["https:\/\/minutocerord.com\/?p=8030#respond"]}]},{"@type":"WebPage","@id":"https:\/\/minutocerord.com\/?p=8030","url":"https:\/\/minutocerord.com\/?p=8030","name":"Personas pr\u00f3ximas a 50 a\u00f1os son las m\u00e1s afectadas de Covid - Minuto Cero RD","isPartOf":{"@id":"https:\/\/minutocerord.com\/#website"},"primaryImageOfPage":{"@id":"https:\/\/minutocerord.com\/?p=8030#primaryimage"},"image":{"@id":"https:\/\/minutocerord.com\/?p=8030#primaryimage"},"thumbnailUrl":"https:\/\/i0.wp.com\/minutocerord.com\/wp-content\/uploads\/2022\/02\/1-salud.jpeg?fit=680%2C359&ssl=1","datePublished":"2022-03-10T13:09:45+00:00","dateModified":"2022-03-10T13:09:48+00:00","breadcrumb":{"@id":"https:\/\/minutocerord.com\/?p=8030#breadcrumb"},"inLanguage":"es-DO","potentialAction":[{"@type":"ReadAction","target":["https:\/\/minutocerord.com\/?p=8030"]}]},{"@type":"ImageObject","inLanguage":"es-DO","@id":"https:\/\/minutocerord.com\/?p=8030#primaryimage","url":"https:\/\/i0.wp.com\/minutocerord.com\/wp-content\/uploads\/2022\/02\/1-salud.jpeg?fit=680%2C359&ssl=1","contentUrl":"https:\/\/i0.wp.com\/minutocerord.com\/wp-content\/uploads\/2022\/02\/1-salud.jpeg?fit=680%2C359&ssl=1","width":680,"height":359},{"@type":"BreadcrumbList","@id":"https:\/\/minutocerord.com\/?p=8030#breadcrumb","itemListElement":[{"@type":"ListItem","position":1,"name":"Home","item":"https:\/\/minutocerord.com\/"},{"@type":"ListItem","position":2,"name":"Personas pr\u00f3ximas a 50 a\u00f1os son las m\u00e1s afectadas de Covid"}]},{"@type":"WebSite","@id":"https:\/\/minutocerord.com\/#website","url":"https:\/\/minutocerord.com\/","name":"Minuto Cero RD","description":"Periodismo serio y veraz","publisher":{"@id":"https:\/\/minutocerord.com\/#\/schema\/person\/60b5372d60aaa0a5171fb6488be9aee6"},"potentialAction":[{"@type":"SearchAction","target":{"@type":"EntryPoint","urlTemplate":"https:\/\/minutocerord.com\/?s={search_term_string}"},"query-input":{"@type":"PropertyValueSpecification","valueRequired":true,"valueName":"search_term_string"}}],"inLanguage":"es-DO"},{"@type":["Person","Organization"],"@id":"https:\/\/minutocerord.com\/#\/schema\/person\/60b5372d60aaa0a5171fb6488be9aee6","name":"Genof\u00f3ntes Urb\u00e1ez","image":{"@type":"ImageObject","inLanguage":"es-DO","@id":"https:\/\/secure.gravatar.com\/avatar\/a49ef3186a692098ac3e8a1612261e3ad70cf9e44553dff2929e67939a0ecb9d?s=96&d=identicon&r=g","url":"https:\/\/secure.gravatar.com\/avatar\/a49ef3186a692098ac3e8a1612261e3ad70cf9e44553dff2929e67939a0ecb9d?s=96&d=identicon&r=g","contentUrl":"https:\/\/secure.gravatar.com\/avatar\/a49ef3186a692098ac3e8a1612261e3ad70cf9e44553dff2929e67939a0ecb9d?s=96&d=identicon&r=g","caption":"Genof\u00f3ntes Urb\u00e1ez"},"logo":{"@id":"https:\/\/secure.gravatar.com\/avatar\/a49ef3186a692098ac3e8a1612261e3ad70cf9e44553dff2929e67939a0ecb9d?s=96&d=identicon&r=g"},"description":"Periodista \/ Locutor","sameAs":["https:\/\/www.facebook.com\/Genofnotes","https:\/\/www.instagram.com\/genofnotes\/"]}]}},"jetpack_publicize_connections":[],"jetpack_featured_media_url":"https:\/\/i0.wp.com\/minutocerord.com\/wp-content\/uploads\/2022\/02\/1-salud.jpeg?fit=680%2C359&ssl=1","jetpack-related-posts":[],"jetpack_sharing_enabled":true,"_links":{"self":[{"href":"https:\/\/minutocerord.com\/index.php?rest_route=\/wp\/v2\/posts\/8030","targetHints":{"allow":["GET"]}}],"collection":[{"href":"https:\/\/minutocerord.com\/index.php?rest_route=\/wp\/v2\/posts"}],"about":[{"href":"https:\/\/minutocerord.com\/index.php?rest_route=\/wp\/v2\/types\/post"}],"author":[{"embeddable":true,"href":"https:\/\/minutocerord.com\/index.php?rest_route=\/wp\/v2\/users\/1"}],"replies":[{"embeddable":true,"href":"https:\/\/minutocerord.com\/index.php?rest_route=%2Fwp%2Fv2%2Fcomments&post=8030"}],"version-history":[{"count":1,"href":"https:\/\/minutocerord.com\/index.php?rest_route=\/wp\/v2\/posts\/8030\/revisions"}],"predecessor-version":[{"id":8031,"href":"https:\/\/minutocerord.com\/index.php?rest_route=\/wp\/v2\/posts\/8030\/revisions\/8031"}],"wp:featuredmedia":[{"embeddable":true,"href":"https:\/\/minutocerord.com\/index.php?rest_route=\/wp\/v2\/media\/7741"}],"wp:attachment":[{"href":"https:\/\/minutocerord.com\/index.php?rest_route=%2Fwp%2Fv2%2Fmedia&parent=8030"}],"wp:term":[{"taxonomy":"category","embeddable":true,"href":"https:\/\/minutocerord.com\/index.php?rest_route=%2Fwp%2Fv2%2Fcategories&post=8030"},{"taxonomy":"post_tag","embeddable":true,"href":"https:\/\/minutocerord.com\/index.php?rest_route=%2Fwp%2Fv2%2Ftags&post=8030"}],"curies":[{"name":"wp","href":"https:\/\/api.w.org\/{rel}","templated":true}]}}