{"id":8032,"date":"2022-03-10T09:17:37","date_gmt":"2022-03-10T13:17:37","guid":{"rendered":"https:\/\/minutocerord.com\/?p=8032"},"modified":"2022-03-10T09:17:41","modified_gmt":"2022-03-10T13:17:41","slug":"se-complica-proceso-de-mary-louise-tras-la-muerte-de-patricia-ascuasiati","status":"publish","type":"post","link":"https:\/\/minutocerord.com\/?p=8032","title":{"rendered":"Se complica proceso de Mary Louise tras la muerte de Patricia Ascuasiati"},"content":{"rendered":"\n<p>Con el fallecimiento de Patricia Ascuasiati este mi\u00e9rcoles se ha complicado el proceso judicial de la se\u00f1ora Mary Louise Ventura, ya que los investigadores pasar\u00e1n a manejar el caso como un homicidio, y no como la tentativa de homicidio que hab\u00eda sido sometida en un principio.<\/p>\n\n\n\n<p><strong>La informaci\u00f3n fue ofrecida a Diario Libre<\/strong>&nbsp;por personas vinculadas a la investigaci\u00f3n del suceso, ocurrido la tarde del martes 15 de febrero de este a\u00f1o a la altura del kil\u00f3metro 40 de la autopista Duarte, en Villa Altagracia.<\/p>\n\n\n\n<p>La bailarina Mary Louise Ventura, de 64 a\u00f1os, est\u00e1 en prisi\u00f3n preventiva desde el mi\u00e9rcoles de la semana pasada, luego de que la Oficina de Atenci\u00f3n Permanente de Villa Altagracia le impusiera tres meses en esta medida cautelar.<\/p>\n\n\n\n<p>El confuso suceso est\u00e1 bajo investigaci\u00f3n. Hasta el d\u00eda en que ocurri\u00f3 este lamentable hecho, no se conoc\u00eda de ning\u00fan conflicto entre las dos profesionales de la danza. Todo lo contrario, los testimonios indican que a estas dos se\u00f1oras las un\u00eda una amistad de toda una vida. La madre de la imputada incluso dijo que Patricia y Mary Louise \u201ceran hermanas\u201d.<\/p>\n\n\n\n<p>\u201cFue un accidente\u201d<a><\/a>Desde el principio los abogados Felix Rodr\u00edguez y Adolfo D\u00edaz, representantes de Mary Louise Ventura han mantenido la tesis de que lo ocurrido no fue un intento de homicidio como establece el Ministerio P\u00fablico en su expediente. Argumentaron que se trat\u00f3 de un accidente y que no hubo intenci\u00f3n de Mary Louise Ventura de hacerle da\u00f1o a su amiga de toda la vida.<\/p>\n\n\n\n<p>Una de las esperanzas manifestadas por esos abogados era Patricia mejorara su estado de salud para que revelara lo ocurrido y de esa forma aclarar los hechos.<\/p>\n\n\n\n<p>Sin embargo, un hermano de la v\u00edctima hab\u00eda expresado que en un momento Patricia Ascuasiati logr\u00f3 hablar y le dijo que \u201cMary Louise estaba loca y que la quiso matar\u201d.<\/p>\n\n\n\n<p>&nbsp;Durante la medida de coerci\u00f3n Mary Louise Ventura se mantuvo llorando. Visiblemente consternada por la tragedia que hab\u00eda ocurrido.<\/p>\n","protected":false},"excerpt":{"rendered":"<p>Con el fallecimiento de Patricia Ascuasiati este mi\u00e9rcoles se ha complicado el proceso judicial de la se\u00f1ora Mary Louise Ventura, ya que los investigadores pasar\u00e1n a manejar el caso como un homicidio, y no como la tentativa de homicidio que hab\u00eda sido sometida en un principio. La informaci\u00f3n fue ofrecida a Diario Libre&nbsp;por personas vinculadas [&hellip;]<\/p>\n","protected":false},"author":1,"featured_media":8033,"comment_status":"open","ping_status":"open","sticky":false,"template":"","format":"standard","meta":{"nf_dc_page":"","jetpack_post_was_ever_published":false,"_jetpack_newsletter_access":"","_jetpack_dont_email_post_to_subs":false,"_jetpack_newsletter_tier_id":0,"_jetpack_memberships_contains_paywalled_content":false,"_jetpack_memberships_contains_paid_content":false,"footnotes":"","jetpack_publicize_message":"","jetpack_publicize_feature_enabled":true,"jetpack_social_post_already_shared":false,"jetpack_social_options":{"image_generator_settings":{"template":"highway","default_image_id":0,"font":"","enabled":false},"version":2}},"categories":[65],"tags":[],"class_list":["post-8032","post","type-post","status-publish","format-standard","has-post-thumbnail","hentry","category-nacionales"],"yoast_head":"<!-- This site is optimized with the Yoast SEO plugin v27.4 - https:\/\/yoast.com\/product\/yoast-seo-wordpress\/ -->\n<title>Se complica proceso de Mary Louise tras la muerte de Patricia Ascuasiati - Minuto Cero RD<\/title>\n<meta name=\"robots\" content=\"index, follow, max-snippet:-1, max-image-preview:large, max-video-preview:-1\" \/>\n<link rel=\"canonical\" href=\"https:\/\/minutocerord.com\/?p=8032\" \/>\n<meta property=\"og:locale\" content=\"es_ES\" \/>\n<meta property=\"og:type\" content=\"article\" \/>\n<meta property=\"og:title\" content=\"Se complica proceso de Mary Louise tras la muerte de Patricia Ascuasiati - Minuto Cero RD\" \/>\n<meta property=\"og:description\" content=\"Con el fallecimiento de Patricia Ascuasiati este mi\u00e9rcoles se ha complicado el proceso judicial de la se\u00f1ora Mary Louise Ventura, ya que los investigadores pasar\u00e1n a manejar el caso como un homicidio, y no como la tentativa de homicidio que hab\u00eda sido sometida en un principio. La informaci\u00f3n fue ofrecida a Diario Libre&nbsp;por personas vinculadas [&hellip;]\" \/>\n<meta property=\"og:url\" content=\"https:\/\/minutocerord.com\/?p=8032\" \/>\n<meta property=\"og:site_name\" content=\"Minuto Cero RD\" \/>\n<meta property=\"article:publisher\" content=\"https:\/\/www.facebook.com\/Genofnotes\" \/>\n<meta property=\"article:author\" content=\"https:\/\/www.facebook.com\/Genofnotes\" \/>\n<meta property=\"article:published_time\" content=\"2022-03-10T13:17:37+00:00\" \/>\n<meta property=\"article:modified_time\" content=\"2022-03-10T13:17:41+00:00\" \/>\n<meta property=\"og:image\" content=\"https:\/\/i0.wp.com\/minutocerord.com\/wp-content\/uploads\/2022\/03\/mary-louise-dac28384-focus-0-0-895-573.jpg?fit=895%2C573&ssl=1\" \/>\n\t<meta property=\"og:image:width\" content=\"895\" \/>\n\t<meta property=\"og:image:height\" content=\"573\" \/>\n\t<meta property=\"og:image:type\" content=\"image\/jpeg\" \/>\n<meta name=\"author\" content=\"Genof\u00f3ntes Urb\u00e1ez\" \/>\n<meta name=\"twitter:card\" content=\"summary_large_image\" \/>\n<meta name=\"twitter:label1\" content=\"Written by\" \/>\n\t<meta name=\"twitter:data1\" content=\"Genof\u00f3ntes Urb\u00e1ez\" \/>\n\t<meta name=\"twitter:label2\" content=\"Est. reading time\" \/>\n\t<meta name=\"twitter:data2\" content=\"2 minutos\" \/>\n<script type=\"application\/ld+json\" class=\"yoast-schema-graph\">{\"@context\":\"https:\\\/\\\/schema.org\",\"@graph\":[{\"@type\":\"Article\",\"@id\":\"https:\\\/\\\/minutocerord.com\\\/?p=8032#article\",\"isPartOf\":{\"@id\":\"https:\\\/\\\/minutocerord.com\\\/?p=8032\"},\"author\":{\"name\":\"Genof\u00f3ntes Urb\u00e1ez\",\"@id\":\"https:\\\/\\\/minutocerord.com\\\/#\\\/schema\\\/person\\\/60b5372d60aaa0a5171fb6488be9aee6\"},\"headline\":\"Se complica proceso de Mary Louise tras la muerte de Patricia Ascuasiati\",\"datePublished\":\"2022-03-10T13:17:37+00:00\",\"dateModified\":\"2022-03-10T13:17:41+00:00\",\"mainEntityOfPage\":{\"@id\":\"https:\\\/\\\/minutocerord.com\\\/?p=8032\"},\"wordCount\":364,\"commentCount\":0,\"publisher\":{\"@id\":\"https:\\\/\\\/minutocerord.com\\\/#\\\/schema\\\/person\\\/60b5372d60aaa0a5171fb6488be9aee6\"},\"image\":{\"@id\":\"https:\\\/\\\/minutocerord.com\\\/?p=8032#primaryimage\"},\"thumbnailUrl\":\"https:\\\/\\\/i0.wp.com\\\/minutocerord.com\\\/wp-content\\\/uploads\\\/2022\\\/03\\\/mary-louise-dac28384-focus-0-0-895-573.jpg?fit=895%2C573&ssl=1\",\"articleSection\":[\"Nacionales\"],\"inLanguage\":\"es-DO\",\"potentialAction\":[{\"@type\":\"CommentAction\",\"name\":\"Comment\",\"target\":[\"https:\\\/\\\/minutocerord.com\\\/?p=8032#respond\"]}]},{\"@type\":\"WebPage\",\"@id\":\"https:\\\/\\\/minutocerord.com\\\/?p=8032\",\"url\":\"https:\\\/\\\/minutocerord.com\\\/?p=8032\",\"name\":\"Se complica proceso de Mary Louise tras la muerte de Patricia Ascuasiati - Minuto Cero RD\",\"isPartOf\":{\"@id\":\"https:\\\/\\\/minutocerord.com\\\/#website\"},\"primaryImageOfPage\":{\"@id\":\"https:\\\/\\\/minutocerord.com\\\/?p=8032#primaryimage\"},\"image\":{\"@id\":\"https:\\\/\\\/minutocerord.com\\\/?p=8032#primaryimage\"},\"thumbnailUrl\":\"https:\\\/\\\/i0.wp.com\\\/minutocerord.com\\\/wp-content\\\/uploads\\\/2022\\\/03\\\/mary-louise-dac28384-focus-0-0-895-573.jpg?fit=895%2C573&ssl=1\",\"datePublished\":\"2022-03-10T13:17:37+00:00\",\"dateModified\":\"2022-03-10T13:17:41+00:00\",\"breadcrumb\":{\"@id\":\"https:\\\/\\\/minutocerord.com\\\/?p=8032#breadcrumb\"},\"inLanguage\":\"es-DO\",\"potentialAction\":[{\"@type\":\"ReadAction\",\"target\":[\"https:\\\/\\\/minutocerord.com\\\/?p=8032\"]}]},{\"@type\":\"ImageObject\",\"inLanguage\":\"es-DO\",\"@id\":\"https:\\\/\\\/minutocerord.com\\\/?p=8032#primaryimage\",\"url\":\"https:\\\/\\\/i0.wp.com\\\/minutocerord.com\\\/wp-content\\\/uploads\\\/2022\\\/03\\\/mary-louise-dac28384-focus-0-0-895-573.jpg?fit=895%2C573&ssl=1\",\"contentUrl\":\"https:\\\/\\\/i0.wp.com\\\/minutocerord.com\\\/wp-content\\\/uploads\\\/2022\\\/03\\\/mary-louise-dac28384-focus-0-0-895-573.jpg?fit=895%2C573&ssl=1\",\"width\":895,\"height\":573},{\"@type\":\"BreadcrumbList\",\"@id\":\"https:\\\/\\\/minutocerord.com\\\/?p=8032#breadcrumb\",\"itemListElement\":[{\"@type\":\"ListItem\",\"position\":1,\"name\":\"Home\",\"item\":\"https:\\\/\\\/minutocerord.com\\\/\"},{\"@type\":\"ListItem\",\"position\":2,\"name\":\"Se complica proceso de Mary Louise tras la muerte de Patricia Ascuasiati\"}]},{\"@type\":\"WebSite\",\"@id\":\"https:\\\/\\\/minutocerord.com\\\/#website\",\"url\":\"https:\\\/\\\/minutocerord.com\\\/\",\"name\":\"Minuto Cero RD\",\"description\":\"Periodismo serio y veraz\",\"publisher\":{\"@id\":\"https:\\\/\\\/minutocerord.com\\\/#\\\/schema\\\/person\\\/60b5372d60aaa0a5171fb6488be9aee6\"},\"potentialAction\":[{\"@type\":\"SearchAction\",\"target\":{\"@type\":\"EntryPoint\",\"urlTemplate\":\"https:\\\/\\\/minutocerord.com\\\/?s={search_term_string}\"},\"query-input\":{\"@type\":\"PropertyValueSpecification\",\"valueRequired\":true,\"valueName\":\"search_term_string\"}}],\"inLanguage\":\"es-DO\"},{\"@type\":[\"Person\",\"Organization\"],\"@id\":\"https:\\\/\\\/minutocerord.com\\\/#\\\/schema\\\/person\\\/60b5372d60aaa0a5171fb6488be9aee6\",\"name\":\"Genof\u00f3ntes Urb\u00e1ez\",\"image\":{\"@type\":\"ImageObject\",\"inLanguage\":\"es-DO\",\"@id\":\"https:\\\/\\\/secure.gravatar.com\\\/avatar\\\/a49ef3186a692098ac3e8a1612261e3ad70cf9e44553dff2929e67939a0ecb9d?s=96&d=identicon&r=g\",\"url\":\"https:\\\/\\\/secure.gravatar.com\\\/avatar\\\/a49ef3186a692098ac3e8a1612261e3ad70cf9e44553dff2929e67939a0ecb9d?s=96&d=identicon&r=g\",\"contentUrl\":\"https:\\\/\\\/secure.gravatar.com\\\/avatar\\\/a49ef3186a692098ac3e8a1612261e3ad70cf9e44553dff2929e67939a0ecb9d?s=96&d=identicon&r=g\",\"caption\":\"Genof\u00f3ntes Urb\u00e1ez\"},\"logo\":{\"@id\":\"https:\\\/\\\/secure.gravatar.com\\\/avatar\\\/a49ef3186a692098ac3e8a1612261e3ad70cf9e44553dff2929e67939a0ecb9d?s=96&d=identicon&r=g\"},\"description\":\"Periodista \\\/ Locutor\",\"sameAs\":[\"https:\\\/\\\/www.facebook.com\\\/Genofnotes\",\"https:\\\/\\\/www.instagram.com\\\/genofnotes\\\/\"]}]}<\/script>\n<!-- \/ Yoast SEO plugin. -->","yoast_head_json":{"title":"Se complica proceso de Mary Louise tras la muerte de Patricia Ascuasiati - Minuto Cero RD","robots":{"index":"index","follow":"follow","max-snippet":"max-snippet:-1","max-image-preview":"max-image-preview:large","max-video-preview":"max-video-preview:-1"},"canonical":"https:\/\/minutocerord.com\/?p=8032","og_locale":"es_ES","og_type":"article","og_title":"Se complica proceso de Mary Louise tras la muerte de Patricia Ascuasiati - Minuto Cero RD","og_description":"Con el fallecimiento de Patricia Ascuasiati este mi\u00e9rcoles se ha complicado el proceso judicial de la se\u00f1ora Mary Louise Ventura, ya que los investigadores pasar\u00e1n a manejar el caso como un homicidio, y no como la tentativa de homicidio que hab\u00eda sido sometida en un principio. La informaci\u00f3n fue ofrecida a Diario Libre&nbsp;por personas vinculadas [&hellip;]","og_url":"https:\/\/minutocerord.com\/?p=8032","og_site_name":"Minuto Cero RD","article_publisher":"https:\/\/www.facebook.com\/Genofnotes","article_author":"https:\/\/www.facebook.com\/Genofnotes","article_published_time":"2022-03-10T13:17:37+00:00","article_modified_time":"2022-03-10T13:17:41+00:00","og_image":[{"width":895,"height":573,"url":"https:\/\/i0.wp.com\/minutocerord.com\/wp-content\/uploads\/2022\/03\/mary-louise-dac28384-focus-0-0-895-573.jpg?fit=895%2C573&ssl=1","type":"image\/jpeg"}],"author":"Genof\u00f3ntes Urb\u00e1ez","twitter_card":"summary_large_image","twitter_misc":{"Written by":"Genof\u00f3ntes Urb\u00e1ez","Est. reading time":"2 minutos"},"schema":{"@context":"https:\/\/schema.org","@graph":[{"@type":"Article","@id":"https:\/\/minutocerord.com\/?p=8032#article","isPartOf":{"@id":"https:\/\/minutocerord.com\/?p=8032"},"author":{"name":"Genof\u00f3ntes Urb\u00e1ez","@id":"https:\/\/minutocerord.com\/#\/schema\/person\/60b5372d60aaa0a5171fb6488be9aee6"},"headline":"Se complica proceso de Mary Louise tras la muerte de Patricia Ascuasiati","datePublished":"2022-03-10T13:17:37+00:00","dateModified":"2022-03-10T13:17:41+00:00","mainEntityOfPage":{"@id":"https:\/\/minutocerord.com\/?p=8032"},"wordCount":364,"commentCount":0,"publisher":{"@id":"https:\/\/minutocerord.com\/#\/schema\/person\/60b5372d60aaa0a5171fb6488be9aee6"},"image":{"@id":"https:\/\/minutocerord.com\/?p=8032#primaryimage"},"thumbnailUrl":"https:\/\/i0.wp.com\/minutocerord.com\/wp-content\/uploads\/2022\/03\/mary-louise-dac28384-focus-0-0-895-573.jpg?fit=895%2C573&ssl=1","articleSection":["Nacionales"],"inLanguage":"es-DO","potentialAction":[{"@type":"CommentAction","name":"Comment","target":["https:\/\/minutocerord.com\/?p=8032#respond"]}]},{"@type":"WebPage","@id":"https:\/\/minutocerord.com\/?p=8032","url":"https:\/\/minutocerord.com\/?p=8032","name":"Se complica proceso de Mary Louise tras la muerte de Patricia Ascuasiati - Minuto Cero RD","isPartOf":{"@id":"https:\/\/minutocerord.com\/#website"},"primaryImageOfPage":{"@id":"https:\/\/minutocerord.com\/?p=8032#primaryimage"},"image":{"@id":"https:\/\/minutocerord.com\/?p=8032#primaryimage"},"thumbnailUrl":"https:\/\/i0.wp.com\/minutocerord.com\/wp-content\/uploads\/2022\/03\/mary-louise-dac28384-focus-0-0-895-573.jpg?fit=895%2C573&ssl=1","datePublished":"2022-03-10T13:17:37+00:00","dateModified":"2022-03-10T13:17:41+00:00","breadcrumb":{"@id":"https:\/\/minutocerord.com\/?p=8032#breadcrumb"},"inLanguage":"es-DO","potentialAction":[{"@type":"ReadAction","target":["https:\/\/minutocerord.com\/?p=8032"]}]},{"@type":"ImageObject","inLanguage":"es-DO","@id":"https:\/\/minutocerord.com\/?p=8032#primaryimage","url":"https:\/\/i0.wp.com\/minutocerord.com\/wp-content\/uploads\/2022\/03\/mary-louise-dac28384-focus-0-0-895-573.jpg?fit=895%2C573&ssl=1","contentUrl":"https:\/\/i0.wp.com\/minutocerord.com\/wp-content\/uploads\/2022\/03\/mary-louise-dac28384-focus-0-0-895-573.jpg?fit=895%2C573&ssl=1","width":895,"height":573},{"@type":"BreadcrumbList","@id":"https:\/\/minutocerord.com\/?p=8032#breadcrumb","itemListElement":[{"@type":"ListItem","position":1,"name":"Home","item":"https:\/\/minutocerord.com\/"},{"@type":"ListItem","position":2,"name":"Se complica proceso de Mary Louise tras la muerte de Patricia Ascuasiati"}]},{"@type":"WebSite","@id":"https:\/\/minutocerord.com\/#website","url":"https:\/\/minutocerord.com\/","name":"Minuto Cero RD","description":"Periodismo serio y veraz","publisher":{"@id":"https:\/\/minutocerord.com\/#\/schema\/person\/60b5372d60aaa0a5171fb6488be9aee6"},"potentialAction":[{"@type":"SearchAction","target":{"@type":"EntryPoint","urlTemplate":"https:\/\/minutocerord.com\/?s={search_term_string}"},"query-input":{"@type":"PropertyValueSpecification","valueRequired":true,"valueName":"search_term_string"}}],"inLanguage":"es-DO"},{"@type":["Person","Organization"],"@id":"https:\/\/minutocerord.com\/#\/schema\/person\/60b5372d60aaa0a5171fb6488be9aee6","name":"Genof\u00f3ntes Urb\u00e1ez","image":{"@type":"ImageObject","inLanguage":"es-DO","@id":"https:\/\/secure.gravatar.com\/avatar\/a49ef3186a692098ac3e8a1612261e3ad70cf9e44553dff2929e67939a0ecb9d?s=96&d=identicon&r=g","url":"https:\/\/secure.gravatar.com\/avatar\/a49ef3186a692098ac3e8a1612261e3ad70cf9e44553dff2929e67939a0ecb9d?s=96&d=identicon&r=g","contentUrl":"https:\/\/secure.gravatar.com\/avatar\/a49ef3186a692098ac3e8a1612261e3ad70cf9e44553dff2929e67939a0ecb9d?s=96&d=identicon&r=g","caption":"Genof\u00f3ntes Urb\u00e1ez"},"logo":{"@id":"https:\/\/secure.gravatar.com\/avatar\/a49ef3186a692098ac3e8a1612261e3ad70cf9e44553dff2929e67939a0ecb9d?s=96&d=identicon&r=g"},"description":"Periodista \/ Locutor","sameAs":["https:\/\/www.facebook.com\/Genofnotes","https:\/\/www.instagram.com\/genofnotes\/"]}]}},"jetpack_publicize_connections":[],"jetpack_featured_media_url":"https:\/\/i0.wp.com\/minutocerord.com\/wp-content\/uploads\/2022\/03\/mary-louise-dac28384-focus-0-0-895-573.jpg?fit=895%2C573&ssl=1","jetpack-related-posts":[],"jetpack_sharing_enabled":true,"_links":{"self":[{"href":"https:\/\/minutocerord.com\/index.php?rest_route=\/wp\/v2\/posts\/8032","targetHints":{"allow":["GET"]}}],"collection":[{"href":"https:\/\/minutocerord.com\/index.php?rest_route=\/wp\/v2\/posts"}],"about":[{"href":"https:\/\/minutocerord.com\/index.php?rest_route=\/wp\/v2\/types\/post"}],"author":[{"embeddable":true,"href":"https:\/\/minutocerord.com\/index.php?rest_route=\/wp\/v2\/users\/1"}],"replies":[{"embeddable":true,"href":"https:\/\/minutocerord.com\/index.php?rest_route=%2Fwp%2Fv2%2Fcomments&post=8032"}],"version-history":[{"count":1,"href":"https:\/\/minutocerord.com\/index.php?rest_route=\/wp\/v2\/posts\/8032\/revisions"}],"predecessor-version":[{"id":8034,"href":"https:\/\/minutocerord.com\/index.php?rest_route=\/wp\/v2\/posts\/8032\/revisions\/8034"}],"wp:featuredmedia":[{"embeddable":true,"href":"https:\/\/minutocerord.com\/index.php?rest_route=\/wp\/v2\/media\/8033"}],"wp:attachment":[{"href":"https:\/\/minutocerord.com\/index.php?rest_route=%2Fwp%2Fv2%2Fmedia&parent=8032"}],"wp:term":[{"taxonomy":"category","embeddable":true,"href":"https:\/\/minutocerord.com\/index.php?rest_route=%2Fwp%2Fv2%2Fcategories&post=8032"},{"taxonomy":"post_tag","embeddable":true,"href":"https:\/\/minutocerord.com\/index.php?rest_route=%2Fwp%2Fv2%2Ftags&post=8032"}],"curies":[{"name":"wp","href":"https:\/\/api.w.org\/{rel}","templated":true}]}}