{"id":8035,"date":"2022-03-10T09:20:01","date_gmt":"2022-03-10T13:20:01","guid":{"rendered":"https:\/\/minutocerord.com\/?p=8035"},"modified":"2022-03-10T09:20:06","modified_gmt":"2022-03-10T13:20:06","slug":"cinco-acusados-una-decada-despues-del-asesinato-de-macho-camacho-famoso-boxeador-puertorriqueno","status":"publish","type":"post","link":"https:\/\/minutocerord.com\/?p=8035","title":{"rendered":"Cinco acusados una d\u00e9cada despu\u00e9s del asesinato de Macho Camacho, famoso boxeador puertorrique\u00f1o"},"content":{"rendered":"\n<p><strong>SAN JUAN, Puerto Rico<\/strong>.\u2013 Con las cabezas agachadas y rodeados de polic\u00edas fuertemente armados, los primeros sospechosos arrestados casi una d\u00e9cada despu\u00e9s del tiroteo fatal del renombrado boxeador puertorrique\u00f1o H\u00e9ctor Camacho comparecieron el mi\u00e9rcoles ante el tribunal para enfrentar cargos de asesinato.<\/p>\n\n\n\n<div class=\"wp-block-image\"><figure class=\"alignright\"><a href=\"https:\/\/blogger.googleusercontent.com\/img\/a\/AVvXsEhRmrysAvop00-eOA0bSefa5R1u16id0dkbFMusUjjglF_vGh7XKOpyj4mlaoEqDlKHx-Plz1lsylKJyCmNbde5ZrYCzqbVi40ogsjmf9eDhXnymLxoqul4R60jfchKdGg7cHS3ZFoO_kEbRowB8R4UKsRqolS4QM-ACibeXfusD3EcZq3oJKV9afChbQ=s1000\"><img decoding=\"async\" loading=\"lazy\" src=\"https:\/\/blogger.googleusercontent.com\/img\/a\/AVvXsEhRmrysAvop00-eOA0bSefa5R1u16id0dkbFMusUjjglF_vGh7XKOpyj4mlaoEqDlKHx-Plz1lsylKJyCmNbde5ZrYCzqbVi40ogsjmf9eDhXnymLxoqul4R60jfchKdGg7cHS3ZFoO_kEbRowB8R4UKsRqolS4QM-ACibeXfusD3EcZq3oJKV9afChbQ=w400-h266\" alt=\"\"\/><\/a><\/figure><\/div>\n\n\n\n<p>Cinco hombres est\u00e1n acusados del asesinato del boxeador apodado \u00abMacho Camacho\u00bb y de un amigo mientras estaban sentados en un Ford Mustang a la salida de un bar en noviembre de 2012, un asesinato que conmocion\u00f3 a muchos que veneraban al boxeador.<\/p>\n\n\n\n<p>Los sospechosos fueron identificados como William Rodr\u00edguez Rodr\u00edguez, Luis Ayala Garc\u00eda y Joshua M\u00e9ndez Romero, quienes est\u00e1n detenidos con una fianza de $800,000. El cuarto sospechoso fue identificado como Jes\u00fas Naranjo Adorno, detenido bajo una fianza de 300.000 d\u00f3lares. El quinto fue identificado como Juan Figueroa Rivera, detenido con una fianza de 1 mill\u00f3n de d\u00f3lares.<\/p>\n\n\n\n<p>No fue posible contactar con sus abogados para que hicieran comentarios.<a><\/a><\/p>\n\n\n\n<p>Horas despu\u00e9s de que los sospechosos fueran acusados, la anciana madre de Camacho entr\u00f3 en el Departamento de Justicia de Puerto Rico y levant\u00f3 el pu\u00f1o derecho.<\/p>\n\n\n\n<p>\u00ab\u00a1Justicia! Se ha hecho justicia!\u00bb, exclam\u00f3 mientras se le quebraba la voz.<\/p>\n\n\n\n<p>Camacho, de 50 a\u00f1os, recibi\u00f3 un disparo en la cara y estaba cl\u00ednicamente en muerte cerebral, pero permaneci\u00f3 con respiraci\u00f3n asistida durante varios d\u00edas despu\u00e9s del tiroteo, mientras sus familiares debat\u00edan qu\u00e9 hacer y sus simpatizantes hac\u00edan una vigilia fuera del hospital.<\/p>\n\n\n\n<p>El ex boxeador puertorrique\u00f1o V\u00edctor Callejas, amigo \u00edntimo de Camacho, dijo a The Associated Press que era muy importante para \u00e9l que varios sospechosos fueran finalmente acusados en el caso mientras sigue llorando al p\u00fagil: \u00abNo era el tipo de persona que buscaba enemigos. Al contrario, siempre buscaba hacer re\u00edr a la gente de una forma u otra. Era un personaje \u00fanico\u00bb.<\/p>\n\n\n\n<p>\u00abMe han hecho justicia\u00bb, dijo la madre de Camacho. \u00abPuedo dormir en paz. Puedo comer y beber una tacita de caf\u00e9 por la ma\u00f1ana\u00bb<\/p>\n\n\n\n<p>Tres de los sospechosos estaban cumpliendo condenas federales por delitos no relacionados y fueron trasladados en avi\u00f3n desde Florida como parte de lo que la polic\u00eda llam\u00f3 \u00abOperaci\u00f3n Knockout\u00bb. Un cuarto sospechoso fue detenido antes del amanecer en la misma ciudad en la que Camacho fue asesinado, saliendo s\u00f3lo con una toalla envuelta alrededor de la cintura s\u00f3lo unos minutos despu\u00e9s de que la polic\u00eda con armas largas rodeara su casa y golpeara una ventana. Un quinto sospechoso permanece en una prisi\u00f3n de Puerto Rico por un caso no relacionado.<\/p>\n\n\n\n<p>AP<\/p>\n","protected":false},"excerpt":{"rendered":"<p>SAN JUAN, Puerto Rico.\u2013 Con las cabezas agachadas y rodeados de polic\u00edas fuertemente armados, los primeros sospechosos arrestados casi una d\u00e9cada despu\u00e9s del tiroteo fatal del renombrado boxeador puertorrique\u00f1o H\u00e9ctor Camacho comparecieron el mi\u00e9rcoles ante el tribunal para enfrentar cargos de asesinato. Cinco hombres est\u00e1n acusados del asesinato del boxeador apodado \u00abMacho Camacho\u00bb y de [&hellip;]<\/p>\n","protected":false},"author":1,"featured_media":8036,"comment_status":"open","ping_status":"open","sticky":false,"template":"","format":"standard","meta":{"nf_dc_page":"","jetpack_post_was_ever_published":false,"_jetpack_newsletter_access":"","_jetpack_dont_email_post_to_subs":false,"_jetpack_newsletter_tier_id":0,"_jetpack_memberships_contains_paywalled_content":false,"_jetpack_memberships_contains_paid_content":false,"footnotes":"","jetpack_publicize_message":"","jetpack_publicize_feature_enabled":true,"jetpack_social_post_already_shared":false,"jetpack_social_options":{"image_generator_settings":{"template":"highway","default_image_id":0,"font":"","enabled":false},"version":2}},"categories":[73],"tags":[],"class_list":["post-8035","post","type-post","status-publish","format-standard","has-post-thumbnail","hentry","category-deportes"],"yoast_head":"<!-- This site is optimized with the Yoast SEO plugin v27.4 - https:\/\/yoast.com\/product\/yoast-seo-wordpress\/ -->\n<title>Cinco acusados una d\u00e9cada despu\u00e9s del asesinato de Macho Camacho, famoso boxeador puertorrique\u00f1o - Minuto Cero RD<\/title>\n<meta name=\"robots\" content=\"index, follow, max-snippet:-1, max-image-preview:large, max-video-preview:-1\" \/>\n<link rel=\"canonical\" href=\"https:\/\/minutocerord.com\/?p=8035\" \/>\n<meta property=\"og:locale\" content=\"es_ES\" \/>\n<meta property=\"og:type\" content=\"article\" \/>\n<meta property=\"og:title\" content=\"Cinco acusados una d\u00e9cada despu\u00e9s del asesinato de Macho Camacho, famoso boxeador puertorrique\u00f1o - Minuto Cero RD\" \/>\n<meta property=\"og:description\" content=\"SAN JUAN, Puerto Rico.\u2013 Con las cabezas agachadas y rodeados de polic\u00edas fuertemente armados, los primeros sospechosos arrestados casi una d\u00e9cada despu\u00e9s del tiroteo fatal del renombrado boxeador puertorrique\u00f1o H\u00e9ctor Camacho comparecieron el mi\u00e9rcoles ante el tribunal para enfrentar cargos de asesinato. Cinco hombres est\u00e1n acusados del asesinato del boxeador apodado \u00abMacho Camacho\u00bb y de [&hellip;]\" \/>\n<meta property=\"og:url\" content=\"https:\/\/minutocerord.com\/?p=8035\" \/>\n<meta property=\"og:site_name\" content=\"Minuto Cero RD\" \/>\n<meta property=\"article:publisher\" content=\"https:\/\/www.facebook.com\/Genofnotes\" \/>\n<meta property=\"article:author\" content=\"https:\/\/www.facebook.com\/Genofnotes\" \/>\n<meta property=\"article:published_time\" content=\"2022-03-10T13:20:01+00:00\" \/>\n<meta property=\"article:modified_time\" content=\"2022-03-10T13:20:06+00:00\" \/>\n<meta property=\"og:image\" content=\"https:\/\/i0.wp.com\/minutocerord.com\/wp-content\/uploads\/2022\/03\/LR_20121130_ENT01_711309971_AR.jpg?fit=2350%2C1578&ssl=1\" \/>\n\t<meta property=\"og:image:width\" content=\"2350\" \/>\n\t<meta property=\"og:image:height\" content=\"1578\" \/>\n\t<meta property=\"og:image:type\" content=\"image\/jpeg\" \/>\n<meta name=\"author\" content=\"Genof\u00f3ntes Urb\u00e1ez\" \/>\n<meta name=\"twitter:card\" content=\"summary_large_image\" \/>\n<meta name=\"twitter:label1\" content=\"Written by\" \/>\n\t<meta name=\"twitter:data1\" content=\"Genof\u00f3ntes Urb\u00e1ez\" \/>\n\t<meta name=\"twitter:label2\" content=\"Est. reading time\" \/>\n\t<meta name=\"twitter:data2\" content=\"3 minutos\" \/>\n<script type=\"application\/ld+json\" class=\"yoast-schema-graph\">{\"@context\":\"https:\\\/\\\/schema.org\",\"@graph\":[{\"@type\":\"Article\",\"@id\":\"https:\\\/\\\/minutocerord.com\\\/?p=8035#article\",\"isPartOf\":{\"@id\":\"https:\\\/\\\/minutocerord.com\\\/?p=8035\"},\"author\":{\"name\":\"Genof\u00f3ntes Urb\u00e1ez\",\"@id\":\"https:\\\/\\\/minutocerord.com\\\/#\\\/schema\\\/person\\\/60b5372d60aaa0a5171fb6488be9aee6\"},\"headline\":\"Cinco acusados una d\u00e9cada despu\u00e9s del asesinato de Macho Camacho, famoso boxeador puertorrique\u00f1o\",\"datePublished\":\"2022-03-10T13:20:01+00:00\",\"dateModified\":\"2022-03-10T13:20:06+00:00\",\"mainEntityOfPage\":{\"@id\":\"https:\\\/\\\/minutocerord.com\\\/?p=8035\"},\"wordCount\":458,\"commentCount\":0,\"publisher\":{\"@id\":\"https:\\\/\\\/minutocerord.com\\\/#\\\/schema\\\/person\\\/60b5372d60aaa0a5171fb6488be9aee6\"},\"image\":{\"@id\":\"https:\\\/\\\/minutocerord.com\\\/?p=8035#primaryimage\"},\"thumbnailUrl\":\"https:\\\/\\\/i0.wp.com\\\/minutocerord.com\\\/wp-content\\\/uploads\\\/2022\\\/03\\\/LR_20121130_ENT01_711309971_AR.jpg?fit=2350%2C1578&ssl=1\",\"articleSection\":[\"Deportes\"],\"inLanguage\":\"es-DO\",\"potentialAction\":[{\"@type\":\"CommentAction\",\"name\":\"Comment\",\"target\":[\"https:\\\/\\\/minutocerord.com\\\/?p=8035#respond\"]}]},{\"@type\":\"WebPage\",\"@id\":\"https:\\\/\\\/minutocerord.com\\\/?p=8035\",\"url\":\"https:\\\/\\\/minutocerord.com\\\/?p=8035\",\"name\":\"Cinco acusados una d\u00e9cada despu\u00e9s del asesinato de Macho Camacho, famoso boxeador puertorrique\u00f1o - Minuto Cero RD\",\"isPartOf\":{\"@id\":\"https:\\\/\\\/minutocerord.com\\\/#website\"},\"primaryImageOfPage\":{\"@id\":\"https:\\\/\\\/minutocerord.com\\\/?p=8035#primaryimage\"},\"image\":{\"@id\":\"https:\\\/\\\/minutocerord.com\\\/?p=8035#primaryimage\"},\"thumbnailUrl\":\"https:\\\/\\\/i0.wp.com\\\/minutocerord.com\\\/wp-content\\\/uploads\\\/2022\\\/03\\\/LR_20121130_ENT01_711309971_AR.jpg?fit=2350%2C1578&ssl=1\",\"datePublished\":\"2022-03-10T13:20:01+00:00\",\"dateModified\":\"2022-03-10T13:20:06+00:00\",\"breadcrumb\":{\"@id\":\"https:\\\/\\\/minutocerord.com\\\/?p=8035#breadcrumb\"},\"inLanguage\":\"es-DO\",\"potentialAction\":[{\"@type\":\"ReadAction\",\"target\":[\"https:\\\/\\\/minutocerord.com\\\/?p=8035\"]}]},{\"@type\":\"ImageObject\",\"inLanguage\":\"es-DO\",\"@id\":\"https:\\\/\\\/minutocerord.com\\\/?p=8035#primaryimage\",\"url\":\"https:\\\/\\\/i0.wp.com\\\/minutocerord.com\\\/wp-content\\\/uploads\\\/2022\\\/03\\\/LR_20121130_ENT01_711309971_AR.jpg?fit=2350%2C1578&ssl=1\",\"contentUrl\":\"https:\\\/\\\/i0.wp.com\\\/minutocerord.com\\\/wp-content\\\/uploads\\\/2022\\\/03\\\/LR_20121130_ENT01_711309971_AR.jpg?fit=2350%2C1578&ssl=1\",\"width\":2350,\"height\":1578},{\"@type\":\"BreadcrumbList\",\"@id\":\"https:\\\/\\\/minutocerord.com\\\/?p=8035#breadcrumb\",\"itemListElement\":[{\"@type\":\"ListItem\",\"position\":1,\"name\":\"Home\",\"item\":\"https:\\\/\\\/minutocerord.com\\\/\"},{\"@type\":\"ListItem\",\"position\":2,\"name\":\"Cinco acusados una d\u00e9cada despu\u00e9s del asesinato de Macho Camacho, famoso boxeador puertorrique\u00f1o\"}]},{\"@type\":\"WebSite\",\"@id\":\"https:\\\/\\\/minutocerord.com\\\/#website\",\"url\":\"https:\\\/\\\/minutocerord.com\\\/\",\"name\":\"Minuto Cero RD\",\"description\":\"Periodismo serio y veraz\",\"publisher\":{\"@id\":\"https:\\\/\\\/minutocerord.com\\\/#\\\/schema\\\/person\\\/60b5372d60aaa0a5171fb6488be9aee6\"},\"potentialAction\":[{\"@type\":\"SearchAction\",\"target\":{\"@type\":\"EntryPoint\",\"urlTemplate\":\"https:\\\/\\\/minutocerord.com\\\/?s={search_term_string}\"},\"query-input\":{\"@type\":\"PropertyValueSpecification\",\"valueRequired\":true,\"valueName\":\"search_term_string\"}}],\"inLanguage\":\"es-DO\"},{\"@type\":[\"Person\",\"Organization\"],\"@id\":\"https:\\\/\\\/minutocerord.com\\\/#\\\/schema\\\/person\\\/60b5372d60aaa0a5171fb6488be9aee6\",\"name\":\"Genof\u00f3ntes Urb\u00e1ez\",\"image\":{\"@type\":\"ImageObject\",\"inLanguage\":\"es-DO\",\"@id\":\"https:\\\/\\\/secure.gravatar.com\\\/avatar\\\/a49ef3186a692098ac3e8a1612261e3ad70cf9e44553dff2929e67939a0ecb9d?s=96&d=identicon&r=g\",\"url\":\"https:\\\/\\\/secure.gravatar.com\\\/avatar\\\/a49ef3186a692098ac3e8a1612261e3ad70cf9e44553dff2929e67939a0ecb9d?s=96&d=identicon&r=g\",\"contentUrl\":\"https:\\\/\\\/secure.gravatar.com\\\/avatar\\\/a49ef3186a692098ac3e8a1612261e3ad70cf9e44553dff2929e67939a0ecb9d?s=96&d=identicon&r=g\",\"caption\":\"Genof\u00f3ntes Urb\u00e1ez\"},\"logo\":{\"@id\":\"https:\\\/\\\/secure.gravatar.com\\\/avatar\\\/a49ef3186a692098ac3e8a1612261e3ad70cf9e44553dff2929e67939a0ecb9d?s=96&d=identicon&r=g\"},\"description\":\"Periodista \\\/ Locutor\",\"sameAs\":[\"https:\\\/\\\/www.facebook.com\\\/Genofnotes\",\"https:\\\/\\\/www.instagram.com\\\/genofnotes\\\/\"]}]}<\/script>\n<!-- \/ Yoast SEO plugin. -->","yoast_head_json":{"title":"Cinco acusados una d\u00e9cada despu\u00e9s del asesinato de Macho Camacho, famoso boxeador puertorrique\u00f1o - Minuto Cero RD","robots":{"index":"index","follow":"follow","max-snippet":"max-snippet:-1","max-image-preview":"max-image-preview:large","max-video-preview":"max-video-preview:-1"},"canonical":"https:\/\/minutocerord.com\/?p=8035","og_locale":"es_ES","og_type":"article","og_title":"Cinco acusados una d\u00e9cada despu\u00e9s del asesinato de Macho Camacho, famoso boxeador puertorrique\u00f1o - Minuto Cero RD","og_description":"SAN JUAN, Puerto Rico.\u2013 Con las cabezas agachadas y rodeados de polic\u00edas fuertemente armados, los primeros sospechosos arrestados casi una d\u00e9cada despu\u00e9s del tiroteo fatal del renombrado boxeador puertorrique\u00f1o H\u00e9ctor Camacho comparecieron el mi\u00e9rcoles ante el tribunal para enfrentar cargos de asesinato. Cinco hombres est\u00e1n acusados del asesinato del boxeador apodado \u00abMacho Camacho\u00bb y de [&hellip;]","og_url":"https:\/\/minutocerord.com\/?p=8035","og_site_name":"Minuto Cero RD","article_publisher":"https:\/\/www.facebook.com\/Genofnotes","article_author":"https:\/\/www.facebook.com\/Genofnotes","article_published_time":"2022-03-10T13:20:01+00:00","article_modified_time":"2022-03-10T13:20:06+00:00","og_image":[{"width":2350,"height":1578,"url":"https:\/\/i0.wp.com\/minutocerord.com\/wp-content\/uploads\/2022\/03\/LR_20121130_ENT01_711309971_AR.jpg?fit=2350%2C1578&ssl=1","type":"image\/jpeg"}],"author":"Genof\u00f3ntes Urb\u00e1ez","twitter_card":"summary_large_image","twitter_misc":{"Written by":"Genof\u00f3ntes Urb\u00e1ez","Est. reading time":"3 minutos"},"schema":{"@context":"https:\/\/schema.org","@graph":[{"@type":"Article","@id":"https:\/\/minutocerord.com\/?p=8035#article","isPartOf":{"@id":"https:\/\/minutocerord.com\/?p=8035"},"author":{"name":"Genof\u00f3ntes Urb\u00e1ez","@id":"https:\/\/minutocerord.com\/#\/schema\/person\/60b5372d60aaa0a5171fb6488be9aee6"},"headline":"Cinco acusados una d\u00e9cada despu\u00e9s del asesinato de Macho Camacho, famoso boxeador puertorrique\u00f1o","datePublished":"2022-03-10T13:20:01+00:00","dateModified":"2022-03-10T13:20:06+00:00","mainEntityOfPage":{"@id":"https:\/\/minutocerord.com\/?p=8035"},"wordCount":458,"commentCount":0,"publisher":{"@id":"https:\/\/minutocerord.com\/#\/schema\/person\/60b5372d60aaa0a5171fb6488be9aee6"},"image":{"@id":"https:\/\/minutocerord.com\/?p=8035#primaryimage"},"thumbnailUrl":"https:\/\/i0.wp.com\/minutocerord.com\/wp-content\/uploads\/2022\/03\/LR_20121130_ENT01_711309971_AR.jpg?fit=2350%2C1578&ssl=1","articleSection":["Deportes"],"inLanguage":"es-DO","potentialAction":[{"@type":"CommentAction","name":"Comment","target":["https:\/\/minutocerord.com\/?p=8035#respond"]}]},{"@type":"WebPage","@id":"https:\/\/minutocerord.com\/?p=8035","url":"https:\/\/minutocerord.com\/?p=8035","name":"Cinco acusados una d\u00e9cada despu\u00e9s del asesinato de Macho Camacho, famoso boxeador puertorrique\u00f1o - Minuto Cero RD","isPartOf":{"@id":"https:\/\/minutocerord.com\/#website"},"primaryImageOfPage":{"@id":"https:\/\/minutocerord.com\/?p=8035#primaryimage"},"image":{"@id":"https:\/\/minutocerord.com\/?p=8035#primaryimage"},"thumbnailUrl":"https:\/\/i0.wp.com\/minutocerord.com\/wp-content\/uploads\/2022\/03\/LR_20121130_ENT01_711309971_AR.jpg?fit=2350%2C1578&ssl=1","datePublished":"2022-03-10T13:20:01+00:00","dateModified":"2022-03-10T13:20:06+00:00","breadcrumb":{"@id":"https:\/\/minutocerord.com\/?p=8035#breadcrumb"},"inLanguage":"es-DO","potentialAction":[{"@type":"ReadAction","target":["https:\/\/minutocerord.com\/?p=8035"]}]},{"@type":"ImageObject","inLanguage":"es-DO","@id":"https:\/\/minutocerord.com\/?p=8035#primaryimage","url":"https:\/\/i0.wp.com\/minutocerord.com\/wp-content\/uploads\/2022\/03\/LR_20121130_ENT01_711309971_AR.jpg?fit=2350%2C1578&ssl=1","contentUrl":"https:\/\/i0.wp.com\/minutocerord.com\/wp-content\/uploads\/2022\/03\/LR_20121130_ENT01_711309971_AR.jpg?fit=2350%2C1578&ssl=1","width":2350,"height":1578},{"@type":"BreadcrumbList","@id":"https:\/\/minutocerord.com\/?p=8035#breadcrumb","itemListElement":[{"@type":"ListItem","position":1,"name":"Home","item":"https:\/\/minutocerord.com\/"},{"@type":"ListItem","position":2,"name":"Cinco acusados una d\u00e9cada despu\u00e9s del asesinato de Macho Camacho, famoso boxeador puertorrique\u00f1o"}]},{"@type":"WebSite","@id":"https:\/\/minutocerord.com\/#website","url":"https:\/\/minutocerord.com\/","name":"Minuto Cero RD","description":"Periodismo serio y veraz","publisher":{"@id":"https:\/\/minutocerord.com\/#\/schema\/person\/60b5372d60aaa0a5171fb6488be9aee6"},"potentialAction":[{"@type":"SearchAction","target":{"@type":"EntryPoint","urlTemplate":"https:\/\/minutocerord.com\/?s={search_term_string}"},"query-input":{"@type":"PropertyValueSpecification","valueRequired":true,"valueName":"search_term_string"}}],"inLanguage":"es-DO"},{"@type":["Person","Organization"],"@id":"https:\/\/minutocerord.com\/#\/schema\/person\/60b5372d60aaa0a5171fb6488be9aee6","name":"Genof\u00f3ntes Urb\u00e1ez","image":{"@type":"ImageObject","inLanguage":"es-DO","@id":"https:\/\/secure.gravatar.com\/avatar\/a49ef3186a692098ac3e8a1612261e3ad70cf9e44553dff2929e67939a0ecb9d?s=96&d=identicon&r=g","url":"https:\/\/secure.gravatar.com\/avatar\/a49ef3186a692098ac3e8a1612261e3ad70cf9e44553dff2929e67939a0ecb9d?s=96&d=identicon&r=g","contentUrl":"https:\/\/secure.gravatar.com\/avatar\/a49ef3186a692098ac3e8a1612261e3ad70cf9e44553dff2929e67939a0ecb9d?s=96&d=identicon&r=g","caption":"Genof\u00f3ntes Urb\u00e1ez"},"logo":{"@id":"https:\/\/secure.gravatar.com\/avatar\/a49ef3186a692098ac3e8a1612261e3ad70cf9e44553dff2929e67939a0ecb9d?s=96&d=identicon&r=g"},"description":"Periodista \/ Locutor","sameAs":["https:\/\/www.facebook.com\/Genofnotes","https:\/\/www.instagram.com\/genofnotes\/"]}]}},"jetpack_publicize_connections":[],"jetpack_featured_media_url":"https:\/\/i0.wp.com\/minutocerord.com\/wp-content\/uploads\/2022\/03\/LR_20121130_ENT01_711309971_AR.jpg?fit=2350%2C1578&ssl=1","jetpack-related-posts":[],"jetpack_sharing_enabled":true,"_links":{"self":[{"href":"https:\/\/minutocerord.com\/index.php?rest_route=\/wp\/v2\/posts\/8035","targetHints":{"allow":["GET"]}}],"collection":[{"href":"https:\/\/minutocerord.com\/index.php?rest_route=\/wp\/v2\/posts"}],"about":[{"href":"https:\/\/minutocerord.com\/index.php?rest_route=\/wp\/v2\/types\/post"}],"author":[{"embeddable":true,"href":"https:\/\/minutocerord.com\/index.php?rest_route=\/wp\/v2\/users\/1"}],"replies":[{"embeddable":true,"href":"https:\/\/minutocerord.com\/index.php?rest_route=%2Fwp%2Fv2%2Fcomments&post=8035"}],"version-history":[{"count":1,"href":"https:\/\/minutocerord.com\/index.php?rest_route=\/wp\/v2\/posts\/8035\/revisions"}],"predecessor-version":[{"id":8037,"href":"https:\/\/minutocerord.com\/index.php?rest_route=\/wp\/v2\/posts\/8035\/revisions\/8037"}],"wp:featuredmedia":[{"embeddable":true,"href":"https:\/\/minutocerord.com\/index.php?rest_route=\/wp\/v2\/media\/8036"}],"wp:attachment":[{"href":"https:\/\/minutocerord.com\/index.php?rest_route=%2Fwp%2Fv2%2Fmedia&parent=8035"}],"wp:term":[{"taxonomy":"category","embeddable":true,"href":"https:\/\/minutocerord.com\/index.php?rest_route=%2Fwp%2Fv2%2Fcategories&post=8035"},{"taxonomy":"post_tag","embeddable":true,"href":"https:\/\/minutocerord.com\/index.php?rest_route=%2Fwp%2Fv2%2Ftags&post=8035"}],"curies":[{"name":"wp","href":"https:\/\/api.w.org\/{rel}","templated":true}]}}