{"id":8046,"date":"2022-03-10T09:57:04","date_gmt":"2022-03-10T13:57:04","guid":{"rendered":"https:\/\/minutocerord.com\/?p=8046"},"modified":"2022-03-10T10:01:00","modified_gmt":"2022-03-10T14:01:00","slug":"desde-la-madrugada-dncd-y-mp-allanan-unico-auto-detailing-en-santiago","status":"publish","type":"post","link":"https:\/\/minutocerord.com\/?p=8046","title":{"rendered":"Desde la madrugada DNCD y MP allanan \u00danico Auto Detailing en Santiago"},"content":{"rendered":"\n<p><strong>\u00a0Santiago, RD.-<\/strong> La Direcci\u00f3n Nacional de Control de Drogas junto al Ministerio P\u00fablico est\u00e1n allanando el car wash \u00danico Auto Detailing, ubicado en la calle Rafael Vidal en la ciudad de Santiago.<\/p>\n\n\n\n<div class=\"wp-block-image\"><figure class=\"aligncenter\"><a href=\"https:\/\/blogger.googleusercontent.com\/img\/a\/AVvXsEhEFAFwseL1wNegSLeJaTjJzotbO4IfkuO0XdZgXlpAKXHoq-CpCn2Hax_JMDV02z3Q0EKqefU-OCVLOPWi9O5IyGRRnrySritafaeYPIgOOKybM1jol1-6XMaLIPeEwhi5zRjqsY1bUYk4KSUaDlHZZmgUG3Ho8k34Se5bk-ZeNXydD2o9AND24-FZDA=s460\"><img decoding=\"async\" loading=\"lazy\" src=\"https:\/\/blogger.googleusercontent.com\/img\/a\/AVvXsEhEFAFwseL1wNegSLeJaTjJzotbO4IfkuO0XdZgXlpAKXHoq-CpCn2Hax_JMDV02z3Q0EKqefU-OCVLOPWi9O5IyGRRnrySritafaeYPIgOOKybM1jol1-6XMaLIPeEwhi5zRjqsY1bUYk4KSUaDlHZZmgUG3Ho8k34Se5bk-ZeNXydD2o9AND24-FZDA=s320\" alt=\"\"\/><\/a><\/figure><\/div>\n\n\n\n<p>Varios veh\u00edculos de alta gama est\u00e1n siendo decomisados. Miembros del Ministerio P\u00fablico y la DNCD se encuentran en el interior del negocio.<\/p>\n\n\n\n<p>Han cargado con documentos, equipos tecnol\u00f3gicos y otros art\u00edculos.<\/p>\n\n\n\n<p>La operaci\u00f3n se inici\u00f3 a la 5:00 de la ma\u00f1ana y continuaba pasada las 9:00.<\/p>\n","protected":false},"excerpt":{"rendered":"<p>\u00a0Santiago, RD.- La Direcci\u00f3n Nacional de Control de Drogas junto al Ministerio P\u00fablico est\u00e1n allanando el car wash \u00danico Auto Detailing, ubicado en la calle Rafael Vidal en la ciudad de Santiago. Varios veh\u00edculos de alta gama est\u00e1n siendo decomisados. Miembros del Ministerio P\u00fablico y la DNCD se encuentran en el interior del negocio. Han [&hellip;]<\/p>\n","protected":false},"author":1,"featured_media":8047,"comment_status":"open","ping_status":"open","sticky":false,"template":"","format":"standard","meta":{"nf_dc_page":"","jetpack_post_was_ever_published":false,"_jetpack_newsletter_access":"","_jetpack_dont_email_post_to_subs":false,"_jetpack_newsletter_tier_id":0,"_jetpack_memberships_contains_paywalled_content":false,"_jetpack_memberships_contains_paid_content":false,"footnotes":"","jetpack_publicize_message":"","jetpack_publicize_feature_enabled":true,"jetpack_social_post_already_shared":false,"jetpack_social_options":{"image_generator_settings":{"template":"highway","default_image_id":0,"font":"","enabled":false},"version":2}},"categories":[89],"tags":[],"class_list":["post-8046","post","type-post","status-publish","format-standard","has-post-thumbnail","hentry","category-santiago"],"yoast_head":"<!-- This site is optimized with the Yoast SEO plugin v27.4 - https:\/\/yoast.com\/product\/yoast-seo-wordpress\/ -->\n<title>Desde la madrugada DNCD y MP allanan \u00danico Auto Detailing en Santiago - Minuto Cero RD<\/title>\n<meta name=\"robots\" content=\"index, follow, max-snippet:-1, max-image-preview:large, max-video-preview:-1\" \/>\n<link rel=\"canonical\" href=\"https:\/\/minutocerord.com\/?p=8046\" \/>\n<meta property=\"og:locale\" content=\"es_ES\" \/>\n<meta property=\"og:type\" content=\"article\" \/>\n<meta property=\"og:title\" content=\"Desde la madrugada DNCD y MP allanan \u00danico Auto Detailing en Santiago - Minuto Cero RD\" \/>\n<meta property=\"og:description\" content=\"\u00a0Santiago, RD.- La Direcci\u00f3n Nacional de Control de Drogas junto al Ministerio P\u00fablico est\u00e1n allanando el car wash \u00danico Auto Detailing, ubicado en la calle Rafael Vidal en la ciudad de Santiago. Varios veh\u00edculos de alta gama est\u00e1n siendo decomisados. Miembros del Ministerio P\u00fablico y la DNCD se encuentran en el interior del negocio. Han [&hellip;]\" \/>\n<meta property=\"og:url\" content=\"https:\/\/minutocerord.com\/?p=8046\" \/>\n<meta property=\"og:site_name\" content=\"Minuto Cero RD\" \/>\n<meta property=\"article:publisher\" content=\"https:\/\/www.facebook.com\/Genofnotes\" \/>\n<meta property=\"article:author\" content=\"https:\/\/www.facebook.com\/Genofnotes\" \/>\n<meta property=\"article:published_time\" content=\"2022-03-10T13:57:04+00:00\" \/>\n<meta property=\"article:modified_time\" content=\"2022-03-10T14:01:00+00:00\" \/>\n<meta property=\"og:image\" content=\"https:\/\/i0.wp.com\/minutocerord.com\/wp-content\/uploads\/2022\/03\/275512551_373316058132069_6851306624019136717_n.jpg?fit=1242%2C1242&ssl=1\" \/>\n\t<meta property=\"og:image:width\" content=\"1242\" \/>\n\t<meta property=\"og:image:height\" content=\"1242\" \/>\n\t<meta property=\"og:image:type\" content=\"image\/jpeg\" \/>\n<meta name=\"author\" content=\"Genof\u00f3ntes Urb\u00e1ez\" \/>\n<meta name=\"twitter:card\" content=\"summary_large_image\" \/>\n<meta name=\"twitter:label1\" content=\"Written by\" \/>\n\t<meta name=\"twitter:data1\" content=\"Genof\u00f3ntes Urb\u00e1ez\" \/>\n\t<meta name=\"twitter:label2\" content=\"Est. reading time\" \/>\n\t<meta name=\"twitter:data2\" content=\"1 minuto\" \/>\n<script type=\"application\/ld+json\" class=\"yoast-schema-graph\">{\"@context\":\"https:\\\/\\\/schema.org\",\"@graph\":[{\"@type\":\"Article\",\"@id\":\"https:\\\/\\\/minutocerord.com\\\/?p=8046#article\",\"isPartOf\":{\"@id\":\"https:\\\/\\\/minutocerord.com\\\/?p=8046\"},\"author\":{\"name\":\"Genof\u00f3ntes Urb\u00e1ez\",\"@id\":\"https:\\\/\\\/minutocerord.com\\\/#\\\/schema\\\/person\\\/60b5372d60aaa0a5171fb6488be9aee6\"},\"headline\":\"Desde la madrugada DNCD y MP allanan \u00danico Auto Detailing en Santiago\",\"datePublished\":\"2022-03-10T13:57:04+00:00\",\"dateModified\":\"2022-03-10T14:01:00+00:00\",\"mainEntityOfPage\":{\"@id\":\"https:\\\/\\\/minutocerord.com\\\/?p=8046\"},\"wordCount\":99,\"commentCount\":0,\"publisher\":{\"@id\":\"https:\\\/\\\/minutocerord.com\\\/#\\\/schema\\\/person\\\/60b5372d60aaa0a5171fb6488be9aee6\"},\"image\":{\"@id\":\"https:\\\/\\\/minutocerord.com\\\/?p=8046#primaryimage\"},\"thumbnailUrl\":\"https:\\\/\\\/i0.wp.com\\\/minutocerord.com\\\/wp-content\\\/uploads\\\/2022\\\/03\\\/275512551_373316058132069_6851306624019136717_n.jpg?fit=1242%2C1242&ssl=1\",\"articleSection\":[\"Santiago\"],\"inLanguage\":\"es-DO\",\"potentialAction\":[{\"@type\":\"CommentAction\",\"name\":\"Comment\",\"target\":[\"https:\\\/\\\/minutocerord.com\\\/?p=8046#respond\"]}]},{\"@type\":\"WebPage\",\"@id\":\"https:\\\/\\\/minutocerord.com\\\/?p=8046\",\"url\":\"https:\\\/\\\/minutocerord.com\\\/?p=8046\",\"name\":\"Desde la madrugada DNCD y MP allanan \u00danico Auto Detailing en Santiago - Minuto Cero RD\",\"isPartOf\":{\"@id\":\"https:\\\/\\\/minutocerord.com\\\/#website\"},\"primaryImageOfPage\":{\"@id\":\"https:\\\/\\\/minutocerord.com\\\/?p=8046#primaryimage\"},\"image\":{\"@id\":\"https:\\\/\\\/minutocerord.com\\\/?p=8046#primaryimage\"},\"thumbnailUrl\":\"https:\\\/\\\/i0.wp.com\\\/minutocerord.com\\\/wp-content\\\/uploads\\\/2022\\\/03\\\/275512551_373316058132069_6851306624019136717_n.jpg?fit=1242%2C1242&ssl=1\",\"datePublished\":\"2022-03-10T13:57:04+00:00\",\"dateModified\":\"2022-03-10T14:01:00+00:00\",\"breadcrumb\":{\"@id\":\"https:\\\/\\\/minutocerord.com\\\/?p=8046#breadcrumb\"},\"inLanguage\":\"es-DO\",\"potentialAction\":[{\"@type\":\"ReadAction\",\"target\":[\"https:\\\/\\\/minutocerord.com\\\/?p=8046\"]}]},{\"@type\":\"ImageObject\",\"inLanguage\":\"es-DO\",\"@id\":\"https:\\\/\\\/minutocerord.com\\\/?p=8046#primaryimage\",\"url\":\"https:\\\/\\\/i0.wp.com\\\/minutocerord.com\\\/wp-content\\\/uploads\\\/2022\\\/03\\\/275512551_373316058132069_6851306624019136717_n.jpg?fit=1242%2C1242&ssl=1\",\"contentUrl\":\"https:\\\/\\\/i0.wp.com\\\/minutocerord.com\\\/wp-content\\\/uploads\\\/2022\\\/03\\\/275512551_373316058132069_6851306624019136717_n.jpg?fit=1242%2C1242&ssl=1\",\"width\":1242,\"height\":1242},{\"@type\":\"BreadcrumbList\",\"@id\":\"https:\\\/\\\/minutocerord.com\\\/?p=8046#breadcrumb\",\"itemListElement\":[{\"@type\":\"ListItem\",\"position\":1,\"name\":\"Home\",\"item\":\"https:\\\/\\\/minutocerord.com\\\/\"},{\"@type\":\"ListItem\",\"position\":2,\"name\":\"Desde la madrugada DNCD y MP allanan \u00danico Auto Detailing en Santiago\"}]},{\"@type\":\"WebSite\",\"@id\":\"https:\\\/\\\/minutocerord.com\\\/#website\",\"url\":\"https:\\\/\\\/minutocerord.com\\\/\",\"name\":\"Minuto Cero RD\",\"description\":\"Periodismo serio y veraz\",\"publisher\":{\"@id\":\"https:\\\/\\\/minutocerord.com\\\/#\\\/schema\\\/person\\\/60b5372d60aaa0a5171fb6488be9aee6\"},\"potentialAction\":[{\"@type\":\"SearchAction\",\"target\":{\"@type\":\"EntryPoint\",\"urlTemplate\":\"https:\\\/\\\/minutocerord.com\\\/?s={search_term_string}\"},\"query-input\":{\"@type\":\"PropertyValueSpecification\",\"valueRequired\":true,\"valueName\":\"search_term_string\"}}],\"inLanguage\":\"es-DO\"},{\"@type\":[\"Person\",\"Organization\"],\"@id\":\"https:\\\/\\\/minutocerord.com\\\/#\\\/schema\\\/person\\\/60b5372d60aaa0a5171fb6488be9aee6\",\"name\":\"Genof\u00f3ntes Urb\u00e1ez\",\"image\":{\"@type\":\"ImageObject\",\"inLanguage\":\"es-DO\",\"@id\":\"https:\\\/\\\/secure.gravatar.com\\\/avatar\\\/a49ef3186a692098ac3e8a1612261e3ad70cf9e44553dff2929e67939a0ecb9d?s=96&d=identicon&r=g\",\"url\":\"https:\\\/\\\/secure.gravatar.com\\\/avatar\\\/a49ef3186a692098ac3e8a1612261e3ad70cf9e44553dff2929e67939a0ecb9d?s=96&d=identicon&r=g\",\"contentUrl\":\"https:\\\/\\\/secure.gravatar.com\\\/avatar\\\/a49ef3186a692098ac3e8a1612261e3ad70cf9e44553dff2929e67939a0ecb9d?s=96&d=identicon&r=g\",\"caption\":\"Genof\u00f3ntes Urb\u00e1ez\"},\"logo\":{\"@id\":\"https:\\\/\\\/secure.gravatar.com\\\/avatar\\\/a49ef3186a692098ac3e8a1612261e3ad70cf9e44553dff2929e67939a0ecb9d?s=96&d=identicon&r=g\"},\"description\":\"Periodista \\\/ Locutor\",\"sameAs\":[\"https:\\\/\\\/www.facebook.com\\\/Genofnotes\",\"https:\\\/\\\/www.instagram.com\\\/genofnotes\\\/\"]}]}<\/script>\n<!-- \/ Yoast SEO plugin. -->","yoast_head_json":{"title":"Desde la madrugada DNCD y MP allanan \u00danico Auto Detailing en Santiago - Minuto Cero RD","robots":{"index":"index","follow":"follow","max-snippet":"max-snippet:-1","max-image-preview":"max-image-preview:large","max-video-preview":"max-video-preview:-1"},"canonical":"https:\/\/minutocerord.com\/?p=8046","og_locale":"es_ES","og_type":"article","og_title":"Desde la madrugada DNCD y MP allanan \u00danico Auto Detailing en Santiago - Minuto Cero RD","og_description":"\u00a0Santiago, RD.- La Direcci\u00f3n Nacional de Control de Drogas junto al Ministerio P\u00fablico est\u00e1n allanando el car wash \u00danico Auto Detailing, ubicado en la calle Rafael Vidal en la ciudad de Santiago. Varios veh\u00edculos de alta gama est\u00e1n siendo decomisados. Miembros del Ministerio P\u00fablico y la DNCD se encuentran en el interior del negocio. Han [&hellip;]","og_url":"https:\/\/minutocerord.com\/?p=8046","og_site_name":"Minuto Cero RD","article_publisher":"https:\/\/www.facebook.com\/Genofnotes","article_author":"https:\/\/www.facebook.com\/Genofnotes","article_published_time":"2022-03-10T13:57:04+00:00","article_modified_time":"2022-03-10T14:01:00+00:00","og_image":[{"width":1242,"height":1242,"url":"https:\/\/i0.wp.com\/minutocerord.com\/wp-content\/uploads\/2022\/03\/275512551_373316058132069_6851306624019136717_n.jpg?fit=1242%2C1242&ssl=1","type":"image\/jpeg"}],"author":"Genof\u00f3ntes Urb\u00e1ez","twitter_card":"summary_large_image","twitter_misc":{"Written by":"Genof\u00f3ntes Urb\u00e1ez","Est. reading time":"1 minuto"},"schema":{"@context":"https:\/\/schema.org","@graph":[{"@type":"Article","@id":"https:\/\/minutocerord.com\/?p=8046#article","isPartOf":{"@id":"https:\/\/minutocerord.com\/?p=8046"},"author":{"name":"Genof\u00f3ntes Urb\u00e1ez","@id":"https:\/\/minutocerord.com\/#\/schema\/person\/60b5372d60aaa0a5171fb6488be9aee6"},"headline":"Desde la madrugada DNCD y MP allanan \u00danico Auto Detailing en Santiago","datePublished":"2022-03-10T13:57:04+00:00","dateModified":"2022-03-10T14:01:00+00:00","mainEntityOfPage":{"@id":"https:\/\/minutocerord.com\/?p=8046"},"wordCount":99,"commentCount":0,"publisher":{"@id":"https:\/\/minutocerord.com\/#\/schema\/person\/60b5372d60aaa0a5171fb6488be9aee6"},"image":{"@id":"https:\/\/minutocerord.com\/?p=8046#primaryimage"},"thumbnailUrl":"https:\/\/i0.wp.com\/minutocerord.com\/wp-content\/uploads\/2022\/03\/275512551_373316058132069_6851306624019136717_n.jpg?fit=1242%2C1242&ssl=1","articleSection":["Santiago"],"inLanguage":"es-DO","potentialAction":[{"@type":"CommentAction","name":"Comment","target":["https:\/\/minutocerord.com\/?p=8046#respond"]}]},{"@type":"WebPage","@id":"https:\/\/minutocerord.com\/?p=8046","url":"https:\/\/minutocerord.com\/?p=8046","name":"Desde la madrugada DNCD y MP allanan \u00danico Auto Detailing en Santiago - Minuto Cero RD","isPartOf":{"@id":"https:\/\/minutocerord.com\/#website"},"primaryImageOfPage":{"@id":"https:\/\/minutocerord.com\/?p=8046#primaryimage"},"image":{"@id":"https:\/\/minutocerord.com\/?p=8046#primaryimage"},"thumbnailUrl":"https:\/\/i0.wp.com\/minutocerord.com\/wp-content\/uploads\/2022\/03\/275512551_373316058132069_6851306624019136717_n.jpg?fit=1242%2C1242&ssl=1","datePublished":"2022-03-10T13:57:04+00:00","dateModified":"2022-03-10T14:01:00+00:00","breadcrumb":{"@id":"https:\/\/minutocerord.com\/?p=8046#breadcrumb"},"inLanguage":"es-DO","potentialAction":[{"@type":"ReadAction","target":["https:\/\/minutocerord.com\/?p=8046"]}]},{"@type":"ImageObject","inLanguage":"es-DO","@id":"https:\/\/minutocerord.com\/?p=8046#primaryimage","url":"https:\/\/i0.wp.com\/minutocerord.com\/wp-content\/uploads\/2022\/03\/275512551_373316058132069_6851306624019136717_n.jpg?fit=1242%2C1242&ssl=1","contentUrl":"https:\/\/i0.wp.com\/minutocerord.com\/wp-content\/uploads\/2022\/03\/275512551_373316058132069_6851306624019136717_n.jpg?fit=1242%2C1242&ssl=1","width":1242,"height":1242},{"@type":"BreadcrumbList","@id":"https:\/\/minutocerord.com\/?p=8046#breadcrumb","itemListElement":[{"@type":"ListItem","position":1,"name":"Home","item":"https:\/\/minutocerord.com\/"},{"@type":"ListItem","position":2,"name":"Desde la madrugada DNCD y MP allanan \u00danico Auto Detailing en Santiago"}]},{"@type":"WebSite","@id":"https:\/\/minutocerord.com\/#website","url":"https:\/\/minutocerord.com\/","name":"Minuto Cero RD","description":"Periodismo serio y veraz","publisher":{"@id":"https:\/\/minutocerord.com\/#\/schema\/person\/60b5372d60aaa0a5171fb6488be9aee6"},"potentialAction":[{"@type":"SearchAction","target":{"@type":"EntryPoint","urlTemplate":"https:\/\/minutocerord.com\/?s={search_term_string}"},"query-input":{"@type":"PropertyValueSpecification","valueRequired":true,"valueName":"search_term_string"}}],"inLanguage":"es-DO"},{"@type":["Person","Organization"],"@id":"https:\/\/minutocerord.com\/#\/schema\/person\/60b5372d60aaa0a5171fb6488be9aee6","name":"Genof\u00f3ntes Urb\u00e1ez","image":{"@type":"ImageObject","inLanguage":"es-DO","@id":"https:\/\/secure.gravatar.com\/avatar\/a49ef3186a692098ac3e8a1612261e3ad70cf9e44553dff2929e67939a0ecb9d?s=96&d=identicon&r=g","url":"https:\/\/secure.gravatar.com\/avatar\/a49ef3186a692098ac3e8a1612261e3ad70cf9e44553dff2929e67939a0ecb9d?s=96&d=identicon&r=g","contentUrl":"https:\/\/secure.gravatar.com\/avatar\/a49ef3186a692098ac3e8a1612261e3ad70cf9e44553dff2929e67939a0ecb9d?s=96&d=identicon&r=g","caption":"Genof\u00f3ntes Urb\u00e1ez"},"logo":{"@id":"https:\/\/secure.gravatar.com\/avatar\/a49ef3186a692098ac3e8a1612261e3ad70cf9e44553dff2929e67939a0ecb9d?s=96&d=identicon&r=g"},"description":"Periodista \/ Locutor","sameAs":["https:\/\/www.facebook.com\/Genofnotes","https:\/\/www.instagram.com\/genofnotes\/"]}]}},"jetpack_publicize_connections":[],"jetpack_featured_media_url":"https:\/\/i0.wp.com\/minutocerord.com\/wp-content\/uploads\/2022\/03\/275512551_373316058132069_6851306624019136717_n.jpg?fit=1242%2C1242&ssl=1","jetpack-related-posts":[],"jetpack_sharing_enabled":true,"_links":{"self":[{"href":"https:\/\/minutocerord.com\/index.php?rest_route=\/wp\/v2\/posts\/8046","targetHints":{"allow":["GET"]}}],"collection":[{"href":"https:\/\/minutocerord.com\/index.php?rest_route=\/wp\/v2\/posts"}],"about":[{"href":"https:\/\/minutocerord.com\/index.php?rest_route=\/wp\/v2\/types\/post"}],"author":[{"embeddable":true,"href":"https:\/\/minutocerord.com\/index.php?rest_route=\/wp\/v2\/users\/1"}],"replies":[{"embeddable":true,"href":"https:\/\/minutocerord.com\/index.php?rest_route=%2Fwp%2Fv2%2Fcomments&post=8046"}],"version-history":[{"count":2,"href":"https:\/\/minutocerord.com\/index.php?rest_route=\/wp\/v2\/posts\/8046\/revisions"}],"predecessor-version":[{"id":8050,"href":"https:\/\/minutocerord.com\/index.php?rest_route=\/wp\/v2\/posts\/8046\/revisions\/8050"}],"wp:featuredmedia":[{"embeddable":true,"href":"https:\/\/minutocerord.com\/index.php?rest_route=\/wp\/v2\/media\/8047"}],"wp:attachment":[{"href":"https:\/\/minutocerord.com\/index.php?rest_route=%2Fwp%2Fv2%2Fmedia&parent=8046"}],"wp:term":[{"taxonomy":"category","embeddable":true,"href":"https:\/\/minutocerord.com\/index.php?rest_route=%2Fwp%2Fv2%2Fcategories&post=8046"},{"taxonomy":"post_tag","embeddable":true,"href":"https:\/\/minutocerord.com\/index.php?rest_route=%2Fwp%2Fv2%2Ftags&post=8046"}],"curies":[{"name":"wp","href":"https:\/\/api.w.org\/{rel}","templated":true}]}}