{"id":8055,"date":"2022-03-10T12:09:04","date_gmt":"2022-03-10T16:09:04","guid":{"rendered":"https:\/\/minutocerord.com\/?p=8055"},"modified":"2022-03-10T12:09:07","modified_gmt":"2022-03-10T16:09:07","slug":"no-hubo-avances-para-un-alto-el-fuego-en-reunion-en-turquia-segun-ministro-ucraniano","status":"publish","type":"post","link":"https:\/\/minutocerord.com\/?p=8055","title":{"rendered":"&#8220;No hubo avances&#8221; para un alto el fuego en reuni\u00f3n en Turqu\u00eda, seg\u00fan ministro ucraniano"},"content":{"rendered":"\n<p><strong>Antalya, Turqu\u00eda.- <\/strong>El ministro ucraniano de Relaciones Exteriores, Dmytro Kuleba, lament\u00f3 el jueves que no hubo avances para un alto el fuego en Ucrania, durante la reuni\u00f3n con su hom\u00f3logo ruso, Sergu\u00e9i Lavrov, en el sur de Turqu\u00eda.<\/p>\n\n\n\n<p>&#8220;Hemos mencionado un alto el fuego, pero no hubo avances en ese sentido&#8221;, declar\u00f3 a la prensa, a\u00f1adiendo que, sin embargo, hab\u00edan decidido con Lavrov &#8220;proseguir sus esfuerzos&#8221;.<\/p>\n\n\n\n<p>&#8220;Ucrania no se rendir\u00e1&#8221;, reiter\u00f3 el ministro. &#8220;Estamos abiertos a la diplomacia, pero si no funciona protegeremos a nuestro pa\u00eds y a nuestro pueblo&#8221;.<\/p>\n\n\n\n<p>&#8220;Quer\u00edamos obtener un alto el fuego de 24 horas. Lavrov dijo que Mosc\u00fa quer\u00eda hablar de corredores humanitarios&#8221;, precis\u00f3, a la espera de que se abra un corredor para evacuar la ciudad de Mari\u00fapol, en el sureste de Ucrania, bajo intensos bombardeos rusos.<\/p>\n\n\n\n<p>Uno de ellos, perpetrado contra un hospital pedi\u00e1trico el mi\u00e9rcoles, gener\u00f3 una enorme repulsa internacional.<a><\/a><\/p>\n\n\n\n<p>&#8220;Ante todo, vine aqu\u00ed por razones humanitarias, para la evacuaci\u00f3n de civiles. Pero Lavrov no quiso prometer nada sobre este punto&#8221;, insisti\u00f3 el jefe de la diplomacia ucraniana. Sin embargo, &#8220;hemos decidido proseguir nuestros esfuerzos y preveo continuar con este formato&#8221;.<\/p>\n\n\n\n<p>&#8220;Estoy determinado a continuar porque queremos que esta guerra llegue a su fin y que nuestro pa\u00eds quede liberado de los ocupantes&#8221;, declar\u00f3 Kuleba, quien busca &#8220;negociaciones serias y constructivas&#8221;. &#8220;Si Rusia est\u00e1 dispuesta, nosotros tambi\u00e9n&#8221;, zanj\u00f3.<\/p>\n\n\n\n<p>Se trata de la primera reuni\u00f3n entre dos responsables de alto nivel de Ucrania y Rusia desde el inicio de la ofensiva de Mosc\u00fa, hace exactamente dos semanas.<\/p>\n\n\n\n<p>El encuentro, que dur\u00f3 1h40, tuvo lugar en la ciudad de Antalya, en el sur de Turqu\u00eda, en presencia del ministro turco de Relaciones Exteriores, Mevl\u00fct Cavusoglu. AFP.<\/p>\n","protected":false},"excerpt":{"rendered":"<p>Antalya, Turqu\u00eda.- El ministro ucraniano de Relaciones Exteriores, Dmytro Kuleba, lament\u00f3 el jueves que no hubo avances para un alto el fuego en Ucrania, durante la reuni\u00f3n con su hom\u00f3logo ruso, Sergu\u00e9i Lavrov, en el sur de Turqu\u00eda. &#8220;Hemos mencionado un alto el fuego, pero no hubo avances en ese sentido&#8221;, declar\u00f3 a la prensa, [&hellip;]<\/p>\n","protected":false},"author":1,"featured_media":8056,"comment_status":"open","ping_status":"open","sticky":false,"template":"","format":"standard","meta":{"nf_dc_page":"","jetpack_post_was_ever_published":false,"_jetpack_newsletter_access":"","_jetpack_dont_email_post_to_subs":false,"_jetpack_newsletter_tier_id":0,"_jetpack_memberships_contains_paywalled_content":false,"_jetpack_memberships_contains_paid_content":false,"footnotes":"","jetpack_publicize_message":"","jetpack_publicize_feature_enabled":true,"jetpack_social_post_already_shared":false,"jetpack_social_options":{"image_generator_settings":{"template":"highway","default_image_id":0,"font":"","enabled":false},"version":2}},"categories":[66],"tags":[],"class_list":["post-8055","post","type-post","status-publish","format-standard","has-post-thumbnail","hentry","category-internacionales"],"yoast_head":"<!-- This site is optimized with the Yoast SEO plugin v27.4 - https:\/\/yoast.com\/product\/yoast-seo-wordpress\/ -->\n<title>&quot;No hubo avances&quot; para un alto el fuego en reuni\u00f3n en Turqu\u00eda, seg\u00fan ministro ucraniano - Minuto Cero RD<\/title>\n<meta name=\"robots\" content=\"index, follow, max-snippet:-1, max-image-preview:large, max-video-preview:-1\" \/>\n<link rel=\"canonical\" href=\"http:\/\/minutocerord.com\/?p=8055\" \/>\n<meta property=\"og:locale\" content=\"es_ES\" \/>\n<meta property=\"og:type\" content=\"article\" \/>\n<meta property=\"og:title\" content=\"&quot;No hubo avances&quot; para un alto el fuego en reuni\u00f3n en Turqu\u00eda, seg\u00fan ministro ucraniano - Minuto Cero RD\" \/>\n<meta property=\"og:description\" content=\"Antalya, Turqu\u00eda.- El ministro ucraniano de Relaciones Exteriores, Dmytro Kuleba, lament\u00f3 el jueves que no hubo avances para un alto el fuego en Ucrania, durante la reuni\u00f3n con su hom\u00f3logo ruso, Sergu\u00e9i Lavrov, en el sur de Turqu\u00eda. &#8220;Hemos mencionado un alto el fuego, pero no hubo avances en ese sentido&#8221;, declar\u00f3 a la prensa, [&hellip;]\" \/>\n<meta property=\"og:url\" content=\"http:\/\/minutocerord.com\/?p=8055\" \/>\n<meta property=\"og:site_name\" content=\"Minuto Cero RD\" \/>\n<meta property=\"article:publisher\" content=\"https:\/\/www.facebook.com\/Genofnotes\" \/>\n<meta property=\"article:author\" content=\"https:\/\/www.facebook.com\/Genofnotes\" \/>\n<meta property=\"article:published_time\" content=\"2022-03-10T16:09:04+00:00\" \/>\n<meta property=\"article:modified_time\" content=\"2022-03-10T16:09:07+00:00\" \/>\n<meta property=\"og:image\" content=\"https:\/\/i0.wp.com\/minutocerord.com\/wp-content\/uploads\/2022\/03\/The-Likelihood-of-an-Early-Meeting-of-Zelensky-and-Putin1.jpg?fit=1200%2C675\" \/>\n\t<meta property=\"og:image:width\" content=\"1200\" \/>\n\t<meta property=\"og:image:height\" content=\"675\" \/>\n\t<meta property=\"og:image:type\" content=\"image\/jpeg\" \/>\n<meta name=\"author\" content=\"Genof\u00f3ntes Urb\u00e1ez\" \/>\n<meta name=\"twitter:card\" content=\"summary_large_image\" \/>\n<meta name=\"twitter:label1\" content=\"Written by\" \/>\n\t<meta name=\"twitter:data1\" content=\"Genof\u00f3ntes Urb\u00e1ez\" \/>\n\t<meta name=\"twitter:label2\" content=\"Est. reading time\" \/>\n\t<meta name=\"twitter:data2\" content=\"2 minutos\" \/>\n<script type=\"application\/ld+json\" class=\"yoast-schema-graph\">{\"@context\":\"https:\\\/\\\/schema.org\",\"@graph\":[{\"@type\":\"Article\",\"@id\":\"http:\\\/\\\/minutocerord.com\\\/?p=8055#article\",\"isPartOf\":{\"@id\":\"http:\\\/\\\/minutocerord.com\\\/?p=8055\"},\"author\":{\"name\":\"Genof\u00f3ntes Urb\u00e1ez\",\"@id\":\"https:\\\/\\\/minutocerord.com\\\/#\\\/schema\\\/person\\\/60b5372d60aaa0a5171fb6488be9aee6\"},\"headline\":\"&#8220;No hubo avances&#8221; para un alto el fuego en reuni\u00f3n en Turqu\u00eda, seg\u00fan ministro ucraniano\",\"datePublished\":\"2022-03-10T16:09:04+00:00\",\"dateModified\":\"2022-03-10T16:09:07+00:00\",\"mainEntityOfPage\":{\"@id\":\"http:\\\/\\\/minutocerord.com\\\/?p=8055\"},\"wordCount\":319,\"commentCount\":0,\"publisher\":{\"@id\":\"https:\\\/\\\/minutocerord.com\\\/#\\\/schema\\\/person\\\/60b5372d60aaa0a5171fb6488be9aee6\"},\"image\":{\"@id\":\"http:\\\/\\\/minutocerord.com\\\/?p=8055#primaryimage\"},\"thumbnailUrl\":\"https:\\\/\\\/i0.wp.com\\\/minutocerord.com\\\/wp-content\\\/uploads\\\/2022\\\/03\\\/The-Likelihood-of-an-Early-Meeting-of-Zelensky-and-Putin1.jpg?fit=1200%2C675&ssl=1\",\"articleSection\":[\"Internacionales\"],\"inLanguage\":\"es-DO\",\"potentialAction\":[{\"@type\":\"CommentAction\",\"name\":\"Comment\",\"target\":[\"http:\\\/\\\/minutocerord.com\\\/?p=8055#respond\"]}]},{\"@type\":\"WebPage\",\"@id\":\"http:\\\/\\\/minutocerord.com\\\/?p=8055\",\"url\":\"http:\\\/\\\/minutocerord.com\\\/?p=8055\",\"name\":\"\\\"No hubo avances\\\" para un alto el fuego en reuni\u00f3n en Turqu\u00eda, seg\u00fan ministro ucraniano - Minuto Cero RD\",\"isPartOf\":{\"@id\":\"https:\\\/\\\/minutocerord.com\\\/#website\"},\"primaryImageOfPage\":{\"@id\":\"http:\\\/\\\/minutocerord.com\\\/?p=8055#primaryimage\"},\"image\":{\"@id\":\"http:\\\/\\\/minutocerord.com\\\/?p=8055#primaryimage\"},\"thumbnailUrl\":\"https:\\\/\\\/i0.wp.com\\\/minutocerord.com\\\/wp-content\\\/uploads\\\/2022\\\/03\\\/The-Likelihood-of-an-Early-Meeting-of-Zelensky-and-Putin1.jpg?fit=1200%2C675&ssl=1\",\"datePublished\":\"2022-03-10T16:09:04+00:00\",\"dateModified\":\"2022-03-10T16:09:07+00:00\",\"breadcrumb\":{\"@id\":\"http:\\\/\\\/minutocerord.com\\\/?p=8055#breadcrumb\"},\"inLanguage\":\"es-DO\",\"potentialAction\":[{\"@type\":\"ReadAction\",\"target\":[\"http:\\\/\\\/minutocerord.com\\\/?p=8055\"]}]},{\"@type\":\"ImageObject\",\"inLanguage\":\"es-DO\",\"@id\":\"http:\\\/\\\/minutocerord.com\\\/?p=8055#primaryimage\",\"url\":\"https:\\\/\\\/i0.wp.com\\\/minutocerord.com\\\/wp-content\\\/uploads\\\/2022\\\/03\\\/The-Likelihood-of-an-Early-Meeting-of-Zelensky-and-Putin1.jpg?fit=1200%2C675&ssl=1\",\"contentUrl\":\"https:\\\/\\\/i0.wp.com\\\/minutocerord.com\\\/wp-content\\\/uploads\\\/2022\\\/03\\\/The-Likelihood-of-an-Early-Meeting-of-Zelensky-and-Putin1.jpg?fit=1200%2C675&ssl=1\",\"width\":1200,\"height\":675},{\"@type\":\"BreadcrumbList\",\"@id\":\"http:\\\/\\\/minutocerord.com\\\/?p=8055#breadcrumb\",\"itemListElement\":[{\"@type\":\"ListItem\",\"position\":1,\"name\":\"Home\",\"item\":\"https:\\\/\\\/minutocerord.com\\\/\"},{\"@type\":\"ListItem\",\"position\":2,\"name\":\"&#8220;No hubo avances&#8221; para un alto el fuego en reuni\u00f3n en Turqu\u00eda, seg\u00fan ministro ucraniano\"}]},{\"@type\":\"WebSite\",\"@id\":\"https:\\\/\\\/minutocerord.com\\\/#website\",\"url\":\"https:\\\/\\\/minutocerord.com\\\/\",\"name\":\"Minuto Cero RD\",\"description\":\"Periodismo serio y veraz\",\"publisher\":{\"@id\":\"https:\\\/\\\/minutocerord.com\\\/#\\\/schema\\\/person\\\/60b5372d60aaa0a5171fb6488be9aee6\"},\"potentialAction\":[{\"@type\":\"SearchAction\",\"target\":{\"@type\":\"EntryPoint\",\"urlTemplate\":\"https:\\\/\\\/minutocerord.com\\\/?s={search_term_string}\"},\"query-input\":{\"@type\":\"PropertyValueSpecification\",\"valueRequired\":true,\"valueName\":\"search_term_string\"}}],\"inLanguage\":\"es-DO\"},{\"@type\":[\"Person\",\"Organization\"],\"@id\":\"https:\\\/\\\/minutocerord.com\\\/#\\\/schema\\\/person\\\/60b5372d60aaa0a5171fb6488be9aee6\",\"name\":\"Genof\u00f3ntes Urb\u00e1ez\",\"image\":{\"@type\":\"ImageObject\",\"inLanguage\":\"es-DO\",\"@id\":\"https:\\\/\\\/secure.gravatar.com\\\/avatar\\\/a49ef3186a692098ac3e8a1612261e3ad70cf9e44553dff2929e67939a0ecb9d?s=96&d=identicon&r=g\",\"url\":\"https:\\\/\\\/secure.gravatar.com\\\/avatar\\\/a49ef3186a692098ac3e8a1612261e3ad70cf9e44553dff2929e67939a0ecb9d?s=96&d=identicon&r=g\",\"contentUrl\":\"https:\\\/\\\/secure.gravatar.com\\\/avatar\\\/a49ef3186a692098ac3e8a1612261e3ad70cf9e44553dff2929e67939a0ecb9d?s=96&d=identicon&r=g\",\"caption\":\"Genof\u00f3ntes Urb\u00e1ez\"},\"logo\":{\"@id\":\"https:\\\/\\\/secure.gravatar.com\\\/avatar\\\/a49ef3186a692098ac3e8a1612261e3ad70cf9e44553dff2929e67939a0ecb9d?s=96&d=identicon&r=g\"},\"description\":\"Periodista \\\/ Locutor\",\"sameAs\":[\"https:\\\/\\\/www.facebook.com\\\/Genofnotes\",\"https:\\\/\\\/www.instagram.com\\\/genofnotes\\\/\"]}]}<\/script>\n<!-- \/ Yoast SEO plugin. -->","yoast_head_json":{"title":"\"No hubo avances\" para un alto el fuego en reuni\u00f3n en Turqu\u00eda, seg\u00fan ministro ucraniano - Minuto Cero RD","robots":{"index":"index","follow":"follow","max-snippet":"max-snippet:-1","max-image-preview":"max-image-preview:large","max-video-preview":"max-video-preview:-1"},"canonical":"http:\/\/minutocerord.com\/?p=8055","og_locale":"es_ES","og_type":"article","og_title":"\"No hubo avances\" para un alto el fuego en reuni\u00f3n en Turqu\u00eda, seg\u00fan ministro ucraniano - Minuto Cero RD","og_description":"Antalya, Turqu\u00eda.- El ministro ucraniano de Relaciones Exteriores, Dmytro Kuleba, lament\u00f3 el jueves que no hubo avances para un alto el fuego en Ucrania, durante la reuni\u00f3n con su hom\u00f3logo ruso, Sergu\u00e9i Lavrov, en el sur de Turqu\u00eda. &#8220;Hemos mencionado un alto el fuego, pero no hubo avances en ese sentido&#8221;, declar\u00f3 a la prensa, [&hellip;]","og_url":"http:\/\/minutocerord.com\/?p=8055","og_site_name":"Minuto Cero RD","article_publisher":"https:\/\/www.facebook.com\/Genofnotes","article_author":"https:\/\/www.facebook.com\/Genofnotes","article_published_time":"2022-03-10T16:09:04+00:00","article_modified_time":"2022-03-10T16:09:07+00:00","og_image":[{"width":1200,"height":675,"url":"https:\/\/i0.wp.com\/minutocerord.com\/wp-content\/uploads\/2022\/03\/The-Likelihood-of-an-Early-Meeting-of-Zelensky-and-Putin1.jpg?fit=1200%2C675","type":"image\/jpeg"}],"author":"Genof\u00f3ntes Urb\u00e1ez","twitter_card":"summary_large_image","twitter_misc":{"Written by":"Genof\u00f3ntes Urb\u00e1ez","Est. reading time":"2 minutos"},"schema":{"@context":"https:\/\/schema.org","@graph":[{"@type":"Article","@id":"http:\/\/minutocerord.com\/?p=8055#article","isPartOf":{"@id":"http:\/\/minutocerord.com\/?p=8055"},"author":{"name":"Genof\u00f3ntes Urb\u00e1ez","@id":"https:\/\/minutocerord.com\/#\/schema\/person\/60b5372d60aaa0a5171fb6488be9aee6"},"headline":"&#8220;No hubo avances&#8221; para un alto el fuego en reuni\u00f3n en Turqu\u00eda, seg\u00fan ministro ucraniano","datePublished":"2022-03-10T16:09:04+00:00","dateModified":"2022-03-10T16:09:07+00:00","mainEntityOfPage":{"@id":"http:\/\/minutocerord.com\/?p=8055"},"wordCount":319,"commentCount":0,"publisher":{"@id":"https:\/\/minutocerord.com\/#\/schema\/person\/60b5372d60aaa0a5171fb6488be9aee6"},"image":{"@id":"http:\/\/minutocerord.com\/?p=8055#primaryimage"},"thumbnailUrl":"https:\/\/i0.wp.com\/minutocerord.com\/wp-content\/uploads\/2022\/03\/The-Likelihood-of-an-Early-Meeting-of-Zelensky-and-Putin1.jpg?fit=1200%2C675&ssl=1","articleSection":["Internacionales"],"inLanguage":"es-DO","potentialAction":[{"@type":"CommentAction","name":"Comment","target":["http:\/\/minutocerord.com\/?p=8055#respond"]}]},{"@type":"WebPage","@id":"http:\/\/minutocerord.com\/?p=8055","url":"http:\/\/minutocerord.com\/?p=8055","name":"\"No hubo avances\" para un alto el fuego en reuni\u00f3n en Turqu\u00eda, seg\u00fan ministro ucraniano - Minuto Cero RD","isPartOf":{"@id":"https:\/\/minutocerord.com\/#website"},"primaryImageOfPage":{"@id":"http:\/\/minutocerord.com\/?p=8055#primaryimage"},"image":{"@id":"http:\/\/minutocerord.com\/?p=8055#primaryimage"},"thumbnailUrl":"https:\/\/i0.wp.com\/minutocerord.com\/wp-content\/uploads\/2022\/03\/The-Likelihood-of-an-Early-Meeting-of-Zelensky-and-Putin1.jpg?fit=1200%2C675&ssl=1","datePublished":"2022-03-10T16:09:04+00:00","dateModified":"2022-03-10T16:09:07+00:00","breadcrumb":{"@id":"http:\/\/minutocerord.com\/?p=8055#breadcrumb"},"inLanguage":"es-DO","potentialAction":[{"@type":"ReadAction","target":["http:\/\/minutocerord.com\/?p=8055"]}]},{"@type":"ImageObject","inLanguage":"es-DO","@id":"http:\/\/minutocerord.com\/?p=8055#primaryimage","url":"https:\/\/i0.wp.com\/minutocerord.com\/wp-content\/uploads\/2022\/03\/The-Likelihood-of-an-Early-Meeting-of-Zelensky-and-Putin1.jpg?fit=1200%2C675&ssl=1","contentUrl":"https:\/\/i0.wp.com\/minutocerord.com\/wp-content\/uploads\/2022\/03\/The-Likelihood-of-an-Early-Meeting-of-Zelensky-and-Putin1.jpg?fit=1200%2C675&ssl=1","width":1200,"height":675},{"@type":"BreadcrumbList","@id":"http:\/\/minutocerord.com\/?p=8055#breadcrumb","itemListElement":[{"@type":"ListItem","position":1,"name":"Home","item":"https:\/\/minutocerord.com\/"},{"@type":"ListItem","position":2,"name":"&#8220;No hubo avances&#8221; para un alto el fuego en reuni\u00f3n en Turqu\u00eda, seg\u00fan ministro ucraniano"}]},{"@type":"WebSite","@id":"https:\/\/minutocerord.com\/#website","url":"https:\/\/minutocerord.com\/","name":"Minuto Cero RD","description":"Periodismo serio y veraz","publisher":{"@id":"https:\/\/minutocerord.com\/#\/schema\/person\/60b5372d60aaa0a5171fb6488be9aee6"},"potentialAction":[{"@type":"SearchAction","target":{"@type":"EntryPoint","urlTemplate":"https:\/\/minutocerord.com\/?s={search_term_string}"},"query-input":{"@type":"PropertyValueSpecification","valueRequired":true,"valueName":"search_term_string"}}],"inLanguage":"es-DO"},{"@type":["Person","Organization"],"@id":"https:\/\/minutocerord.com\/#\/schema\/person\/60b5372d60aaa0a5171fb6488be9aee6","name":"Genof\u00f3ntes Urb\u00e1ez","image":{"@type":"ImageObject","inLanguage":"es-DO","@id":"https:\/\/secure.gravatar.com\/avatar\/a49ef3186a692098ac3e8a1612261e3ad70cf9e44553dff2929e67939a0ecb9d?s=96&d=identicon&r=g","url":"https:\/\/secure.gravatar.com\/avatar\/a49ef3186a692098ac3e8a1612261e3ad70cf9e44553dff2929e67939a0ecb9d?s=96&d=identicon&r=g","contentUrl":"https:\/\/secure.gravatar.com\/avatar\/a49ef3186a692098ac3e8a1612261e3ad70cf9e44553dff2929e67939a0ecb9d?s=96&d=identicon&r=g","caption":"Genof\u00f3ntes Urb\u00e1ez"},"logo":{"@id":"https:\/\/secure.gravatar.com\/avatar\/a49ef3186a692098ac3e8a1612261e3ad70cf9e44553dff2929e67939a0ecb9d?s=96&d=identicon&r=g"},"description":"Periodista \/ Locutor","sameAs":["https:\/\/www.facebook.com\/Genofnotes","https:\/\/www.instagram.com\/genofnotes\/"]}]}},"jetpack_publicize_connections":[],"jetpack_featured_media_url":"https:\/\/i0.wp.com\/minutocerord.com\/wp-content\/uploads\/2022\/03\/The-Likelihood-of-an-Early-Meeting-of-Zelensky-and-Putin1.jpg?fit=1200%2C675&ssl=1","jetpack-related-posts":[],"jetpack_sharing_enabled":true,"_links":{"self":[{"href":"https:\/\/minutocerord.com\/index.php?rest_route=\/wp\/v2\/posts\/8055","targetHints":{"allow":["GET"]}}],"collection":[{"href":"https:\/\/minutocerord.com\/index.php?rest_route=\/wp\/v2\/posts"}],"about":[{"href":"https:\/\/minutocerord.com\/index.php?rest_route=\/wp\/v2\/types\/post"}],"author":[{"embeddable":true,"href":"https:\/\/minutocerord.com\/index.php?rest_route=\/wp\/v2\/users\/1"}],"replies":[{"embeddable":true,"href":"https:\/\/minutocerord.com\/index.php?rest_route=%2Fwp%2Fv2%2Fcomments&post=8055"}],"version-history":[{"count":1,"href":"https:\/\/minutocerord.com\/index.php?rest_route=\/wp\/v2\/posts\/8055\/revisions"}],"predecessor-version":[{"id":8057,"href":"https:\/\/minutocerord.com\/index.php?rest_route=\/wp\/v2\/posts\/8055\/revisions\/8057"}],"wp:featuredmedia":[{"embeddable":true,"href":"https:\/\/minutocerord.com\/index.php?rest_route=\/wp\/v2\/media\/8056"}],"wp:attachment":[{"href":"https:\/\/minutocerord.com\/index.php?rest_route=%2Fwp%2Fv2%2Fmedia&parent=8055"}],"wp:term":[{"taxonomy":"category","embeddable":true,"href":"https:\/\/minutocerord.com\/index.php?rest_route=%2Fwp%2Fv2%2Fcategories&post=8055"},{"taxonomy":"post_tag","embeddable":true,"href":"https:\/\/minutocerord.com\/index.php?rest_route=%2Fwp%2Fv2%2Ftags&post=8055"}],"curies":[{"name":"wp","href":"https:\/\/api.w.org\/{rel}","templated":true}]}}