{"id":8058,"date":"2022-03-10T12:30:33","date_gmt":"2022-03-10T16:30:33","guid":{"rendered":"https:\/\/minutocerord.com\/?p=8058"},"modified":"2022-03-10T12:30:36","modified_gmt":"2022-03-10T16:30:36","slug":"ny-alcalde-escoge-dominicana-para-comision-redistribucion-de-la-ciudad","status":"publish","type":"post","link":"https:\/\/minutocerord.com\/?p=8058","title":{"rendered":"NY: Alcalde escoge dominicana para comisi\u00f3n redistribuci\u00f3n de la ciudad"},"content":{"rendered":"\n<p><strong>NUEVA YORK.- <\/strong>El alcalde Eric Adams escogi\u00f3 a la dominicana\u00a0Mar\u00eda Mateo Hern\u00e1ndez para la comisi\u00f3n de redistribuci\u00f3n de la ciudad y redise\u00f1ar los l\u00edmites de los distritos municipales antes de las elecciones al Concejo Municipal.<\/p>\n\n\n\n<p>Mateo Hern\u00e1ndez es una abogada independiente con sede en Queens que fund\u00f3 su firma en 2011, trabaj\u00f3 en el Proyecto de Defensa de Inquilinos de Inmigraci\u00f3n en el 2010 y en el Santuario para las Familias en el 2009.<\/p>\n\n\n\n<p>Anteriormente, trabaj\u00f3 en el Departamento de Violencia Dom\u00e9stica en la Oficina del Fiscal del Distrito de Queens.<\/p>\n\n\n\n<p>Asimismo, labor\u00f3 para la Presidencia de la Rep\u00fablica Dominicana como abogada biling\u00fce.<\/p>\n\n\n\n<p>Los estatutos de la ciudad de Nueva York exigen que el Ayuntamiento y el alcalde nombren cada 10 a\u00f1os una comisi\u00f3n independiente del distrito, tras el censo decenal.<\/p>\n\n\n\n<p>Este proceso garantiza que los distritos del ayuntamiento sigan reflejando los cambios demogr\u00e1ficos y de poblaci\u00f3n.<\/p>\n\n\n\n<p>Una vez constituida la comisi\u00f3n, los miembros de esta y su personal comenzar\u00e1n a reunirse para revisar todas las leyes y reglamentos pertinentes, as\u00ed como los datos m\u00e1s recientes del censo.<\/p>\n\n\n\n<p>Tras una serie de audiencias y reuniones p\u00fablicas, la comisi\u00f3n elaborar\u00e1 un plan definitivo, el cual deber\u00e1 ser presentado al Ayuntamiento a finales de cada a\u00f1o.<\/p>\n","protected":false},"excerpt":{"rendered":"<p>NUEVA YORK.- El alcalde Eric Adams escogi\u00f3 a la dominicana\u00a0Mar\u00eda Mateo Hern\u00e1ndez para la comisi\u00f3n de redistribuci\u00f3n de la ciudad y redise\u00f1ar los l\u00edmites de los distritos municipales antes de las elecciones al Concejo Municipal. Mateo Hern\u00e1ndez es una abogada independiente con sede en Queens que fund\u00f3 su firma en 2011, trabaj\u00f3 en el Proyecto [&hellip;]<\/p>\n","protected":false},"author":1,"featured_media":8059,"comment_status":"open","ping_status":"open","sticky":false,"template":"","format":"standard","meta":{"nf_dc_page":"","jetpack_post_was_ever_published":false,"_jetpack_newsletter_access":"","_jetpack_dont_email_post_to_subs":false,"_jetpack_newsletter_tier_id":0,"_jetpack_memberships_contains_paywalled_content":false,"_jetpack_memberships_contains_paid_content":false,"footnotes":"","jetpack_publicize_message":"","jetpack_publicize_feature_enabled":true,"jetpack_social_post_already_shared":false,"jetpack_social_options":{"image_generator_settings":{"template":"highway","default_image_id":0,"font":"","enabled":false},"version":2}},"categories":[82],"tags":[],"class_list":["post-8058","post","type-post","status-publish","format-standard","has-post-thumbnail","hentry","category-new-york"],"yoast_head":"<!-- This site is optimized with the Yoast SEO plugin v27.4 - https:\/\/yoast.com\/product\/yoast-seo-wordpress\/ -->\n<title>NY: Alcalde escoge dominicana para comisi\u00f3n redistribuci\u00f3n de la ciudad - Minuto Cero RD<\/title>\n<meta name=\"robots\" content=\"index, follow, max-snippet:-1, max-image-preview:large, max-video-preview:-1\" \/>\n<link rel=\"canonical\" href=\"http:\/\/minutocerord.com\/?p=8058\" \/>\n<meta property=\"og:locale\" content=\"es_ES\" \/>\n<meta property=\"og:type\" content=\"article\" \/>\n<meta property=\"og:title\" content=\"NY: Alcalde escoge dominicana para comisi\u00f3n redistribuci\u00f3n de la ciudad - Minuto Cero RD\" \/>\n<meta property=\"og:description\" content=\"NUEVA YORK.- El alcalde Eric Adams escogi\u00f3 a la dominicana\u00a0Mar\u00eda Mateo Hern\u00e1ndez para la comisi\u00f3n de redistribuci\u00f3n de la ciudad y redise\u00f1ar los l\u00edmites de los distritos municipales antes de las elecciones al Concejo Municipal. Mateo Hern\u00e1ndez es una abogada independiente con sede en Queens que fund\u00f3 su firma en 2011, trabaj\u00f3 en el Proyecto [&hellip;]\" \/>\n<meta property=\"og:url\" content=\"http:\/\/minutocerord.com\/?p=8058\" \/>\n<meta property=\"og:site_name\" content=\"Minuto Cero RD\" \/>\n<meta property=\"article:publisher\" content=\"https:\/\/www.facebook.com\/Genofnotes\" \/>\n<meta property=\"article:author\" content=\"https:\/\/www.facebook.com\/Genofnotes\" \/>\n<meta property=\"article:published_time\" content=\"2022-03-10T16:30:33+00:00\" \/>\n<meta property=\"article:modified_time\" content=\"2022-03-10T16:30:36+00:00\" \/>\n<meta property=\"og:image\" content=\"https:\/\/i0.wp.com\/minutocerord.com\/wp-content\/uploads\/2022\/03\/Untitled-13.jpg?fit=438%2C254\" \/>\n\t<meta property=\"og:image:width\" content=\"438\" \/>\n\t<meta property=\"og:image:height\" content=\"254\" \/>\n\t<meta property=\"og:image:type\" content=\"image\/jpeg\" \/>\n<meta name=\"author\" content=\"Genof\u00f3ntes Urb\u00e1ez\" \/>\n<meta name=\"twitter:card\" content=\"summary_large_image\" \/>\n<meta name=\"twitter:label1\" content=\"Written by\" \/>\n\t<meta name=\"twitter:data1\" content=\"Genof\u00f3ntes Urb\u00e1ez\" \/>\n\t<meta name=\"twitter:label2\" content=\"Est. reading time\" \/>\n\t<meta name=\"twitter:data2\" content=\"1 minuto\" \/>\n<script type=\"application\/ld+json\" class=\"yoast-schema-graph\">{\"@context\":\"https:\\\/\\\/schema.org\",\"@graph\":[{\"@type\":\"Article\",\"@id\":\"http:\\\/\\\/minutocerord.com\\\/?p=8058#article\",\"isPartOf\":{\"@id\":\"http:\\\/\\\/minutocerord.com\\\/?p=8058\"},\"author\":{\"name\":\"Genof\u00f3ntes Urb\u00e1ez\",\"@id\":\"https:\\\/\\\/minutocerord.com\\\/#\\\/schema\\\/person\\\/60b5372d60aaa0a5171fb6488be9aee6\"},\"headline\":\"NY: Alcalde escoge dominicana para comisi\u00f3n redistribuci\u00f3n de la ciudad\",\"datePublished\":\"2022-03-10T16:30:33+00:00\",\"dateModified\":\"2022-03-10T16:30:36+00:00\",\"mainEntityOfPage\":{\"@id\":\"http:\\\/\\\/minutocerord.com\\\/?p=8058\"},\"wordCount\":235,\"commentCount\":0,\"publisher\":{\"@id\":\"https:\\\/\\\/minutocerord.com\\\/#\\\/schema\\\/person\\\/60b5372d60aaa0a5171fb6488be9aee6\"},\"image\":{\"@id\":\"http:\\\/\\\/minutocerord.com\\\/?p=8058#primaryimage\"},\"thumbnailUrl\":\"https:\\\/\\\/i0.wp.com\\\/minutocerord.com\\\/wp-content\\\/uploads\\\/2022\\\/03\\\/Untitled-13.jpg?fit=438%2C254&ssl=1\",\"articleSection\":[\"New York\"],\"inLanguage\":\"es-DO\",\"potentialAction\":[{\"@type\":\"CommentAction\",\"name\":\"Comment\",\"target\":[\"http:\\\/\\\/minutocerord.com\\\/?p=8058#respond\"]}]},{\"@type\":\"WebPage\",\"@id\":\"http:\\\/\\\/minutocerord.com\\\/?p=8058\",\"url\":\"http:\\\/\\\/minutocerord.com\\\/?p=8058\",\"name\":\"NY: Alcalde escoge dominicana para comisi\u00f3n redistribuci\u00f3n de la ciudad - Minuto Cero RD\",\"isPartOf\":{\"@id\":\"https:\\\/\\\/minutocerord.com\\\/#website\"},\"primaryImageOfPage\":{\"@id\":\"http:\\\/\\\/minutocerord.com\\\/?p=8058#primaryimage\"},\"image\":{\"@id\":\"http:\\\/\\\/minutocerord.com\\\/?p=8058#primaryimage\"},\"thumbnailUrl\":\"https:\\\/\\\/i0.wp.com\\\/minutocerord.com\\\/wp-content\\\/uploads\\\/2022\\\/03\\\/Untitled-13.jpg?fit=438%2C254&ssl=1\",\"datePublished\":\"2022-03-10T16:30:33+00:00\",\"dateModified\":\"2022-03-10T16:30:36+00:00\",\"breadcrumb\":{\"@id\":\"http:\\\/\\\/minutocerord.com\\\/?p=8058#breadcrumb\"},\"inLanguage\":\"es-DO\",\"potentialAction\":[{\"@type\":\"ReadAction\",\"target\":[\"http:\\\/\\\/minutocerord.com\\\/?p=8058\"]}]},{\"@type\":\"ImageObject\",\"inLanguage\":\"es-DO\",\"@id\":\"http:\\\/\\\/minutocerord.com\\\/?p=8058#primaryimage\",\"url\":\"https:\\\/\\\/i0.wp.com\\\/minutocerord.com\\\/wp-content\\\/uploads\\\/2022\\\/03\\\/Untitled-13.jpg?fit=438%2C254&ssl=1\",\"contentUrl\":\"https:\\\/\\\/i0.wp.com\\\/minutocerord.com\\\/wp-content\\\/uploads\\\/2022\\\/03\\\/Untitled-13.jpg?fit=438%2C254&ssl=1\",\"width\":438,\"height\":254},{\"@type\":\"BreadcrumbList\",\"@id\":\"http:\\\/\\\/minutocerord.com\\\/?p=8058#breadcrumb\",\"itemListElement\":[{\"@type\":\"ListItem\",\"position\":1,\"name\":\"Home\",\"item\":\"https:\\\/\\\/minutocerord.com\\\/\"},{\"@type\":\"ListItem\",\"position\":2,\"name\":\"NY: Alcalde escoge dominicana para comisi\u00f3n redistribuci\u00f3n de la ciudad\"}]},{\"@type\":\"WebSite\",\"@id\":\"https:\\\/\\\/minutocerord.com\\\/#website\",\"url\":\"https:\\\/\\\/minutocerord.com\\\/\",\"name\":\"Minuto Cero RD\",\"description\":\"Periodismo serio y veraz\",\"publisher\":{\"@id\":\"https:\\\/\\\/minutocerord.com\\\/#\\\/schema\\\/person\\\/60b5372d60aaa0a5171fb6488be9aee6\"},\"potentialAction\":[{\"@type\":\"SearchAction\",\"target\":{\"@type\":\"EntryPoint\",\"urlTemplate\":\"https:\\\/\\\/minutocerord.com\\\/?s={search_term_string}\"},\"query-input\":{\"@type\":\"PropertyValueSpecification\",\"valueRequired\":true,\"valueName\":\"search_term_string\"}}],\"inLanguage\":\"es-DO\"},{\"@type\":[\"Person\",\"Organization\"],\"@id\":\"https:\\\/\\\/minutocerord.com\\\/#\\\/schema\\\/person\\\/60b5372d60aaa0a5171fb6488be9aee6\",\"name\":\"Genof\u00f3ntes Urb\u00e1ez\",\"image\":{\"@type\":\"ImageObject\",\"inLanguage\":\"es-DO\",\"@id\":\"https:\\\/\\\/secure.gravatar.com\\\/avatar\\\/a49ef3186a692098ac3e8a1612261e3ad70cf9e44553dff2929e67939a0ecb9d?s=96&d=identicon&r=g\",\"url\":\"https:\\\/\\\/secure.gravatar.com\\\/avatar\\\/a49ef3186a692098ac3e8a1612261e3ad70cf9e44553dff2929e67939a0ecb9d?s=96&d=identicon&r=g\",\"contentUrl\":\"https:\\\/\\\/secure.gravatar.com\\\/avatar\\\/a49ef3186a692098ac3e8a1612261e3ad70cf9e44553dff2929e67939a0ecb9d?s=96&d=identicon&r=g\",\"caption\":\"Genof\u00f3ntes Urb\u00e1ez\"},\"logo\":{\"@id\":\"https:\\\/\\\/secure.gravatar.com\\\/avatar\\\/a49ef3186a692098ac3e8a1612261e3ad70cf9e44553dff2929e67939a0ecb9d?s=96&d=identicon&r=g\"},\"description\":\"Periodista \\\/ Locutor\",\"sameAs\":[\"https:\\\/\\\/www.facebook.com\\\/Genofnotes\",\"https:\\\/\\\/www.instagram.com\\\/genofnotes\\\/\"]}]}<\/script>\n<!-- \/ Yoast SEO plugin. -->","yoast_head_json":{"title":"NY: Alcalde escoge dominicana para comisi\u00f3n redistribuci\u00f3n de la ciudad - Minuto Cero RD","robots":{"index":"index","follow":"follow","max-snippet":"max-snippet:-1","max-image-preview":"max-image-preview:large","max-video-preview":"max-video-preview:-1"},"canonical":"http:\/\/minutocerord.com\/?p=8058","og_locale":"es_ES","og_type":"article","og_title":"NY: Alcalde escoge dominicana para comisi\u00f3n redistribuci\u00f3n de la ciudad - Minuto Cero RD","og_description":"NUEVA YORK.- El alcalde Eric Adams escogi\u00f3 a la dominicana\u00a0Mar\u00eda Mateo Hern\u00e1ndez para la comisi\u00f3n de redistribuci\u00f3n de la ciudad y redise\u00f1ar los l\u00edmites de los distritos municipales antes de las elecciones al Concejo Municipal. Mateo Hern\u00e1ndez es una abogada independiente con sede en Queens que fund\u00f3 su firma en 2011, trabaj\u00f3 en el Proyecto [&hellip;]","og_url":"http:\/\/minutocerord.com\/?p=8058","og_site_name":"Minuto Cero RD","article_publisher":"https:\/\/www.facebook.com\/Genofnotes","article_author":"https:\/\/www.facebook.com\/Genofnotes","article_published_time":"2022-03-10T16:30:33+00:00","article_modified_time":"2022-03-10T16:30:36+00:00","og_image":[{"width":438,"height":254,"url":"https:\/\/i0.wp.com\/minutocerord.com\/wp-content\/uploads\/2022\/03\/Untitled-13.jpg?fit=438%2C254","type":"image\/jpeg"}],"author":"Genof\u00f3ntes Urb\u00e1ez","twitter_card":"summary_large_image","twitter_misc":{"Written by":"Genof\u00f3ntes Urb\u00e1ez","Est. reading time":"1 minuto"},"schema":{"@context":"https:\/\/schema.org","@graph":[{"@type":"Article","@id":"http:\/\/minutocerord.com\/?p=8058#article","isPartOf":{"@id":"http:\/\/minutocerord.com\/?p=8058"},"author":{"name":"Genof\u00f3ntes Urb\u00e1ez","@id":"https:\/\/minutocerord.com\/#\/schema\/person\/60b5372d60aaa0a5171fb6488be9aee6"},"headline":"NY: Alcalde escoge dominicana para comisi\u00f3n redistribuci\u00f3n de la ciudad","datePublished":"2022-03-10T16:30:33+00:00","dateModified":"2022-03-10T16:30:36+00:00","mainEntityOfPage":{"@id":"http:\/\/minutocerord.com\/?p=8058"},"wordCount":235,"commentCount":0,"publisher":{"@id":"https:\/\/minutocerord.com\/#\/schema\/person\/60b5372d60aaa0a5171fb6488be9aee6"},"image":{"@id":"http:\/\/minutocerord.com\/?p=8058#primaryimage"},"thumbnailUrl":"https:\/\/i0.wp.com\/minutocerord.com\/wp-content\/uploads\/2022\/03\/Untitled-13.jpg?fit=438%2C254&ssl=1","articleSection":["New York"],"inLanguage":"es-DO","potentialAction":[{"@type":"CommentAction","name":"Comment","target":["http:\/\/minutocerord.com\/?p=8058#respond"]}]},{"@type":"WebPage","@id":"http:\/\/minutocerord.com\/?p=8058","url":"http:\/\/minutocerord.com\/?p=8058","name":"NY: Alcalde escoge dominicana para comisi\u00f3n redistribuci\u00f3n de la ciudad - Minuto Cero RD","isPartOf":{"@id":"https:\/\/minutocerord.com\/#website"},"primaryImageOfPage":{"@id":"http:\/\/minutocerord.com\/?p=8058#primaryimage"},"image":{"@id":"http:\/\/minutocerord.com\/?p=8058#primaryimage"},"thumbnailUrl":"https:\/\/i0.wp.com\/minutocerord.com\/wp-content\/uploads\/2022\/03\/Untitled-13.jpg?fit=438%2C254&ssl=1","datePublished":"2022-03-10T16:30:33+00:00","dateModified":"2022-03-10T16:30:36+00:00","breadcrumb":{"@id":"http:\/\/minutocerord.com\/?p=8058#breadcrumb"},"inLanguage":"es-DO","potentialAction":[{"@type":"ReadAction","target":["http:\/\/minutocerord.com\/?p=8058"]}]},{"@type":"ImageObject","inLanguage":"es-DO","@id":"http:\/\/minutocerord.com\/?p=8058#primaryimage","url":"https:\/\/i0.wp.com\/minutocerord.com\/wp-content\/uploads\/2022\/03\/Untitled-13.jpg?fit=438%2C254&ssl=1","contentUrl":"https:\/\/i0.wp.com\/minutocerord.com\/wp-content\/uploads\/2022\/03\/Untitled-13.jpg?fit=438%2C254&ssl=1","width":438,"height":254},{"@type":"BreadcrumbList","@id":"http:\/\/minutocerord.com\/?p=8058#breadcrumb","itemListElement":[{"@type":"ListItem","position":1,"name":"Home","item":"https:\/\/minutocerord.com\/"},{"@type":"ListItem","position":2,"name":"NY: Alcalde escoge dominicana para comisi\u00f3n redistribuci\u00f3n de la ciudad"}]},{"@type":"WebSite","@id":"https:\/\/minutocerord.com\/#website","url":"https:\/\/minutocerord.com\/","name":"Minuto Cero RD","description":"Periodismo serio y veraz","publisher":{"@id":"https:\/\/minutocerord.com\/#\/schema\/person\/60b5372d60aaa0a5171fb6488be9aee6"},"potentialAction":[{"@type":"SearchAction","target":{"@type":"EntryPoint","urlTemplate":"https:\/\/minutocerord.com\/?s={search_term_string}"},"query-input":{"@type":"PropertyValueSpecification","valueRequired":true,"valueName":"search_term_string"}}],"inLanguage":"es-DO"},{"@type":["Person","Organization"],"@id":"https:\/\/minutocerord.com\/#\/schema\/person\/60b5372d60aaa0a5171fb6488be9aee6","name":"Genof\u00f3ntes Urb\u00e1ez","image":{"@type":"ImageObject","inLanguage":"es-DO","@id":"https:\/\/secure.gravatar.com\/avatar\/a49ef3186a692098ac3e8a1612261e3ad70cf9e44553dff2929e67939a0ecb9d?s=96&d=identicon&r=g","url":"https:\/\/secure.gravatar.com\/avatar\/a49ef3186a692098ac3e8a1612261e3ad70cf9e44553dff2929e67939a0ecb9d?s=96&d=identicon&r=g","contentUrl":"https:\/\/secure.gravatar.com\/avatar\/a49ef3186a692098ac3e8a1612261e3ad70cf9e44553dff2929e67939a0ecb9d?s=96&d=identicon&r=g","caption":"Genof\u00f3ntes Urb\u00e1ez"},"logo":{"@id":"https:\/\/secure.gravatar.com\/avatar\/a49ef3186a692098ac3e8a1612261e3ad70cf9e44553dff2929e67939a0ecb9d?s=96&d=identicon&r=g"},"description":"Periodista \/ Locutor","sameAs":["https:\/\/www.facebook.com\/Genofnotes","https:\/\/www.instagram.com\/genofnotes\/"]}]}},"jetpack_publicize_connections":[],"jetpack_featured_media_url":"https:\/\/i0.wp.com\/minutocerord.com\/wp-content\/uploads\/2022\/03\/Untitled-13.jpg?fit=438%2C254&ssl=1","jetpack-related-posts":[],"jetpack_sharing_enabled":true,"_links":{"self":[{"href":"https:\/\/minutocerord.com\/index.php?rest_route=\/wp\/v2\/posts\/8058","targetHints":{"allow":["GET"]}}],"collection":[{"href":"https:\/\/minutocerord.com\/index.php?rest_route=\/wp\/v2\/posts"}],"about":[{"href":"https:\/\/minutocerord.com\/index.php?rest_route=\/wp\/v2\/types\/post"}],"author":[{"embeddable":true,"href":"https:\/\/minutocerord.com\/index.php?rest_route=\/wp\/v2\/users\/1"}],"replies":[{"embeddable":true,"href":"https:\/\/minutocerord.com\/index.php?rest_route=%2Fwp%2Fv2%2Fcomments&post=8058"}],"version-history":[{"count":1,"href":"https:\/\/minutocerord.com\/index.php?rest_route=\/wp\/v2\/posts\/8058\/revisions"}],"predecessor-version":[{"id":8060,"href":"https:\/\/minutocerord.com\/index.php?rest_route=\/wp\/v2\/posts\/8058\/revisions\/8060"}],"wp:featuredmedia":[{"embeddable":true,"href":"https:\/\/minutocerord.com\/index.php?rest_route=\/wp\/v2\/media\/8059"}],"wp:attachment":[{"href":"https:\/\/minutocerord.com\/index.php?rest_route=%2Fwp%2Fv2%2Fmedia&parent=8058"}],"wp:term":[{"taxonomy":"category","embeddable":true,"href":"https:\/\/minutocerord.com\/index.php?rest_route=%2Fwp%2Fv2%2Fcategories&post=8058"},{"taxonomy":"post_tag","embeddable":true,"href":"https:\/\/minutocerord.com\/index.php?rest_route=%2Fwp%2Fv2%2Ftags&post=8058"}],"curies":[{"name":"wp","href":"https:\/\/api.w.org\/{rel}","templated":true}]}}