{"id":806,"date":"2020-11-20T03:02:12","date_gmt":"2020-11-20T07:02:12","guid":{"rendered":"https:\/\/minutocerord.com\/?p=806"},"modified":"2020-11-20T03:07:08","modified_gmt":"2020-11-20T07:07:08","slug":"rondon-revela-jean-alain-le-propuso-involucrar-al-prm-y-que-delaciones-tumbarian-gobierno-de-danilo","status":"publish","type":"post","link":"https:\/\/minutocerord.com\/?p=806","title":{"rendered":"\u00c1ngel Rond\u00f3n: \u00a8Jean Alain me propuso involucrar al PRM y que delaciones tumbar\u00edan gobierno de Danilo\u00a8"},"content":{"rendered":"\n<p>El juicio que conoce el Pri\u00admer Tribunal Colegiado del Distrito Nacional a los seis imputados por los so\u00adbornos de 92 millones de d\u00f3lares que la construc\u00adtora brasile\u00f1a Norberto Odebrecht admiti\u00f3 haber pagado en Rep\u00fablica Do\u00adminicana, para conseguir contratos millonarios de obras entre los a\u00f1os 2001 y 2014, entr\u00f3 ayer en la fase de declaratoria de los acusados, una oportuni\u00addad para defenderse.<\/p>\n\n\n\n<p>El primero en agotar un turno, alrededor de las 2:30 de la tarde, fue el em\u00adpresario \u00c1ngel Rond\u00f3n, quien dijo que al gerente general de Odebrecht en la Rep\u00fablica Dominicana, Marco Vasconcelos Cruz, lo sacaron del pa\u00eds porque si las autoridades lo en\u00adtrevistaban aqu\u00ed \u201chubie\u00adse tumbado al pasado go\u00adbierno de Danilo Medina y al sistema pol\u00edtico\u201d.<\/p>\n\n\n\n<p>\u201cEsas delaciones no fue por casualidad que se hi\u00adcieron hasta el 2012, no fue por casualidad que a Mar\u00adco Cruz lo sacaron del pa\u00eds en diciembre (de 2018 ); usted sabe por qu\u00e9 sacaron a Marco Cruz del pa\u00eds, por\u00adque si hubiesen entrevistado a Marco Cruz y no lo dejan salir, Marco Cruz no hubiese tumbado (s\u00f3lo) al gobierno de Danilo Medina, hubiese tumbado al sistema pol\u00edtico nacional, porque si en el pa\u00eds hubo soborno y yo se los dije a \u00e9l (procurador Jean Alain Rodr\u00edguez), Marcos Cruz lo sabe\u201d, asegur\u00f3.<\/p>\n\n\n\n<p><strong>Lo que propuso Jean Alain contra l\u00edderes del PRM<\/strong><\/p>\n\n\n\n<p>Sostuvo que el exprocura\u00addor Jean Alain Rodr\u00edguez le pidi\u00f3 hacer un acuerdo, siendo parte de este que acusara a dos o tres del Par\u00adtido Revolucionario Moder\u00adno (PRM), algo que \u00e9l afir\u00adma haber rechazado.<\/p>\n\n\n\n<p>Precis\u00f3 que en sus dela\u00adciones, Vasconcelos Cruz se\u00f1ala a 28 personas, pero estas no fueron incluidas en el expediente. Rond\u00f3n no las identific\u00f3. Manifest\u00f3 que sab\u00eda que el ejecutivo de la empresa brasile\u00f1a es\u00adtaba haciendo un acuerdo de lenidad en Brasil.<\/p>\n\n\n\n<p>Revel\u00f3 que cuando es\u00adtuvo preso en la c\u00e1rcel de Najayo, en San Crist\u00f3bal, cumpliendo prisi\u00f3n pre\u00adventiva, sent\u00f3 al imputado Andr\u00e9s Bautista y a Tem\u00eds\u00adtocles Mont\u00e1s, este \u00falti\u00admo excluido del caso, para advertirles sobre las con\u00adsecuencias de los someti\u00admientos que suelen hacer las autoridades de turno a los funcionarios salientes.<\/p>\n\n\n\n<p>\u201cLes dije que si siguen con la pr\u00e1ctica de que cada gobierno que entra va a sa\u00adlir a hacerle l\u00edo al que sale, esto se va a joder\u201d, sostuvo, durante su intervenci\u00f3n en el juicio.<\/p>\n\n\n\n<p>Apunt\u00f3 que en los 16 proyectos a cargo de Odebrecht, desde el 2002 al 2014, recib\u00eda el 2 por ciento de honorario, pe\u00adro que a partir del contrato para la construcci\u00f3n de la planta hidroel\u00e9ctrica Punta Catalina le fue reducido al 1 por ciento.<\/p>\n\n\n\n<p>Dijo que por los sobornos recibidos por \u00e9l, los dem\u00e1s imputados no le han ingre\u00adsado un centavo ilegal en sus arcas<\/p>\n\n\n\n<p>Indic\u00f3 que el ministerio p\u00fablico present\u00f3 medida de coerci\u00f3n con las informa\u00adciones que \u00e9l le suministr\u00f3 cuando fue interrogado, pe\u00adro deplor\u00f3 que le agrega\u00adron que fue para sobornos a funcionarios y legisladores, lo que asegura no haber di\u00adcho.<\/p>\n\n\n\n<p><strong>Rond\u00f3n: Los del MP<\/strong><\/p>\n\n\n\n<p><strong>\u201daportaron poca cosa\u201d<\/strong><\/p>\n\n\n\n<p>Rond\u00f3n, principal acusado en el caso de los sobornos, inici\u00f3 su intervenci\u00f3n se\u00f1a\u00adlando su convencimiento de que los representantes del ministerio p\u00fablico presen\u00adtes ayer en la sala, el procu\u00adrador especializado de Per\u00adsecuci\u00f3n de la Corrupci\u00f3n Administrativa, Wilson Ca\u00admacho, y el fiscal Milc\u00edades Guzm\u00e1n, no fueron los ar\u00adt\u00edfices de la acusaci\u00f3n con\u00adtra los implicados en el ex\u00adpediente Odebrecht.<\/p>\n\n\n\n<p>\u201cDespu\u00e9s que los he visto li\u00adtigando a ellos, conversan\u00addo y defendi\u00e9ndose, s\u00e9 que ellos no tuvieron ninguna participaci\u00f3n en la elabo\u00adraci\u00f3n de este expediente; ellos tienen un gran pro\u00adblema ah\u00ed, defender lo in\u00addefendible, porque des\u00adpu\u00e9s que los he visto a ellos, aportaron poca cosa\u201d, pre\u00adcis\u00f3, advirtiendo de que lo hac\u00eda en beneficio de esos representantes del ministe\u00adrio p\u00fablico.<\/p>\n\n\n\n<p>&nbsp;<strong>EL JUICIO<\/strong><\/p>\n\n\n\n<p>&nbsp;<strong>Cargos contra el imputado<\/strong><\/p>\n\n\n\n<p>&nbsp;<strong>La acusaci\u00f3n.<\/strong><\/p>\n\n\n\n<p>A Rond\u00f3n Rijo, el mi\u00adnisterio p\u00fablico le atri\u00adbuye haber recibido casi 1,000 millones de pesos y m\u00e1s de 2 millones de d\u00f3lares por alegadas ac\u00adciones delictivas en per\u00adjuicio del Estado, a tra\u00adv\u00e9s de sobornos por 92 millones de d\u00f3lares que admiti\u00f3 haber pagado la empresa Odebrecht.<\/p>\n\n\n\n<p>Est\u00e1 acusado de lava\u00addo de activos al recibir, transferir, ocultar y en\u00adcubrir el dinero produc\u00adto de actos il\u00edcitos, cons\u00adtitutivos de soborno y otros delitos.<\/p>\n\n\n\n<p>El juicio fue recesado a las 5 de la tarde para el pr\u00f3ximo lunes, a las 9 de la ma\u00f1ana. Continua\u00adr\u00e1 con la intervenci\u00f3n de Rond\u00f3n, quien dispon\u00addr\u00e1 de una hora para concluir intervenci\u00f3n.<\/p>\n\n\n\n<p> Fuente: List\u00edn Diario <\/p>\n","protected":false},"excerpt":{"rendered":"<p>El juicio que conoce el Pri\u00admer Tribunal Colegiado del Distrito Nacional a los seis imputados por los so\u00adbornos de 92 millones de d\u00f3lares que la construc\u00adtora brasile\u00f1a Norberto Odebrecht admiti\u00f3 haber pagado en Rep\u00fablica Do\u00adminicana, para conseguir contratos millonarios de obras entre los a\u00f1os 2001 y 2014, entr\u00f3 ayer en la fase de declaratoria de [&hellip;]<\/p>\n","protected":false},"author":1,"featured_media":807,"comment_status":"open","ping_status":"open","sticky":false,"template":"","format":"standard","meta":{"nf_dc_page":"","jetpack_post_was_ever_published":false,"_jetpack_newsletter_access":"","_jetpack_dont_email_post_to_subs":false,"_jetpack_newsletter_tier_id":0,"_jetpack_memberships_contains_paywalled_content":false,"_jetpack_memberships_contains_paid_content":false,"footnotes":"","jetpack_publicize_message":"","jetpack_publicize_feature_enabled":true,"jetpack_social_post_already_shared":false,"jetpack_social_options":{"image_generator_settings":{"template":"highway","default_image_id":0,"font":"","enabled":false},"version":2}},"categories":[93],"tags":[],"class_list":["post-806","post","type-post","status-publish","format-standard","has-post-thumbnail","hentry","category-justicia"],"yoast_head":"<!-- This site is optimized with the Yoast SEO plugin v27.5 - https:\/\/yoast.com\/product\/yoast-seo-wordpress\/ -->\n<title>\u00c1ngel Rond\u00f3n: \u00a8Jean Alain me propuso involucrar al PRM y que delaciones tumbar\u00edan gobierno de Danilo\u00a8 - Minuto Cero RD<\/title>\n<meta name=\"robots\" content=\"index, follow, max-snippet:-1, max-image-preview:large, max-video-preview:-1\" \/>\n<link rel=\"canonical\" href=\"http:\/\/minutocerord.com\/?p=806\" \/>\n<meta property=\"og:locale\" content=\"es_ES\" \/>\n<meta property=\"og:type\" content=\"article\" \/>\n<meta property=\"og:title\" content=\"\u00c1ngel Rond\u00f3n: \u00a8Jean Alain me propuso involucrar al PRM y que delaciones tumbar\u00edan gobierno de Danilo\u00a8 - Minuto Cero RD\" \/>\n<meta property=\"og:description\" content=\"El juicio que conoce el Pri\u00admer Tribunal Colegiado del Distrito Nacional a los seis imputados por los so\u00adbornos de 92 millones de d\u00f3lares que la construc\u00adtora brasile\u00f1a Norberto Odebrecht admiti\u00f3 haber pagado en Rep\u00fablica Do\u00adminicana, para conseguir contratos millonarios de obras entre los a\u00f1os 2001 y 2014, entr\u00f3 ayer en la fase de declaratoria de [&hellip;]\" \/>\n<meta property=\"og:url\" content=\"http:\/\/minutocerord.com\/?p=806\" \/>\n<meta property=\"og:site_name\" content=\"Minuto Cero RD\" \/>\n<meta property=\"article:publisher\" content=\"https:\/\/www.facebook.com\/Genofnotes\" \/>\n<meta property=\"article:author\" content=\"https:\/\/www.facebook.com\/Genofnotes\" \/>\n<meta property=\"article:published_time\" content=\"2020-11-20T07:02:12+00:00\" \/>\n<meta property=\"article:modified_time\" content=\"2020-11-20T07:07:08+00:00\" \/>\n<meta property=\"og:image\" content=\"https:\/\/i0.wp.com\/minutocerord.com\/wp-content\/uploads\/2020\/11\/Angel-Rondon-1.jpg?fit=900%2C706\" \/>\n\t<meta property=\"og:image:width\" content=\"900\" \/>\n\t<meta property=\"og:image:height\" content=\"706\" \/>\n\t<meta property=\"og:image:type\" content=\"image\/jpeg\" \/>\n<meta name=\"author\" content=\"Genof\u00f3ntes Urb\u00e1ez\" \/>\n<meta name=\"twitter:card\" content=\"summary_large_image\" \/>\n<meta name=\"twitter:label1\" content=\"Written by\" \/>\n\t<meta name=\"twitter:data1\" content=\"Genof\u00f3ntes Urb\u00e1ez\" \/>\n\t<meta name=\"twitter:label2\" content=\"Est. reading time\" \/>\n\t<meta name=\"twitter:data2\" content=\"4 minutos\" \/>\n<script type=\"application\/ld+json\" class=\"yoast-schema-graph\">{\"@context\":\"https:\\\/\\\/schema.org\",\"@graph\":[{\"@type\":\"Article\",\"@id\":\"http:\\\/\\\/minutocerord.com\\\/?p=806#article\",\"isPartOf\":{\"@id\":\"http:\\\/\\\/minutocerord.com\\\/?p=806\"},\"author\":{\"name\":\"Genof\u00f3ntes Urb\u00e1ez\",\"@id\":\"https:\\\/\\\/minutocerord.com\\\/#\\\/schema\\\/person\\\/60b5372d60aaa0a5171fb6488be9aee6\"},\"headline\":\"\u00c1ngel Rond\u00f3n: \u00a8Jean Alain me propuso involucrar al PRM y que delaciones tumbar\u00edan gobierno de Danilo\u00a8\",\"datePublished\":\"2020-11-20T07:02:12+00:00\",\"dateModified\":\"2020-11-20T07:07:08+00:00\",\"mainEntityOfPage\":{\"@id\":\"http:\\\/\\\/minutocerord.com\\\/?p=806\"},\"wordCount\":843,\"commentCount\":0,\"publisher\":{\"@id\":\"https:\\\/\\\/minutocerord.com\\\/#\\\/schema\\\/person\\\/60b5372d60aaa0a5171fb6488be9aee6\"},\"image\":{\"@id\":\"http:\\\/\\\/minutocerord.com\\\/?p=806#primaryimage\"},\"thumbnailUrl\":\"https:\\\/\\\/i0.wp.com\\\/minutocerord.com\\\/wp-content\\\/uploads\\\/2020\\\/11\\\/Angel-Rondon-1.jpg?fit=900%2C706&ssl=1\",\"articleSection\":[\"Justicia\"],\"inLanguage\":\"es-DO\",\"potentialAction\":[{\"@type\":\"CommentAction\",\"name\":\"Comment\",\"target\":[\"http:\\\/\\\/minutocerord.com\\\/?p=806#respond\"]}]},{\"@type\":\"WebPage\",\"@id\":\"http:\\\/\\\/minutocerord.com\\\/?p=806\",\"url\":\"http:\\\/\\\/minutocerord.com\\\/?p=806\",\"name\":\"\u00c1ngel Rond\u00f3n: \u00a8Jean Alain me propuso involucrar al PRM y que delaciones tumbar\u00edan gobierno de Danilo\u00a8 - Minuto Cero RD\",\"isPartOf\":{\"@id\":\"https:\\\/\\\/minutocerord.com\\\/#website\"},\"primaryImageOfPage\":{\"@id\":\"http:\\\/\\\/minutocerord.com\\\/?p=806#primaryimage\"},\"image\":{\"@id\":\"http:\\\/\\\/minutocerord.com\\\/?p=806#primaryimage\"},\"thumbnailUrl\":\"https:\\\/\\\/i0.wp.com\\\/minutocerord.com\\\/wp-content\\\/uploads\\\/2020\\\/11\\\/Angel-Rondon-1.jpg?fit=900%2C706&ssl=1\",\"datePublished\":\"2020-11-20T07:02:12+00:00\",\"dateModified\":\"2020-11-20T07:07:08+00:00\",\"breadcrumb\":{\"@id\":\"http:\\\/\\\/minutocerord.com\\\/?p=806#breadcrumb\"},\"inLanguage\":\"es-DO\",\"potentialAction\":[{\"@type\":\"ReadAction\",\"target\":[\"http:\\\/\\\/minutocerord.com\\\/?p=806\"]}]},{\"@type\":\"ImageObject\",\"inLanguage\":\"es-DO\",\"@id\":\"http:\\\/\\\/minutocerord.com\\\/?p=806#primaryimage\",\"url\":\"https:\\\/\\\/i0.wp.com\\\/minutocerord.com\\\/wp-content\\\/uploads\\\/2020\\\/11\\\/Angel-Rondon-1.jpg?fit=900%2C706&ssl=1\",\"contentUrl\":\"https:\\\/\\\/i0.wp.com\\\/minutocerord.com\\\/wp-content\\\/uploads\\\/2020\\\/11\\\/Angel-Rondon-1.jpg?fit=900%2C706&ssl=1\",\"width\":900,\"height\":706},{\"@type\":\"BreadcrumbList\",\"@id\":\"http:\\\/\\\/minutocerord.com\\\/?p=806#breadcrumb\",\"itemListElement\":[{\"@type\":\"ListItem\",\"position\":1,\"name\":\"Home\",\"item\":\"https:\\\/\\\/minutocerord.com\\\/\"},{\"@type\":\"ListItem\",\"position\":2,\"name\":\"\u00c1ngel Rond\u00f3n: \u00a8Jean Alain me propuso involucrar al PRM y que delaciones tumbar\u00edan gobierno de Danilo\u00a8\"}]},{\"@type\":\"WebSite\",\"@id\":\"https:\\\/\\\/minutocerord.com\\\/#website\",\"url\":\"https:\\\/\\\/minutocerord.com\\\/\",\"name\":\"Minuto Cero RD\",\"description\":\"Periodismo serio y veraz\",\"publisher\":{\"@id\":\"https:\\\/\\\/minutocerord.com\\\/#\\\/schema\\\/person\\\/60b5372d60aaa0a5171fb6488be9aee6\"},\"potentialAction\":[{\"@type\":\"SearchAction\",\"target\":{\"@type\":\"EntryPoint\",\"urlTemplate\":\"https:\\\/\\\/minutocerord.com\\\/?s={search_term_string}\"},\"query-input\":{\"@type\":\"PropertyValueSpecification\",\"valueRequired\":true,\"valueName\":\"search_term_string\"}}],\"inLanguage\":\"es-DO\"},{\"@type\":[\"Person\",\"Organization\"],\"@id\":\"https:\\\/\\\/minutocerord.com\\\/#\\\/schema\\\/person\\\/60b5372d60aaa0a5171fb6488be9aee6\",\"name\":\"Genof\u00f3ntes Urb\u00e1ez\",\"image\":{\"@type\":\"ImageObject\",\"inLanguage\":\"es-DO\",\"@id\":\"https:\\\/\\\/secure.gravatar.com\\\/avatar\\\/a49ef3186a692098ac3e8a1612261e3ad70cf9e44553dff2929e67939a0ecb9d?s=96&d=identicon&r=g\",\"url\":\"https:\\\/\\\/secure.gravatar.com\\\/avatar\\\/a49ef3186a692098ac3e8a1612261e3ad70cf9e44553dff2929e67939a0ecb9d?s=96&d=identicon&r=g\",\"contentUrl\":\"https:\\\/\\\/secure.gravatar.com\\\/avatar\\\/a49ef3186a692098ac3e8a1612261e3ad70cf9e44553dff2929e67939a0ecb9d?s=96&d=identicon&r=g\",\"caption\":\"Genof\u00f3ntes Urb\u00e1ez\"},\"logo\":{\"@id\":\"https:\\\/\\\/secure.gravatar.com\\\/avatar\\\/a49ef3186a692098ac3e8a1612261e3ad70cf9e44553dff2929e67939a0ecb9d?s=96&d=identicon&r=g\"},\"description\":\"Periodista \\\/ Locutor\",\"sameAs\":[\"https:\\\/\\\/www.facebook.com\\\/Genofnotes\",\"https:\\\/\\\/www.instagram.com\\\/genofnotes\\\/\"]}]}<\/script>\n<!-- \/ Yoast SEO plugin. -->","yoast_head_json":{"title":"\u00c1ngel Rond\u00f3n: \u00a8Jean Alain me propuso involucrar al PRM y que delaciones tumbar\u00edan gobierno de Danilo\u00a8 - Minuto Cero RD","robots":{"index":"index","follow":"follow","max-snippet":"max-snippet:-1","max-image-preview":"max-image-preview:large","max-video-preview":"max-video-preview:-1"},"canonical":"http:\/\/minutocerord.com\/?p=806","og_locale":"es_ES","og_type":"article","og_title":"\u00c1ngel Rond\u00f3n: \u00a8Jean Alain me propuso involucrar al PRM y que delaciones tumbar\u00edan gobierno de Danilo\u00a8 - Minuto Cero RD","og_description":"El juicio que conoce el Pri\u00admer Tribunal Colegiado del Distrito Nacional a los seis imputados por los so\u00adbornos de 92 millones de d\u00f3lares que la construc\u00adtora brasile\u00f1a Norberto Odebrecht admiti\u00f3 haber pagado en Rep\u00fablica Do\u00adminicana, para conseguir contratos millonarios de obras entre los a\u00f1os 2001 y 2014, entr\u00f3 ayer en la fase de declaratoria de [&hellip;]","og_url":"http:\/\/minutocerord.com\/?p=806","og_site_name":"Minuto Cero RD","article_publisher":"https:\/\/www.facebook.com\/Genofnotes","article_author":"https:\/\/www.facebook.com\/Genofnotes","article_published_time":"2020-11-20T07:02:12+00:00","article_modified_time":"2020-11-20T07:07:08+00:00","og_image":[{"width":900,"height":706,"url":"https:\/\/i0.wp.com\/minutocerord.com\/wp-content\/uploads\/2020\/11\/Angel-Rondon-1.jpg?fit=900%2C706","type":"image\/jpeg"}],"author":"Genof\u00f3ntes Urb\u00e1ez","twitter_card":"summary_large_image","twitter_misc":{"Written by":"Genof\u00f3ntes Urb\u00e1ez","Est. reading time":"4 minutos"},"schema":{"@context":"https:\/\/schema.org","@graph":[{"@type":"Article","@id":"http:\/\/minutocerord.com\/?p=806#article","isPartOf":{"@id":"http:\/\/minutocerord.com\/?p=806"},"author":{"name":"Genof\u00f3ntes Urb\u00e1ez","@id":"https:\/\/minutocerord.com\/#\/schema\/person\/60b5372d60aaa0a5171fb6488be9aee6"},"headline":"\u00c1ngel Rond\u00f3n: \u00a8Jean Alain me propuso involucrar al PRM y que delaciones tumbar\u00edan gobierno de Danilo\u00a8","datePublished":"2020-11-20T07:02:12+00:00","dateModified":"2020-11-20T07:07:08+00:00","mainEntityOfPage":{"@id":"http:\/\/minutocerord.com\/?p=806"},"wordCount":843,"commentCount":0,"publisher":{"@id":"https:\/\/minutocerord.com\/#\/schema\/person\/60b5372d60aaa0a5171fb6488be9aee6"},"image":{"@id":"http:\/\/minutocerord.com\/?p=806#primaryimage"},"thumbnailUrl":"https:\/\/i0.wp.com\/minutocerord.com\/wp-content\/uploads\/2020\/11\/Angel-Rondon-1.jpg?fit=900%2C706&ssl=1","articleSection":["Justicia"],"inLanguage":"es-DO","potentialAction":[{"@type":"CommentAction","name":"Comment","target":["http:\/\/minutocerord.com\/?p=806#respond"]}]},{"@type":"WebPage","@id":"http:\/\/minutocerord.com\/?p=806","url":"http:\/\/minutocerord.com\/?p=806","name":"\u00c1ngel Rond\u00f3n: \u00a8Jean Alain me propuso involucrar al PRM y que delaciones tumbar\u00edan gobierno de Danilo\u00a8 - Minuto Cero RD","isPartOf":{"@id":"https:\/\/minutocerord.com\/#website"},"primaryImageOfPage":{"@id":"http:\/\/minutocerord.com\/?p=806#primaryimage"},"image":{"@id":"http:\/\/minutocerord.com\/?p=806#primaryimage"},"thumbnailUrl":"https:\/\/i0.wp.com\/minutocerord.com\/wp-content\/uploads\/2020\/11\/Angel-Rondon-1.jpg?fit=900%2C706&ssl=1","datePublished":"2020-11-20T07:02:12+00:00","dateModified":"2020-11-20T07:07:08+00:00","breadcrumb":{"@id":"http:\/\/minutocerord.com\/?p=806#breadcrumb"},"inLanguage":"es-DO","potentialAction":[{"@type":"ReadAction","target":["http:\/\/minutocerord.com\/?p=806"]}]},{"@type":"ImageObject","inLanguage":"es-DO","@id":"http:\/\/minutocerord.com\/?p=806#primaryimage","url":"https:\/\/i0.wp.com\/minutocerord.com\/wp-content\/uploads\/2020\/11\/Angel-Rondon-1.jpg?fit=900%2C706&ssl=1","contentUrl":"https:\/\/i0.wp.com\/minutocerord.com\/wp-content\/uploads\/2020\/11\/Angel-Rondon-1.jpg?fit=900%2C706&ssl=1","width":900,"height":706},{"@type":"BreadcrumbList","@id":"http:\/\/minutocerord.com\/?p=806#breadcrumb","itemListElement":[{"@type":"ListItem","position":1,"name":"Home","item":"https:\/\/minutocerord.com\/"},{"@type":"ListItem","position":2,"name":"\u00c1ngel Rond\u00f3n: \u00a8Jean Alain me propuso involucrar al PRM y que delaciones tumbar\u00edan gobierno de Danilo\u00a8"}]},{"@type":"WebSite","@id":"https:\/\/minutocerord.com\/#website","url":"https:\/\/minutocerord.com\/","name":"Minuto Cero RD","description":"Periodismo serio y veraz","publisher":{"@id":"https:\/\/minutocerord.com\/#\/schema\/person\/60b5372d60aaa0a5171fb6488be9aee6"},"potentialAction":[{"@type":"SearchAction","target":{"@type":"EntryPoint","urlTemplate":"https:\/\/minutocerord.com\/?s={search_term_string}"},"query-input":{"@type":"PropertyValueSpecification","valueRequired":true,"valueName":"search_term_string"}}],"inLanguage":"es-DO"},{"@type":["Person","Organization"],"@id":"https:\/\/minutocerord.com\/#\/schema\/person\/60b5372d60aaa0a5171fb6488be9aee6","name":"Genof\u00f3ntes Urb\u00e1ez","image":{"@type":"ImageObject","inLanguage":"es-DO","@id":"https:\/\/secure.gravatar.com\/avatar\/a49ef3186a692098ac3e8a1612261e3ad70cf9e44553dff2929e67939a0ecb9d?s=96&d=identicon&r=g","url":"https:\/\/secure.gravatar.com\/avatar\/a49ef3186a692098ac3e8a1612261e3ad70cf9e44553dff2929e67939a0ecb9d?s=96&d=identicon&r=g","contentUrl":"https:\/\/secure.gravatar.com\/avatar\/a49ef3186a692098ac3e8a1612261e3ad70cf9e44553dff2929e67939a0ecb9d?s=96&d=identicon&r=g","caption":"Genof\u00f3ntes Urb\u00e1ez"},"logo":{"@id":"https:\/\/secure.gravatar.com\/avatar\/a49ef3186a692098ac3e8a1612261e3ad70cf9e44553dff2929e67939a0ecb9d?s=96&d=identicon&r=g"},"description":"Periodista \/ Locutor","sameAs":["https:\/\/www.facebook.com\/Genofnotes","https:\/\/www.instagram.com\/genofnotes\/"]}]}},"jetpack_publicize_connections":[],"jetpack_featured_media_url":"https:\/\/i0.wp.com\/minutocerord.com\/wp-content\/uploads\/2020\/11\/Angel-Rondon-1.jpg?fit=900%2C706&ssl=1","jetpack-related-posts":[],"jetpack_sharing_enabled":true,"_links":{"self":[{"href":"https:\/\/minutocerord.com\/index.php?rest_route=\/wp\/v2\/posts\/806","targetHints":{"allow":["GET"]}}],"collection":[{"href":"https:\/\/minutocerord.com\/index.php?rest_route=\/wp\/v2\/posts"}],"about":[{"href":"https:\/\/minutocerord.com\/index.php?rest_route=\/wp\/v2\/types\/post"}],"author":[{"embeddable":true,"href":"https:\/\/minutocerord.com\/index.php?rest_route=\/wp\/v2\/users\/1"}],"replies":[{"embeddable":true,"href":"https:\/\/minutocerord.com\/index.php?rest_route=%2Fwp%2Fv2%2Fcomments&post=806"}],"version-history":[{"count":3,"href":"https:\/\/minutocerord.com\/index.php?rest_route=\/wp\/v2\/posts\/806\/revisions"}],"predecessor-version":[{"id":810,"href":"https:\/\/minutocerord.com\/index.php?rest_route=\/wp\/v2\/posts\/806\/revisions\/810"}],"wp:featuredmedia":[{"embeddable":true,"href":"https:\/\/minutocerord.com\/index.php?rest_route=\/wp\/v2\/media\/807"}],"wp:attachment":[{"href":"https:\/\/minutocerord.com\/index.php?rest_route=%2Fwp%2Fv2%2Fmedia&parent=806"}],"wp:term":[{"taxonomy":"category","embeddable":true,"href":"https:\/\/minutocerord.com\/index.php?rest_route=%2Fwp%2Fv2%2Fcategories&post=806"},{"taxonomy":"post_tag","embeddable":true,"href":"https:\/\/minutocerord.com\/index.php?rest_route=%2Fwp%2Fv2%2Ftags&post=806"}],"curies":[{"name":"wp","href":"https:\/\/api.w.org\/{rel}","templated":true}]}}