{"id":8073,"date":"2022-03-10T15:41:50","date_gmt":"2022-03-10T19:41:50","guid":{"rendered":"https:\/\/minutocerord.com\/?p=8073"},"modified":"2022-03-10T15:41:53","modified_gmt":"2022-03-10T19:41:53","slug":"ee-uu-reanudara-visado-de-turista-de-forma-limitada-en-rep-dominicana","status":"publish","type":"post","link":"https:\/\/minutocerord.com\/?p=8073","title":{"rendered":"EE.UU. reanudar\u00e1 visado de turista de forma limitada en Rep. Dominicana"},"content":{"rendered":"\n<p><strong>Santo Domingo, RD<\/strong>.- La Embajada de los Estados Unidos inform\u00f3 este jueves que reanudar\u00e1 el visado de turista de forma limitada, solo para los solicitantes con\u00a0<strong>recibos pagados entre el 14 de marzo \u00a0de 2019 al 13 de marzo del 2020.<\/strong><\/p>\n\n\n\n<p>A continuaci\u00f3n reproducimos el comunicado.<\/p>\n\n\n\n<p>La Embajada de los Estados Unidos contin\u00faa brindando servicios regulares a los ciudadanos estadounidenses y un enfoque continuo en el manejo de solicitudes acumuladas de visa de inmigrante de todas las categor\u00edas, as\u00ed como visas de no-inmigrante para estudiantes y trabajadores.<\/p>\n\n\n\n<p>Adicionalmente,&nbsp;<strong>la Embajada le dar\u00e1 prioridad aquellos solicitantes de visa de turista (B1\/B2) cuyas citas originales fueron canceladas el 13 de marzo de 2020<\/strong>.<\/p>\n\n\n\n<p>Los solicitantes en esta categor\u00eda afectada deben iniciar sesi\u00f3n en sus perfiles,&nbsp;<strong>confirmar que sus correos electr\u00f3nicos est\u00e9n actualizados<\/strong>&nbsp;y seguir las instrucciones recibidas mediante el correo electr\u00f3nico sobre c\u00f3mo reprogramar.<\/p>\n\n\n\n<p>Una vez que este grupo de solicitantes haya sido procesado, reanudaremos las citas de manera limitada y gradual seg\u00fan lo permitan los recursos de personal. Los solicitantes deben esperar un tiempo de espera m\u00e1s largo de lo normal para este servicio y planificar en consecuencia.<\/p>\n\n\n\n<p>Tenga en cuenta que debido a una acumulaci\u00f3n cada vez mayor de solicitudes de citas para visas,&nbsp;<strong>los solicitantes experimentar\u00e1n retrasos en la disponibilidad de citas.<\/strong>&nbsp;Respetaremos las citas que ya est\u00e1n programadas por lo que sugerimos a todos los solicitantes a no reprogramar dichas citas, ya que un intento de reprogramar una cita ya existente podr\u00eda resultar f\u00e1cilmente no solo la p\u00e9rdida de su cita actual, sino tambi\u00e9n en la imposibilidad de reprogramar una nueva cita hasta mucho m\u00e1s tarde.<\/p>\n\n\n\n<p><strong>Informaci\u00f3n adicional<\/strong><\/p>\n\n\n\n<p>Las personas solicitando para la misma clase de visa y cuya visa anterior venci\u00f3 en los \u00faltimos 48 meses pueden ser elegibles para la exenci\u00f3n de entrevista. Los solicitantes pueden programar una cita de renovaci\u00f3n aqu\u00ed:&nbsp;<a href=\"https:\/\/ustraveldocs.com\/do_es\/do-niv-visarenew.asp\">Renovaci\u00f3n<\/a><\/p>\n\n\n\n<p><strong>Citas de emergencia<\/strong>: si los solicitantes tienen una necesidad urgente de viajar, pueden solicitar una cita de emergencia siguiendo la gu\u00eda que se encuentra aqu\u00ed:&nbsp;<a href=\"https:\/\/ustraveldocs.com\/do_es\/do-niv-expeditedappointment.asp\">Adelanto de cita<\/a><\/p>\n\n\n\n<p><strong>El Departamento de Estado de EE. UU. ha extendido la validez de los pagos de visa (conocidos como la tarifa MRV) hasta el 30 de septiembre de 2023<\/strong>, para permitir que todos los solicitantes que no pudieron programar una cita de visa, debido a la suspensi\u00f3n de las operaciones consulares de rutina, tengan la oportunidad de programar y\/o asistir a una cita de visa con la tarifa pagada.<\/p>\n\n\n\n<p><strong>Solicitantes no-residentes:<\/strong>&nbsp;Las citas de rutina para solicitantes que no residen habitualmente en la Rep\u00fablica Dominicana no est\u00e1n disponibles en este momento. Cualquier solicitante que resida actualmente en los Estados Unidos y desee extender su estad\u00eda legal debe comunicarse con los Servicios de Ciudadan\u00eda e Inmigraci\u00f3n de los Estados Unidos aqu\u00ed:&nbsp;<a href=\"https:\/\/www.uscis.gov\/\">USCIS.<\/a><\/p>\n\n\n\n<p>Los solicitantes que ingresen a la Embajada deben usar mascarilla en todo momento y seguir los protocolos de distanciamiento social. Cualquier solicitante con s\u00edntomas como tos, dolor de garganta o fiebre debe reprogramar su entrevista siguiendo las instrucciones aqu\u00ed:&nbsp;<a href=\"https:\/\/cgifederal.secure.force.com\/?language=English&amp;country=Dominican%20Republic\">Reprogramar.<\/a><\/p>\n","protected":false},"excerpt":{"rendered":"<p>Santo Domingo, RD.- La Embajada de los Estados Unidos inform\u00f3 este jueves que reanudar\u00e1 el visado de turista de forma limitada, solo para los solicitantes con\u00a0recibos pagados entre el 14 de marzo \u00a0de 2019 al 13 de marzo del 2020. A continuaci\u00f3n reproducimos el comunicado. La Embajada de los Estados Unidos contin\u00faa brindando servicios regulares [&hellip;]<\/p>\n","protected":false},"author":1,"featured_media":8074,"comment_status":"open","ping_status":"open","sticky":false,"template":"","format":"standard","meta":{"nf_dc_page":"","jetpack_post_was_ever_published":false,"_jetpack_newsletter_access":"","_jetpack_dont_email_post_to_subs":false,"_jetpack_newsletter_tier_id":0,"_jetpack_memberships_contains_paywalled_content":false,"_jetpack_memberships_contains_paid_content":false,"footnotes":"","jetpack_publicize_message":"","jetpack_publicize_feature_enabled":true,"jetpack_social_post_already_shared":false,"jetpack_social_options":{"image_generator_settings":{"template":"highway","default_image_id":0,"font":"","enabled":false},"version":2}},"categories":[65],"tags":[],"class_list":["post-8073","post","type-post","status-publish","format-standard","has-post-thumbnail","hentry","category-nacionales"],"yoast_head":"<!-- This site is optimized with the Yoast SEO plugin v27.4 - https:\/\/yoast.com\/product\/yoast-seo-wordpress\/ -->\n<title>EE.UU. reanudar\u00e1 visado de turista de forma limitada en Rep. Dominicana - Minuto Cero RD<\/title>\n<meta name=\"robots\" content=\"index, follow, max-snippet:-1, max-image-preview:large, max-video-preview:-1\" \/>\n<link rel=\"canonical\" href=\"http:\/\/minutocerord.com\/?p=8073\" \/>\n<meta property=\"og:locale\" content=\"es_ES\" \/>\n<meta property=\"og:type\" content=\"article\" \/>\n<meta property=\"og:title\" content=\"EE.UU. reanudar\u00e1 visado de turista de forma limitada en Rep. Dominicana - Minuto Cero RD\" \/>\n<meta property=\"og:description\" content=\"Santo Domingo, RD.- La Embajada de los Estados Unidos inform\u00f3 este jueves que reanudar\u00e1 el visado de turista de forma limitada, solo para los solicitantes con\u00a0recibos pagados entre el 14 de marzo \u00a0de 2019 al 13 de marzo del 2020. A continuaci\u00f3n reproducimos el comunicado. La Embajada de los Estados Unidos contin\u00faa brindando servicios regulares [&hellip;]\" \/>\n<meta property=\"og:url\" content=\"http:\/\/minutocerord.com\/?p=8073\" \/>\n<meta property=\"og:site_name\" content=\"Minuto Cero RD\" \/>\n<meta property=\"article:publisher\" content=\"https:\/\/www.facebook.com\/Genofnotes\" \/>\n<meta property=\"article:author\" content=\"https:\/\/www.facebook.com\/Genofnotes\" \/>\n<meta property=\"article:published_time\" content=\"2022-03-10T19:41:50+00:00\" \/>\n<meta property=\"article:modified_time\" content=\"2022-03-10T19:41:53+00:00\" \/>\n<meta property=\"og:image\" content=\"https:\/\/i0.wp.com\/minutocerord.com\/wp-content\/uploads\/2022\/03\/embajda-2.jpg?fit=677%2C452\" \/>\n\t<meta property=\"og:image:width\" content=\"677\" \/>\n\t<meta property=\"og:image:height\" content=\"452\" \/>\n\t<meta property=\"og:image:type\" content=\"image\/jpeg\" \/>\n<meta name=\"author\" content=\"Genof\u00f3ntes Urb\u00e1ez\" \/>\n<meta name=\"twitter:card\" content=\"summary_large_image\" \/>\n<meta name=\"twitter:label1\" content=\"Written by\" \/>\n\t<meta name=\"twitter:data1\" content=\"Genof\u00f3ntes Urb\u00e1ez\" \/>\n\t<meta name=\"twitter:label2\" content=\"Est. reading time\" \/>\n\t<meta name=\"twitter:data2\" content=\"3 minutos\" \/>\n<script type=\"application\/ld+json\" class=\"yoast-schema-graph\">{\"@context\":\"https:\\\/\\\/schema.org\",\"@graph\":[{\"@type\":\"Article\",\"@id\":\"http:\\\/\\\/minutocerord.com\\\/?p=8073#article\",\"isPartOf\":{\"@id\":\"http:\\\/\\\/minutocerord.com\\\/?p=8073\"},\"author\":{\"name\":\"Genof\u00f3ntes Urb\u00e1ez\",\"@id\":\"https:\\\/\\\/minutocerord.com\\\/#\\\/schema\\\/person\\\/60b5372d60aaa0a5171fb6488be9aee6\"},\"headline\":\"EE.UU. reanudar\u00e1 visado de turista de forma limitada en Rep. Dominicana\",\"datePublished\":\"2022-03-10T19:41:50+00:00\",\"dateModified\":\"2022-03-10T19:41:53+00:00\",\"mainEntityOfPage\":{\"@id\":\"http:\\\/\\\/minutocerord.com\\\/?p=8073\"},\"wordCount\":542,\"commentCount\":0,\"publisher\":{\"@id\":\"https:\\\/\\\/minutocerord.com\\\/#\\\/schema\\\/person\\\/60b5372d60aaa0a5171fb6488be9aee6\"},\"image\":{\"@id\":\"http:\\\/\\\/minutocerord.com\\\/?p=8073#primaryimage\"},\"thumbnailUrl\":\"https:\\\/\\\/i0.wp.com\\\/minutocerord.com\\\/wp-content\\\/uploads\\\/2022\\\/03\\\/embajda-2.jpg?fit=677%2C452&ssl=1\",\"articleSection\":[\"Nacionales\"],\"inLanguage\":\"es-DO\",\"potentialAction\":[{\"@type\":\"CommentAction\",\"name\":\"Comment\",\"target\":[\"http:\\\/\\\/minutocerord.com\\\/?p=8073#respond\"]}]},{\"@type\":\"WebPage\",\"@id\":\"http:\\\/\\\/minutocerord.com\\\/?p=8073\",\"url\":\"http:\\\/\\\/minutocerord.com\\\/?p=8073\",\"name\":\"EE.UU. reanudar\u00e1 visado de turista de forma limitada en Rep. Dominicana - Minuto Cero RD\",\"isPartOf\":{\"@id\":\"https:\\\/\\\/minutocerord.com\\\/#website\"},\"primaryImageOfPage\":{\"@id\":\"http:\\\/\\\/minutocerord.com\\\/?p=8073#primaryimage\"},\"image\":{\"@id\":\"http:\\\/\\\/minutocerord.com\\\/?p=8073#primaryimage\"},\"thumbnailUrl\":\"https:\\\/\\\/i0.wp.com\\\/minutocerord.com\\\/wp-content\\\/uploads\\\/2022\\\/03\\\/embajda-2.jpg?fit=677%2C452&ssl=1\",\"datePublished\":\"2022-03-10T19:41:50+00:00\",\"dateModified\":\"2022-03-10T19:41:53+00:00\",\"breadcrumb\":{\"@id\":\"http:\\\/\\\/minutocerord.com\\\/?p=8073#breadcrumb\"},\"inLanguage\":\"es-DO\",\"potentialAction\":[{\"@type\":\"ReadAction\",\"target\":[\"http:\\\/\\\/minutocerord.com\\\/?p=8073\"]}]},{\"@type\":\"ImageObject\",\"inLanguage\":\"es-DO\",\"@id\":\"http:\\\/\\\/minutocerord.com\\\/?p=8073#primaryimage\",\"url\":\"https:\\\/\\\/i0.wp.com\\\/minutocerord.com\\\/wp-content\\\/uploads\\\/2022\\\/03\\\/embajda-2.jpg?fit=677%2C452&ssl=1\",\"contentUrl\":\"https:\\\/\\\/i0.wp.com\\\/minutocerord.com\\\/wp-content\\\/uploads\\\/2022\\\/03\\\/embajda-2.jpg?fit=677%2C452&ssl=1\",\"width\":677,\"height\":452},{\"@type\":\"BreadcrumbList\",\"@id\":\"http:\\\/\\\/minutocerord.com\\\/?p=8073#breadcrumb\",\"itemListElement\":[{\"@type\":\"ListItem\",\"position\":1,\"name\":\"Home\",\"item\":\"https:\\\/\\\/minutocerord.com\\\/\"},{\"@type\":\"ListItem\",\"position\":2,\"name\":\"EE.UU. reanudar\u00e1 visado de turista de forma limitada en Rep. Dominicana\"}]},{\"@type\":\"WebSite\",\"@id\":\"https:\\\/\\\/minutocerord.com\\\/#website\",\"url\":\"https:\\\/\\\/minutocerord.com\\\/\",\"name\":\"Minuto Cero RD\",\"description\":\"Periodismo serio y veraz\",\"publisher\":{\"@id\":\"https:\\\/\\\/minutocerord.com\\\/#\\\/schema\\\/person\\\/60b5372d60aaa0a5171fb6488be9aee6\"},\"potentialAction\":[{\"@type\":\"SearchAction\",\"target\":{\"@type\":\"EntryPoint\",\"urlTemplate\":\"https:\\\/\\\/minutocerord.com\\\/?s={search_term_string}\"},\"query-input\":{\"@type\":\"PropertyValueSpecification\",\"valueRequired\":true,\"valueName\":\"search_term_string\"}}],\"inLanguage\":\"es-DO\"},{\"@type\":[\"Person\",\"Organization\"],\"@id\":\"https:\\\/\\\/minutocerord.com\\\/#\\\/schema\\\/person\\\/60b5372d60aaa0a5171fb6488be9aee6\",\"name\":\"Genof\u00f3ntes Urb\u00e1ez\",\"image\":{\"@type\":\"ImageObject\",\"inLanguage\":\"es-DO\",\"@id\":\"https:\\\/\\\/secure.gravatar.com\\\/avatar\\\/a49ef3186a692098ac3e8a1612261e3ad70cf9e44553dff2929e67939a0ecb9d?s=96&d=identicon&r=g\",\"url\":\"https:\\\/\\\/secure.gravatar.com\\\/avatar\\\/a49ef3186a692098ac3e8a1612261e3ad70cf9e44553dff2929e67939a0ecb9d?s=96&d=identicon&r=g\",\"contentUrl\":\"https:\\\/\\\/secure.gravatar.com\\\/avatar\\\/a49ef3186a692098ac3e8a1612261e3ad70cf9e44553dff2929e67939a0ecb9d?s=96&d=identicon&r=g\",\"caption\":\"Genof\u00f3ntes Urb\u00e1ez\"},\"logo\":{\"@id\":\"https:\\\/\\\/secure.gravatar.com\\\/avatar\\\/a49ef3186a692098ac3e8a1612261e3ad70cf9e44553dff2929e67939a0ecb9d?s=96&d=identicon&r=g\"},\"description\":\"Periodista \\\/ Locutor\",\"sameAs\":[\"https:\\\/\\\/www.facebook.com\\\/Genofnotes\",\"https:\\\/\\\/www.instagram.com\\\/genofnotes\\\/\"]}]}<\/script>\n<!-- \/ Yoast SEO plugin. -->","yoast_head_json":{"title":"EE.UU. reanudar\u00e1 visado de turista de forma limitada en Rep. Dominicana - Minuto Cero RD","robots":{"index":"index","follow":"follow","max-snippet":"max-snippet:-1","max-image-preview":"max-image-preview:large","max-video-preview":"max-video-preview:-1"},"canonical":"http:\/\/minutocerord.com\/?p=8073","og_locale":"es_ES","og_type":"article","og_title":"EE.UU. reanudar\u00e1 visado de turista de forma limitada en Rep. Dominicana - Minuto Cero RD","og_description":"Santo Domingo, RD.- La Embajada de los Estados Unidos inform\u00f3 este jueves que reanudar\u00e1 el visado de turista de forma limitada, solo para los solicitantes con\u00a0recibos pagados entre el 14 de marzo \u00a0de 2019 al 13 de marzo del 2020. A continuaci\u00f3n reproducimos el comunicado. La Embajada de los Estados Unidos contin\u00faa brindando servicios regulares [&hellip;]","og_url":"http:\/\/minutocerord.com\/?p=8073","og_site_name":"Minuto Cero RD","article_publisher":"https:\/\/www.facebook.com\/Genofnotes","article_author":"https:\/\/www.facebook.com\/Genofnotes","article_published_time":"2022-03-10T19:41:50+00:00","article_modified_time":"2022-03-10T19:41:53+00:00","og_image":[{"width":677,"height":452,"url":"https:\/\/i0.wp.com\/minutocerord.com\/wp-content\/uploads\/2022\/03\/embajda-2.jpg?fit=677%2C452","type":"image\/jpeg"}],"author":"Genof\u00f3ntes Urb\u00e1ez","twitter_card":"summary_large_image","twitter_misc":{"Written by":"Genof\u00f3ntes Urb\u00e1ez","Est. reading time":"3 minutos"},"schema":{"@context":"https:\/\/schema.org","@graph":[{"@type":"Article","@id":"http:\/\/minutocerord.com\/?p=8073#article","isPartOf":{"@id":"http:\/\/minutocerord.com\/?p=8073"},"author":{"name":"Genof\u00f3ntes Urb\u00e1ez","@id":"https:\/\/minutocerord.com\/#\/schema\/person\/60b5372d60aaa0a5171fb6488be9aee6"},"headline":"EE.UU. reanudar\u00e1 visado de turista de forma limitada en Rep. Dominicana","datePublished":"2022-03-10T19:41:50+00:00","dateModified":"2022-03-10T19:41:53+00:00","mainEntityOfPage":{"@id":"http:\/\/minutocerord.com\/?p=8073"},"wordCount":542,"commentCount":0,"publisher":{"@id":"https:\/\/minutocerord.com\/#\/schema\/person\/60b5372d60aaa0a5171fb6488be9aee6"},"image":{"@id":"http:\/\/minutocerord.com\/?p=8073#primaryimage"},"thumbnailUrl":"https:\/\/i0.wp.com\/minutocerord.com\/wp-content\/uploads\/2022\/03\/embajda-2.jpg?fit=677%2C452&ssl=1","articleSection":["Nacionales"],"inLanguage":"es-DO","potentialAction":[{"@type":"CommentAction","name":"Comment","target":["http:\/\/minutocerord.com\/?p=8073#respond"]}]},{"@type":"WebPage","@id":"http:\/\/minutocerord.com\/?p=8073","url":"http:\/\/minutocerord.com\/?p=8073","name":"EE.UU. reanudar\u00e1 visado de turista de forma limitada en Rep. Dominicana - Minuto Cero RD","isPartOf":{"@id":"https:\/\/minutocerord.com\/#website"},"primaryImageOfPage":{"@id":"http:\/\/minutocerord.com\/?p=8073#primaryimage"},"image":{"@id":"http:\/\/minutocerord.com\/?p=8073#primaryimage"},"thumbnailUrl":"https:\/\/i0.wp.com\/minutocerord.com\/wp-content\/uploads\/2022\/03\/embajda-2.jpg?fit=677%2C452&ssl=1","datePublished":"2022-03-10T19:41:50+00:00","dateModified":"2022-03-10T19:41:53+00:00","breadcrumb":{"@id":"http:\/\/minutocerord.com\/?p=8073#breadcrumb"},"inLanguage":"es-DO","potentialAction":[{"@type":"ReadAction","target":["http:\/\/minutocerord.com\/?p=8073"]}]},{"@type":"ImageObject","inLanguage":"es-DO","@id":"http:\/\/minutocerord.com\/?p=8073#primaryimage","url":"https:\/\/i0.wp.com\/minutocerord.com\/wp-content\/uploads\/2022\/03\/embajda-2.jpg?fit=677%2C452&ssl=1","contentUrl":"https:\/\/i0.wp.com\/minutocerord.com\/wp-content\/uploads\/2022\/03\/embajda-2.jpg?fit=677%2C452&ssl=1","width":677,"height":452},{"@type":"BreadcrumbList","@id":"http:\/\/minutocerord.com\/?p=8073#breadcrumb","itemListElement":[{"@type":"ListItem","position":1,"name":"Home","item":"https:\/\/minutocerord.com\/"},{"@type":"ListItem","position":2,"name":"EE.UU. reanudar\u00e1 visado de turista de forma limitada en Rep. Dominicana"}]},{"@type":"WebSite","@id":"https:\/\/minutocerord.com\/#website","url":"https:\/\/minutocerord.com\/","name":"Minuto Cero RD","description":"Periodismo serio y veraz","publisher":{"@id":"https:\/\/minutocerord.com\/#\/schema\/person\/60b5372d60aaa0a5171fb6488be9aee6"},"potentialAction":[{"@type":"SearchAction","target":{"@type":"EntryPoint","urlTemplate":"https:\/\/minutocerord.com\/?s={search_term_string}"},"query-input":{"@type":"PropertyValueSpecification","valueRequired":true,"valueName":"search_term_string"}}],"inLanguage":"es-DO"},{"@type":["Person","Organization"],"@id":"https:\/\/minutocerord.com\/#\/schema\/person\/60b5372d60aaa0a5171fb6488be9aee6","name":"Genof\u00f3ntes Urb\u00e1ez","image":{"@type":"ImageObject","inLanguage":"es-DO","@id":"https:\/\/secure.gravatar.com\/avatar\/a49ef3186a692098ac3e8a1612261e3ad70cf9e44553dff2929e67939a0ecb9d?s=96&d=identicon&r=g","url":"https:\/\/secure.gravatar.com\/avatar\/a49ef3186a692098ac3e8a1612261e3ad70cf9e44553dff2929e67939a0ecb9d?s=96&d=identicon&r=g","contentUrl":"https:\/\/secure.gravatar.com\/avatar\/a49ef3186a692098ac3e8a1612261e3ad70cf9e44553dff2929e67939a0ecb9d?s=96&d=identicon&r=g","caption":"Genof\u00f3ntes Urb\u00e1ez"},"logo":{"@id":"https:\/\/secure.gravatar.com\/avatar\/a49ef3186a692098ac3e8a1612261e3ad70cf9e44553dff2929e67939a0ecb9d?s=96&d=identicon&r=g"},"description":"Periodista \/ Locutor","sameAs":["https:\/\/www.facebook.com\/Genofnotes","https:\/\/www.instagram.com\/genofnotes\/"]}]}},"jetpack_publicize_connections":[],"jetpack_featured_media_url":"https:\/\/i0.wp.com\/minutocerord.com\/wp-content\/uploads\/2022\/03\/embajda-2.jpg?fit=677%2C452&ssl=1","jetpack-related-posts":[],"jetpack_sharing_enabled":true,"_links":{"self":[{"href":"https:\/\/minutocerord.com\/index.php?rest_route=\/wp\/v2\/posts\/8073","targetHints":{"allow":["GET"]}}],"collection":[{"href":"https:\/\/minutocerord.com\/index.php?rest_route=\/wp\/v2\/posts"}],"about":[{"href":"https:\/\/minutocerord.com\/index.php?rest_route=\/wp\/v2\/types\/post"}],"author":[{"embeddable":true,"href":"https:\/\/minutocerord.com\/index.php?rest_route=\/wp\/v2\/users\/1"}],"replies":[{"embeddable":true,"href":"https:\/\/minutocerord.com\/index.php?rest_route=%2Fwp%2Fv2%2Fcomments&post=8073"}],"version-history":[{"count":1,"href":"https:\/\/minutocerord.com\/index.php?rest_route=\/wp\/v2\/posts\/8073\/revisions"}],"predecessor-version":[{"id":8075,"href":"https:\/\/minutocerord.com\/index.php?rest_route=\/wp\/v2\/posts\/8073\/revisions\/8075"}],"wp:featuredmedia":[{"embeddable":true,"href":"https:\/\/minutocerord.com\/index.php?rest_route=\/wp\/v2\/media\/8074"}],"wp:attachment":[{"href":"https:\/\/minutocerord.com\/index.php?rest_route=%2Fwp%2Fv2%2Fmedia&parent=8073"}],"wp:term":[{"taxonomy":"category","embeddable":true,"href":"https:\/\/minutocerord.com\/index.php?rest_route=%2Fwp%2Fv2%2Fcategories&post=8073"},{"taxonomy":"post_tag","embeddable":true,"href":"https:\/\/minutocerord.com\/index.php?rest_route=%2Fwp%2Fv2%2Ftags&post=8073"}],"curies":[{"name":"wp","href":"https:\/\/api.w.org\/{rel}","templated":true}]}}