{"id":8076,"date":"2022-03-10T15:50:10","date_gmt":"2022-03-10T19:50:10","guid":{"rendered":"https:\/\/minutocerord.com\/?p=8076"},"modified":"2022-03-10T15:50:12","modified_gmt":"2022-03-10T19:50:12","slug":"dos-implicados-en-caso-discovery-pertenecen-a-pandilla-los-trinitarios-dice-fiscalia","status":"publish","type":"post","link":"https:\/\/minutocerord.com\/?p=8076","title":{"rendered":"Dos implicados en caso Discovery pertenecen a pandilla &#8220;Los Trinitarios&#8221;, dice Fiscal\u00eda"},"content":{"rendered":"\n<p>\u00a0<strong>Santo Domingo, RD.- <\/strong>Dos de los implicados en el caso Discovery fueron denominados miembros de la pandilla\u00a0 \u201cLos Trinitarios\u201d, que tambi\u00e9n tiene operaci\u00f3n internacional.\u00a0<\/p>\n\n\n\n<p>Los se\u00f1alados son David Antonio Guzm\u00e1n Javier y Genaro Antonio Hern\u00e1ndez Caba, de acuerdo con el Ministerio P\u00fablico.&nbsp;<\/p>\n\n\n\n<p>El pasado 2 de marzo se realizaron allanamientos en el centro de operaciones clandestina de Hern\u00e1ndez (Moreno K5), ubicado en un edificio en la autopista Duarte, en Santiago.&nbsp;<\/p>\n\n\n\n<p>All\u00ed funcionaba el centro de llamadas que administra Guzm\u00e1n Javier, quien en un principio dijo que era el encargado y luego desminti\u00f3 su versi\u00f3n y aclar\u00f3 que era el chofer que llevaba a los empleados a sus hogares, informaci\u00f3n corroborada por el fiscal Ernis Mell.<a><\/a><\/p>\n\n\n\n<p>Sin embargo, es un miembro importante de la organizaci\u00f3n criminal y \u201csicario\u201d al servicio de Genaro.&nbsp;<\/p>\n\n\n\n<p>Seg\u00fan el documento acusatorio, Guzm\u00e1n Javier controlaba las operaciones ilegales desde el call center, transportaba dinero proveniente de los env\u00edos que le realizaban desde Estados Unidos otros miembros de la organizaci\u00f3n y las v\u00edctimas de la red, portaba armas de fuego ilegales y tambi\u00e9n consume de drogas.<\/p>\n\n\n\n<p>Por otro lado, Genaro es el due\u00f1o de un centro de llamadas ilegal desde donde presuntamente se estafaba a las personas \u201ccon las dram\u00e1ticas escenas de accidentes y hechos de sangre, llamando a las v\u00edctimas y coloc\u00e1ndolas en un momento de desesperaci\u00f3n tal que lo \u00fanico que piense sea en resolver lo planteado, con el dep\u00f3sito de altas sumas de dinero en d\u00f3lares\u201d.<\/p>\n","protected":false},"excerpt":{"rendered":"<p>\u00a0Santo Domingo, RD.- Dos de los implicados en el caso Discovery fueron denominados miembros de la pandilla\u00a0 \u201cLos Trinitarios\u201d, que tambi\u00e9n tiene operaci\u00f3n internacional.\u00a0 Los se\u00f1alados son David Antonio Guzm\u00e1n Javier y Genaro Antonio Hern\u00e1ndez Caba, de acuerdo con el Ministerio P\u00fablico.&nbsp; El pasado 2 de marzo se realizaron allanamientos en el centro de operaciones [&hellip;]<\/p>\n","protected":false},"author":1,"featured_media":8077,"comment_status":"open","ping_status":"open","sticky":false,"template":"","format":"standard","meta":{"nf_dc_page":"","jetpack_post_was_ever_published":false,"_jetpack_newsletter_access":"","_jetpack_dont_email_post_to_subs":false,"_jetpack_newsletter_tier_id":0,"_jetpack_memberships_contains_paywalled_content":false,"_jetpack_memberships_contains_paid_content":false,"footnotes":"","jetpack_publicize_message":"","jetpack_publicize_feature_enabled":true,"jetpack_social_post_already_shared":false,"jetpack_social_options":{"image_generator_settings":{"template":"highway","default_image_id":0,"font":"","enabled":false},"version":2}},"categories":[65],"tags":[],"class_list":["post-8076","post","type-post","status-publish","format-standard","has-post-thumbnail","hentry","category-nacionales"],"yoast_head":"<!-- This site is optimized with the Yoast SEO plugin v27.4 - https:\/\/yoast.com\/product\/yoast-seo-wordpress\/ -->\n<title>Dos implicados en caso Discovery pertenecen a pandilla &quot;Los Trinitarios&quot;, dice Fiscal\u00eda - Minuto Cero RD<\/title>\n<meta name=\"robots\" content=\"index, follow, max-snippet:-1, max-image-preview:large, max-video-preview:-1\" \/>\n<link rel=\"canonical\" href=\"https:\/\/minutocerord.com\/?p=8076\" \/>\n<meta property=\"og:locale\" content=\"es_ES\" \/>\n<meta property=\"og:type\" content=\"article\" \/>\n<meta property=\"og:title\" content=\"Dos implicados en caso Discovery pertenecen a pandilla &quot;Los Trinitarios&quot;, dice Fiscal\u00eda - Minuto Cero RD\" \/>\n<meta property=\"og:description\" content=\"\u00a0Santo Domingo, RD.- Dos de los implicados en el caso Discovery fueron denominados miembros de la pandilla\u00a0 \u201cLos Trinitarios\u201d, que tambi\u00e9n tiene operaci\u00f3n internacional.\u00a0 Los se\u00f1alados son David Antonio Guzm\u00e1n Javier y Genaro Antonio Hern\u00e1ndez Caba, de acuerdo con el Ministerio P\u00fablico.&nbsp; El pasado 2 de marzo se realizaron allanamientos en el centro de operaciones [&hellip;]\" \/>\n<meta property=\"og:url\" content=\"https:\/\/minutocerord.com\/?p=8076\" \/>\n<meta property=\"og:site_name\" content=\"Minuto Cero RD\" \/>\n<meta property=\"article:publisher\" content=\"https:\/\/www.facebook.com\/Genofnotes\" \/>\n<meta property=\"article:author\" content=\"https:\/\/www.facebook.com\/Genofnotes\" \/>\n<meta property=\"article:published_time\" content=\"2022-03-10T19:50:10+00:00\" \/>\n<meta property=\"article:modified_time\" content=\"2022-03-10T19:50:12+00:00\" \/>\n<meta property=\"og:image\" content=\"https:\/\/i0.wp.com\/minutocerord.com\/wp-content\/uploads\/2022\/03\/Captura-1.png?fit=1149%2C757&ssl=1\" \/>\n\t<meta property=\"og:image:width\" content=\"1149\" \/>\n\t<meta property=\"og:image:height\" content=\"757\" \/>\n\t<meta property=\"og:image:type\" content=\"image\/png\" \/>\n<meta name=\"author\" content=\"Genof\u00f3ntes Urb\u00e1ez\" \/>\n<meta name=\"twitter:card\" content=\"summary_large_image\" \/>\n<meta name=\"twitter:label1\" content=\"Written by\" \/>\n\t<meta name=\"twitter:data1\" content=\"Genof\u00f3ntes Urb\u00e1ez\" \/>\n\t<meta name=\"twitter:label2\" content=\"Est. reading time\" \/>\n\t<meta name=\"twitter:data2\" content=\"2 minutos\" \/>\n<script type=\"application\/ld+json\" class=\"yoast-schema-graph\">{\"@context\":\"https:\\\/\\\/schema.org\",\"@graph\":[{\"@type\":\"Article\",\"@id\":\"https:\\\/\\\/minutocerord.com\\\/?p=8076#article\",\"isPartOf\":{\"@id\":\"https:\\\/\\\/minutocerord.com\\\/?p=8076\"},\"author\":{\"name\":\"Genof\u00f3ntes Urb\u00e1ez\",\"@id\":\"https:\\\/\\\/minutocerord.com\\\/#\\\/schema\\\/person\\\/60b5372d60aaa0a5171fb6488be9aee6\"},\"headline\":\"Dos implicados en caso Discovery pertenecen a pandilla &#8220;Los Trinitarios&#8221;, dice Fiscal\u00eda\",\"datePublished\":\"2022-03-10T19:50:10+00:00\",\"dateModified\":\"2022-03-10T19:50:12+00:00\",\"mainEntityOfPage\":{\"@id\":\"https:\\\/\\\/minutocerord.com\\\/?p=8076\"},\"wordCount\":281,\"commentCount\":0,\"publisher\":{\"@id\":\"https:\\\/\\\/minutocerord.com\\\/#\\\/schema\\\/person\\\/60b5372d60aaa0a5171fb6488be9aee6\"},\"image\":{\"@id\":\"https:\\\/\\\/minutocerord.com\\\/?p=8076#primaryimage\"},\"thumbnailUrl\":\"https:\\\/\\\/i0.wp.com\\\/minutocerord.com\\\/wp-content\\\/uploads\\\/2022\\\/03\\\/Captura-1.png?fit=1149%2C757&ssl=1\",\"articleSection\":[\"Nacionales\"],\"inLanguage\":\"es-DO\",\"potentialAction\":[{\"@type\":\"CommentAction\",\"name\":\"Comment\",\"target\":[\"https:\\\/\\\/minutocerord.com\\\/?p=8076#respond\"]}]},{\"@type\":\"WebPage\",\"@id\":\"https:\\\/\\\/minutocerord.com\\\/?p=8076\",\"url\":\"https:\\\/\\\/minutocerord.com\\\/?p=8076\",\"name\":\"Dos implicados en caso Discovery pertenecen a pandilla \\\"Los Trinitarios\\\", dice Fiscal\u00eda - Minuto Cero RD\",\"isPartOf\":{\"@id\":\"https:\\\/\\\/minutocerord.com\\\/#website\"},\"primaryImageOfPage\":{\"@id\":\"https:\\\/\\\/minutocerord.com\\\/?p=8076#primaryimage\"},\"image\":{\"@id\":\"https:\\\/\\\/minutocerord.com\\\/?p=8076#primaryimage\"},\"thumbnailUrl\":\"https:\\\/\\\/i0.wp.com\\\/minutocerord.com\\\/wp-content\\\/uploads\\\/2022\\\/03\\\/Captura-1.png?fit=1149%2C757&ssl=1\",\"datePublished\":\"2022-03-10T19:50:10+00:00\",\"dateModified\":\"2022-03-10T19:50:12+00:00\",\"breadcrumb\":{\"@id\":\"https:\\\/\\\/minutocerord.com\\\/?p=8076#breadcrumb\"},\"inLanguage\":\"es-DO\",\"potentialAction\":[{\"@type\":\"ReadAction\",\"target\":[\"https:\\\/\\\/minutocerord.com\\\/?p=8076\"]}]},{\"@type\":\"ImageObject\",\"inLanguage\":\"es-DO\",\"@id\":\"https:\\\/\\\/minutocerord.com\\\/?p=8076#primaryimage\",\"url\":\"https:\\\/\\\/i0.wp.com\\\/minutocerord.com\\\/wp-content\\\/uploads\\\/2022\\\/03\\\/Captura-1.png?fit=1149%2C757&ssl=1\",\"contentUrl\":\"https:\\\/\\\/i0.wp.com\\\/minutocerord.com\\\/wp-content\\\/uploads\\\/2022\\\/03\\\/Captura-1.png?fit=1149%2C757&ssl=1\",\"width\":1149,\"height\":757},{\"@type\":\"BreadcrumbList\",\"@id\":\"https:\\\/\\\/minutocerord.com\\\/?p=8076#breadcrumb\",\"itemListElement\":[{\"@type\":\"ListItem\",\"position\":1,\"name\":\"Home\",\"item\":\"https:\\\/\\\/minutocerord.com\\\/\"},{\"@type\":\"ListItem\",\"position\":2,\"name\":\"Dos implicados en caso Discovery pertenecen a pandilla &#8220;Los Trinitarios&#8221;, dice Fiscal\u00eda\"}]},{\"@type\":\"WebSite\",\"@id\":\"https:\\\/\\\/minutocerord.com\\\/#website\",\"url\":\"https:\\\/\\\/minutocerord.com\\\/\",\"name\":\"Minuto Cero RD\",\"description\":\"Periodismo serio y veraz\",\"publisher\":{\"@id\":\"https:\\\/\\\/minutocerord.com\\\/#\\\/schema\\\/person\\\/60b5372d60aaa0a5171fb6488be9aee6\"},\"potentialAction\":[{\"@type\":\"SearchAction\",\"target\":{\"@type\":\"EntryPoint\",\"urlTemplate\":\"https:\\\/\\\/minutocerord.com\\\/?s={search_term_string}\"},\"query-input\":{\"@type\":\"PropertyValueSpecification\",\"valueRequired\":true,\"valueName\":\"search_term_string\"}}],\"inLanguage\":\"es-DO\"},{\"@type\":[\"Person\",\"Organization\"],\"@id\":\"https:\\\/\\\/minutocerord.com\\\/#\\\/schema\\\/person\\\/60b5372d60aaa0a5171fb6488be9aee6\",\"name\":\"Genof\u00f3ntes Urb\u00e1ez\",\"image\":{\"@type\":\"ImageObject\",\"inLanguage\":\"es-DO\",\"@id\":\"https:\\\/\\\/secure.gravatar.com\\\/avatar\\\/a49ef3186a692098ac3e8a1612261e3ad70cf9e44553dff2929e67939a0ecb9d?s=96&d=identicon&r=g\",\"url\":\"https:\\\/\\\/secure.gravatar.com\\\/avatar\\\/a49ef3186a692098ac3e8a1612261e3ad70cf9e44553dff2929e67939a0ecb9d?s=96&d=identicon&r=g\",\"contentUrl\":\"https:\\\/\\\/secure.gravatar.com\\\/avatar\\\/a49ef3186a692098ac3e8a1612261e3ad70cf9e44553dff2929e67939a0ecb9d?s=96&d=identicon&r=g\",\"caption\":\"Genof\u00f3ntes Urb\u00e1ez\"},\"logo\":{\"@id\":\"https:\\\/\\\/secure.gravatar.com\\\/avatar\\\/a49ef3186a692098ac3e8a1612261e3ad70cf9e44553dff2929e67939a0ecb9d?s=96&d=identicon&r=g\"},\"description\":\"Periodista \\\/ Locutor\",\"sameAs\":[\"https:\\\/\\\/www.facebook.com\\\/Genofnotes\",\"https:\\\/\\\/www.instagram.com\\\/genofnotes\\\/\"]}]}<\/script>\n<!-- \/ Yoast SEO plugin. -->","yoast_head_json":{"title":"Dos implicados en caso Discovery pertenecen a pandilla \"Los Trinitarios\", dice Fiscal\u00eda - Minuto Cero RD","robots":{"index":"index","follow":"follow","max-snippet":"max-snippet:-1","max-image-preview":"max-image-preview:large","max-video-preview":"max-video-preview:-1"},"canonical":"https:\/\/minutocerord.com\/?p=8076","og_locale":"es_ES","og_type":"article","og_title":"Dos implicados en caso Discovery pertenecen a pandilla \"Los Trinitarios\", dice Fiscal\u00eda - Minuto Cero RD","og_description":"\u00a0Santo Domingo, RD.- Dos de los implicados en el caso Discovery fueron denominados miembros de la pandilla\u00a0 \u201cLos Trinitarios\u201d, que tambi\u00e9n tiene operaci\u00f3n internacional.\u00a0 Los se\u00f1alados son David Antonio Guzm\u00e1n Javier y Genaro Antonio Hern\u00e1ndez Caba, de acuerdo con el Ministerio P\u00fablico.&nbsp; El pasado 2 de marzo se realizaron allanamientos en el centro de operaciones [&hellip;]","og_url":"https:\/\/minutocerord.com\/?p=8076","og_site_name":"Minuto Cero RD","article_publisher":"https:\/\/www.facebook.com\/Genofnotes","article_author":"https:\/\/www.facebook.com\/Genofnotes","article_published_time":"2022-03-10T19:50:10+00:00","article_modified_time":"2022-03-10T19:50:12+00:00","og_image":[{"width":1149,"height":757,"url":"https:\/\/i0.wp.com\/minutocerord.com\/wp-content\/uploads\/2022\/03\/Captura-1.png?fit=1149%2C757&ssl=1","type":"image\/png"}],"author":"Genof\u00f3ntes Urb\u00e1ez","twitter_card":"summary_large_image","twitter_misc":{"Written by":"Genof\u00f3ntes Urb\u00e1ez","Est. reading time":"2 minutos"},"schema":{"@context":"https:\/\/schema.org","@graph":[{"@type":"Article","@id":"https:\/\/minutocerord.com\/?p=8076#article","isPartOf":{"@id":"https:\/\/minutocerord.com\/?p=8076"},"author":{"name":"Genof\u00f3ntes Urb\u00e1ez","@id":"https:\/\/minutocerord.com\/#\/schema\/person\/60b5372d60aaa0a5171fb6488be9aee6"},"headline":"Dos implicados en caso Discovery pertenecen a pandilla &#8220;Los Trinitarios&#8221;, dice Fiscal\u00eda","datePublished":"2022-03-10T19:50:10+00:00","dateModified":"2022-03-10T19:50:12+00:00","mainEntityOfPage":{"@id":"https:\/\/minutocerord.com\/?p=8076"},"wordCount":281,"commentCount":0,"publisher":{"@id":"https:\/\/minutocerord.com\/#\/schema\/person\/60b5372d60aaa0a5171fb6488be9aee6"},"image":{"@id":"https:\/\/minutocerord.com\/?p=8076#primaryimage"},"thumbnailUrl":"https:\/\/i0.wp.com\/minutocerord.com\/wp-content\/uploads\/2022\/03\/Captura-1.png?fit=1149%2C757&ssl=1","articleSection":["Nacionales"],"inLanguage":"es-DO","potentialAction":[{"@type":"CommentAction","name":"Comment","target":["https:\/\/minutocerord.com\/?p=8076#respond"]}]},{"@type":"WebPage","@id":"https:\/\/minutocerord.com\/?p=8076","url":"https:\/\/minutocerord.com\/?p=8076","name":"Dos implicados en caso Discovery pertenecen a pandilla \"Los Trinitarios\", dice Fiscal\u00eda - Minuto Cero RD","isPartOf":{"@id":"https:\/\/minutocerord.com\/#website"},"primaryImageOfPage":{"@id":"https:\/\/minutocerord.com\/?p=8076#primaryimage"},"image":{"@id":"https:\/\/minutocerord.com\/?p=8076#primaryimage"},"thumbnailUrl":"https:\/\/i0.wp.com\/minutocerord.com\/wp-content\/uploads\/2022\/03\/Captura-1.png?fit=1149%2C757&ssl=1","datePublished":"2022-03-10T19:50:10+00:00","dateModified":"2022-03-10T19:50:12+00:00","breadcrumb":{"@id":"https:\/\/minutocerord.com\/?p=8076#breadcrumb"},"inLanguage":"es-DO","potentialAction":[{"@type":"ReadAction","target":["https:\/\/minutocerord.com\/?p=8076"]}]},{"@type":"ImageObject","inLanguage":"es-DO","@id":"https:\/\/minutocerord.com\/?p=8076#primaryimage","url":"https:\/\/i0.wp.com\/minutocerord.com\/wp-content\/uploads\/2022\/03\/Captura-1.png?fit=1149%2C757&ssl=1","contentUrl":"https:\/\/i0.wp.com\/minutocerord.com\/wp-content\/uploads\/2022\/03\/Captura-1.png?fit=1149%2C757&ssl=1","width":1149,"height":757},{"@type":"BreadcrumbList","@id":"https:\/\/minutocerord.com\/?p=8076#breadcrumb","itemListElement":[{"@type":"ListItem","position":1,"name":"Home","item":"https:\/\/minutocerord.com\/"},{"@type":"ListItem","position":2,"name":"Dos implicados en caso Discovery pertenecen a pandilla &#8220;Los Trinitarios&#8221;, dice Fiscal\u00eda"}]},{"@type":"WebSite","@id":"https:\/\/minutocerord.com\/#website","url":"https:\/\/minutocerord.com\/","name":"Minuto Cero RD","description":"Periodismo serio y veraz","publisher":{"@id":"https:\/\/minutocerord.com\/#\/schema\/person\/60b5372d60aaa0a5171fb6488be9aee6"},"potentialAction":[{"@type":"SearchAction","target":{"@type":"EntryPoint","urlTemplate":"https:\/\/minutocerord.com\/?s={search_term_string}"},"query-input":{"@type":"PropertyValueSpecification","valueRequired":true,"valueName":"search_term_string"}}],"inLanguage":"es-DO"},{"@type":["Person","Organization"],"@id":"https:\/\/minutocerord.com\/#\/schema\/person\/60b5372d60aaa0a5171fb6488be9aee6","name":"Genof\u00f3ntes Urb\u00e1ez","image":{"@type":"ImageObject","inLanguage":"es-DO","@id":"https:\/\/secure.gravatar.com\/avatar\/a49ef3186a692098ac3e8a1612261e3ad70cf9e44553dff2929e67939a0ecb9d?s=96&d=identicon&r=g","url":"https:\/\/secure.gravatar.com\/avatar\/a49ef3186a692098ac3e8a1612261e3ad70cf9e44553dff2929e67939a0ecb9d?s=96&d=identicon&r=g","contentUrl":"https:\/\/secure.gravatar.com\/avatar\/a49ef3186a692098ac3e8a1612261e3ad70cf9e44553dff2929e67939a0ecb9d?s=96&d=identicon&r=g","caption":"Genof\u00f3ntes Urb\u00e1ez"},"logo":{"@id":"https:\/\/secure.gravatar.com\/avatar\/a49ef3186a692098ac3e8a1612261e3ad70cf9e44553dff2929e67939a0ecb9d?s=96&d=identicon&r=g"},"description":"Periodista \/ Locutor","sameAs":["https:\/\/www.facebook.com\/Genofnotes","https:\/\/www.instagram.com\/genofnotes\/"]}]}},"jetpack_publicize_connections":[],"jetpack_featured_media_url":"https:\/\/i0.wp.com\/minutocerord.com\/wp-content\/uploads\/2022\/03\/Captura-1.png?fit=1149%2C757&ssl=1","jetpack-related-posts":[],"jetpack_sharing_enabled":true,"_links":{"self":[{"href":"https:\/\/minutocerord.com\/index.php?rest_route=\/wp\/v2\/posts\/8076","targetHints":{"allow":["GET"]}}],"collection":[{"href":"https:\/\/minutocerord.com\/index.php?rest_route=\/wp\/v2\/posts"}],"about":[{"href":"https:\/\/minutocerord.com\/index.php?rest_route=\/wp\/v2\/types\/post"}],"author":[{"embeddable":true,"href":"https:\/\/minutocerord.com\/index.php?rest_route=\/wp\/v2\/users\/1"}],"replies":[{"embeddable":true,"href":"https:\/\/minutocerord.com\/index.php?rest_route=%2Fwp%2Fv2%2Fcomments&post=8076"}],"version-history":[{"count":1,"href":"https:\/\/minutocerord.com\/index.php?rest_route=\/wp\/v2\/posts\/8076\/revisions"}],"predecessor-version":[{"id":8078,"href":"https:\/\/minutocerord.com\/index.php?rest_route=\/wp\/v2\/posts\/8076\/revisions\/8078"}],"wp:featuredmedia":[{"embeddable":true,"href":"https:\/\/minutocerord.com\/index.php?rest_route=\/wp\/v2\/media\/8077"}],"wp:attachment":[{"href":"https:\/\/minutocerord.com\/index.php?rest_route=%2Fwp%2Fv2%2Fmedia&parent=8076"}],"wp:term":[{"taxonomy":"category","embeddable":true,"href":"https:\/\/minutocerord.com\/index.php?rest_route=%2Fwp%2Fv2%2Fcategories&post=8076"},{"taxonomy":"post_tag","embeddable":true,"href":"https:\/\/minutocerord.com\/index.php?rest_route=%2Fwp%2Fv2%2Ftags&post=8076"}],"curies":[{"name":"wp","href":"https:\/\/api.w.org\/{rel}","templated":true}]}}