{"id":8082,"date":"2022-03-10T17:21:06","date_gmt":"2022-03-10T21:21:06","guid":{"rendered":"https:\/\/minutocerord.com\/?p=8082"},"modified":"2022-03-10T17:21:10","modified_gmt":"2022-03-10T21:21:10","slug":"muere-en-bolivia-el-militar-que-mato-al-che-guevara","status":"publish","type":"post","link":"https:\/\/minutocerord.com\/?p=8082","title":{"rendered":"Muere en Bolivia el militar que mat\u00f3 al &#8216;Che&#8217; Guevara"},"content":{"rendered":"\n<p><strong>Madrid, Espa\u00f1a<\/strong>.- Mario Ter\u00e1n Salazar, el soldado boliviano al que le ha adjudica el asesinato de Ernesto &#8216;Che&#8217; Guevara en octubre de 1967 ha muerto este jueves a la edad de 80 a\u00f1os en una residencia militar del departamento de Santa Cruz.<\/p>\n\n\n\n<p>A las 7.15, hora de Bolivia, ha fallecido en la Corporaci\u00f3n del Seguro Social Militar (Cossmil), seg\u00fan ha informado Ra\u00fal Azurduy, pastor de la iglesia evang\u00e9lica a la que acud\u00eda la familia, informa el diario local &#8216;El Deber&#8217;, que ha podido hablar con quien lider\u00f3 aquel operativo, el general retirado, Gary Prado Salm\u00f3n.<\/p>\n\n\n\n<p>&#8220;S\u00ed, me indicaron anoche que estaba desahuciado, s\u00ed, es verdad, falleci\u00f3. Fue un hombre valiente (&#8230;). Mantuve contacto con \u00e9l, lo que m\u00e1s le preocupaba era por el acoso de la prensa, porque quer\u00eda mantener el anonimato, porque simplemente cumpli\u00f3 voluntariamente la decisi\u00f3n que vino de la Presidencia&#8221;, ha contado.<\/p>\n\n\n\n<p>Desde hacia varios a\u00f1os, Salazar resid\u00eda en esta residencia de Santa Cruz debido a problemas de salud propios de su edad avanzada. El entonces sargenteo del Ej\u00e9rcito boliviano se hizo famoso mundialmente en 1967, despu\u00e9s de que la revista francesa &#8216;Paris Match&#8217; publicara una fotograf\u00eda de \u00e9l y contar\u00e1 que le fue ordenado ejecutar al &#8216;Che&#8217; una vez capturado.<\/p>\n\n\n\n<p>&#8220;\u00c9se fue el peor momento de mi vida. En ese momento vi al &#8216;Che&#8217; grande, muy grande, enorme. Sus ojos brillaban intensamente. Sent\u00eda que se echaba encima y cuando me mir\u00f3 fijamente, me dio un mareo. &#8216;\u00a1P\u00f3ngase sereno &#8211;me dijo&#8211; y apunte bien! \u00a1Va a matar a un hombre!&#8217; Entonces di un paso atr\u00e1s, hacia el umbral de la puerta, cerr\u00e9 los ojos y dispar\u00e9&#8221;, rememor\u00f3 Ter\u00e1n a\u00f1os despu\u00e9s. EP<\/p>\n","protected":false},"excerpt":{"rendered":"<p>Madrid, Espa\u00f1a.- Mario Ter\u00e1n Salazar, el soldado boliviano al que le ha adjudica el asesinato de Ernesto &#8216;Che&#8217; Guevara en octubre de 1967 ha muerto este jueves a la edad de 80 a\u00f1os en una residencia militar del departamento de Santa Cruz. A las 7.15, hora de Bolivia, ha fallecido en la Corporaci\u00f3n del Seguro [&hellip;]<\/p>\n","protected":false},"author":1,"featured_media":8083,"comment_status":"open","ping_status":"open","sticky":false,"template":"","format":"standard","meta":{"nf_dc_page":"","jetpack_post_was_ever_published":false,"_jetpack_newsletter_access":"","_jetpack_dont_email_post_to_subs":false,"_jetpack_newsletter_tier_id":0,"_jetpack_memberships_contains_paywalled_content":false,"_jetpack_memberships_contains_paid_content":false,"footnotes":"","jetpack_publicize_message":"","jetpack_publicize_feature_enabled":true,"jetpack_social_post_already_shared":false,"jetpack_social_options":{"image_generator_settings":{"template":"highway","default_image_id":0,"font":"","enabled":false},"version":2}},"categories":[79],"tags":[],"class_list":["post-8082","post","type-post","status-publish","format-standard","has-post-thumbnail","hentry"],"yoast_head":"<!-- This site is optimized with the Yoast SEO plugin v27.4 - https:\/\/yoast.com\/product\/yoast-seo-wordpress\/ -->\n<title>Muere en Bolivia el militar que mat\u00f3 al &#039;Che&#039; Guevara - Minuto Cero RD<\/title>\n<meta name=\"robots\" content=\"index, follow, max-snippet:-1, max-image-preview:large, max-video-preview:-1\" \/>\n<link rel=\"canonical\" href=\"https:\/\/minutocerord.com\/?p=8082\" \/>\n<meta property=\"og:locale\" content=\"es_ES\" \/>\n<meta property=\"og:type\" content=\"article\" \/>\n<meta property=\"og:title\" content=\"Muere en Bolivia el militar que mat\u00f3 al &#039;Che&#039; Guevara - Minuto Cero RD\" \/>\n<meta property=\"og:description\" content=\"Madrid, Espa\u00f1a.- Mario Ter\u00e1n Salazar, el soldado boliviano al que le ha adjudica el asesinato de Ernesto &#8216;Che&#8217; Guevara en octubre de 1967 ha muerto este jueves a la edad de 80 a\u00f1os en una residencia militar del departamento de Santa Cruz. A las 7.15, hora de Bolivia, ha fallecido en la Corporaci\u00f3n del Seguro [&hellip;]\" \/>\n<meta property=\"og:url\" content=\"https:\/\/minutocerord.com\/?p=8082\" \/>\n<meta property=\"og:site_name\" content=\"Minuto Cero RD\" \/>\n<meta property=\"article:publisher\" content=\"https:\/\/www.facebook.com\/Genofnotes\" \/>\n<meta property=\"article:author\" content=\"https:\/\/www.facebook.com\/Genofnotes\" \/>\n<meta property=\"article:published_time\" content=\"2022-03-10T21:21:06+00:00\" \/>\n<meta property=\"article:modified_time\" content=\"2022-03-10T21:21:10+00:00\" \/>\n<meta property=\"og:image\" content=\"https:\/\/i0.wp.com\/minutocerord.com\/wp-content\/uploads\/2022\/03\/che-cover.jpg?fit=600%2C310&ssl=1\" \/>\n\t<meta property=\"og:image:width\" content=\"600\" \/>\n\t<meta property=\"og:image:height\" content=\"310\" \/>\n\t<meta property=\"og:image:type\" content=\"image\/jpeg\" \/>\n<meta name=\"author\" content=\"Genof\u00f3ntes Urb\u00e1ez\" \/>\n<meta name=\"twitter:card\" content=\"summary_large_image\" \/>\n<meta name=\"twitter:label1\" content=\"Written by\" \/>\n\t<meta name=\"twitter:data1\" content=\"Genof\u00f3ntes Urb\u00e1ez\" \/>\n\t<meta name=\"twitter:label2\" content=\"Est. reading time\" \/>\n\t<meta name=\"twitter:data2\" content=\"2 minutos\" \/>\n<script type=\"application\/ld+json\" class=\"yoast-schema-graph\">{\"@context\":\"https:\\\/\\\/schema.org\",\"@graph\":[{\"@type\":\"Article\",\"@id\":\"https:\\\/\\\/minutocerord.com\\\/?p=8082#article\",\"isPartOf\":{\"@id\":\"https:\\\/\\\/minutocerord.com\\\/?p=8082\"},\"author\":{\"name\":\"Genof\u00f3ntes Urb\u00e1ez\",\"@id\":\"https:\\\/\\\/minutocerord.com\\\/#\\\/schema\\\/person\\\/60b5372d60aaa0a5171fb6488be9aee6\"},\"headline\":\"Muere en Bolivia el militar que mat\u00f3 al &#8216;Che&#8217; Guevara\",\"datePublished\":\"2022-03-10T21:21:06+00:00\",\"dateModified\":\"2022-03-10T21:21:10+00:00\",\"mainEntityOfPage\":{\"@id\":\"https:\\\/\\\/minutocerord.com\\\/?p=8082\"},\"wordCount\":305,\"commentCount\":0,\"publisher\":{\"@id\":\"https:\\\/\\\/minutocerord.com\\\/#\\\/schema\\\/person\\\/60b5372d60aaa0a5171fb6488be9aee6\"},\"image\":{\"@id\":\"https:\\\/\\\/minutocerord.com\\\/?p=8082#primaryimage\"},\"thumbnailUrl\":\"https:\\\/\\\/i0.wp.com\\\/minutocerord.com\\\/wp-content\\\/uploads\\\/2022\\\/03\\\/che-cover.jpg?fit=600%2C310&ssl=1\",\"articleSection\":[\"Espa\u00f1a\"],\"inLanguage\":\"es-DO\",\"potentialAction\":[{\"@type\":\"CommentAction\",\"name\":\"Comment\",\"target\":[\"https:\\\/\\\/minutocerord.com\\\/?p=8082#respond\"]}]},{\"@type\":\"WebPage\",\"@id\":\"https:\\\/\\\/minutocerord.com\\\/?p=8082\",\"url\":\"https:\\\/\\\/minutocerord.com\\\/?p=8082\",\"name\":\"Muere en Bolivia el militar que mat\u00f3 al 'Che' Guevara - Minuto Cero RD\",\"isPartOf\":{\"@id\":\"https:\\\/\\\/minutocerord.com\\\/#website\"},\"primaryImageOfPage\":{\"@id\":\"https:\\\/\\\/minutocerord.com\\\/?p=8082#primaryimage\"},\"image\":{\"@id\":\"https:\\\/\\\/minutocerord.com\\\/?p=8082#primaryimage\"},\"thumbnailUrl\":\"https:\\\/\\\/i0.wp.com\\\/minutocerord.com\\\/wp-content\\\/uploads\\\/2022\\\/03\\\/che-cover.jpg?fit=600%2C310&ssl=1\",\"datePublished\":\"2022-03-10T21:21:06+00:00\",\"dateModified\":\"2022-03-10T21:21:10+00:00\",\"breadcrumb\":{\"@id\":\"https:\\\/\\\/minutocerord.com\\\/?p=8082#breadcrumb\"},\"inLanguage\":\"es-DO\",\"potentialAction\":[{\"@type\":\"ReadAction\",\"target\":[\"https:\\\/\\\/minutocerord.com\\\/?p=8082\"]}]},{\"@type\":\"ImageObject\",\"inLanguage\":\"es-DO\",\"@id\":\"https:\\\/\\\/minutocerord.com\\\/?p=8082#primaryimage\",\"url\":\"https:\\\/\\\/i0.wp.com\\\/minutocerord.com\\\/wp-content\\\/uploads\\\/2022\\\/03\\\/che-cover.jpg?fit=600%2C310&ssl=1\",\"contentUrl\":\"https:\\\/\\\/i0.wp.com\\\/minutocerord.com\\\/wp-content\\\/uploads\\\/2022\\\/03\\\/che-cover.jpg?fit=600%2C310&ssl=1\",\"width\":600,\"height\":310},{\"@type\":\"BreadcrumbList\",\"@id\":\"https:\\\/\\\/minutocerord.com\\\/?p=8082#breadcrumb\",\"itemListElement\":[{\"@type\":\"ListItem\",\"position\":1,\"name\":\"Home\",\"item\":\"https:\\\/\\\/minutocerord.com\\\/\"},{\"@type\":\"ListItem\",\"position\":2,\"name\":\"Muere en Bolivia el militar que mat\u00f3 al &#8216;Che&#8217; Guevara\"}]},{\"@type\":\"WebSite\",\"@id\":\"https:\\\/\\\/minutocerord.com\\\/#website\",\"url\":\"https:\\\/\\\/minutocerord.com\\\/\",\"name\":\"Minuto Cero RD\",\"description\":\"Periodismo serio y veraz\",\"publisher\":{\"@id\":\"https:\\\/\\\/minutocerord.com\\\/#\\\/schema\\\/person\\\/60b5372d60aaa0a5171fb6488be9aee6\"},\"potentialAction\":[{\"@type\":\"SearchAction\",\"target\":{\"@type\":\"EntryPoint\",\"urlTemplate\":\"https:\\\/\\\/minutocerord.com\\\/?s={search_term_string}\"},\"query-input\":{\"@type\":\"PropertyValueSpecification\",\"valueRequired\":true,\"valueName\":\"search_term_string\"}}],\"inLanguage\":\"es-DO\"},{\"@type\":[\"Person\",\"Organization\"],\"@id\":\"https:\\\/\\\/minutocerord.com\\\/#\\\/schema\\\/person\\\/60b5372d60aaa0a5171fb6488be9aee6\",\"name\":\"Genof\u00f3ntes Urb\u00e1ez\",\"image\":{\"@type\":\"ImageObject\",\"inLanguage\":\"es-DO\",\"@id\":\"https:\\\/\\\/secure.gravatar.com\\\/avatar\\\/a49ef3186a692098ac3e8a1612261e3ad70cf9e44553dff2929e67939a0ecb9d?s=96&d=identicon&r=g\",\"url\":\"https:\\\/\\\/secure.gravatar.com\\\/avatar\\\/a49ef3186a692098ac3e8a1612261e3ad70cf9e44553dff2929e67939a0ecb9d?s=96&d=identicon&r=g\",\"contentUrl\":\"https:\\\/\\\/secure.gravatar.com\\\/avatar\\\/a49ef3186a692098ac3e8a1612261e3ad70cf9e44553dff2929e67939a0ecb9d?s=96&d=identicon&r=g\",\"caption\":\"Genof\u00f3ntes Urb\u00e1ez\"},\"logo\":{\"@id\":\"https:\\\/\\\/secure.gravatar.com\\\/avatar\\\/a49ef3186a692098ac3e8a1612261e3ad70cf9e44553dff2929e67939a0ecb9d?s=96&d=identicon&r=g\"},\"description\":\"Periodista \\\/ Locutor\",\"sameAs\":[\"https:\\\/\\\/www.facebook.com\\\/Genofnotes\",\"https:\\\/\\\/www.instagram.com\\\/genofnotes\\\/\"]}]}<\/script>\n<!-- \/ Yoast SEO plugin. -->","yoast_head_json":{"title":"Muere en Bolivia el militar que mat\u00f3 al 'Che' Guevara - Minuto Cero RD","robots":{"index":"index","follow":"follow","max-snippet":"max-snippet:-1","max-image-preview":"max-image-preview:large","max-video-preview":"max-video-preview:-1"},"canonical":"https:\/\/minutocerord.com\/?p=8082","og_locale":"es_ES","og_type":"article","og_title":"Muere en Bolivia el militar que mat\u00f3 al 'Che' Guevara - Minuto Cero RD","og_description":"Madrid, Espa\u00f1a.- Mario Ter\u00e1n Salazar, el soldado boliviano al que le ha adjudica el asesinato de Ernesto &#8216;Che&#8217; Guevara en octubre de 1967 ha muerto este jueves a la edad de 80 a\u00f1os en una residencia militar del departamento de Santa Cruz. A las 7.15, hora de Bolivia, ha fallecido en la Corporaci\u00f3n del Seguro [&hellip;]","og_url":"https:\/\/minutocerord.com\/?p=8082","og_site_name":"Minuto Cero RD","article_publisher":"https:\/\/www.facebook.com\/Genofnotes","article_author":"https:\/\/www.facebook.com\/Genofnotes","article_published_time":"2022-03-10T21:21:06+00:00","article_modified_time":"2022-03-10T21:21:10+00:00","og_image":[{"width":600,"height":310,"url":"https:\/\/i0.wp.com\/minutocerord.com\/wp-content\/uploads\/2022\/03\/che-cover.jpg?fit=600%2C310&ssl=1","type":"image\/jpeg"}],"author":"Genof\u00f3ntes Urb\u00e1ez","twitter_card":"summary_large_image","twitter_misc":{"Written by":"Genof\u00f3ntes Urb\u00e1ez","Est. reading time":"2 minutos"},"schema":{"@context":"https:\/\/schema.org","@graph":[{"@type":"Article","@id":"https:\/\/minutocerord.com\/?p=8082#article","isPartOf":{"@id":"https:\/\/minutocerord.com\/?p=8082"},"author":{"name":"Genof\u00f3ntes Urb\u00e1ez","@id":"https:\/\/minutocerord.com\/#\/schema\/person\/60b5372d60aaa0a5171fb6488be9aee6"},"headline":"Muere en Bolivia el militar que mat\u00f3 al &#8216;Che&#8217; Guevara","datePublished":"2022-03-10T21:21:06+00:00","dateModified":"2022-03-10T21:21:10+00:00","mainEntityOfPage":{"@id":"https:\/\/minutocerord.com\/?p=8082"},"wordCount":305,"commentCount":0,"publisher":{"@id":"https:\/\/minutocerord.com\/#\/schema\/person\/60b5372d60aaa0a5171fb6488be9aee6"},"image":{"@id":"https:\/\/minutocerord.com\/?p=8082#primaryimage"},"thumbnailUrl":"https:\/\/i0.wp.com\/minutocerord.com\/wp-content\/uploads\/2022\/03\/che-cover.jpg?fit=600%2C310&ssl=1","articleSection":["Espa\u00f1a"],"inLanguage":"es-DO","potentialAction":[{"@type":"CommentAction","name":"Comment","target":["https:\/\/minutocerord.com\/?p=8082#respond"]}]},{"@type":"WebPage","@id":"https:\/\/minutocerord.com\/?p=8082","url":"https:\/\/minutocerord.com\/?p=8082","name":"Muere en Bolivia el militar que mat\u00f3 al 'Che' Guevara - Minuto Cero RD","isPartOf":{"@id":"https:\/\/minutocerord.com\/#website"},"primaryImageOfPage":{"@id":"https:\/\/minutocerord.com\/?p=8082#primaryimage"},"image":{"@id":"https:\/\/minutocerord.com\/?p=8082#primaryimage"},"thumbnailUrl":"https:\/\/i0.wp.com\/minutocerord.com\/wp-content\/uploads\/2022\/03\/che-cover.jpg?fit=600%2C310&ssl=1","datePublished":"2022-03-10T21:21:06+00:00","dateModified":"2022-03-10T21:21:10+00:00","breadcrumb":{"@id":"https:\/\/minutocerord.com\/?p=8082#breadcrumb"},"inLanguage":"es-DO","potentialAction":[{"@type":"ReadAction","target":["https:\/\/minutocerord.com\/?p=8082"]}]},{"@type":"ImageObject","inLanguage":"es-DO","@id":"https:\/\/minutocerord.com\/?p=8082#primaryimage","url":"https:\/\/i0.wp.com\/minutocerord.com\/wp-content\/uploads\/2022\/03\/che-cover.jpg?fit=600%2C310&ssl=1","contentUrl":"https:\/\/i0.wp.com\/minutocerord.com\/wp-content\/uploads\/2022\/03\/che-cover.jpg?fit=600%2C310&ssl=1","width":600,"height":310},{"@type":"BreadcrumbList","@id":"https:\/\/minutocerord.com\/?p=8082#breadcrumb","itemListElement":[{"@type":"ListItem","position":1,"name":"Home","item":"https:\/\/minutocerord.com\/"},{"@type":"ListItem","position":2,"name":"Muere en Bolivia el militar que mat\u00f3 al &#8216;Che&#8217; Guevara"}]},{"@type":"WebSite","@id":"https:\/\/minutocerord.com\/#website","url":"https:\/\/minutocerord.com\/","name":"Minuto Cero RD","description":"Periodismo serio y veraz","publisher":{"@id":"https:\/\/minutocerord.com\/#\/schema\/person\/60b5372d60aaa0a5171fb6488be9aee6"},"potentialAction":[{"@type":"SearchAction","target":{"@type":"EntryPoint","urlTemplate":"https:\/\/minutocerord.com\/?s={search_term_string}"},"query-input":{"@type":"PropertyValueSpecification","valueRequired":true,"valueName":"search_term_string"}}],"inLanguage":"es-DO"},{"@type":["Person","Organization"],"@id":"https:\/\/minutocerord.com\/#\/schema\/person\/60b5372d60aaa0a5171fb6488be9aee6","name":"Genof\u00f3ntes Urb\u00e1ez","image":{"@type":"ImageObject","inLanguage":"es-DO","@id":"https:\/\/secure.gravatar.com\/avatar\/a49ef3186a692098ac3e8a1612261e3ad70cf9e44553dff2929e67939a0ecb9d?s=96&d=identicon&r=g","url":"https:\/\/secure.gravatar.com\/avatar\/a49ef3186a692098ac3e8a1612261e3ad70cf9e44553dff2929e67939a0ecb9d?s=96&d=identicon&r=g","contentUrl":"https:\/\/secure.gravatar.com\/avatar\/a49ef3186a692098ac3e8a1612261e3ad70cf9e44553dff2929e67939a0ecb9d?s=96&d=identicon&r=g","caption":"Genof\u00f3ntes Urb\u00e1ez"},"logo":{"@id":"https:\/\/secure.gravatar.com\/avatar\/a49ef3186a692098ac3e8a1612261e3ad70cf9e44553dff2929e67939a0ecb9d?s=96&d=identicon&r=g"},"description":"Periodista \/ Locutor","sameAs":["https:\/\/www.facebook.com\/Genofnotes","https:\/\/www.instagram.com\/genofnotes\/"]}]}},"jetpack_publicize_connections":[],"jetpack_featured_media_url":"https:\/\/i0.wp.com\/minutocerord.com\/wp-content\/uploads\/2022\/03\/che-cover.jpg?fit=600%2C310&ssl=1","jetpack-related-posts":[],"jetpack_sharing_enabled":true,"_links":{"self":[{"href":"https:\/\/minutocerord.com\/index.php?rest_route=\/wp\/v2\/posts\/8082","targetHints":{"allow":["GET"]}}],"collection":[{"href":"https:\/\/minutocerord.com\/index.php?rest_route=\/wp\/v2\/posts"}],"about":[{"href":"https:\/\/minutocerord.com\/index.php?rest_route=\/wp\/v2\/types\/post"}],"author":[{"embeddable":true,"href":"https:\/\/minutocerord.com\/index.php?rest_route=\/wp\/v2\/users\/1"}],"replies":[{"embeddable":true,"href":"https:\/\/minutocerord.com\/index.php?rest_route=%2Fwp%2Fv2%2Fcomments&post=8082"}],"version-history":[{"count":1,"href":"https:\/\/minutocerord.com\/index.php?rest_route=\/wp\/v2\/posts\/8082\/revisions"}],"predecessor-version":[{"id":8084,"href":"https:\/\/minutocerord.com\/index.php?rest_route=\/wp\/v2\/posts\/8082\/revisions\/8084"}],"wp:featuredmedia":[{"embeddable":true,"href":"https:\/\/minutocerord.com\/index.php?rest_route=\/wp\/v2\/media\/8083"}],"wp:attachment":[{"href":"https:\/\/minutocerord.com\/index.php?rest_route=%2Fwp%2Fv2%2Fmedia&parent=8082"}],"wp:term":[{"taxonomy":"category","embeddable":true,"href":"https:\/\/minutocerord.com\/index.php?rest_route=%2Fwp%2Fv2%2Fcategories&post=8082"},{"taxonomy":"post_tag","embeddable":true,"href":"https:\/\/minutocerord.com\/index.php?rest_route=%2Fwp%2Fv2%2Ftags&post=8082"}],"curies":[{"name":"wp","href":"https:\/\/api.w.org\/{rel}","templated":true}]}}