{"id":8090,"date":"2022-03-10T22:04:05","date_gmt":"2022-03-11T02:04:05","guid":{"rendered":"https:\/\/minutocerord.com\/?p=8090"},"modified":"2022-03-10T22:04:09","modified_gmt":"2022-03-11T02:04:09","slug":"murio-este-jueves-el-destacado-beisbolista-dominicano-odalis-perez-quien-milito-con-los-angeles-dodgers","status":"publish","type":"post","link":"https:\/\/minutocerord.com\/?p=8090","title":{"rendered":"Muri\u00f3 este jueves el destacado beisbolista dominicano Odalis P\u00e9rez, quien milit\u00f3 con Los \u00c1ngeles Dodgers"},"content":{"rendered":"\n<p><strong>Santo Domingo, RD.-<\/strong> Muri\u00f3 este jueves el destacado beisbolista dominicano Odal\u00eds P\u00e9rez, quien milit\u00f3 con Los \u00c1ngeles Dodgers en el beisbol de Grandes Ligas y tambi\u00e9n con los Leones del Escogido y Estrellas Orientales en la liga dominicana.<\/p>\n\n\n\n<p>Los primeros informes indican que P\u00e9rez se cay\u00f3 de las escaleras en su casa, donde se encontraba solo en horas de la tarde del jueves. Su hermano lo encontr\u00f3 en la residencia pasadas las 6 de la tarde.<\/p>\n\n\n\n<p>Odalis P\u00e9rez trabaj\u00f3 por 10 a\u00f1os en el beisbol de Grandes Ligas. Jug\u00f3 por tres a\u00f1os para los Bravos de Atlanta, por otros 5 para los Dodgers, 2 con la franela de Kansas City y 1 con los Nacionales de Washington.<\/p>\n\n\n\n<p>P\u00e9rez ten\u00eda 43 a\u00f1os al momento de su fallecimiento. Naci\u00f3 en Las Matas de Farfan, en la provincia San Juan, en la Rep\u00fablica Dominicana.<a><\/a><\/p>\n\n\n\n<p>En el beisbol de Grandes Ligas gan\u00f3 73 juegos y perdi\u00f3 82. Tuvo un porcentaje de carreras limpias 4.46.<\/p>\n\n\n\n<p>El pasado jugador de Grandes Ligas fue hallado muerto en su casa ubicada en la calle Charles de Gaulle, en el municipio Santo Domingo Este. Fue hallado por su hermano y su fallecimiento fue confirmado a este diario por personas cercanas a la familia.<\/p>\n","protected":false},"excerpt":{"rendered":"<p>Santo Domingo, RD.- Muri\u00f3 este jueves el destacado beisbolista dominicano Odal\u00eds P\u00e9rez, quien milit\u00f3 con Los \u00c1ngeles Dodgers en el beisbol de Grandes Ligas y tambi\u00e9n con los Leones del Escogido y Estrellas Orientales en la liga dominicana. Los primeros informes indican que P\u00e9rez se cay\u00f3 de las escaleras en su casa, donde se encontraba [&hellip;]<\/p>\n","protected":false},"author":1,"featured_media":8091,"comment_status":"open","ping_status":"open","sticky":false,"template":"","format":"standard","meta":{"nf_dc_page":"","jetpack_post_was_ever_published":false,"_jetpack_newsletter_access":"","_jetpack_dont_email_post_to_subs":false,"_jetpack_newsletter_tier_id":0,"_jetpack_memberships_contains_paywalled_content":false,"_jetpack_memberships_contains_paid_content":false,"footnotes":"","jetpack_publicize_message":"","jetpack_publicize_feature_enabled":true,"jetpack_social_post_already_shared":false,"jetpack_social_options":{"image_generator_settings":{"template":"highway","default_image_id":0,"font":"","enabled":false},"version":2}},"categories":[80],"tags":[],"class_list":["post-8090","post","type-post","status-publish","format-standard","has-post-thumbnail","hentry","category-beisbol"],"yoast_head":"<!-- This site is optimized with the Yoast SEO plugin v27.4 - https:\/\/yoast.com\/product\/yoast-seo-wordpress\/ -->\n<title>Muri\u00f3 este jueves el destacado beisbolista dominicano Odalis P\u00e9rez, quien milit\u00f3 con Los \u00c1ngeles Dodgers - Minuto Cero RD<\/title>\n<meta name=\"robots\" content=\"index, follow, max-snippet:-1, max-image-preview:large, max-video-preview:-1\" \/>\n<link rel=\"canonical\" href=\"http:\/\/minutocerord.com\/?p=8090\" \/>\n<meta property=\"og:locale\" content=\"es_ES\" \/>\n<meta property=\"og:type\" content=\"article\" \/>\n<meta property=\"og:title\" content=\"Muri\u00f3 este jueves el destacado beisbolista dominicano Odalis P\u00e9rez, quien milit\u00f3 con Los \u00c1ngeles Dodgers - Minuto Cero RD\" \/>\n<meta property=\"og:description\" content=\"Santo Domingo, RD.- Muri\u00f3 este jueves el destacado beisbolista dominicano Odal\u00eds P\u00e9rez, quien milit\u00f3 con Los \u00c1ngeles Dodgers en el beisbol de Grandes Ligas y tambi\u00e9n con los Leones del Escogido y Estrellas Orientales en la liga dominicana. Los primeros informes indican que P\u00e9rez se cay\u00f3 de las escaleras en su casa, donde se encontraba [&hellip;]\" \/>\n<meta property=\"og:url\" content=\"http:\/\/minutocerord.com\/?p=8090\" \/>\n<meta property=\"og:site_name\" content=\"Minuto Cero RD\" \/>\n<meta property=\"article:publisher\" content=\"https:\/\/www.facebook.com\/Genofnotes\" \/>\n<meta property=\"article:author\" content=\"https:\/\/www.facebook.com\/Genofnotes\" \/>\n<meta property=\"article:published_time\" content=\"2022-03-11T02:04:05+00:00\" \/>\n<meta property=\"article:modified_time\" content=\"2022-03-11T02:04:09+00:00\" \/>\n<meta property=\"og:image\" content=\"https:\/\/i0.wp.com\/minutocerord.com\/wp-content\/uploads\/2022\/03\/Odalis-Perez.jpg?fit=1024%2C768\" \/>\n\t<meta property=\"og:image:width\" content=\"1024\" \/>\n\t<meta property=\"og:image:height\" content=\"768\" \/>\n\t<meta property=\"og:image:type\" content=\"image\/jpeg\" \/>\n<meta name=\"author\" content=\"Genof\u00f3ntes Urb\u00e1ez\" \/>\n<meta name=\"twitter:card\" content=\"summary_large_image\" \/>\n<meta name=\"twitter:label1\" content=\"Written by\" \/>\n\t<meta name=\"twitter:data1\" content=\"Genof\u00f3ntes Urb\u00e1ez\" \/>\n\t<meta name=\"twitter:label2\" content=\"Est. reading time\" \/>\n\t<meta name=\"twitter:data2\" content=\"1 minuto\" \/>\n<script type=\"application\/ld+json\" class=\"yoast-schema-graph\">{\"@context\":\"https:\\\/\\\/schema.org\",\"@graph\":[{\"@type\":\"Article\",\"@id\":\"http:\\\/\\\/minutocerord.com\\\/?p=8090#article\",\"isPartOf\":{\"@id\":\"http:\\\/\\\/minutocerord.com\\\/?p=8090\"},\"author\":{\"name\":\"Genof\u00f3ntes Urb\u00e1ez\",\"@id\":\"https:\\\/\\\/minutocerord.com\\\/#\\\/schema\\\/person\\\/60b5372d60aaa0a5171fb6488be9aee6\"},\"headline\":\"Muri\u00f3 este jueves el destacado beisbolista dominicano Odalis P\u00e9rez, quien milit\u00f3 con Los \u00c1ngeles Dodgers\",\"datePublished\":\"2022-03-11T02:04:05+00:00\",\"dateModified\":\"2022-03-11T02:04:09+00:00\",\"mainEntityOfPage\":{\"@id\":\"http:\\\/\\\/minutocerord.com\\\/?p=8090\"},\"wordCount\":223,\"commentCount\":0,\"publisher\":{\"@id\":\"https:\\\/\\\/minutocerord.com\\\/#\\\/schema\\\/person\\\/60b5372d60aaa0a5171fb6488be9aee6\"},\"image\":{\"@id\":\"http:\\\/\\\/minutocerord.com\\\/?p=8090#primaryimage\"},\"thumbnailUrl\":\"https:\\\/\\\/i0.wp.com\\\/minutocerord.com\\\/wp-content\\\/uploads\\\/2022\\\/03\\\/Odalis-Perez.jpg?fit=1024%2C768&ssl=1\",\"articleSection\":[\"Beisbol\"],\"inLanguage\":\"es-DO\",\"potentialAction\":[{\"@type\":\"CommentAction\",\"name\":\"Comment\",\"target\":[\"http:\\\/\\\/minutocerord.com\\\/?p=8090#respond\"]}]},{\"@type\":\"WebPage\",\"@id\":\"http:\\\/\\\/minutocerord.com\\\/?p=8090\",\"url\":\"http:\\\/\\\/minutocerord.com\\\/?p=8090\",\"name\":\"Muri\u00f3 este jueves el destacado beisbolista dominicano Odalis P\u00e9rez, quien milit\u00f3 con Los \u00c1ngeles Dodgers - Minuto Cero RD\",\"isPartOf\":{\"@id\":\"https:\\\/\\\/minutocerord.com\\\/#website\"},\"primaryImageOfPage\":{\"@id\":\"http:\\\/\\\/minutocerord.com\\\/?p=8090#primaryimage\"},\"image\":{\"@id\":\"http:\\\/\\\/minutocerord.com\\\/?p=8090#primaryimage\"},\"thumbnailUrl\":\"https:\\\/\\\/i0.wp.com\\\/minutocerord.com\\\/wp-content\\\/uploads\\\/2022\\\/03\\\/Odalis-Perez.jpg?fit=1024%2C768&ssl=1\",\"datePublished\":\"2022-03-11T02:04:05+00:00\",\"dateModified\":\"2022-03-11T02:04:09+00:00\",\"breadcrumb\":{\"@id\":\"http:\\\/\\\/minutocerord.com\\\/?p=8090#breadcrumb\"},\"inLanguage\":\"es-DO\",\"potentialAction\":[{\"@type\":\"ReadAction\",\"target\":[\"http:\\\/\\\/minutocerord.com\\\/?p=8090\"]}]},{\"@type\":\"ImageObject\",\"inLanguage\":\"es-DO\",\"@id\":\"http:\\\/\\\/minutocerord.com\\\/?p=8090#primaryimage\",\"url\":\"https:\\\/\\\/i0.wp.com\\\/minutocerord.com\\\/wp-content\\\/uploads\\\/2022\\\/03\\\/Odalis-Perez.jpg?fit=1024%2C768&ssl=1\",\"contentUrl\":\"https:\\\/\\\/i0.wp.com\\\/minutocerord.com\\\/wp-content\\\/uploads\\\/2022\\\/03\\\/Odalis-Perez.jpg?fit=1024%2C768&ssl=1\",\"width\":1024,\"height\":768},{\"@type\":\"BreadcrumbList\",\"@id\":\"http:\\\/\\\/minutocerord.com\\\/?p=8090#breadcrumb\",\"itemListElement\":[{\"@type\":\"ListItem\",\"position\":1,\"name\":\"Home\",\"item\":\"https:\\\/\\\/minutocerord.com\\\/\"},{\"@type\":\"ListItem\",\"position\":2,\"name\":\"Muri\u00f3 este jueves el destacado beisbolista dominicano Odalis P\u00e9rez, quien milit\u00f3 con Los \u00c1ngeles Dodgers\"}]},{\"@type\":\"WebSite\",\"@id\":\"https:\\\/\\\/minutocerord.com\\\/#website\",\"url\":\"https:\\\/\\\/minutocerord.com\\\/\",\"name\":\"Minuto Cero RD\",\"description\":\"Periodismo serio y veraz\",\"publisher\":{\"@id\":\"https:\\\/\\\/minutocerord.com\\\/#\\\/schema\\\/person\\\/60b5372d60aaa0a5171fb6488be9aee6\"},\"potentialAction\":[{\"@type\":\"SearchAction\",\"target\":{\"@type\":\"EntryPoint\",\"urlTemplate\":\"https:\\\/\\\/minutocerord.com\\\/?s={search_term_string}\"},\"query-input\":{\"@type\":\"PropertyValueSpecification\",\"valueRequired\":true,\"valueName\":\"search_term_string\"}}],\"inLanguage\":\"es-DO\"},{\"@type\":[\"Person\",\"Organization\"],\"@id\":\"https:\\\/\\\/minutocerord.com\\\/#\\\/schema\\\/person\\\/60b5372d60aaa0a5171fb6488be9aee6\",\"name\":\"Genof\u00f3ntes Urb\u00e1ez\",\"image\":{\"@type\":\"ImageObject\",\"inLanguage\":\"es-DO\",\"@id\":\"https:\\\/\\\/secure.gravatar.com\\\/avatar\\\/a49ef3186a692098ac3e8a1612261e3ad70cf9e44553dff2929e67939a0ecb9d?s=96&d=identicon&r=g\",\"url\":\"https:\\\/\\\/secure.gravatar.com\\\/avatar\\\/a49ef3186a692098ac3e8a1612261e3ad70cf9e44553dff2929e67939a0ecb9d?s=96&d=identicon&r=g\",\"contentUrl\":\"https:\\\/\\\/secure.gravatar.com\\\/avatar\\\/a49ef3186a692098ac3e8a1612261e3ad70cf9e44553dff2929e67939a0ecb9d?s=96&d=identicon&r=g\",\"caption\":\"Genof\u00f3ntes Urb\u00e1ez\"},\"logo\":{\"@id\":\"https:\\\/\\\/secure.gravatar.com\\\/avatar\\\/a49ef3186a692098ac3e8a1612261e3ad70cf9e44553dff2929e67939a0ecb9d?s=96&d=identicon&r=g\"},\"description\":\"Periodista \\\/ Locutor\",\"sameAs\":[\"https:\\\/\\\/www.facebook.com\\\/Genofnotes\",\"https:\\\/\\\/www.instagram.com\\\/genofnotes\\\/\"]}]}<\/script>\n<!-- \/ Yoast SEO plugin. -->","yoast_head_json":{"title":"Muri\u00f3 este jueves el destacado beisbolista dominicano Odalis P\u00e9rez, quien milit\u00f3 con Los \u00c1ngeles Dodgers - Minuto Cero RD","robots":{"index":"index","follow":"follow","max-snippet":"max-snippet:-1","max-image-preview":"max-image-preview:large","max-video-preview":"max-video-preview:-1"},"canonical":"http:\/\/minutocerord.com\/?p=8090","og_locale":"es_ES","og_type":"article","og_title":"Muri\u00f3 este jueves el destacado beisbolista dominicano Odalis P\u00e9rez, quien milit\u00f3 con Los \u00c1ngeles Dodgers - Minuto Cero RD","og_description":"Santo Domingo, RD.- Muri\u00f3 este jueves el destacado beisbolista dominicano Odal\u00eds P\u00e9rez, quien milit\u00f3 con Los \u00c1ngeles Dodgers en el beisbol de Grandes Ligas y tambi\u00e9n con los Leones del Escogido y Estrellas Orientales en la liga dominicana. Los primeros informes indican que P\u00e9rez se cay\u00f3 de las escaleras en su casa, donde se encontraba [&hellip;]","og_url":"http:\/\/minutocerord.com\/?p=8090","og_site_name":"Minuto Cero RD","article_publisher":"https:\/\/www.facebook.com\/Genofnotes","article_author":"https:\/\/www.facebook.com\/Genofnotes","article_published_time":"2022-03-11T02:04:05+00:00","article_modified_time":"2022-03-11T02:04:09+00:00","og_image":[{"width":1024,"height":768,"url":"https:\/\/i0.wp.com\/minutocerord.com\/wp-content\/uploads\/2022\/03\/Odalis-Perez.jpg?fit=1024%2C768","type":"image\/jpeg"}],"author":"Genof\u00f3ntes Urb\u00e1ez","twitter_card":"summary_large_image","twitter_misc":{"Written by":"Genof\u00f3ntes Urb\u00e1ez","Est. reading time":"1 minuto"},"schema":{"@context":"https:\/\/schema.org","@graph":[{"@type":"Article","@id":"http:\/\/minutocerord.com\/?p=8090#article","isPartOf":{"@id":"http:\/\/minutocerord.com\/?p=8090"},"author":{"name":"Genof\u00f3ntes Urb\u00e1ez","@id":"https:\/\/minutocerord.com\/#\/schema\/person\/60b5372d60aaa0a5171fb6488be9aee6"},"headline":"Muri\u00f3 este jueves el destacado beisbolista dominicano Odalis P\u00e9rez, quien milit\u00f3 con Los \u00c1ngeles Dodgers","datePublished":"2022-03-11T02:04:05+00:00","dateModified":"2022-03-11T02:04:09+00:00","mainEntityOfPage":{"@id":"http:\/\/minutocerord.com\/?p=8090"},"wordCount":223,"commentCount":0,"publisher":{"@id":"https:\/\/minutocerord.com\/#\/schema\/person\/60b5372d60aaa0a5171fb6488be9aee6"},"image":{"@id":"http:\/\/minutocerord.com\/?p=8090#primaryimage"},"thumbnailUrl":"https:\/\/i0.wp.com\/minutocerord.com\/wp-content\/uploads\/2022\/03\/Odalis-Perez.jpg?fit=1024%2C768&ssl=1","articleSection":["Beisbol"],"inLanguage":"es-DO","potentialAction":[{"@type":"CommentAction","name":"Comment","target":["http:\/\/minutocerord.com\/?p=8090#respond"]}]},{"@type":"WebPage","@id":"http:\/\/minutocerord.com\/?p=8090","url":"http:\/\/minutocerord.com\/?p=8090","name":"Muri\u00f3 este jueves el destacado beisbolista dominicano Odalis P\u00e9rez, quien milit\u00f3 con Los \u00c1ngeles Dodgers - Minuto Cero RD","isPartOf":{"@id":"https:\/\/minutocerord.com\/#website"},"primaryImageOfPage":{"@id":"http:\/\/minutocerord.com\/?p=8090#primaryimage"},"image":{"@id":"http:\/\/minutocerord.com\/?p=8090#primaryimage"},"thumbnailUrl":"https:\/\/i0.wp.com\/minutocerord.com\/wp-content\/uploads\/2022\/03\/Odalis-Perez.jpg?fit=1024%2C768&ssl=1","datePublished":"2022-03-11T02:04:05+00:00","dateModified":"2022-03-11T02:04:09+00:00","breadcrumb":{"@id":"http:\/\/minutocerord.com\/?p=8090#breadcrumb"},"inLanguage":"es-DO","potentialAction":[{"@type":"ReadAction","target":["http:\/\/minutocerord.com\/?p=8090"]}]},{"@type":"ImageObject","inLanguage":"es-DO","@id":"http:\/\/minutocerord.com\/?p=8090#primaryimage","url":"https:\/\/i0.wp.com\/minutocerord.com\/wp-content\/uploads\/2022\/03\/Odalis-Perez.jpg?fit=1024%2C768&ssl=1","contentUrl":"https:\/\/i0.wp.com\/minutocerord.com\/wp-content\/uploads\/2022\/03\/Odalis-Perez.jpg?fit=1024%2C768&ssl=1","width":1024,"height":768},{"@type":"BreadcrumbList","@id":"http:\/\/minutocerord.com\/?p=8090#breadcrumb","itemListElement":[{"@type":"ListItem","position":1,"name":"Home","item":"https:\/\/minutocerord.com\/"},{"@type":"ListItem","position":2,"name":"Muri\u00f3 este jueves el destacado beisbolista dominicano Odalis P\u00e9rez, quien milit\u00f3 con Los \u00c1ngeles Dodgers"}]},{"@type":"WebSite","@id":"https:\/\/minutocerord.com\/#website","url":"https:\/\/minutocerord.com\/","name":"Minuto Cero RD","description":"Periodismo serio y veraz","publisher":{"@id":"https:\/\/minutocerord.com\/#\/schema\/person\/60b5372d60aaa0a5171fb6488be9aee6"},"potentialAction":[{"@type":"SearchAction","target":{"@type":"EntryPoint","urlTemplate":"https:\/\/minutocerord.com\/?s={search_term_string}"},"query-input":{"@type":"PropertyValueSpecification","valueRequired":true,"valueName":"search_term_string"}}],"inLanguage":"es-DO"},{"@type":["Person","Organization"],"@id":"https:\/\/minutocerord.com\/#\/schema\/person\/60b5372d60aaa0a5171fb6488be9aee6","name":"Genof\u00f3ntes Urb\u00e1ez","image":{"@type":"ImageObject","inLanguage":"es-DO","@id":"https:\/\/secure.gravatar.com\/avatar\/a49ef3186a692098ac3e8a1612261e3ad70cf9e44553dff2929e67939a0ecb9d?s=96&d=identicon&r=g","url":"https:\/\/secure.gravatar.com\/avatar\/a49ef3186a692098ac3e8a1612261e3ad70cf9e44553dff2929e67939a0ecb9d?s=96&d=identicon&r=g","contentUrl":"https:\/\/secure.gravatar.com\/avatar\/a49ef3186a692098ac3e8a1612261e3ad70cf9e44553dff2929e67939a0ecb9d?s=96&d=identicon&r=g","caption":"Genof\u00f3ntes Urb\u00e1ez"},"logo":{"@id":"https:\/\/secure.gravatar.com\/avatar\/a49ef3186a692098ac3e8a1612261e3ad70cf9e44553dff2929e67939a0ecb9d?s=96&d=identicon&r=g"},"description":"Periodista \/ Locutor","sameAs":["https:\/\/www.facebook.com\/Genofnotes","https:\/\/www.instagram.com\/genofnotes\/"]}]}},"jetpack_publicize_connections":[],"jetpack_featured_media_url":"https:\/\/i0.wp.com\/minutocerord.com\/wp-content\/uploads\/2022\/03\/Odalis-Perez.jpg?fit=1024%2C768&ssl=1","jetpack-related-posts":[],"jetpack_sharing_enabled":true,"_links":{"self":[{"href":"https:\/\/minutocerord.com\/index.php?rest_route=\/wp\/v2\/posts\/8090","targetHints":{"allow":["GET"]}}],"collection":[{"href":"https:\/\/minutocerord.com\/index.php?rest_route=\/wp\/v2\/posts"}],"about":[{"href":"https:\/\/minutocerord.com\/index.php?rest_route=\/wp\/v2\/types\/post"}],"author":[{"embeddable":true,"href":"https:\/\/minutocerord.com\/index.php?rest_route=\/wp\/v2\/users\/1"}],"replies":[{"embeddable":true,"href":"https:\/\/minutocerord.com\/index.php?rest_route=%2Fwp%2Fv2%2Fcomments&post=8090"}],"version-history":[{"count":1,"href":"https:\/\/minutocerord.com\/index.php?rest_route=\/wp\/v2\/posts\/8090\/revisions"}],"predecessor-version":[{"id":8092,"href":"https:\/\/minutocerord.com\/index.php?rest_route=\/wp\/v2\/posts\/8090\/revisions\/8092"}],"wp:featuredmedia":[{"embeddable":true,"href":"https:\/\/minutocerord.com\/index.php?rest_route=\/wp\/v2\/media\/8091"}],"wp:attachment":[{"href":"https:\/\/minutocerord.com\/index.php?rest_route=%2Fwp%2Fv2%2Fmedia&parent=8090"}],"wp:term":[{"taxonomy":"category","embeddable":true,"href":"https:\/\/minutocerord.com\/index.php?rest_route=%2Fwp%2Fv2%2Fcategories&post=8090"},{"taxonomy":"post_tag","embeddable":true,"href":"https:\/\/minutocerord.com\/index.php?rest_route=%2Fwp%2Fv2%2Ftags&post=8090"}],"curies":[{"name":"wp","href":"https:\/\/api.w.org\/{rel}","templated":true}]}}