{"id":8093,"date":"2022-03-10T22:18:23","date_gmt":"2022-03-11T02:18:23","guid":{"rendered":"https:\/\/minutocerord.com\/?p=8093"},"modified":"2022-03-10T22:18:28","modified_gmt":"2022-03-11T02:18:28","slug":"envian-a-prision-por-tres-meses-a-raso-policial-acusado-de-ocasionar-muerte-a-joven-en-san-cristobal","status":"publish","type":"post","link":"https:\/\/minutocerord.com\/?p=8093","title":{"rendered":"Env\u00edan a prisi\u00f3n por tres meses a raso policial acusado de ocasionar muerte a joven en San Crist\u00f3bal"},"content":{"rendered":"\n<p><strong>Santo Domingo, RD.- <\/strong>El juzgado de Atenci\u00f3n Permanente de San Crist\u00f3bal dict\u00f3 tres meses de prisi\u00f3n preventiva en contra de un raso de la Polic\u00eda Nacional, acusado de ocasionar la muerte al joven Cristian Perier, luego de propinarle una herida de bala en el cuello.<\/p>\n\n\n\n<p>El tribunal dispuso que el imputado Papil\u00edn Gonz\u00e1lez Pe\u00f1a cumpla la prisi\u00f3n en el Centro de Correcci\u00f3n y Rehabilitaci\u00f3n de Najayo-Hombres.<\/p>\n\n\n\n<p>De acuerdo a la solicitud de medida de coerci\u00f3n, el joven de 19 a\u00f1os estaba en su veh\u00edculo estacionado junto a su pareja en una calle del sector La Suiza de la provincia mencionada, cuando los polic\u00edas le tocaron muy fuerte el cristal.<\/p>\n\n\n\n<p>La reacci\u00f3n del joven, \u201cpensando que los iban a atracar\u201d, fue arrancar el carro y fue perseguido por los miembros del cuerpo del orden.<\/p>\n\n\n\n<p>Se\u00f1ala que al ver que la calle no ten\u00eda salida, su pareja le dijo que se devolviera y es en ese momento cuando uno de los agentes que los persegu\u00edan le dispar\u00f3 en el cuello al estudiante de Ingenier\u00eda en Sistemas.<\/p>\n\n\n\n<p>Con el impacto de la bala perdi\u00f3 el control del veh\u00edculo y accidentalmente atropell\u00f3 al polic\u00eda agresor.<br>El agente involucrado result\u00f3 con laceraciones y traumas contusos en la rodilla derecha producto de la embestida. Mientras que el joven herido de bala fue trasladado a un centro de salud de la provincia, donde muri\u00f3 luego de estar varios d\u00edas ingresado en un estado delicado.<\/p>\n","protected":false},"excerpt":{"rendered":"<p>Santo Domingo, RD.- El juzgado de Atenci\u00f3n Permanente de San Crist\u00f3bal dict\u00f3 tres meses de prisi\u00f3n preventiva en contra de un raso de la Polic\u00eda Nacional, acusado de ocasionar la muerte al joven Cristian Perier, luego de propinarle una herida de bala en el cuello. El tribunal dispuso que el imputado Papil\u00edn Gonz\u00e1lez Pe\u00f1a cumpla [&hellip;]<\/p>\n","protected":false},"author":1,"featured_media":8094,"comment_status":"open","ping_status":"open","sticky":false,"template":"","format":"standard","meta":{"nf_dc_page":"","jetpack_post_was_ever_published":false,"_jetpack_newsletter_access":"","_jetpack_dont_email_post_to_subs":false,"_jetpack_newsletter_tier_id":0,"_jetpack_memberships_contains_paywalled_content":false,"_jetpack_memberships_contains_paid_content":false,"footnotes":"","jetpack_publicize_message":"","jetpack_publicize_feature_enabled":true,"jetpack_social_post_already_shared":false,"jetpack_social_options":{"image_generator_settings":{"template":"highway","default_image_id":0,"font":"","enabled":false},"version":2}},"categories":[93],"tags":[],"class_list":["post-8093","post","type-post","status-publish","format-standard","has-post-thumbnail","hentry","category-justicia"],"yoast_head":"<!-- This site is optimized with the Yoast SEO plugin v27.4 - https:\/\/yoast.com\/product\/yoast-seo-wordpress\/ -->\n<title>Env\u00edan a prisi\u00f3n por tres meses a raso policial acusado de ocasionar muerte a joven en San Crist\u00f3bal - Minuto Cero RD<\/title>\n<meta name=\"robots\" content=\"index, follow, max-snippet:-1, max-image-preview:large, max-video-preview:-1\" \/>\n<link rel=\"canonical\" href=\"http:\/\/minutocerord.com\/?p=8093\" \/>\n<meta property=\"og:locale\" content=\"es_ES\" \/>\n<meta property=\"og:type\" content=\"article\" \/>\n<meta property=\"og:title\" content=\"Env\u00edan a prisi\u00f3n por tres meses a raso policial acusado de ocasionar muerte a joven en San Crist\u00f3bal - Minuto Cero RD\" \/>\n<meta property=\"og:description\" content=\"Santo Domingo, RD.- El juzgado de Atenci\u00f3n Permanente de San Crist\u00f3bal dict\u00f3 tres meses de prisi\u00f3n preventiva en contra de un raso de la Polic\u00eda Nacional, acusado de ocasionar la muerte al joven Cristian Perier, luego de propinarle una herida de bala en el cuello. El tribunal dispuso que el imputado Papil\u00edn Gonz\u00e1lez Pe\u00f1a cumpla [&hellip;]\" \/>\n<meta property=\"og:url\" content=\"http:\/\/minutocerord.com\/?p=8093\" \/>\n<meta property=\"og:site_name\" content=\"Minuto Cero RD\" \/>\n<meta property=\"article:publisher\" content=\"https:\/\/www.facebook.com\/Genofnotes\" \/>\n<meta property=\"article:author\" content=\"https:\/\/www.facebook.com\/Genofnotes\" \/>\n<meta property=\"article:published_time\" content=\"2022-03-11T02:18:23+00:00\" \/>\n<meta property=\"article:modified_time\" content=\"2022-03-11T02:18:28+00:00\" \/>\n<meta property=\"og:image\" content=\"https:\/\/i0.wp.com\/minutocerord.com\/wp-content\/uploads\/2022\/03\/11111111111111111.png?fit=1270%2C899\" \/>\n\t<meta property=\"og:image:width\" content=\"1270\" \/>\n\t<meta property=\"og:image:height\" content=\"899\" \/>\n\t<meta property=\"og:image:type\" content=\"image\/png\" \/>\n<meta name=\"author\" content=\"Genof\u00f3ntes Urb\u00e1ez\" \/>\n<meta name=\"twitter:card\" content=\"summary_large_image\" \/>\n<meta name=\"twitter:label1\" content=\"Written by\" \/>\n\t<meta name=\"twitter:data1\" content=\"Genof\u00f3ntes Urb\u00e1ez\" \/>\n\t<meta name=\"twitter:label2\" content=\"Est. reading time\" \/>\n\t<meta name=\"twitter:data2\" content=\"2 minutos\" \/>\n<script type=\"application\/ld+json\" class=\"yoast-schema-graph\">{\"@context\":\"https:\\\/\\\/schema.org\",\"@graph\":[{\"@type\":\"Article\",\"@id\":\"http:\\\/\\\/minutocerord.com\\\/?p=8093#article\",\"isPartOf\":{\"@id\":\"http:\\\/\\\/minutocerord.com\\\/?p=8093\"},\"author\":{\"name\":\"Genof\u00f3ntes Urb\u00e1ez\",\"@id\":\"https:\\\/\\\/minutocerord.com\\\/#\\\/schema\\\/person\\\/60b5372d60aaa0a5171fb6488be9aee6\"},\"headline\":\"Env\u00edan a prisi\u00f3n por tres meses a raso policial acusado de ocasionar muerte a joven en San Crist\u00f3bal\",\"datePublished\":\"2022-03-11T02:18:23+00:00\",\"dateModified\":\"2022-03-11T02:18:28+00:00\",\"mainEntityOfPage\":{\"@id\":\"http:\\\/\\\/minutocerord.com\\\/?p=8093\"},\"wordCount\":280,\"commentCount\":0,\"publisher\":{\"@id\":\"https:\\\/\\\/minutocerord.com\\\/#\\\/schema\\\/person\\\/60b5372d60aaa0a5171fb6488be9aee6\"},\"image\":{\"@id\":\"http:\\\/\\\/minutocerord.com\\\/?p=8093#primaryimage\"},\"thumbnailUrl\":\"https:\\\/\\\/i0.wp.com\\\/minutocerord.com\\\/wp-content\\\/uploads\\\/2022\\\/03\\\/11111111111111111.png?fit=1270%2C899&ssl=1\",\"articleSection\":[\"Justicia\"],\"inLanguage\":\"es-DO\",\"potentialAction\":[{\"@type\":\"CommentAction\",\"name\":\"Comment\",\"target\":[\"http:\\\/\\\/minutocerord.com\\\/?p=8093#respond\"]}]},{\"@type\":\"WebPage\",\"@id\":\"http:\\\/\\\/minutocerord.com\\\/?p=8093\",\"url\":\"http:\\\/\\\/minutocerord.com\\\/?p=8093\",\"name\":\"Env\u00edan a prisi\u00f3n por tres meses a raso policial acusado de ocasionar muerte a joven en San Crist\u00f3bal - Minuto Cero RD\",\"isPartOf\":{\"@id\":\"https:\\\/\\\/minutocerord.com\\\/#website\"},\"primaryImageOfPage\":{\"@id\":\"http:\\\/\\\/minutocerord.com\\\/?p=8093#primaryimage\"},\"image\":{\"@id\":\"http:\\\/\\\/minutocerord.com\\\/?p=8093#primaryimage\"},\"thumbnailUrl\":\"https:\\\/\\\/i0.wp.com\\\/minutocerord.com\\\/wp-content\\\/uploads\\\/2022\\\/03\\\/11111111111111111.png?fit=1270%2C899&ssl=1\",\"datePublished\":\"2022-03-11T02:18:23+00:00\",\"dateModified\":\"2022-03-11T02:18:28+00:00\",\"breadcrumb\":{\"@id\":\"http:\\\/\\\/minutocerord.com\\\/?p=8093#breadcrumb\"},\"inLanguage\":\"es-DO\",\"potentialAction\":[{\"@type\":\"ReadAction\",\"target\":[\"http:\\\/\\\/minutocerord.com\\\/?p=8093\"]}]},{\"@type\":\"ImageObject\",\"inLanguage\":\"es-DO\",\"@id\":\"http:\\\/\\\/minutocerord.com\\\/?p=8093#primaryimage\",\"url\":\"https:\\\/\\\/i0.wp.com\\\/minutocerord.com\\\/wp-content\\\/uploads\\\/2022\\\/03\\\/11111111111111111.png?fit=1270%2C899&ssl=1\",\"contentUrl\":\"https:\\\/\\\/i0.wp.com\\\/minutocerord.com\\\/wp-content\\\/uploads\\\/2022\\\/03\\\/11111111111111111.png?fit=1270%2C899&ssl=1\",\"width\":1270,\"height\":899},{\"@type\":\"BreadcrumbList\",\"@id\":\"http:\\\/\\\/minutocerord.com\\\/?p=8093#breadcrumb\",\"itemListElement\":[{\"@type\":\"ListItem\",\"position\":1,\"name\":\"Home\",\"item\":\"https:\\\/\\\/minutocerord.com\\\/\"},{\"@type\":\"ListItem\",\"position\":2,\"name\":\"Env\u00edan a prisi\u00f3n por tres meses a raso policial acusado de ocasionar muerte a joven en San Crist\u00f3bal\"}]},{\"@type\":\"WebSite\",\"@id\":\"https:\\\/\\\/minutocerord.com\\\/#website\",\"url\":\"https:\\\/\\\/minutocerord.com\\\/\",\"name\":\"Minuto Cero RD\",\"description\":\"Periodismo serio y veraz\",\"publisher\":{\"@id\":\"https:\\\/\\\/minutocerord.com\\\/#\\\/schema\\\/person\\\/60b5372d60aaa0a5171fb6488be9aee6\"},\"potentialAction\":[{\"@type\":\"SearchAction\",\"target\":{\"@type\":\"EntryPoint\",\"urlTemplate\":\"https:\\\/\\\/minutocerord.com\\\/?s={search_term_string}\"},\"query-input\":{\"@type\":\"PropertyValueSpecification\",\"valueRequired\":true,\"valueName\":\"search_term_string\"}}],\"inLanguage\":\"es-DO\"},{\"@type\":[\"Person\",\"Organization\"],\"@id\":\"https:\\\/\\\/minutocerord.com\\\/#\\\/schema\\\/person\\\/60b5372d60aaa0a5171fb6488be9aee6\",\"name\":\"Genof\u00f3ntes Urb\u00e1ez\",\"image\":{\"@type\":\"ImageObject\",\"inLanguage\":\"es-DO\",\"@id\":\"https:\\\/\\\/secure.gravatar.com\\\/avatar\\\/a49ef3186a692098ac3e8a1612261e3ad70cf9e44553dff2929e67939a0ecb9d?s=96&d=identicon&r=g\",\"url\":\"https:\\\/\\\/secure.gravatar.com\\\/avatar\\\/a49ef3186a692098ac3e8a1612261e3ad70cf9e44553dff2929e67939a0ecb9d?s=96&d=identicon&r=g\",\"contentUrl\":\"https:\\\/\\\/secure.gravatar.com\\\/avatar\\\/a49ef3186a692098ac3e8a1612261e3ad70cf9e44553dff2929e67939a0ecb9d?s=96&d=identicon&r=g\",\"caption\":\"Genof\u00f3ntes Urb\u00e1ez\"},\"logo\":{\"@id\":\"https:\\\/\\\/secure.gravatar.com\\\/avatar\\\/a49ef3186a692098ac3e8a1612261e3ad70cf9e44553dff2929e67939a0ecb9d?s=96&d=identicon&r=g\"},\"description\":\"Periodista \\\/ Locutor\",\"sameAs\":[\"https:\\\/\\\/www.facebook.com\\\/Genofnotes\",\"https:\\\/\\\/www.instagram.com\\\/genofnotes\\\/\"]}]}<\/script>\n<!-- \/ Yoast SEO plugin. -->","yoast_head_json":{"title":"Env\u00edan a prisi\u00f3n por tres meses a raso policial acusado de ocasionar muerte a joven en San Crist\u00f3bal - Minuto Cero RD","robots":{"index":"index","follow":"follow","max-snippet":"max-snippet:-1","max-image-preview":"max-image-preview:large","max-video-preview":"max-video-preview:-1"},"canonical":"http:\/\/minutocerord.com\/?p=8093","og_locale":"es_ES","og_type":"article","og_title":"Env\u00edan a prisi\u00f3n por tres meses a raso policial acusado de ocasionar muerte a joven en San Crist\u00f3bal - Minuto Cero RD","og_description":"Santo Domingo, RD.- El juzgado de Atenci\u00f3n Permanente de San Crist\u00f3bal dict\u00f3 tres meses de prisi\u00f3n preventiva en contra de un raso de la Polic\u00eda Nacional, acusado de ocasionar la muerte al joven Cristian Perier, luego de propinarle una herida de bala en el cuello. El tribunal dispuso que el imputado Papil\u00edn Gonz\u00e1lez Pe\u00f1a cumpla [&hellip;]","og_url":"http:\/\/minutocerord.com\/?p=8093","og_site_name":"Minuto Cero RD","article_publisher":"https:\/\/www.facebook.com\/Genofnotes","article_author":"https:\/\/www.facebook.com\/Genofnotes","article_published_time":"2022-03-11T02:18:23+00:00","article_modified_time":"2022-03-11T02:18:28+00:00","og_image":[{"width":1270,"height":899,"url":"https:\/\/i0.wp.com\/minutocerord.com\/wp-content\/uploads\/2022\/03\/11111111111111111.png?fit=1270%2C899","type":"image\/png"}],"author":"Genof\u00f3ntes Urb\u00e1ez","twitter_card":"summary_large_image","twitter_misc":{"Written by":"Genof\u00f3ntes Urb\u00e1ez","Est. reading time":"2 minutos"},"schema":{"@context":"https:\/\/schema.org","@graph":[{"@type":"Article","@id":"http:\/\/minutocerord.com\/?p=8093#article","isPartOf":{"@id":"http:\/\/minutocerord.com\/?p=8093"},"author":{"name":"Genof\u00f3ntes Urb\u00e1ez","@id":"https:\/\/minutocerord.com\/#\/schema\/person\/60b5372d60aaa0a5171fb6488be9aee6"},"headline":"Env\u00edan a prisi\u00f3n por tres meses a raso policial acusado de ocasionar muerte a joven en San Crist\u00f3bal","datePublished":"2022-03-11T02:18:23+00:00","dateModified":"2022-03-11T02:18:28+00:00","mainEntityOfPage":{"@id":"http:\/\/minutocerord.com\/?p=8093"},"wordCount":280,"commentCount":0,"publisher":{"@id":"https:\/\/minutocerord.com\/#\/schema\/person\/60b5372d60aaa0a5171fb6488be9aee6"},"image":{"@id":"http:\/\/minutocerord.com\/?p=8093#primaryimage"},"thumbnailUrl":"https:\/\/i0.wp.com\/minutocerord.com\/wp-content\/uploads\/2022\/03\/11111111111111111.png?fit=1270%2C899&ssl=1","articleSection":["Justicia"],"inLanguage":"es-DO","potentialAction":[{"@type":"CommentAction","name":"Comment","target":["http:\/\/minutocerord.com\/?p=8093#respond"]}]},{"@type":"WebPage","@id":"http:\/\/minutocerord.com\/?p=8093","url":"http:\/\/minutocerord.com\/?p=8093","name":"Env\u00edan a prisi\u00f3n por tres meses a raso policial acusado de ocasionar muerte a joven en San Crist\u00f3bal - Minuto Cero RD","isPartOf":{"@id":"https:\/\/minutocerord.com\/#website"},"primaryImageOfPage":{"@id":"http:\/\/minutocerord.com\/?p=8093#primaryimage"},"image":{"@id":"http:\/\/minutocerord.com\/?p=8093#primaryimage"},"thumbnailUrl":"https:\/\/i0.wp.com\/minutocerord.com\/wp-content\/uploads\/2022\/03\/11111111111111111.png?fit=1270%2C899&ssl=1","datePublished":"2022-03-11T02:18:23+00:00","dateModified":"2022-03-11T02:18:28+00:00","breadcrumb":{"@id":"http:\/\/minutocerord.com\/?p=8093#breadcrumb"},"inLanguage":"es-DO","potentialAction":[{"@type":"ReadAction","target":["http:\/\/minutocerord.com\/?p=8093"]}]},{"@type":"ImageObject","inLanguage":"es-DO","@id":"http:\/\/minutocerord.com\/?p=8093#primaryimage","url":"https:\/\/i0.wp.com\/minutocerord.com\/wp-content\/uploads\/2022\/03\/11111111111111111.png?fit=1270%2C899&ssl=1","contentUrl":"https:\/\/i0.wp.com\/minutocerord.com\/wp-content\/uploads\/2022\/03\/11111111111111111.png?fit=1270%2C899&ssl=1","width":1270,"height":899},{"@type":"BreadcrumbList","@id":"http:\/\/minutocerord.com\/?p=8093#breadcrumb","itemListElement":[{"@type":"ListItem","position":1,"name":"Home","item":"https:\/\/minutocerord.com\/"},{"@type":"ListItem","position":2,"name":"Env\u00edan a prisi\u00f3n por tres meses a raso policial acusado de ocasionar muerte a joven en San Crist\u00f3bal"}]},{"@type":"WebSite","@id":"https:\/\/minutocerord.com\/#website","url":"https:\/\/minutocerord.com\/","name":"Minuto Cero RD","description":"Periodismo serio y veraz","publisher":{"@id":"https:\/\/minutocerord.com\/#\/schema\/person\/60b5372d60aaa0a5171fb6488be9aee6"},"potentialAction":[{"@type":"SearchAction","target":{"@type":"EntryPoint","urlTemplate":"https:\/\/minutocerord.com\/?s={search_term_string}"},"query-input":{"@type":"PropertyValueSpecification","valueRequired":true,"valueName":"search_term_string"}}],"inLanguage":"es-DO"},{"@type":["Person","Organization"],"@id":"https:\/\/minutocerord.com\/#\/schema\/person\/60b5372d60aaa0a5171fb6488be9aee6","name":"Genof\u00f3ntes Urb\u00e1ez","image":{"@type":"ImageObject","inLanguage":"es-DO","@id":"https:\/\/secure.gravatar.com\/avatar\/a49ef3186a692098ac3e8a1612261e3ad70cf9e44553dff2929e67939a0ecb9d?s=96&d=identicon&r=g","url":"https:\/\/secure.gravatar.com\/avatar\/a49ef3186a692098ac3e8a1612261e3ad70cf9e44553dff2929e67939a0ecb9d?s=96&d=identicon&r=g","contentUrl":"https:\/\/secure.gravatar.com\/avatar\/a49ef3186a692098ac3e8a1612261e3ad70cf9e44553dff2929e67939a0ecb9d?s=96&d=identicon&r=g","caption":"Genof\u00f3ntes Urb\u00e1ez"},"logo":{"@id":"https:\/\/secure.gravatar.com\/avatar\/a49ef3186a692098ac3e8a1612261e3ad70cf9e44553dff2929e67939a0ecb9d?s=96&d=identicon&r=g"},"description":"Periodista \/ Locutor","sameAs":["https:\/\/www.facebook.com\/Genofnotes","https:\/\/www.instagram.com\/genofnotes\/"]}]}},"jetpack_publicize_connections":[],"jetpack_featured_media_url":"https:\/\/i0.wp.com\/minutocerord.com\/wp-content\/uploads\/2022\/03\/11111111111111111.png?fit=1270%2C899&ssl=1","jetpack-related-posts":[],"jetpack_sharing_enabled":true,"_links":{"self":[{"href":"https:\/\/minutocerord.com\/index.php?rest_route=\/wp\/v2\/posts\/8093","targetHints":{"allow":["GET"]}}],"collection":[{"href":"https:\/\/minutocerord.com\/index.php?rest_route=\/wp\/v2\/posts"}],"about":[{"href":"https:\/\/minutocerord.com\/index.php?rest_route=\/wp\/v2\/types\/post"}],"author":[{"embeddable":true,"href":"https:\/\/minutocerord.com\/index.php?rest_route=\/wp\/v2\/users\/1"}],"replies":[{"embeddable":true,"href":"https:\/\/minutocerord.com\/index.php?rest_route=%2Fwp%2Fv2%2Fcomments&post=8093"}],"version-history":[{"count":1,"href":"https:\/\/minutocerord.com\/index.php?rest_route=\/wp\/v2\/posts\/8093\/revisions"}],"predecessor-version":[{"id":8095,"href":"https:\/\/minutocerord.com\/index.php?rest_route=\/wp\/v2\/posts\/8093\/revisions\/8095"}],"wp:featuredmedia":[{"embeddable":true,"href":"https:\/\/minutocerord.com\/index.php?rest_route=\/wp\/v2\/media\/8094"}],"wp:attachment":[{"href":"https:\/\/minutocerord.com\/index.php?rest_route=%2Fwp%2Fv2%2Fmedia&parent=8093"}],"wp:term":[{"taxonomy":"category","embeddable":true,"href":"https:\/\/minutocerord.com\/index.php?rest_route=%2Fwp%2Fv2%2Fcategories&post=8093"},{"taxonomy":"post_tag","embeddable":true,"href":"https:\/\/minutocerord.com\/index.php?rest_route=%2Fwp%2Fv2%2Ftags&post=8093"}],"curies":[{"name":"wp","href":"https:\/\/api.w.org\/{rel}","templated":true}]}}