{"id":8096,"date":"2022-03-10T22:37:25","date_gmt":"2022-03-11T02:37:25","guid":{"rendered":"https:\/\/minutocerord.com\/?p=8096"},"modified":"2022-03-10T22:37:29","modified_gmt":"2022-03-11T02:37:29","slug":"abogado-de-mary-louise-ventura-tacha-de-accidente-caso-patricia-ascuasiati","status":"publish","type":"post","link":"https:\/\/minutocerord.com\/?p=8096","title":{"rendered":"Abogado de Mary Louise Ventura,  tacha de &#8220;accidente&#8221; caso Patricia Ascuasiati"},"content":{"rendered":"\n<h2 class=\"wp-block-heading\">Guzm\u00e1n agreg\u00f3 que de acuerdo a la versi\u00f3n contada por su clienta, nunca tuvo la intensi\u00f3n y es la teor\u00eda que demostrar\u00e1n en todo momento ante los tribunales.<\/h2>\n\n\n\n<p><strong>Santo Domingo.-<\/strong>\u00a0El abogado de Mary Louise Ventura, implicada en el confuso suceso que provoc\u00f3 la muerte de Patricia Ascuasiati, Cirilo Guzm\u00e1n, aleg\u00f3 que el acontecimiento no fue un homicidio sino un accidente.<\/p>\n\n\n\n<p><strong>El jurista declar\u00f3 que para considerarlo un homicidio tiene que haber una intenci\u00f3n, es decir, que se convierte en un delito culposo en el que no se tienen intenciones de causar un da\u00f1o.<\/strong><\/p>\n\n\n\n<p>Se\u00f1al\u00f3 que el Ministerio P\u00fablico sostendr\u00e1 que es un homicidio, sin embargo, tendr\u00e1n que probar que hab\u00eda una intensi\u00f3n y el tiempo de planificaci\u00f3n para cometer el hecho.<\/p>\n\n\n\n<p><strong>\u201cB\u00e1sicamente ha sido un accidente de tr\u00e1nsito en el cual una persona sufri\u00f3 heridas que en este caso le caus\u00f3 la muerte; la fiscal\u00eda lo calific\u00f3 como un intento de homicidio pero los elementos de este no se dan\u201d<\/strong>, manifest\u00f3 en una entrevista en el programa radial&nbsp;<em>\u201cEl Sol de la Ma\u00f1ana\u201d,<\/em>de Zol 106.5 FM.<\/p>\n\n\n\n<p>Guzm\u00e1n agreg\u00f3 que de acuerdo a la versi\u00f3n contada por su clienta, nunca tuvo la intensi\u00f3n y es la teor\u00eda que demostrar\u00e1n en todo momento ante los tribunales.<\/p>\n\n\n\n<p>De acuerdo a la teor\u00eda que hay de que Louise la atropell\u00f3 dos veces durante el incidente,\u00a0<strong>el abogado desminti\u00f3 dicha postura, y detall\u00f3\u00a0 que cuando Lousise se enter\u00f3 que el veh\u00edculo la arroll\u00f3 tuvo que dar reversa para sacar el cuerpo.<\/strong><\/p>\n\n\n\n<p>Adem\u00e1s, sostuvo que no se produjo una discusi\u00f3n violenta sino que Patricia decidi\u00f3 conducir y&nbsp; se lo inform\u00f3 a su mejor amiga y una vez se detuvieron e intent\u00f3 poner el veh\u00edculo en modo parqueo se confundi\u00f3 y aplic\u00f3 la reversa provocando el \u201caccidente\u201d.<\/p>\n\n\n\n<p><strong>Mary Louise cumple tres meses de prisi\u00f3n preventiva en la c\u00e1cel de Najayo. El siete de junio ser\u00e1 la revisi\u00f3n de la medida.&nbsp;&nbsp;&nbsp;<\/strong><\/p>\n","protected":false},"excerpt":{"rendered":"<p>Guzm\u00e1n agreg\u00f3 que de acuerdo a la versi\u00f3n contada por su clienta, nunca tuvo la intensi\u00f3n y es la teor\u00eda que demostrar\u00e1n en todo momento ante los tribunales. Santo Domingo.-\u00a0El abogado de Mary Louise Ventura, implicada en el confuso suceso que provoc\u00f3 la muerte de Patricia Ascuasiati, Cirilo Guzm\u00e1n, aleg\u00f3 que el acontecimiento no fue [&hellip;]<\/p>\n","protected":false},"author":1,"featured_media":8097,"comment_status":"open","ping_status":"open","sticky":false,"template":"","format":"standard","meta":{"nf_dc_page":"","jetpack_post_was_ever_published":false,"_jetpack_newsletter_access":"","_jetpack_dont_email_post_to_subs":false,"_jetpack_newsletter_tier_id":0,"_jetpack_memberships_contains_paywalled_content":false,"_jetpack_memberships_contains_paid_content":false,"footnotes":"","jetpack_publicize_message":"","jetpack_publicize_feature_enabled":true,"jetpack_social_post_already_shared":false,"jetpack_social_options":{"image_generator_settings":{"template":"highway","default_image_id":0,"font":"","enabled":false},"version":2}},"categories":[93],"tags":[],"class_list":["post-8096","post","type-post","status-publish","format-standard","has-post-thumbnail","hentry","category-justicia"],"yoast_head":"<!-- This site is optimized with the Yoast SEO plugin v27.4 - https:\/\/yoast.com\/product\/yoast-seo-wordpress\/ -->\n<title>Abogado de Mary Louise Ventura, tacha de &quot;accidente&quot; caso Patricia Ascuasiati - Minuto Cero RD<\/title>\n<meta name=\"robots\" content=\"index, follow, max-snippet:-1, max-image-preview:large, max-video-preview:-1\" \/>\n<link rel=\"canonical\" href=\"http:\/\/minutocerord.com\/?p=8096\" \/>\n<meta property=\"og:locale\" content=\"es_ES\" \/>\n<meta property=\"og:type\" content=\"article\" \/>\n<meta property=\"og:title\" content=\"Abogado de Mary Louise Ventura, tacha de &quot;accidente&quot; caso Patricia Ascuasiati - Minuto Cero RD\" \/>\n<meta property=\"og:description\" content=\"Guzm\u00e1n agreg\u00f3 que de acuerdo a la versi\u00f3n contada por su clienta, nunca tuvo la intensi\u00f3n y es la teor\u00eda que demostrar\u00e1n en todo momento ante los tribunales. Santo Domingo.-\u00a0El abogado de Mary Louise Ventura, implicada en el confuso suceso que provoc\u00f3 la muerte de Patricia Ascuasiati, Cirilo Guzm\u00e1n, aleg\u00f3 que el acontecimiento no fue [&hellip;]\" \/>\n<meta property=\"og:url\" content=\"http:\/\/minutocerord.com\/?p=8096\" \/>\n<meta property=\"og:site_name\" content=\"Minuto Cero RD\" \/>\n<meta property=\"article:publisher\" content=\"https:\/\/www.facebook.com\/Genofnotes\" \/>\n<meta property=\"article:author\" content=\"https:\/\/www.facebook.com\/Genofnotes\" \/>\n<meta property=\"article:published_time\" content=\"2022-03-11T02:37:25+00:00\" \/>\n<meta property=\"article:modified_time\" content=\"2022-03-11T02:37:29+00:00\" \/>\n<meta property=\"og:image\" content=\"https:\/\/i0.wp.com\/minutocerord.com\/wp-content\/uploads\/2022\/03\/Se-complica-proceso-de-Mary-Louise-tras-la-muerte-de-Patricia-Ascuasiati.jpg?fit=1000%2C600\" \/>\n\t<meta property=\"og:image:width\" content=\"1000\" \/>\n\t<meta property=\"og:image:height\" content=\"600\" \/>\n\t<meta property=\"og:image:type\" content=\"image\/jpeg\" \/>\n<meta name=\"author\" content=\"Genof\u00f3ntes Urb\u00e1ez\" \/>\n<meta name=\"twitter:card\" content=\"summary_large_image\" \/>\n<meta name=\"twitter:label1\" content=\"Written by\" \/>\n\t<meta name=\"twitter:data1\" content=\"Genof\u00f3ntes Urb\u00e1ez\" \/>\n\t<meta name=\"twitter:label2\" content=\"Est. reading time\" \/>\n\t<meta name=\"twitter:data2\" content=\"2 minutos\" \/>\n<script type=\"application\/ld+json\" class=\"yoast-schema-graph\">{\"@context\":\"https:\\\/\\\/schema.org\",\"@graph\":[{\"@type\":\"Article\",\"@id\":\"http:\\\/\\\/minutocerord.com\\\/?p=8096#article\",\"isPartOf\":{\"@id\":\"http:\\\/\\\/minutocerord.com\\\/?p=8096\"},\"author\":{\"name\":\"Genof\u00f3ntes Urb\u00e1ez\",\"@id\":\"https:\\\/\\\/minutocerord.com\\\/#\\\/schema\\\/person\\\/60b5372d60aaa0a5171fb6488be9aee6\"},\"headline\":\"Abogado de Mary Louise Ventura, tacha de &#8220;accidente&#8221; caso Patricia Ascuasiati\",\"datePublished\":\"2022-03-11T02:37:25+00:00\",\"dateModified\":\"2022-03-11T02:37:29+00:00\",\"mainEntityOfPage\":{\"@id\":\"http:\\\/\\\/minutocerord.com\\\/?p=8096\"},\"wordCount\":362,\"commentCount\":0,\"publisher\":{\"@id\":\"https:\\\/\\\/minutocerord.com\\\/#\\\/schema\\\/person\\\/60b5372d60aaa0a5171fb6488be9aee6\"},\"image\":{\"@id\":\"http:\\\/\\\/minutocerord.com\\\/?p=8096#primaryimage\"},\"thumbnailUrl\":\"https:\\\/\\\/i0.wp.com\\\/minutocerord.com\\\/wp-content\\\/uploads\\\/2022\\\/03\\\/Se-complica-proceso-de-Mary-Louise-tras-la-muerte-de-Patricia-Ascuasiati.jpg?fit=1000%2C600&ssl=1\",\"articleSection\":[\"Justicia\"],\"inLanguage\":\"es-DO\",\"potentialAction\":[{\"@type\":\"CommentAction\",\"name\":\"Comment\",\"target\":[\"http:\\\/\\\/minutocerord.com\\\/?p=8096#respond\"]}]},{\"@type\":\"WebPage\",\"@id\":\"http:\\\/\\\/minutocerord.com\\\/?p=8096\",\"url\":\"http:\\\/\\\/minutocerord.com\\\/?p=8096\",\"name\":\"Abogado de Mary Louise Ventura, tacha de \\\"accidente\\\" caso Patricia Ascuasiati - Minuto Cero RD\",\"isPartOf\":{\"@id\":\"https:\\\/\\\/minutocerord.com\\\/#website\"},\"primaryImageOfPage\":{\"@id\":\"http:\\\/\\\/minutocerord.com\\\/?p=8096#primaryimage\"},\"image\":{\"@id\":\"http:\\\/\\\/minutocerord.com\\\/?p=8096#primaryimage\"},\"thumbnailUrl\":\"https:\\\/\\\/i0.wp.com\\\/minutocerord.com\\\/wp-content\\\/uploads\\\/2022\\\/03\\\/Se-complica-proceso-de-Mary-Louise-tras-la-muerte-de-Patricia-Ascuasiati.jpg?fit=1000%2C600&ssl=1\",\"datePublished\":\"2022-03-11T02:37:25+00:00\",\"dateModified\":\"2022-03-11T02:37:29+00:00\",\"breadcrumb\":{\"@id\":\"http:\\\/\\\/minutocerord.com\\\/?p=8096#breadcrumb\"},\"inLanguage\":\"es-DO\",\"potentialAction\":[{\"@type\":\"ReadAction\",\"target\":[\"http:\\\/\\\/minutocerord.com\\\/?p=8096\"]}]},{\"@type\":\"ImageObject\",\"inLanguage\":\"es-DO\",\"@id\":\"http:\\\/\\\/minutocerord.com\\\/?p=8096#primaryimage\",\"url\":\"https:\\\/\\\/i0.wp.com\\\/minutocerord.com\\\/wp-content\\\/uploads\\\/2022\\\/03\\\/Se-complica-proceso-de-Mary-Louise-tras-la-muerte-de-Patricia-Ascuasiati.jpg?fit=1000%2C600&ssl=1\",\"contentUrl\":\"https:\\\/\\\/i0.wp.com\\\/minutocerord.com\\\/wp-content\\\/uploads\\\/2022\\\/03\\\/Se-complica-proceso-de-Mary-Louise-tras-la-muerte-de-Patricia-Ascuasiati.jpg?fit=1000%2C600&ssl=1\",\"width\":1000,\"height\":600},{\"@type\":\"BreadcrumbList\",\"@id\":\"http:\\\/\\\/minutocerord.com\\\/?p=8096#breadcrumb\",\"itemListElement\":[{\"@type\":\"ListItem\",\"position\":1,\"name\":\"Home\",\"item\":\"https:\\\/\\\/minutocerord.com\\\/\"},{\"@type\":\"ListItem\",\"position\":2,\"name\":\"Abogado de Mary Louise Ventura, tacha de &#8220;accidente&#8221; caso Patricia Ascuasiati\"}]},{\"@type\":\"WebSite\",\"@id\":\"https:\\\/\\\/minutocerord.com\\\/#website\",\"url\":\"https:\\\/\\\/minutocerord.com\\\/\",\"name\":\"Minuto Cero RD\",\"description\":\"Periodismo serio y veraz\",\"publisher\":{\"@id\":\"https:\\\/\\\/minutocerord.com\\\/#\\\/schema\\\/person\\\/60b5372d60aaa0a5171fb6488be9aee6\"},\"potentialAction\":[{\"@type\":\"SearchAction\",\"target\":{\"@type\":\"EntryPoint\",\"urlTemplate\":\"https:\\\/\\\/minutocerord.com\\\/?s={search_term_string}\"},\"query-input\":{\"@type\":\"PropertyValueSpecification\",\"valueRequired\":true,\"valueName\":\"search_term_string\"}}],\"inLanguage\":\"es-DO\"},{\"@type\":[\"Person\",\"Organization\"],\"@id\":\"https:\\\/\\\/minutocerord.com\\\/#\\\/schema\\\/person\\\/60b5372d60aaa0a5171fb6488be9aee6\",\"name\":\"Genof\u00f3ntes Urb\u00e1ez\",\"image\":{\"@type\":\"ImageObject\",\"inLanguage\":\"es-DO\",\"@id\":\"https:\\\/\\\/secure.gravatar.com\\\/avatar\\\/a49ef3186a692098ac3e8a1612261e3ad70cf9e44553dff2929e67939a0ecb9d?s=96&d=identicon&r=g\",\"url\":\"https:\\\/\\\/secure.gravatar.com\\\/avatar\\\/a49ef3186a692098ac3e8a1612261e3ad70cf9e44553dff2929e67939a0ecb9d?s=96&d=identicon&r=g\",\"contentUrl\":\"https:\\\/\\\/secure.gravatar.com\\\/avatar\\\/a49ef3186a692098ac3e8a1612261e3ad70cf9e44553dff2929e67939a0ecb9d?s=96&d=identicon&r=g\",\"caption\":\"Genof\u00f3ntes Urb\u00e1ez\"},\"logo\":{\"@id\":\"https:\\\/\\\/secure.gravatar.com\\\/avatar\\\/a49ef3186a692098ac3e8a1612261e3ad70cf9e44553dff2929e67939a0ecb9d?s=96&d=identicon&r=g\"},\"description\":\"Periodista \\\/ Locutor\",\"sameAs\":[\"https:\\\/\\\/www.facebook.com\\\/Genofnotes\",\"https:\\\/\\\/www.instagram.com\\\/genofnotes\\\/\"]}]}<\/script>\n<!-- \/ Yoast SEO plugin. -->","yoast_head_json":{"title":"Abogado de Mary Louise Ventura, tacha de \"accidente\" caso Patricia Ascuasiati - Minuto Cero RD","robots":{"index":"index","follow":"follow","max-snippet":"max-snippet:-1","max-image-preview":"max-image-preview:large","max-video-preview":"max-video-preview:-1"},"canonical":"http:\/\/minutocerord.com\/?p=8096","og_locale":"es_ES","og_type":"article","og_title":"Abogado de Mary Louise Ventura, tacha de \"accidente\" caso Patricia Ascuasiati - Minuto Cero RD","og_description":"Guzm\u00e1n agreg\u00f3 que de acuerdo a la versi\u00f3n contada por su clienta, nunca tuvo la intensi\u00f3n y es la teor\u00eda que demostrar\u00e1n en todo momento ante los tribunales. Santo Domingo.-\u00a0El abogado de Mary Louise Ventura, implicada en el confuso suceso que provoc\u00f3 la muerte de Patricia Ascuasiati, Cirilo Guzm\u00e1n, aleg\u00f3 que el acontecimiento no fue [&hellip;]","og_url":"http:\/\/minutocerord.com\/?p=8096","og_site_name":"Minuto Cero RD","article_publisher":"https:\/\/www.facebook.com\/Genofnotes","article_author":"https:\/\/www.facebook.com\/Genofnotes","article_published_time":"2022-03-11T02:37:25+00:00","article_modified_time":"2022-03-11T02:37:29+00:00","og_image":[{"width":1000,"height":600,"url":"https:\/\/i0.wp.com\/minutocerord.com\/wp-content\/uploads\/2022\/03\/Se-complica-proceso-de-Mary-Louise-tras-la-muerte-de-Patricia-Ascuasiati.jpg?fit=1000%2C600","type":"image\/jpeg"}],"author":"Genof\u00f3ntes Urb\u00e1ez","twitter_card":"summary_large_image","twitter_misc":{"Written by":"Genof\u00f3ntes Urb\u00e1ez","Est. reading time":"2 minutos"},"schema":{"@context":"https:\/\/schema.org","@graph":[{"@type":"Article","@id":"http:\/\/minutocerord.com\/?p=8096#article","isPartOf":{"@id":"http:\/\/minutocerord.com\/?p=8096"},"author":{"name":"Genof\u00f3ntes Urb\u00e1ez","@id":"https:\/\/minutocerord.com\/#\/schema\/person\/60b5372d60aaa0a5171fb6488be9aee6"},"headline":"Abogado de Mary Louise Ventura, tacha de &#8220;accidente&#8221; caso Patricia Ascuasiati","datePublished":"2022-03-11T02:37:25+00:00","dateModified":"2022-03-11T02:37:29+00:00","mainEntityOfPage":{"@id":"http:\/\/minutocerord.com\/?p=8096"},"wordCount":362,"commentCount":0,"publisher":{"@id":"https:\/\/minutocerord.com\/#\/schema\/person\/60b5372d60aaa0a5171fb6488be9aee6"},"image":{"@id":"http:\/\/minutocerord.com\/?p=8096#primaryimage"},"thumbnailUrl":"https:\/\/i0.wp.com\/minutocerord.com\/wp-content\/uploads\/2022\/03\/Se-complica-proceso-de-Mary-Louise-tras-la-muerte-de-Patricia-Ascuasiati.jpg?fit=1000%2C600&ssl=1","articleSection":["Justicia"],"inLanguage":"es-DO","potentialAction":[{"@type":"CommentAction","name":"Comment","target":["http:\/\/minutocerord.com\/?p=8096#respond"]}]},{"@type":"WebPage","@id":"http:\/\/minutocerord.com\/?p=8096","url":"http:\/\/minutocerord.com\/?p=8096","name":"Abogado de Mary Louise Ventura, tacha de \"accidente\" caso Patricia Ascuasiati - Minuto Cero RD","isPartOf":{"@id":"https:\/\/minutocerord.com\/#website"},"primaryImageOfPage":{"@id":"http:\/\/minutocerord.com\/?p=8096#primaryimage"},"image":{"@id":"http:\/\/minutocerord.com\/?p=8096#primaryimage"},"thumbnailUrl":"https:\/\/i0.wp.com\/minutocerord.com\/wp-content\/uploads\/2022\/03\/Se-complica-proceso-de-Mary-Louise-tras-la-muerte-de-Patricia-Ascuasiati.jpg?fit=1000%2C600&ssl=1","datePublished":"2022-03-11T02:37:25+00:00","dateModified":"2022-03-11T02:37:29+00:00","breadcrumb":{"@id":"http:\/\/minutocerord.com\/?p=8096#breadcrumb"},"inLanguage":"es-DO","potentialAction":[{"@type":"ReadAction","target":["http:\/\/minutocerord.com\/?p=8096"]}]},{"@type":"ImageObject","inLanguage":"es-DO","@id":"http:\/\/minutocerord.com\/?p=8096#primaryimage","url":"https:\/\/i0.wp.com\/minutocerord.com\/wp-content\/uploads\/2022\/03\/Se-complica-proceso-de-Mary-Louise-tras-la-muerte-de-Patricia-Ascuasiati.jpg?fit=1000%2C600&ssl=1","contentUrl":"https:\/\/i0.wp.com\/minutocerord.com\/wp-content\/uploads\/2022\/03\/Se-complica-proceso-de-Mary-Louise-tras-la-muerte-de-Patricia-Ascuasiati.jpg?fit=1000%2C600&ssl=1","width":1000,"height":600},{"@type":"BreadcrumbList","@id":"http:\/\/minutocerord.com\/?p=8096#breadcrumb","itemListElement":[{"@type":"ListItem","position":1,"name":"Home","item":"https:\/\/minutocerord.com\/"},{"@type":"ListItem","position":2,"name":"Abogado de Mary Louise Ventura, tacha de &#8220;accidente&#8221; caso Patricia Ascuasiati"}]},{"@type":"WebSite","@id":"https:\/\/minutocerord.com\/#website","url":"https:\/\/minutocerord.com\/","name":"Minuto Cero RD","description":"Periodismo serio y veraz","publisher":{"@id":"https:\/\/minutocerord.com\/#\/schema\/person\/60b5372d60aaa0a5171fb6488be9aee6"},"potentialAction":[{"@type":"SearchAction","target":{"@type":"EntryPoint","urlTemplate":"https:\/\/minutocerord.com\/?s={search_term_string}"},"query-input":{"@type":"PropertyValueSpecification","valueRequired":true,"valueName":"search_term_string"}}],"inLanguage":"es-DO"},{"@type":["Person","Organization"],"@id":"https:\/\/minutocerord.com\/#\/schema\/person\/60b5372d60aaa0a5171fb6488be9aee6","name":"Genof\u00f3ntes Urb\u00e1ez","image":{"@type":"ImageObject","inLanguage":"es-DO","@id":"https:\/\/secure.gravatar.com\/avatar\/a49ef3186a692098ac3e8a1612261e3ad70cf9e44553dff2929e67939a0ecb9d?s=96&d=identicon&r=g","url":"https:\/\/secure.gravatar.com\/avatar\/a49ef3186a692098ac3e8a1612261e3ad70cf9e44553dff2929e67939a0ecb9d?s=96&d=identicon&r=g","contentUrl":"https:\/\/secure.gravatar.com\/avatar\/a49ef3186a692098ac3e8a1612261e3ad70cf9e44553dff2929e67939a0ecb9d?s=96&d=identicon&r=g","caption":"Genof\u00f3ntes Urb\u00e1ez"},"logo":{"@id":"https:\/\/secure.gravatar.com\/avatar\/a49ef3186a692098ac3e8a1612261e3ad70cf9e44553dff2929e67939a0ecb9d?s=96&d=identicon&r=g"},"description":"Periodista \/ Locutor","sameAs":["https:\/\/www.facebook.com\/Genofnotes","https:\/\/www.instagram.com\/genofnotes\/"]}]}},"jetpack_publicize_connections":[],"jetpack_featured_media_url":"https:\/\/i0.wp.com\/minutocerord.com\/wp-content\/uploads\/2022\/03\/Se-complica-proceso-de-Mary-Louise-tras-la-muerte-de-Patricia-Ascuasiati.jpg?fit=1000%2C600&ssl=1","jetpack-related-posts":[],"jetpack_sharing_enabled":true,"_links":{"self":[{"href":"https:\/\/minutocerord.com\/index.php?rest_route=\/wp\/v2\/posts\/8096","targetHints":{"allow":["GET"]}}],"collection":[{"href":"https:\/\/minutocerord.com\/index.php?rest_route=\/wp\/v2\/posts"}],"about":[{"href":"https:\/\/minutocerord.com\/index.php?rest_route=\/wp\/v2\/types\/post"}],"author":[{"embeddable":true,"href":"https:\/\/minutocerord.com\/index.php?rest_route=\/wp\/v2\/users\/1"}],"replies":[{"embeddable":true,"href":"https:\/\/minutocerord.com\/index.php?rest_route=%2Fwp%2Fv2%2Fcomments&post=8096"}],"version-history":[{"count":1,"href":"https:\/\/minutocerord.com\/index.php?rest_route=\/wp\/v2\/posts\/8096\/revisions"}],"predecessor-version":[{"id":8098,"href":"https:\/\/minutocerord.com\/index.php?rest_route=\/wp\/v2\/posts\/8096\/revisions\/8098"}],"wp:featuredmedia":[{"embeddable":true,"href":"https:\/\/minutocerord.com\/index.php?rest_route=\/wp\/v2\/media\/8097"}],"wp:attachment":[{"href":"https:\/\/minutocerord.com\/index.php?rest_route=%2Fwp%2Fv2%2Fmedia&parent=8096"}],"wp:term":[{"taxonomy":"category","embeddable":true,"href":"https:\/\/minutocerord.com\/index.php?rest_route=%2Fwp%2Fv2%2Fcategories&post=8096"},{"taxonomy":"post_tag","embeddable":true,"href":"https:\/\/minutocerord.com\/index.php?rest_route=%2Fwp%2Fv2%2Ftags&post=8096"}],"curies":[{"name":"wp","href":"https:\/\/api.w.org\/{rel}","templated":true}]}}