{"id":8099,"date":"2022-03-11T00:39:04","date_gmt":"2022-03-11T04:39:04","guid":{"rendered":"https:\/\/minutocerord.com\/?p=8099"},"modified":"2022-03-11T00:39:08","modified_gmt":"2022-03-11T04:39:08","slug":"ley-de-extincion-de-dominio-tiene-poco-respaldo","status":"publish","type":"post","link":"https:\/\/minutocerord.com\/?p=8099","title":{"rendered":"Ley de extinci\u00f3n de dominio tiene poco respaldo"},"content":{"rendered":"\n<p><strong>Santo Domingo, RD.-<\/strong> El proyecto de ley de extinci\u00f3n de dominio sigue generando disensiones en el Congreso Nacional \u201ca pesar de los avances\u201d, debido a que los legisladores a\u00fan no logran ponerse de acuerdo en algunos aspectos de la normativa.<br><br>Al tratarse de una ley org\u00e1nica, para su aprobaci\u00f3n se requerir\u00e1 del voto de las dos terceras partes del qu\u00f3rum en ambas c\u00e1maras, sin embargo, al parecer esto se ve lejano, ya que, similar al proyecto de ley del C\u00f3digo Penal, hay opiniones particulares que van m\u00e1s all\u00e1 de lo que establecen dirigentes de partidos.<\/p>\n\n\n\n<p>A pesar de que el presidente Luis Abinader, m\u00e1ximo l\u00edder del Partido Revolucionario Moderno (PRM), favorece la aprobaci\u00f3n de la iniciativa, legisladores oficialistas tienen opiniones encontradas entorno a la misma, siendo el tal\u00f3n de Aquiles el tema de la retroactividad. Dicho tema tambi\u00e9n genera debates en legisladores de otras organizaciones pol\u00edticas.<\/p>\n\n\n\n<p>La \u201cguerra fr\u00eda\u201d entre los congresistas, adem\u00e1s de la supuesta retroactividad que tiene la pieza sometida por el senador Antonio Taveras, radica tambi\u00e9n en otros puntos se\u00f1alados por senadores y diputados as\u00ed como por representantes de la sociedad civil.<\/p>\n\n\n\n<p>Sobre esas diferencias, se expresaron ayer el presidente de la comisi\u00f3n bicameral a cargo de la normativa, senador Pedro Catrain; el coproponente de uno de los dos proyectos que se estudian en la comisi\u00f3n senador Yv\u00e1n Lorenzo; la secretar\u00eda de la C\u00e1mara de Diputados y miembro de la comisi\u00f3n bicameral, Soraya Suarez; y el vocero de la bancada reformista y miembro de esa comisi\u00f3n, Rogelio Alfonzo Genao Lanza.<\/p>\n\n\n\n<p>Como representante de la sociedad civil, se pronunci\u00f3 al respecto el vicepresidente ejecutivo de la Fundaci\u00f3n Institucional y Justicia (Finjus), Servio Tulio Casta\u00f1os Guzm\u00e1n.<\/p>\n\n\n\n<p><strong>Se\u00f1alan puntos de disensiones<\/strong><\/p>\n\n\n\n<p>El vocero del bloque de los senadores del PLD, Yv\u00e1n Lorenzo, al referirse al tema de la retroactividad como uno de los puntos de disensiones entre los congresistas, destac\u00f3 el aspecto de la implementaci\u00f3n de la legislaci\u00f3n.<\/p>\n\n\n\n<p>Para el senador por El\u00edas Pi\u00f1a, los proponentes no tienen una idea de c\u00f3mo se implementar\u00e1: si ser\u00e1 a trav\u00e9s de los juzgados de instrucci\u00f3n, con las fiscal\u00edas ordinarias o si se establecer\u00e1 un sistema nuevo, donde se instalen tribunales nacionales o regionales.<\/p>\n\n\n\n<p>Cuestion\u00f3 tambi\u00e9n el qu\u00e9 pasar\u00eda con los bienes de aquellas personas que son extraditadas y consiguen su libertad luego de ponerse de acuerdo con los Estados Unidos.<\/p>\n\n\n\n<p>Al igual que Lorenzo, la diputada del PRM, Soraya Su\u00e1rez, cit\u00f3 que dentro de los puntos de debates est\u00e1 en qui\u00e9n ser\u00e1 el salvaguardia de los bienes que se incauten y qu\u00e9 ocurrir\u00e1 con ellos.<\/p>\n\n\n\n<p>Entre los partes grises, Genao Lanza mencion\u00f3 el \u201c\u00e1mbito de aplicaci\u00f3n\u201d, que son los delitos por los cuales se puede aplicar la legislaci\u00f3n. Record\u00f3 que el proyecto se circunscribe en los mismos delitos que consigna la Ley contra el Lavado de Activos (Ley No. 155-17).<\/p>\n\n\n\n<p>Sobre las discusiones en torno a la creaci\u00f3n de una jurisdicci\u00f3n de extinci\u00f3n de dominio, se\u00f1al\u00f3 que hay un sector que sugiere crear una jurisdicci\u00f3n especializada y otro que plantea sea la justicia de corte penal.<\/p>\n\n\n\n<p>Adem\u00e1s, otro punto en que los legisladores no han logrado ponerse de acuerdo, seg\u00fan resalt\u00f3 Genao Lanza, es en el tema de la fase probatoria, ya que \u201cquien ten\u00eda que probar c\u00f3mo adquiri\u00f3 el bien, era el acusado. Y eso va en contra de la presunci\u00f3n de inocencia\u201d.<\/p>\n\n\n\n<p><strong>Presidente de la comisi\u00f3n bicameral<\/strong><\/p>\n\n\n\n<p>El presidente de la comisi\u00f3n bicameral a cargo de la ley de extinci\u00f3n de dominio, senador Pedro Catrain, plante\u00f3 que los bienes de aquellas personas que son extraditadas y llegan a alg\u00fan acuerdo con los Estados Unidos, aunque hayan cumplido una condena, los bienes adquiridos de forma ilegal le ser\u00e1n decomisados como quiera. Para el oficialista, la iniciativa no es retroactiva y reiter\u00f3 su disposici\u00f3n de consensuar con los legisladores para llegar a un acuerdo.<\/p>\n\n\n\n<p><strong>Recomienda revisar algunos aspectos de la ley<\/strong><\/p>\n\n\n\n<p>La Fundaci\u00f3n Institucional y Justicia (Finjus) recomienda revisar y actualizar seis aspectos de la legislaci\u00f3n, entre ellos, el estructurar los considerandos identificando de manera clara que la extinci\u00f3n de dominio es un procedimiento jurisdiccional diferenciado de la confiscaci\u00f3n y el decomiso, especialmente en raz\u00f3n de su car\u00e1cter aut\u00f3nomo. De acuerdo al vicepresidente ejecutivo de la Finjus, Servio Tulio Casta\u00f1os Guzm\u00e1n, la delimitaci\u00f3n del concepto de la figura debe ponderarse a profundidad. Adem\u00e1s, un proyecto de ley al efecto debe advertir aspectos sustanciales para garantizar, a\u00fan dentro de las particularidades propias de la figura, presupuestos constitucionales insoslayables como la seguridad jur\u00eddica que afecta de manera directa el escenario econ\u00f3mico y clima de negocios del pa\u00eds. Otro aspecto a revisar, seg\u00fan Casta\u00f1os Guzm\u00e1n, es la estructuraci\u00f3n, a modo de principio, de lo que han denominado como \u201cefectos en relaci\u00f3n con hechos pasados\u201d. Asimismo, la Finjus sugiere estructurar en el proyecto de ley de extinci\u00f3n de dominio previsiones expresas que se orienten a la protecci\u00f3n de los derechos leg\u00edtimos de los afectados.<\/p>\n","protected":false},"excerpt":{"rendered":"<p>Santo Domingo, RD.- El proyecto de ley de extinci\u00f3n de dominio sigue generando disensiones en el Congreso Nacional \u201ca pesar de los avances\u201d, debido a que los legisladores a\u00fan no logran ponerse de acuerdo en algunos aspectos de la normativa. Al tratarse de una ley org\u00e1nica, para su aprobaci\u00f3n se requerir\u00e1 del voto de las [&hellip;]<\/p>\n","protected":false},"author":1,"featured_media":8100,"comment_status":"open","ping_status":"open","sticky":false,"template":"","format":"standard","meta":{"nf_dc_page":"","jetpack_post_was_ever_published":false,"_jetpack_newsletter_access":"","_jetpack_dont_email_post_to_subs":false,"_jetpack_newsletter_tier_id":0,"_jetpack_memberships_contains_paywalled_content":false,"_jetpack_memberships_contains_paid_content":false,"footnotes":"","jetpack_publicize_message":"","jetpack_publicize_feature_enabled":true,"jetpack_social_post_already_shared":false,"jetpack_social_options":{"image_generator_settings":{"template":"highway","default_image_id":0,"font":"","enabled":false},"version":2}},"categories":[65],"tags":[],"class_list":["post-8099","post","type-post","status-publish","format-standard","has-post-thumbnail","hentry","category-nacionales"],"yoast_head":"<!-- This site is optimized with the Yoast SEO plugin v27.4 - https:\/\/yoast.com\/product\/yoast-seo-wordpress\/ -->\n<title>Ley de extinci\u00f3n de dominio tiene poco respaldo - Minuto Cero RD<\/title>\n<meta name=\"robots\" content=\"index, follow, max-snippet:-1, max-image-preview:large, max-video-preview:-1\" \/>\n<link rel=\"canonical\" href=\"http:\/\/minutocerord.com\/?p=8099\" \/>\n<meta property=\"og:locale\" content=\"es_ES\" \/>\n<meta property=\"og:type\" content=\"article\" \/>\n<meta property=\"og:title\" content=\"Ley de extinci\u00f3n de dominio tiene poco respaldo - Minuto Cero RD\" \/>\n<meta property=\"og:description\" content=\"Santo Domingo, RD.- El proyecto de ley de extinci\u00f3n de dominio sigue generando disensiones en el Congreso Nacional \u201ca pesar de los avances\u201d, debido a que los legisladores a\u00fan no logran ponerse de acuerdo en algunos aspectos de la normativa. Al tratarse de una ley org\u00e1nica, para su aprobaci\u00f3n se requerir\u00e1 del voto de las [&hellip;]\" \/>\n<meta property=\"og:url\" content=\"http:\/\/minutocerord.com\/?p=8099\" \/>\n<meta property=\"og:site_name\" content=\"Minuto Cero RD\" \/>\n<meta property=\"article:publisher\" content=\"https:\/\/www.facebook.com\/Genofnotes\" \/>\n<meta property=\"article:author\" content=\"https:\/\/www.facebook.com\/Genofnotes\" \/>\n<meta property=\"article:published_time\" content=\"2022-03-11T04:39:04+00:00\" \/>\n<meta property=\"article:modified_time\" content=\"2022-03-11T04:39:08+00:00\" \/>\n<meta property=\"og:image\" content=\"https:\/\/i0.wp.com\/minutocerord.com\/wp-content\/uploads\/2022\/03\/113927ab-senor-622aa259873a9-640x360-1.jpg?fit=640%2C360\" \/>\n\t<meta property=\"og:image:width\" content=\"640\" \/>\n\t<meta property=\"og:image:height\" content=\"360\" \/>\n\t<meta property=\"og:image:type\" content=\"image\/jpeg\" \/>\n<meta name=\"author\" content=\"Genof\u00f3ntes Urb\u00e1ez\" \/>\n<meta name=\"twitter:card\" content=\"summary_large_image\" \/>\n<meta name=\"twitter:label1\" content=\"Written by\" \/>\n\t<meta name=\"twitter:data1\" content=\"Genof\u00f3ntes Urb\u00e1ez\" \/>\n\t<meta name=\"twitter:label2\" content=\"Est. reading time\" \/>\n\t<meta name=\"twitter:data2\" content=\"4 minutos\" \/>\n<script type=\"application\/ld+json\" class=\"yoast-schema-graph\">{\"@context\":\"https:\\\/\\\/schema.org\",\"@graph\":[{\"@type\":\"Article\",\"@id\":\"http:\\\/\\\/minutocerord.com\\\/?p=8099#article\",\"isPartOf\":{\"@id\":\"http:\\\/\\\/minutocerord.com\\\/?p=8099\"},\"author\":{\"name\":\"Genof\u00f3ntes Urb\u00e1ez\",\"@id\":\"https:\\\/\\\/minutocerord.com\\\/#\\\/schema\\\/person\\\/60b5372d60aaa0a5171fb6488be9aee6\"},\"headline\":\"Ley de extinci\u00f3n de dominio tiene poco respaldo\",\"datePublished\":\"2022-03-11T04:39:04+00:00\",\"dateModified\":\"2022-03-11T04:39:08+00:00\",\"mainEntityOfPage\":{\"@id\":\"http:\\\/\\\/minutocerord.com\\\/?p=8099\"},\"wordCount\":901,\"commentCount\":0,\"publisher\":{\"@id\":\"https:\\\/\\\/minutocerord.com\\\/#\\\/schema\\\/person\\\/60b5372d60aaa0a5171fb6488be9aee6\"},\"image\":{\"@id\":\"http:\\\/\\\/minutocerord.com\\\/?p=8099#primaryimage\"},\"thumbnailUrl\":\"https:\\\/\\\/i0.wp.com\\\/minutocerord.com\\\/wp-content\\\/uploads\\\/2022\\\/03\\\/113927ab-senor-622aa259873a9-640x360-1.jpg?fit=640%2C360&ssl=1\",\"articleSection\":[\"Nacionales\"],\"inLanguage\":\"es-DO\",\"potentialAction\":[{\"@type\":\"CommentAction\",\"name\":\"Comment\",\"target\":[\"http:\\\/\\\/minutocerord.com\\\/?p=8099#respond\"]}]},{\"@type\":\"WebPage\",\"@id\":\"http:\\\/\\\/minutocerord.com\\\/?p=8099\",\"url\":\"http:\\\/\\\/minutocerord.com\\\/?p=8099\",\"name\":\"Ley de extinci\u00f3n de dominio tiene poco respaldo - Minuto Cero RD\",\"isPartOf\":{\"@id\":\"https:\\\/\\\/minutocerord.com\\\/#website\"},\"primaryImageOfPage\":{\"@id\":\"http:\\\/\\\/minutocerord.com\\\/?p=8099#primaryimage\"},\"image\":{\"@id\":\"http:\\\/\\\/minutocerord.com\\\/?p=8099#primaryimage\"},\"thumbnailUrl\":\"https:\\\/\\\/i0.wp.com\\\/minutocerord.com\\\/wp-content\\\/uploads\\\/2022\\\/03\\\/113927ab-senor-622aa259873a9-640x360-1.jpg?fit=640%2C360&ssl=1\",\"datePublished\":\"2022-03-11T04:39:04+00:00\",\"dateModified\":\"2022-03-11T04:39:08+00:00\",\"breadcrumb\":{\"@id\":\"http:\\\/\\\/minutocerord.com\\\/?p=8099#breadcrumb\"},\"inLanguage\":\"es-DO\",\"potentialAction\":[{\"@type\":\"ReadAction\",\"target\":[\"http:\\\/\\\/minutocerord.com\\\/?p=8099\"]}]},{\"@type\":\"ImageObject\",\"inLanguage\":\"es-DO\",\"@id\":\"http:\\\/\\\/minutocerord.com\\\/?p=8099#primaryimage\",\"url\":\"https:\\\/\\\/i0.wp.com\\\/minutocerord.com\\\/wp-content\\\/uploads\\\/2022\\\/03\\\/113927ab-senor-622aa259873a9-640x360-1.jpg?fit=640%2C360&ssl=1\",\"contentUrl\":\"https:\\\/\\\/i0.wp.com\\\/minutocerord.com\\\/wp-content\\\/uploads\\\/2022\\\/03\\\/113927ab-senor-622aa259873a9-640x360-1.jpg?fit=640%2C360&ssl=1\",\"width\":640,\"height\":360},{\"@type\":\"BreadcrumbList\",\"@id\":\"http:\\\/\\\/minutocerord.com\\\/?p=8099#breadcrumb\",\"itemListElement\":[{\"@type\":\"ListItem\",\"position\":1,\"name\":\"Home\",\"item\":\"https:\\\/\\\/minutocerord.com\\\/\"},{\"@type\":\"ListItem\",\"position\":2,\"name\":\"Ley de extinci\u00f3n de dominio tiene poco respaldo\"}]},{\"@type\":\"WebSite\",\"@id\":\"https:\\\/\\\/minutocerord.com\\\/#website\",\"url\":\"https:\\\/\\\/minutocerord.com\\\/\",\"name\":\"Minuto Cero RD\",\"description\":\"Periodismo serio y veraz\",\"publisher\":{\"@id\":\"https:\\\/\\\/minutocerord.com\\\/#\\\/schema\\\/person\\\/60b5372d60aaa0a5171fb6488be9aee6\"},\"potentialAction\":[{\"@type\":\"SearchAction\",\"target\":{\"@type\":\"EntryPoint\",\"urlTemplate\":\"https:\\\/\\\/minutocerord.com\\\/?s={search_term_string}\"},\"query-input\":{\"@type\":\"PropertyValueSpecification\",\"valueRequired\":true,\"valueName\":\"search_term_string\"}}],\"inLanguage\":\"es-DO\"},{\"@type\":[\"Person\",\"Organization\"],\"@id\":\"https:\\\/\\\/minutocerord.com\\\/#\\\/schema\\\/person\\\/60b5372d60aaa0a5171fb6488be9aee6\",\"name\":\"Genof\u00f3ntes Urb\u00e1ez\",\"image\":{\"@type\":\"ImageObject\",\"inLanguage\":\"es-DO\",\"@id\":\"https:\\\/\\\/secure.gravatar.com\\\/avatar\\\/a49ef3186a692098ac3e8a1612261e3ad70cf9e44553dff2929e67939a0ecb9d?s=96&d=identicon&r=g\",\"url\":\"https:\\\/\\\/secure.gravatar.com\\\/avatar\\\/a49ef3186a692098ac3e8a1612261e3ad70cf9e44553dff2929e67939a0ecb9d?s=96&d=identicon&r=g\",\"contentUrl\":\"https:\\\/\\\/secure.gravatar.com\\\/avatar\\\/a49ef3186a692098ac3e8a1612261e3ad70cf9e44553dff2929e67939a0ecb9d?s=96&d=identicon&r=g\",\"caption\":\"Genof\u00f3ntes Urb\u00e1ez\"},\"logo\":{\"@id\":\"https:\\\/\\\/secure.gravatar.com\\\/avatar\\\/a49ef3186a692098ac3e8a1612261e3ad70cf9e44553dff2929e67939a0ecb9d?s=96&d=identicon&r=g\"},\"description\":\"Periodista \\\/ Locutor\",\"sameAs\":[\"https:\\\/\\\/www.facebook.com\\\/Genofnotes\",\"https:\\\/\\\/www.instagram.com\\\/genofnotes\\\/\"]}]}<\/script>\n<!-- \/ Yoast SEO plugin. -->","yoast_head_json":{"title":"Ley de extinci\u00f3n de dominio tiene poco respaldo - Minuto Cero RD","robots":{"index":"index","follow":"follow","max-snippet":"max-snippet:-1","max-image-preview":"max-image-preview:large","max-video-preview":"max-video-preview:-1"},"canonical":"http:\/\/minutocerord.com\/?p=8099","og_locale":"es_ES","og_type":"article","og_title":"Ley de extinci\u00f3n de dominio tiene poco respaldo - Minuto Cero RD","og_description":"Santo Domingo, RD.- El proyecto de ley de extinci\u00f3n de dominio sigue generando disensiones en el Congreso Nacional \u201ca pesar de los avances\u201d, debido a que los legisladores a\u00fan no logran ponerse de acuerdo en algunos aspectos de la normativa. Al tratarse de una ley org\u00e1nica, para su aprobaci\u00f3n se requerir\u00e1 del voto de las [&hellip;]","og_url":"http:\/\/minutocerord.com\/?p=8099","og_site_name":"Minuto Cero RD","article_publisher":"https:\/\/www.facebook.com\/Genofnotes","article_author":"https:\/\/www.facebook.com\/Genofnotes","article_published_time":"2022-03-11T04:39:04+00:00","article_modified_time":"2022-03-11T04:39:08+00:00","og_image":[{"width":640,"height":360,"url":"https:\/\/i0.wp.com\/minutocerord.com\/wp-content\/uploads\/2022\/03\/113927ab-senor-622aa259873a9-640x360-1.jpg?fit=640%2C360","type":"image\/jpeg"}],"author":"Genof\u00f3ntes Urb\u00e1ez","twitter_card":"summary_large_image","twitter_misc":{"Written by":"Genof\u00f3ntes Urb\u00e1ez","Est. reading time":"4 minutos"},"schema":{"@context":"https:\/\/schema.org","@graph":[{"@type":"Article","@id":"http:\/\/minutocerord.com\/?p=8099#article","isPartOf":{"@id":"http:\/\/minutocerord.com\/?p=8099"},"author":{"name":"Genof\u00f3ntes Urb\u00e1ez","@id":"https:\/\/minutocerord.com\/#\/schema\/person\/60b5372d60aaa0a5171fb6488be9aee6"},"headline":"Ley de extinci\u00f3n de dominio tiene poco respaldo","datePublished":"2022-03-11T04:39:04+00:00","dateModified":"2022-03-11T04:39:08+00:00","mainEntityOfPage":{"@id":"http:\/\/minutocerord.com\/?p=8099"},"wordCount":901,"commentCount":0,"publisher":{"@id":"https:\/\/minutocerord.com\/#\/schema\/person\/60b5372d60aaa0a5171fb6488be9aee6"},"image":{"@id":"http:\/\/minutocerord.com\/?p=8099#primaryimage"},"thumbnailUrl":"https:\/\/i0.wp.com\/minutocerord.com\/wp-content\/uploads\/2022\/03\/113927ab-senor-622aa259873a9-640x360-1.jpg?fit=640%2C360&ssl=1","articleSection":["Nacionales"],"inLanguage":"es-DO","potentialAction":[{"@type":"CommentAction","name":"Comment","target":["http:\/\/minutocerord.com\/?p=8099#respond"]}]},{"@type":"WebPage","@id":"http:\/\/minutocerord.com\/?p=8099","url":"http:\/\/minutocerord.com\/?p=8099","name":"Ley de extinci\u00f3n de dominio tiene poco respaldo - Minuto Cero RD","isPartOf":{"@id":"https:\/\/minutocerord.com\/#website"},"primaryImageOfPage":{"@id":"http:\/\/minutocerord.com\/?p=8099#primaryimage"},"image":{"@id":"http:\/\/minutocerord.com\/?p=8099#primaryimage"},"thumbnailUrl":"https:\/\/i0.wp.com\/minutocerord.com\/wp-content\/uploads\/2022\/03\/113927ab-senor-622aa259873a9-640x360-1.jpg?fit=640%2C360&ssl=1","datePublished":"2022-03-11T04:39:04+00:00","dateModified":"2022-03-11T04:39:08+00:00","breadcrumb":{"@id":"http:\/\/minutocerord.com\/?p=8099#breadcrumb"},"inLanguage":"es-DO","potentialAction":[{"@type":"ReadAction","target":["http:\/\/minutocerord.com\/?p=8099"]}]},{"@type":"ImageObject","inLanguage":"es-DO","@id":"http:\/\/minutocerord.com\/?p=8099#primaryimage","url":"https:\/\/i0.wp.com\/minutocerord.com\/wp-content\/uploads\/2022\/03\/113927ab-senor-622aa259873a9-640x360-1.jpg?fit=640%2C360&ssl=1","contentUrl":"https:\/\/i0.wp.com\/minutocerord.com\/wp-content\/uploads\/2022\/03\/113927ab-senor-622aa259873a9-640x360-1.jpg?fit=640%2C360&ssl=1","width":640,"height":360},{"@type":"BreadcrumbList","@id":"http:\/\/minutocerord.com\/?p=8099#breadcrumb","itemListElement":[{"@type":"ListItem","position":1,"name":"Home","item":"https:\/\/minutocerord.com\/"},{"@type":"ListItem","position":2,"name":"Ley de extinci\u00f3n de dominio tiene poco respaldo"}]},{"@type":"WebSite","@id":"https:\/\/minutocerord.com\/#website","url":"https:\/\/minutocerord.com\/","name":"Minuto Cero RD","description":"Periodismo serio y veraz","publisher":{"@id":"https:\/\/minutocerord.com\/#\/schema\/person\/60b5372d60aaa0a5171fb6488be9aee6"},"potentialAction":[{"@type":"SearchAction","target":{"@type":"EntryPoint","urlTemplate":"https:\/\/minutocerord.com\/?s={search_term_string}"},"query-input":{"@type":"PropertyValueSpecification","valueRequired":true,"valueName":"search_term_string"}}],"inLanguage":"es-DO"},{"@type":["Person","Organization"],"@id":"https:\/\/minutocerord.com\/#\/schema\/person\/60b5372d60aaa0a5171fb6488be9aee6","name":"Genof\u00f3ntes Urb\u00e1ez","image":{"@type":"ImageObject","inLanguage":"es-DO","@id":"https:\/\/secure.gravatar.com\/avatar\/a49ef3186a692098ac3e8a1612261e3ad70cf9e44553dff2929e67939a0ecb9d?s=96&d=identicon&r=g","url":"https:\/\/secure.gravatar.com\/avatar\/a49ef3186a692098ac3e8a1612261e3ad70cf9e44553dff2929e67939a0ecb9d?s=96&d=identicon&r=g","contentUrl":"https:\/\/secure.gravatar.com\/avatar\/a49ef3186a692098ac3e8a1612261e3ad70cf9e44553dff2929e67939a0ecb9d?s=96&d=identicon&r=g","caption":"Genof\u00f3ntes Urb\u00e1ez"},"logo":{"@id":"https:\/\/secure.gravatar.com\/avatar\/a49ef3186a692098ac3e8a1612261e3ad70cf9e44553dff2929e67939a0ecb9d?s=96&d=identicon&r=g"},"description":"Periodista \/ Locutor","sameAs":["https:\/\/www.facebook.com\/Genofnotes","https:\/\/www.instagram.com\/genofnotes\/"]}]}},"jetpack_publicize_connections":[],"jetpack_featured_media_url":"https:\/\/i0.wp.com\/minutocerord.com\/wp-content\/uploads\/2022\/03\/113927ab-senor-622aa259873a9-640x360-1.jpg?fit=640%2C360&ssl=1","jetpack-related-posts":[],"jetpack_sharing_enabled":true,"_links":{"self":[{"href":"https:\/\/minutocerord.com\/index.php?rest_route=\/wp\/v2\/posts\/8099","targetHints":{"allow":["GET"]}}],"collection":[{"href":"https:\/\/minutocerord.com\/index.php?rest_route=\/wp\/v2\/posts"}],"about":[{"href":"https:\/\/minutocerord.com\/index.php?rest_route=\/wp\/v2\/types\/post"}],"author":[{"embeddable":true,"href":"https:\/\/minutocerord.com\/index.php?rest_route=\/wp\/v2\/users\/1"}],"replies":[{"embeddable":true,"href":"https:\/\/minutocerord.com\/index.php?rest_route=%2Fwp%2Fv2%2Fcomments&post=8099"}],"version-history":[{"count":1,"href":"https:\/\/minutocerord.com\/index.php?rest_route=\/wp\/v2\/posts\/8099\/revisions"}],"predecessor-version":[{"id":8101,"href":"https:\/\/minutocerord.com\/index.php?rest_route=\/wp\/v2\/posts\/8099\/revisions\/8101"}],"wp:featuredmedia":[{"embeddable":true,"href":"https:\/\/minutocerord.com\/index.php?rest_route=\/wp\/v2\/media\/8100"}],"wp:attachment":[{"href":"https:\/\/minutocerord.com\/index.php?rest_route=%2Fwp%2Fv2%2Fmedia&parent=8099"}],"wp:term":[{"taxonomy":"category","embeddable":true,"href":"https:\/\/minutocerord.com\/index.php?rest_route=%2Fwp%2Fv2%2Fcategories&post=8099"},{"taxonomy":"post_tag","embeddable":true,"href":"https:\/\/minutocerord.com\/index.php?rest_route=%2Fwp%2Fv2%2Ftags&post=8099"}],"curies":[{"name":"wp","href":"https:\/\/api.w.org\/{rel}","templated":true}]}}