{"id":8102,"date":"2022-03-11T03:35:22","date_gmt":"2022-03-11T07:35:22","guid":{"rendered":"https:\/\/minutocerord.com\/?p=8102"},"modified":"2022-03-11T03:36:32","modified_gmt":"2022-03-11T07:36:32","slug":"odalis-perez-el-lanzador-zurdo-que-impuso-su-swing-de-gl-desde-las-matas-de-farfan","status":"publish","type":"post","link":"https:\/\/minutocerord.com\/?p=8102","title":{"rendered":"Odalis P\u00e9rez: Lanzador zurdo que impuso su &#8220;swing de GL&#8221; desde Las Matas de Farf\u00e1n"},"content":{"rendered":"\n<p><strong>Santo Domingo, RD<\/strong>.- Nacido en una comunidad de Las Matas Farf\u00e1n llamada \u201cPueblo Nuevo\u201d, Odalis P\u00e9rez fue criado junto a dos de sus hermanos por su madre como una familia \u201cpobre\u201d pero sin dificultades para alimentarse.<\/p>\n\n\n\n<p>Aunque solo vivi\u00f3 con dos de sus hermanos, Odalis tuvo otros 8 por parte de su padre, quien era militar. El nacido en junio de 1977 se cri\u00f3 frente a un play de beisbol y fue all\u00ed donde se form\u00f3 como lanzador.<\/p>\n\n\n\n<p>En una entrevista con el cronista deportivo Yancen Pujols, P\u00e9rez cuenta que la suerte \u201cle toc\u00f3\u201d porque el d\u00eda de su firma sucedi\u00f3 de manera \u201cfortuita\u201d y no era algo planeado.<\/p>\n\n\n\n<p>\u201cAlberto Castillo (exreceptor dominicano) va un d\u00eda a Las Matas y dice en el play que al otro d\u00eda iba un scout a ver peloteros. Llega el otro d\u00eda y yo estaba sentado en la grada viendo a los muchachos en el tryout y Alberto le dice a Ren\u00e9 (Francisco, el scout de los Bravos de Atlanta) que me ten\u00eda que ver pichando y cruc\u00e9 pa mi casa, me cambi\u00e9, tir\u00e9 par de pelotas y nada, la suerte me toc\u00f3 a m\u00ed\u201d, le narraba P\u00e9rez a Pujols en el programa Circulo de Grandes Ligas.<a><\/a><\/p>\n\n\n\n<p>All\u00ed comenz\u00f3 el viaje del lanzador zurdo en el profesionalismo, no sin antes tener que convencer a su padre de que su suerte ser\u00eda diferente a la de los dem\u00e1s, ya que su progenitor entend\u00eda que los peloteros oriundos de Las Matas de Farf\u00e1n eran dejados libres en poco tiempo.<\/p>\n\n\n\n<p>En Grandes Ligas<\/p>\n\n\n\n<p>P\u00e9rez se uni\u00f3 a los Bravos de Atlanta en Grandes Ligas en septiembre de 1998, y\u00e9ndose de 0-1; sin embargo fue dejado en el roster de playoffs y gan\u00f3 un juego en la serie divisional contra los Cachorros de Chicago convirti\u00e9ndose en el primer lanzador en la historia de MLB en ganar un playoff sin haber ganado un partido de temporada regular.<\/p>\n\n\n\n<p>Su primera victoria en temporada regular llegar\u00eda al a\u00f1o siguiente al lanzar 5.2 entradas y permitiendo dos carreras limpias, con siete ponches, contra los Rojos de Cincinnati.<\/p>\n\n\n\n<p>En enero de 2002, P\u00e9rez fue cambiado por los Bravos con un prospecto llamado Andrew Brown y Brian Jordan a los Dodgers de los \u00c1ngeles por Gary Sheffield.<\/p>\n\n\n\n<p>Con los Dodgers, el zurdo dominicano tuvo los mejores a\u00f1os de su carrera. Esa misma primera temporada, P\u00e9rez fue seleccionado al Juego de Estrellas y gan\u00f3 15 partidos y tener un efectividad de 3.00; en 2004 volver\u00eda a tener una efectividad de 3.25.<\/p>\n\n\n\n<p>En julio de 2006, P\u00e9rez y dos entonces lanzadores de ligas menores fueron canjeados a los Reales de Kansas City a cambio de Elmer Dessens. Tambi\u00e9n se envi\u00f3 efectivo a los Reales en el acuerdo.<\/p>\n\n\n\n<p>En el beisbol de Grandes Ligas gan\u00f3 73 juegos y perdi\u00f3 82. Tuvo un porcentaje de carreras limpias 4.46.<\/p>\n\n\n\n<p>En Lidom<\/p>\n\n\n\n<p>Perez tuvo actuaciones destacadas con en el torneo oto\u00f1o \u2013 invernal con los Leones del Escogido y las Estrellas Orientales; sin embargo su punto m\u00e1s luminoso en el torneo local fue su intento de comprar al equipo de San Pedro de Macor\u00eds en 2005, cosa que se le fue negada.<\/p>\n\n\n\n<p>Fuera de retorno<\/p>\n\n\n\n<p>Fuera de los terrenos de juegos, Odalis ten\u00eda un buen \u201cswing\u201d y elegancia al momento de lucir sus vestimentas.<\/p>\n\n\n\n<p>\u201cBuena ropa y mis veh\u00edculos, eso era lo que a m\u00ed me gustaba; en eso es que yo gasto mi dinero\u201d, le dec\u00eda el lanzador dominicano a Pujols en esa entrevista.<\/p>\n\n\n\n<p>Su muerte<\/p>\n\n\n\n<p>La noche del jueves, el pasado jugador de Grandes Ligas fue hallado muerto en su casa ubicada en la calle Charles de Gaulle, en el municipio Santo Domingo Este. Fue encontrado por su hermano y su fallecimiento fue confirmado a este diario por personas cercanas a la familia.<\/p>\n\n\n\n<p>Los primeros informes indican que P\u00e9rez se cay\u00f3 de las escaleras en su casa, donde se encontraba solo. Su hermano lo encontr\u00f3 en la residencia pasadas las 6:00 de la tarde. P\u00e9rez ten\u00eda 43 a\u00f1os al momento de su fallecimiento.&nbsp; &nbsp;&nbsp;&nbsp; &nbsp; &nbsp;<\/p>\n\n\n\n<p>LISTIN<\/p>\n","protected":false},"excerpt":{"rendered":"<p>Santo Domingo, RD.- Nacido en una comunidad de Las Matas Farf\u00e1n llamada \u201cPueblo Nuevo\u201d, Odalis P\u00e9rez fue criado junto a dos de sus hermanos por su madre como una familia \u201cpobre\u201d pero sin dificultades para alimentarse. Aunque solo vivi\u00f3 con dos de sus hermanos, Odalis tuvo otros 8 por parte de su padre, quien era [&hellip;]<\/p>\n","protected":false},"author":1,"featured_media":8103,"comment_status":"open","ping_status":"open","sticky":false,"template":"","format":"standard","meta":{"nf_dc_page":"","jetpack_post_was_ever_published":false,"_jetpack_newsletter_access":"","_jetpack_dont_email_post_to_subs":false,"_jetpack_newsletter_tier_id":0,"_jetpack_memberships_contains_paywalled_content":false,"_jetpack_memberships_contains_paid_content":false,"footnotes":"","jetpack_publicize_message":"","jetpack_publicize_feature_enabled":true,"jetpack_social_post_already_shared":false,"jetpack_social_options":{"image_generator_settings":{"template":"highway","default_image_id":0,"font":"","enabled":false},"version":2}},"categories":[80,73],"tags":[],"class_list":["post-8102","post","type-post","status-publish","format-standard","has-post-thumbnail","hentry","category-beisbol","category-deportes"],"yoast_head":"<!-- This site is optimized with the Yoast SEO plugin v27.4 - https:\/\/yoast.com\/product\/yoast-seo-wordpress\/ -->\n<title>Odalis P\u00e9rez: Lanzador zurdo que impuso su &quot;swing de GL&quot; desde Las Matas de Farf\u00e1n - Minuto Cero RD<\/title>\n<meta name=\"robots\" content=\"index, follow, max-snippet:-1, max-image-preview:large, max-video-preview:-1\" \/>\n<link rel=\"canonical\" href=\"http:\/\/minutocerord.com\/?p=8102\" \/>\n<meta property=\"og:locale\" content=\"es_ES\" \/>\n<meta property=\"og:type\" content=\"article\" \/>\n<meta property=\"og:title\" content=\"Odalis P\u00e9rez: Lanzador zurdo que impuso su &quot;swing de GL&quot; desde Las Matas de Farf\u00e1n - Minuto Cero RD\" \/>\n<meta property=\"og:description\" content=\"Santo Domingo, RD.- Nacido en una comunidad de Las Matas Farf\u00e1n llamada \u201cPueblo Nuevo\u201d, Odalis P\u00e9rez fue criado junto a dos de sus hermanos por su madre como una familia \u201cpobre\u201d pero sin dificultades para alimentarse. Aunque solo vivi\u00f3 con dos de sus hermanos, Odalis tuvo otros 8 por parte de su padre, quien era [&hellip;]\" \/>\n<meta property=\"og:url\" content=\"http:\/\/minutocerord.com\/?p=8102\" \/>\n<meta property=\"og:site_name\" content=\"Minuto Cero RD\" \/>\n<meta property=\"article:publisher\" content=\"https:\/\/www.facebook.com\/Genofnotes\" \/>\n<meta property=\"article:author\" content=\"https:\/\/www.facebook.com\/Genofnotes\" \/>\n<meta property=\"article:published_time\" content=\"2022-03-11T07:35:22+00:00\" \/>\n<meta property=\"article:modified_time\" content=\"2022-03-11T07:36:32+00:00\" \/>\n<meta property=\"og:image\" content=\"https:\/\/i0.wp.com\/minutocerord.com\/wp-content\/uploads\/2022\/03\/odalis-perez-el-lanzador-zurdo-que-impuso-su-swing-de-gl-desde-las-matas-de-farfan.jpg?fit=680%2C382\" \/>\n\t<meta property=\"og:image:width\" content=\"680\" \/>\n\t<meta property=\"og:image:height\" content=\"382\" \/>\n\t<meta property=\"og:image:type\" content=\"image\/jpeg\" \/>\n<meta name=\"author\" content=\"Genof\u00f3ntes Urb\u00e1ez\" \/>\n<meta name=\"twitter:card\" content=\"summary_large_image\" \/>\n<meta name=\"twitter:label1\" content=\"Written by\" \/>\n\t<meta name=\"twitter:data1\" content=\"Genof\u00f3ntes Urb\u00e1ez\" \/>\n\t<meta name=\"twitter:label2\" content=\"Est. reading time\" \/>\n\t<meta name=\"twitter:data2\" content=\"4 minutos\" \/>\n<script type=\"application\/ld+json\" class=\"yoast-schema-graph\">{\"@context\":\"https:\\\/\\\/schema.org\",\"@graph\":[{\"@type\":\"Article\",\"@id\":\"http:\\\/\\\/minutocerord.com\\\/?p=8102#article\",\"isPartOf\":{\"@id\":\"http:\\\/\\\/minutocerord.com\\\/?p=8102\"},\"author\":{\"name\":\"Genof\u00f3ntes Urb\u00e1ez\",\"@id\":\"https:\\\/\\\/minutocerord.com\\\/#\\\/schema\\\/person\\\/60b5372d60aaa0a5171fb6488be9aee6\"},\"headline\":\"Odalis P\u00e9rez: Lanzador zurdo que impuso su &#8220;swing de GL&#8221; desde Las Matas de Farf\u00e1n\",\"datePublished\":\"2022-03-11T07:35:22+00:00\",\"dateModified\":\"2022-03-11T07:36:32+00:00\",\"mainEntityOfPage\":{\"@id\":\"http:\\\/\\\/minutocerord.com\\\/?p=8102\"},\"wordCount\":707,\"commentCount\":0,\"publisher\":{\"@id\":\"https:\\\/\\\/minutocerord.com\\\/#\\\/schema\\\/person\\\/60b5372d60aaa0a5171fb6488be9aee6\"},\"image\":{\"@id\":\"http:\\\/\\\/minutocerord.com\\\/?p=8102#primaryimage\"},\"thumbnailUrl\":\"https:\\\/\\\/i0.wp.com\\\/minutocerord.com\\\/wp-content\\\/uploads\\\/2022\\\/03\\\/odalis-perez-el-lanzador-zurdo-que-impuso-su-swing-de-gl-desde-las-matas-de-farfan.jpg?fit=680%2C382&ssl=1\",\"articleSection\":[\"Beisbol\",\"Deportes\"],\"inLanguage\":\"es-DO\",\"potentialAction\":[{\"@type\":\"CommentAction\",\"name\":\"Comment\",\"target\":[\"http:\\\/\\\/minutocerord.com\\\/?p=8102#respond\"]}]},{\"@type\":\"WebPage\",\"@id\":\"http:\\\/\\\/minutocerord.com\\\/?p=8102\",\"url\":\"http:\\\/\\\/minutocerord.com\\\/?p=8102\",\"name\":\"Odalis P\u00e9rez: Lanzador zurdo que impuso su \\\"swing de GL\\\" desde Las Matas de Farf\u00e1n - Minuto Cero RD\",\"isPartOf\":{\"@id\":\"https:\\\/\\\/minutocerord.com\\\/#website\"},\"primaryImageOfPage\":{\"@id\":\"http:\\\/\\\/minutocerord.com\\\/?p=8102#primaryimage\"},\"image\":{\"@id\":\"http:\\\/\\\/minutocerord.com\\\/?p=8102#primaryimage\"},\"thumbnailUrl\":\"https:\\\/\\\/i0.wp.com\\\/minutocerord.com\\\/wp-content\\\/uploads\\\/2022\\\/03\\\/odalis-perez-el-lanzador-zurdo-que-impuso-su-swing-de-gl-desde-las-matas-de-farfan.jpg?fit=680%2C382&ssl=1\",\"datePublished\":\"2022-03-11T07:35:22+00:00\",\"dateModified\":\"2022-03-11T07:36:32+00:00\",\"breadcrumb\":{\"@id\":\"http:\\\/\\\/minutocerord.com\\\/?p=8102#breadcrumb\"},\"inLanguage\":\"es-DO\",\"potentialAction\":[{\"@type\":\"ReadAction\",\"target\":[\"http:\\\/\\\/minutocerord.com\\\/?p=8102\"]}]},{\"@type\":\"ImageObject\",\"inLanguage\":\"es-DO\",\"@id\":\"http:\\\/\\\/minutocerord.com\\\/?p=8102#primaryimage\",\"url\":\"https:\\\/\\\/i0.wp.com\\\/minutocerord.com\\\/wp-content\\\/uploads\\\/2022\\\/03\\\/odalis-perez-el-lanzador-zurdo-que-impuso-su-swing-de-gl-desde-las-matas-de-farfan.jpg?fit=680%2C382&ssl=1\",\"contentUrl\":\"https:\\\/\\\/i0.wp.com\\\/minutocerord.com\\\/wp-content\\\/uploads\\\/2022\\\/03\\\/odalis-perez-el-lanzador-zurdo-que-impuso-su-swing-de-gl-desde-las-matas-de-farfan.jpg?fit=680%2C382&ssl=1\",\"width\":680,\"height\":382},{\"@type\":\"BreadcrumbList\",\"@id\":\"http:\\\/\\\/minutocerord.com\\\/?p=8102#breadcrumb\",\"itemListElement\":[{\"@type\":\"ListItem\",\"position\":1,\"name\":\"Home\",\"item\":\"https:\\\/\\\/minutocerord.com\\\/\"},{\"@type\":\"ListItem\",\"position\":2,\"name\":\"Odalis P\u00e9rez: Lanzador zurdo que impuso su &#8220;swing de GL&#8221; desde Las Matas de Farf\u00e1n\"}]},{\"@type\":\"WebSite\",\"@id\":\"https:\\\/\\\/minutocerord.com\\\/#website\",\"url\":\"https:\\\/\\\/minutocerord.com\\\/\",\"name\":\"Minuto Cero RD\",\"description\":\"Periodismo serio y veraz\",\"publisher\":{\"@id\":\"https:\\\/\\\/minutocerord.com\\\/#\\\/schema\\\/person\\\/60b5372d60aaa0a5171fb6488be9aee6\"},\"potentialAction\":[{\"@type\":\"SearchAction\",\"target\":{\"@type\":\"EntryPoint\",\"urlTemplate\":\"https:\\\/\\\/minutocerord.com\\\/?s={search_term_string}\"},\"query-input\":{\"@type\":\"PropertyValueSpecification\",\"valueRequired\":true,\"valueName\":\"search_term_string\"}}],\"inLanguage\":\"es-DO\"},{\"@type\":[\"Person\",\"Organization\"],\"@id\":\"https:\\\/\\\/minutocerord.com\\\/#\\\/schema\\\/person\\\/60b5372d60aaa0a5171fb6488be9aee6\",\"name\":\"Genof\u00f3ntes Urb\u00e1ez\",\"image\":{\"@type\":\"ImageObject\",\"inLanguage\":\"es-DO\",\"@id\":\"https:\\\/\\\/secure.gravatar.com\\\/avatar\\\/a49ef3186a692098ac3e8a1612261e3ad70cf9e44553dff2929e67939a0ecb9d?s=96&d=identicon&r=g\",\"url\":\"https:\\\/\\\/secure.gravatar.com\\\/avatar\\\/a49ef3186a692098ac3e8a1612261e3ad70cf9e44553dff2929e67939a0ecb9d?s=96&d=identicon&r=g\",\"contentUrl\":\"https:\\\/\\\/secure.gravatar.com\\\/avatar\\\/a49ef3186a692098ac3e8a1612261e3ad70cf9e44553dff2929e67939a0ecb9d?s=96&d=identicon&r=g\",\"caption\":\"Genof\u00f3ntes Urb\u00e1ez\"},\"logo\":{\"@id\":\"https:\\\/\\\/secure.gravatar.com\\\/avatar\\\/a49ef3186a692098ac3e8a1612261e3ad70cf9e44553dff2929e67939a0ecb9d?s=96&d=identicon&r=g\"},\"description\":\"Periodista \\\/ Locutor\",\"sameAs\":[\"https:\\\/\\\/www.facebook.com\\\/Genofnotes\",\"https:\\\/\\\/www.instagram.com\\\/genofnotes\\\/\"]}]}<\/script>\n<!-- \/ Yoast SEO plugin. -->","yoast_head_json":{"title":"Odalis P\u00e9rez: Lanzador zurdo que impuso su \"swing de GL\" desde Las Matas de Farf\u00e1n - Minuto Cero RD","robots":{"index":"index","follow":"follow","max-snippet":"max-snippet:-1","max-image-preview":"max-image-preview:large","max-video-preview":"max-video-preview:-1"},"canonical":"http:\/\/minutocerord.com\/?p=8102","og_locale":"es_ES","og_type":"article","og_title":"Odalis P\u00e9rez: Lanzador zurdo que impuso su \"swing de GL\" desde Las Matas de Farf\u00e1n - Minuto Cero RD","og_description":"Santo Domingo, RD.- Nacido en una comunidad de Las Matas Farf\u00e1n llamada \u201cPueblo Nuevo\u201d, Odalis P\u00e9rez fue criado junto a dos de sus hermanos por su madre como una familia \u201cpobre\u201d pero sin dificultades para alimentarse. Aunque solo vivi\u00f3 con dos de sus hermanos, Odalis tuvo otros 8 por parte de su padre, quien era [&hellip;]","og_url":"http:\/\/minutocerord.com\/?p=8102","og_site_name":"Minuto Cero RD","article_publisher":"https:\/\/www.facebook.com\/Genofnotes","article_author":"https:\/\/www.facebook.com\/Genofnotes","article_published_time":"2022-03-11T07:35:22+00:00","article_modified_time":"2022-03-11T07:36:32+00:00","og_image":[{"width":680,"height":382,"url":"https:\/\/i0.wp.com\/minutocerord.com\/wp-content\/uploads\/2022\/03\/odalis-perez-el-lanzador-zurdo-que-impuso-su-swing-de-gl-desde-las-matas-de-farfan.jpg?fit=680%2C382","type":"image\/jpeg"}],"author":"Genof\u00f3ntes Urb\u00e1ez","twitter_card":"summary_large_image","twitter_misc":{"Written by":"Genof\u00f3ntes Urb\u00e1ez","Est. reading time":"4 minutos"},"schema":{"@context":"https:\/\/schema.org","@graph":[{"@type":"Article","@id":"http:\/\/minutocerord.com\/?p=8102#article","isPartOf":{"@id":"http:\/\/minutocerord.com\/?p=8102"},"author":{"name":"Genof\u00f3ntes Urb\u00e1ez","@id":"https:\/\/minutocerord.com\/#\/schema\/person\/60b5372d60aaa0a5171fb6488be9aee6"},"headline":"Odalis P\u00e9rez: Lanzador zurdo que impuso su &#8220;swing de GL&#8221; desde Las Matas de Farf\u00e1n","datePublished":"2022-03-11T07:35:22+00:00","dateModified":"2022-03-11T07:36:32+00:00","mainEntityOfPage":{"@id":"http:\/\/minutocerord.com\/?p=8102"},"wordCount":707,"commentCount":0,"publisher":{"@id":"https:\/\/minutocerord.com\/#\/schema\/person\/60b5372d60aaa0a5171fb6488be9aee6"},"image":{"@id":"http:\/\/minutocerord.com\/?p=8102#primaryimage"},"thumbnailUrl":"https:\/\/i0.wp.com\/minutocerord.com\/wp-content\/uploads\/2022\/03\/odalis-perez-el-lanzador-zurdo-que-impuso-su-swing-de-gl-desde-las-matas-de-farfan.jpg?fit=680%2C382&ssl=1","articleSection":["Beisbol","Deportes"],"inLanguage":"es-DO","potentialAction":[{"@type":"CommentAction","name":"Comment","target":["http:\/\/minutocerord.com\/?p=8102#respond"]}]},{"@type":"WebPage","@id":"http:\/\/minutocerord.com\/?p=8102","url":"http:\/\/minutocerord.com\/?p=8102","name":"Odalis P\u00e9rez: Lanzador zurdo que impuso su \"swing de GL\" desde Las Matas de Farf\u00e1n - Minuto Cero RD","isPartOf":{"@id":"https:\/\/minutocerord.com\/#website"},"primaryImageOfPage":{"@id":"http:\/\/minutocerord.com\/?p=8102#primaryimage"},"image":{"@id":"http:\/\/minutocerord.com\/?p=8102#primaryimage"},"thumbnailUrl":"https:\/\/i0.wp.com\/minutocerord.com\/wp-content\/uploads\/2022\/03\/odalis-perez-el-lanzador-zurdo-que-impuso-su-swing-de-gl-desde-las-matas-de-farfan.jpg?fit=680%2C382&ssl=1","datePublished":"2022-03-11T07:35:22+00:00","dateModified":"2022-03-11T07:36:32+00:00","breadcrumb":{"@id":"http:\/\/minutocerord.com\/?p=8102#breadcrumb"},"inLanguage":"es-DO","potentialAction":[{"@type":"ReadAction","target":["http:\/\/minutocerord.com\/?p=8102"]}]},{"@type":"ImageObject","inLanguage":"es-DO","@id":"http:\/\/minutocerord.com\/?p=8102#primaryimage","url":"https:\/\/i0.wp.com\/minutocerord.com\/wp-content\/uploads\/2022\/03\/odalis-perez-el-lanzador-zurdo-que-impuso-su-swing-de-gl-desde-las-matas-de-farfan.jpg?fit=680%2C382&ssl=1","contentUrl":"https:\/\/i0.wp.com\/minutocerord.com\/wp-content\/uploads\/2022\/03\/odalis-perez-el-lanzador-zurdo-que-impuso-su-swing-de-gl-desde-las-matas-de-farfan.jpg?fit=680%2C382&ssl=1","width":680,"height":382},{"@type":"BreadcrumbList","@id":"http:\/\/minutocerord.com\/?p=8102#breadcrumb","itemListElement":[{"@type":"ListItem","position":1,"name":"Home","item":"https:\/\/minutocerord.com\/"},{"@type":"ListItem","position":2,"name":"Odalis P\u00e9rez: Lanzador zurdo que impuso su &#8220;swing de GL&#8221; desde Las Matas de Farf\u00e1n"}]},{"@type":"WebSite","@id":"https:\/\/minutocerord.com\/#website","url":"https:\/\/minutocerord.com\/","name":"Minuto Cero RD","description":"Periodismo serio y veraz","publisher":{"@id":"https:\/\/minutocerord.com\/#\/schema\/person\/60b5372d60aaa0a5171fb6488be9aee6"},"potentialAction":[{"@type":"SearchAction","target":{"@type":"EntryPoint","urlTemplate":"https:\/\/minutocerord.com\/?s={search_term_string}"},"query-input":{"@type":"PropertyValueSpecification","valueRequired":true,"valueName":"search_term_string"}}],"inLanguage":"es-DO"},{"@type":["Person","Organization"],"@id":"https:\/\/minutocerord.com\/#\/schema\/person\/60b5372d60aaa0a5171fb6488be9aee6","name":"Genof\u00f3ntes Urb\u00e1ez","image":{"@type":"ImageObject","inLanguage":"es-DO","@id":"https:\/\/secure.gravatar.com\/avatar\/a49ef3186a692098ac3e8a1612261e3ad70cf9e44553dff2929e67939a0ecb9d?s=96&d=identicon&r=g","url":"https:\/\/secure.gravatar.com\/avatar\/a49ef3186a692098ac3e8a1612261e3ad70cf9e44553dff2929e67939a0ecb9d?s=96&d=identicon&r=g","contentUrl":"https:\/\/secure.gravatar.com\/avatar\/a49ef3186a692098ac3e8a1612261e3ad70cf9e44553dff2929e67939a0ecb9d?s=96&d=identicon&r=g","caption":"Genof\u00f3ntes Urb\u00e1ez"},"logo":{"@id":"https:\/\/secure.gravatar.com\/avatar\/a49ef3186a692098ac3e8a1612261e3ad70cf9e44553dff2929e67939a0ecb9d?s=96&d=identicon&r=g"},"description":"Periodista \/ Locutor","sameAs":["https:\/\/www.facebook.com\/Genofnotes","https:\/\/www.instagram.com\/genofnotes\/"]}]}},"jetpack_publicize_connections":[],"jetpack_featured_media_url":"https:\/\/i0.wp.com\/minutocerord.com\/wp-content\/uploads\/2022\/03\/odalis-perez-el-lanzador-zurdo-que-impuso-su-swing-de-gl-desde-las-matas-de-farfan.jpg?fit=680%2C382&ssl=1","jetpack-related-posts":[],"jetpack_sharing_enabled":true,"_links":{"self":[{"href":"https:\/\/minutocerord.com\/index.php?rest_route=\/wp\/v2\/posts\/8102","targetHints":{"allow":["GET"]}}],"collection":[{"href":"https:\/\/minutocerord.com\/index.php?rest_route=\/wp\/v2\/posts"}],"about":[{"href":"https:\/\/minutocerord.com\/index.php?rest_route=\/wp\/v2\/types\/post"}],"author":[{"embeddable":true,"href":"https:\/\/minutocerord.com\/index.php?rest_route=\/wp\/v2\/users\/1"}],"replies":[{"embeddable":true,"href":"https:\/\/minutocerord.com\/index.php?rest_route=%2Fwp%2Fv2%2Fcomments&post=8102"}],"version-history":[{"count":2,"href":"https:\/\/minutocerord.com\/index.php?rest_route=\/wp\/v2\/posts\/8102\/revisions"}],"predecessor-version":[{"id":8105,"href":"https:\/\/minutocerord.com\/index.php?rest_route=\/wp\/v2\/posts\/8102\/revisions\/8105"}],"wp:featuredmedia":[{"embeddable":true,"href":"https:\/\/minutocerord.com\/index.php?rest_route=\/wp\/v2\/media\/8103"}],"wp:attachment":[{"href":"https:\/\/minutocerord.com\/index.php?rest_route=%2Fwp%2Fv2%2Fmedia&parent=8102"}],"wp:term":[{"taxonomy":"category","embeddable":true,"href":"https:\/\/minutocerord.com\/index.php?rest_route=%2Fwp%2Fv2%2Fcategories&post=8102"},{"taxonomy":"post_tag","embeddable":true,"href":"https:\/\/minutocerord.com\/index.php?rest_route=%2Fwp%2Fv2%2Ftags&post=8102"}],"curies":[{"name":"wp","href":"https:\/\/api.w.org\/{rel}","templated":true}]}}