{"id":811,"date":"2020-11-20T03:36:54","date_gmt":"2020-11-20T07:36:54","guid":{"rendered":"https:\/\/minutocerord.com\/?p=811"},"modified":"2020-11-20T03:39:37","modified_gmt":"2020-11-20T07:39:37","slug":"cancion-del-ano-en-los-latin-grammy-rene-de-residente","status":"publish","type":"post","link":"https:\/\/minutocerord.com\/?p=811","title":{"rendered":"Canci\u00f3n del a\u00f1o en los Latin Grammy, &#8220;Ren\u00e9&#8221; de Residente"},"content":{"rendered":"\n<p><strong>En su discurso el m\u00fasico pidi\u00f3 diferenciar entre ser un &#8220;negociante&#8221; y un &#8220;artista&#8221;<\/strong><\/p>\n\n\n\n<p> <strong>Miami<\/strong>,(EFE)&#8221;Ren\u00e9&#8221;, de Residente, se llev\u00f3 este jueves el Latin Grammy a la Canci\u00f3n del A\u00f1o en la edici\u00f3n 21 de la gran fiesta de la m\u00fasica latina.<\/p>\n\n\n\n<p>&#8220;El arte no se hizo para establecer r\u00e9cords, no estamos en las olimpiadas&#8221;, dijo el puertorrique\u00f1o en un discurso de agradecimiento que pidi\u00f3 valorar el arte puro y olvidarse de la obsesi\u00f3n por los seguidores en redes sociales.<\/p>\n\n\n\n<p>La victoria de Residente fue recibida con gran sorpresa, pues \u00e9l mismo tampoco lo esperaba, seg\u00fan reconoci\u00f3, ya que compet\u00eda con l\u00edderes de ventas como Karol G, Ricky Mart\u00edn, Juanes y Maluma.<\/p>\n\n\n\n<p>En su intervenci\u00f3n, el m\u00fasico pidi\u00f3 diferenciar entre ser un &#8220;negociante&#8221; y un &#8220;artista&#8221; para componer m\u00fasica &#8220;sin miedo&#8221; por los algoritmos de internet, las listas de reproducci\u00f3n y todos los n\u00fameros que mueven a la industria musical.<\/p>\n\n\n\n<p>&#8220;Veo talento pero tambi\u00e9n a gente con miedo por no vender o sonar en la radio, en el arte no se puede tener miedo&#8221;, asegur\u00f3.<\/p>\n\n\n\n<p>&#8220;El arte est\u00e1 hecho para ser reflejo de lo que nos afecta, para hacernos sentir libres, aunque nos cueste la vida&#8221;, sostuvo.<\/p>\n\n\n\n<p>Desde sus d\u00edas en Calle 13, Residente siempre ha sido muy honesto en sus intervenciones y discursos, aunque &#8220;Ren\u00e9&#8221; es una de sus composiciones m\u00e1s complejas: siete minutos en los que habla de su salud mental, de pol\u00edtica e incluso del negocio que le llev\u00f3 al estrellato.<\/p>\n\n\n\n<p>El resto de nominados eran: &#8220;ADMV&#8221;, de Maluma; &#8220;Bonita&#8221;, de Juanes y Sebasti\u00e1n Yatra; &#8220;Codo con Codo&#8221;, de Jorge Drexler; &#8220;El mismo Aire&#8221;, de Camilo; &#8220;For Sale&#8221;, de Alejandro Sanz y Carlos Vives; &#8220;Tusa&#8221;, de Karol G y Nicki Minaj; &#8220;#ELMUNDOFUERA&#8221;, la improvisaci\u00f3n de Alejandro Sanz en los primeros d\u00edas de la pandemia; &#8220;Tiburones&#8221;, de Ricky Martin y &#8220;Lo que en ti veo&#8221;, de Kany Garc\u00eda y Nahuel Pennisi.<\/p>\n\n\n\n<p>Bajo el lema &#8220;la m\u00fasica nos humaniza&#8221;, los Latin Grammy celebraron este jueves su edici\u00f3n 21 con una gala retransmitida desde distintos pa\u00edses para festejar el \u00e9xito mundial de los ritmos latinos en un a\u00f1o especialmente duro por la pandemia del coronavirus.<\/p>\n","protected":false},"excerpt":{"rendered":"<p>En su discurso el m\u00fasico pidi\u00f3 diferenciar entre ser un &#8220;negociante&#8221; y un &#8220;artista&#8221; Miami,(EFE)&#8221;Ren\u00e9&#8221;, de Residente, se llev\u00f3 este jueves el Latin Grammy a la Canci\u00f3n del A\u00f1o en la edici\u00f3n 21 de la gran fiesta de la m\u00fasica latina. &#8220;El arte no se hizo para establecer r\u00e9cords, no estamos en las olimpiadas&#8221;, dijo [&hellip;]<\/p>\n","protected":false},"author":1,"featured_media":814,"comment_status":"open","ping_status":"open","sticky":false,"template":"","format":"standard","meta":{"nf_dc_page":"","jetpack_post_was_ever_published":false,"_jetpack_newsletter_access":"","_jetpack_dont_email_post_to_subs":false,"_jetpack_newsletter_tier_id":0,"_jetpack_memberships_contains_paywalled_content":false,"_jetpack_memberships_contains_paid_content":false,"footnotes":"","jetpack_publicize_message":"","jetpack_publicize_feature_enabled":true,"jetpack_social_post_already_shared":false,"jetpack_social_options":{"image_generator_settings":{"template":"highway","default_image_id":0,"font":"","enabled":false},"version":2}},"categories":[68],"tags":[],"class_list":["post-811","post","type-post","status-publish","format-standard","has-post-thumbnail","hentry","category-entretenimiento"],"yoast_head":"<!-- This site is optimized with the Yoast SEO plugin v27.5 - https:\/\/yoast.com\/product\/yoast-seo-wordpress\/ -->\n<title>Canci\u00f3n del a\u00f1o en los Latin Grammy, &quot;Ren\u00e9&quot; de Residente - Minuto Cero RD<\/title>\n<meta name=\"robots\" content=\"index, follow, max-snippet:-1, max-image-preview:large, max-video-preview:-1\" \/>\n<link rel=\"canonical\" href=\"https:\/\/minutocerord.com\/?p=811\" \/>\n<meta property=\"og:locale\" content=\"es_ES\" \/>\n<meta property=\"og:type\" content=\"article\" \/>\n<meta property=\"og:title\" content=\"Canci\u00f3n del a\u00f1o en los Latin Grammy, &quot;Ren\u00e9&quot; de Residente - Minuto Cero RD\" \/>\n<meta property=\"og:description\" content=\"En su discurso el m\u00fasico pidi\u00f3 diferenciar entre ser un &#8220;negociante&#8221; y un &#8220;artista&#8221; Miami,(EFE)&#8221;Ren\u00e9&#8221;, de Residente, se llev\u00f3 este jueves el Latin Grammy a la Canci\u00f3n del A\u00f1o en la edici\u00f3n 21 de la gran fiesta de la m\u00fasica latina. &#8220;El arte no se hizo para establecer r\u00e9cords, no estamos en las olimpiadas&#8221;, dijo [&hellip;]\" \/>\n<meta property=\"og:url\" content=\"https:\/\/minutocerord.com\/?p=811\" \/>\n<meta property=\"og:site_name\" content=\"Minuto Cero RD\" \/>\n<meta property=\"article:publisher\" content=\"https:\/\/www.facebook.com\/Genofnotes\" \/>\n<meta property=\"article:author\" content=\"https:\/\/www.facebook.com\/Genofnotes\" \/>\n<meta property=\"article:published_time\" content=\"2020-11-20T07:36:54+00:00\" \/>\n<meta property=\"article:modified_time\" content=\"2020-11-20T07:39:37+00:00\" \/>\n<meta property=\"og:image\" content=\"https:\/\/i0.wp.com\/minutocerord.com\/wp-content\/uploads\/2020\/11\/OIP.jpg?fit=474%2C316&ssl=1\" \/>\n\t<meta property=\"og:image:width\" content=\"474\" \/>\n\t<meta property=\"og:image:height\" content=\"316\" \/>\n\t<meta property=\"og:image:type\" content=\"image\/jpeg\" \/>\n<meta name=\"author\" content=\"Genof\u00f3ntes Urb\u00e1ez\" \/>\n<meta name=\"twitter:card\" content=\"summary_large_image\" \/>\n<meta name=\"twitter:label1\" content=\"Written by\" \/>\n\t<meta name=\"twitter:data1\" content=\"Genof\u00f3ntes Urb\u00e1ez\" \/>\n\t<meta name=\"twitter:label2\" content=\"Est. reading time\" \/>\n\t<meta name=\"twitter:data2\" content=\"2 minutos\" \/>\n<script type=\"application\/ld+json\" class=\"yoast-schema-graph\">{\"@context\":\"https:\\\/\\\/schema.org\",\"@graph\":[{\"@type\":\"Article\",\"@id\":\"https:\\\/\\\/minutocerord.com\\\/?p=811#article\",\"isPartOf\":{\"@id\":\"https:\\\/\\\/minutocerord.com\\\/?p=811\"},\"author\":{\"name\":\"Genof\u00f3ntes Urb\u00e1ez\",\"@id\":\"https:\\\/\\\/minutocerord.com\\\/#\\\/schema\\\/person\\\/60b5372d60aaa0a5171fb6488be9aee6\"},\"headline\":\"Canci\u00f3n del a\u00f1o en los Latin Grammy, &#8220;Ren\u00e9&#8221; de Residente\",\"datePublished\":\"2020-11-20T07:36:54+00:00\",\"dateModified\":\"2020-11-20T07:39:37+00:00\",\"mainEntityOfPage\":{\"@id\":\"https:\\\/\\\/minutocerord.com\\\/?p=811\"},\"wordCount\":394,\"commentCount\":0,\"publisher\":{\"@id\":\"https:\\\/\\\/minutocerord.com\\\/#\\\/schema\\\/person\\\/60b5372d60aaa0a5171fb6488be9aee6\"},\"image\":{\"@id\":\"https:\\\/\\\/minutocerord.com\\\/?p=811#primaryimage\"},\"thumbnailUrl\":\"https:\\\/\\\/i0.wp.com\\\/minutocerord.com\\\/wp-content\\\/uploads\\\/2020\\\/11\\\/OIP.jpg?fit=474%2C316&ssl=1\",\"articleSection\":[\"Entretenimiento\"],\"inLanguage\":\"es-DO\",\"potentialAction\":[{\"@type\":\"CommentAction\",\"name\":\"Comment\",\"target\":[\"https:\\\/\\\/minutocerord.com\\\/?p=811#respond\"]}]},{\"@type\":\"WebPage\",\"@id\":\"https:\\\/\\\/minutocerord.com\\\/?p=811\",\"url\":\"https:\\\/\\\/minutocerord.com\\\/?p=811\",\"name\":\"Canci\u00f3n del a\u00f1o en los Latin Grammy, \\\"Ren\u00e9\\\" de Residente - Minuto Cero RD\",\"isPartOf\":{\"@id\":\"https:\\\/\\\/minutocerord.com\\\/#website\"},\"primaryImageOfPage\":{\"@id\":\"https:\\\/\\\/minutocerord.com\\\/?p=811#primaryimage\"},\"image\":{\"@id\":\"https:\\\/\\\/minutocerord.com\\\/?p=811#primaryimage\"},\"thumbnailUrl\":\"https:\\\/\\\/i0.wp.com\\\/minutocerord.com\\\/wp-content\\\/uploads\\\/2020\\\/11\\\/OIP.jpg?fit=474%2C316&ssl=1\",\"datePublished\":\"2020-11-20T07:36:54+00:00\",\"dateModified\":\"2020-11-20T07:39:37+00:00\",\"breadcrumb\":{\"@id\":\"https:\\\/\\\/minutocerord.com\\\/?p=811#breadcrumb\"},\"inLanguage\":\"es-DO\",\"potentialAction\":[{\"@type\":\"ReadAction\",\"target\":[\"https:\\\/\\\/minutocerord.com\\\/?p=811\"]}]},{\"@type\":\"ImageObject\",\"inLanguage\":\"es-DO\",\"@id\":\"https:\\\/\\\/minutocerord.com\\\/?p=811#primaryimage\",\"url\":\"https:\\\/\\\/i0.wp.com\\\/minutocerord.com\\\/wp-content\\\/uploads\\\/2020\\\/11\\\/OIP.jpg?fit=474%2C316&ssl=1\",\"contentUrl\":\"https:\\\/\\\/i0.wp.com\\\/minutocerord.com\\\/wp-content\\\/uploads\\\/2020\\\/11\\\/OIP.jpg?fit=474%2C316&ssl=1\",\"width\":474,\"height\":316},{\"@type\":\"BreadcrumbList\",\"@id\":\"https:\\\/\\\/minutocerord.com\\\/?p=811#breadcrumb\",\"itemListElement\":[{\"@type\":\"ListItem\",\"position\":1,\"name\":\"Home\",\"item\":\"https:\\\/\\\/minutocerord.com\\\/\"},{\"@type\":\"ListItem\",\"position\":2,\"name\":\"Canci\u00f3n del a\u00f1o en los Latin Grammy, &#8220;Ren\u00e9&#8221; de Residente\"}]},{\"@type\":\"WebSite\",\"@id\":\"https:\\\/\\\/minutocerord.com\\\/#website\",\"url\":\"https:\\\/\\\/minutocerord.com\\\/\",\"name\":\"Minuto Cero RD\",\"description\":\"Periodismo serio y veraz\",\"publisher\":{\"@id\":\"https:\\\/\\\/minutocerord.com\\\/#\\\/schema\\\/person\\\/60b5372d60aaa0a5171fb6488be9aee6\"},\"potentialAction\":[{\"@type\":\"SearchAction\",\"target\":{\"@type\":\"EntryPoint\",\"urlTemplate\":\"https:\\\/\\\/minutocerord.com\\\/?s={search_term_string}\"},\"query-input\":{\"@type\":\"PropertyValueSpecification\",\"valueRequired\":true,\"valueName\":\"search_term_string\"}}],\"inLanguage\":\"es-DO\"},{\"@type\":[\"Person\",\"Organization\"],\"@id\":\"https:\\\/\\\/minutocerord.com\\\/#\\\/schema\\\/person\\\/60b5372d60aaa0a5171fb6488be9aee6\",\"name\":\"Genof\u00f3ntes Urb\u00e1ez\",\"image\":{\"@type\":\"ImageObject\",\"inLanguage\":\"es-DO\",\"@id\":\"https:\\\/\\\/secure.gravatar.com\\\/avatar\\\/a49ef3186a692098ac3e8a1612261e3ad70cf9e44553dff2929e67939a0ecb9d?s=96&d=identicon&r=g\",\"url\":\"https:\\\/\\\/secure.gravatar.com\\\/avatar\\\/a49ef3186a692098ac3e8a1612261e3ad70cf9e44553dff2929e67939a0ecb9d?s=96&d=identicon&r=g\",\"contentUrl\":\"https:\\\/\\\/secure.gravatar.com\\\/avatar\\\/a49ef3186a692098ac3e8a1612261e3ad70cf9e44553dff2929e67939a0ecb9d?s=96&d=identicon&r=g\",\"caption\":\"Genof\u00f3ntes Urb\u00e1ez\"},\"logo\":{\"@id\":\"https:\\\/\\\/secure.gravatar.com\\\/avatar\\\/a49ef3186a692098ac3e8a1612261e3ad70cf9e44553dff2929e67939a0ecb9d?s=96&d=identicon&r=g\"},\"description\":\"Periodista \\\/ Locutor\",\"sameAs\":[\"https:\\\/\\\/www.facebook.com\\\/Genofnotes\",\"https:\\\/\\\/www.instagram.com\\\/genofnotes\\\/\"]}]}<\/script>\n<!-- \/ Yoast SEO plugin. -->","yoast_head_json":{"title":"Canci\u00f3n del a\u00f1o en los Latin Grammy, \"Ren\u00e9\" de Residente - Minuto Cero RD","robots":{"index":"index","follow":"follow","max-snippet":"max-snippet:-1","max-image-preview":"max-image-preview:large","max-video-preview":"max-video-preview:-1"},"canonical":"https:\/\/minutocerord.com\/?p=811","og_locale":"es_ES","og_type":"article","og_title":"Canci\u00f3n del a\u00f1o en los Latin Grammy, \"Ren\u00e9\" de Residente - Minuto Cero RD","og_description":"En su discurso el m\u00fasico pidi\u00f3 diferenciar entre ser un &#8220;negociante&#8221; y un &#8220;artista&#8221; Miami,(EFE)&#8221;Ren\u00e9&#8221;, de Residente, se llev\u00f3 este jueves el Latin Grammy a la Canci\u00f3n del A\u00f1o en la edici\u00f3n 21 de la gran fiesta de la m\u00fasica latina. &#8220;El arte no se hizo para establecer r\u00e9cords, no estamos en las olimpiadas&#8221;, dijo [&hellip;]","og_url":"https:\/\/minutocerord.com\/?p=811","og_site_name":"Minuto Cero RD","article_publisher":"https:\/\/www.facebook.com\/Genofnotes","article_author":"https:\/\/www.facebook.com\/Genofnotes","article_published_time":"2020-11-20T07:36:54+00:00","article_modified_time":"2020-11-20T07:39:37+00:00","og_image":[{"width":474,"height":316,"url":"https:\/\/i0.wp.com\/minutocerord.com\/wp-content\/uploads\/2020\/11\/OIP.jpg?fit=474%2C316&ssl=1","type":"image\/jpeg"}],"author":"Genof\u00f3ntes Urb\u00e1ez","twitter_card":"summary_large_image","twitter_misc":{"Written by":"Genof\u00f3ntes Urb\u00e1ez","Est. reading time":"2 minutos"},"schema":{"@context":"https:\/\/schema.org","@graph":[{"@type":"Article","@id":"https:\/\/minutocerord.com\/?p=811#article","isPartOf":{"@id":"https:\/\/minutocerord.com\/?p=811"},"author":{"name":"Genof\u00f3ntes Urb\u00e1ez","@id":"https:\/\/minutocerord.com\/#\/schema\/person\/60b5372d60aaa0a5171fb6488be9aee6"},"headline":"Canci\u00f3n del a\u00f1o en los Latin Grammy, &#8220;Ren\u00e9&#8221; de Residente","datePublished":"2020-11-20T07:36:54+00:00","dateModified":"2020-11-20T07:39:37+00:00","mainEntityOfPage":{"@id":"https:\/\/minutocerord.com\/?p=811"},"wordCount":394,"commentCount":0,"publisher":{"@id":"https:\/\/minutocerord.com\/#\/schema\/person\/60b5372d60aaa0a5171fb6488be9aee6"},"image":{"@id":"https:\/\/minutocerord.com\/?p=811#primaryimage"},"thumbnailUrl":"https:\/\/i0.wp.com\/minutocerord.com\/wp-content\/uploads\/2020\/11\/OIP.jpg?fit=474%2C316&ssl=1","articleSection":["Entretenimiento"],"inLanguage":"es-DO","potentialAction":[{"@type":"CommentAction","name":"Comment","target":["https:\/\/minutocerord.com\/?p=811#respond"]}]},{"@type":"WebPage","@id":"https:\/\/minutocerord.com\/?p=811","url":"https:\/\/minutocerord.com\/?p=811","name":"Canci\u00f3n del a\u00f1o en los Latin Grammy, \"Ren\u00e9\" de Residente - Minuto Cero RD","isPartOf":{"@id":"https:\/\/minutocerord.com\/#website"},"primaryImageOfPage":{"@id":"https:\/\/minutocerord.com\/?p=811#primaryimage"},"image":{"@id":"https:\/\/minutocerord.com\/?p=811#primaryimage"},"thumbnailUrl":"https:\/\/i0.wp.com\/minutocerord.com\/wp-content\/uploads\/2020\/11\/OIP.jpg?fit=474%2C316&ssl=1","datePublished":"2020-11-20T07:36:54+00:00","dateModified":"2020-11-20T07:39:37+00:00","breadcrumb":{"@id":"https:\/\/minutocerord.com\/?p=811#breadcrumb"},"inLanguage":"es-DO","potentialAction":[{"@type":"ReadAction","target":["https:\/\/minutocerord.com\/?p=811"]}]},{"@type":"ImageObject","inLanguage":"es-DO","@id":"https:\/\/minutocerord.com\/?p=811#primaryimage","url":"https:\/\/i0.wp.com\/minutocerord.com\/wp-content\/uploads\/2020\/11\/OIP.jpg?fit=474%2C316&ssl=1","contentUrl":"https:\/\/i0.wp.com\/minutocerord.com\/wp-content\/uploads\/2020\/11\/OIP.jpg?fit=474%2C316&ssl=1","width":474,"height":316},{"@type":"BreadcrumbList","@id":"https:\/\/minutocerord.com\/?p=811#breadcrumb","itemListElement":[{"@type":"ListItem","position":1,"name":"Home","item":"https:\/\/minutocerord.com\/"},{"@type":"ListItem","position":2,"name":"Canci\u00f3n del a\u00f1o en los Latin Grammy, &#8220;Ren\u00e9&#8221; de Residente"}]},{"@type":"WebSite","@id":"https:\/\/minutocerord.com\/#website","url":"https:\/\/minutocerord.com\/","name":"Minuto Cero RD","description":"Periodismo serio y veraz","publisher":{"@id":"https:\/\/minutocerord.com\/#\/schema\/person\/60b5372d60aaa0a5171fb6488be9aee6"},"potentialAction":[{"@type":"SearchAction","target":{"@type":"EntryPoint","urlTemplate":"https:\/\/minutocerord.com\/?s={search_term_string}"},"query-input":{"@type":"PropertyValueSpecification","valueRequired":true,"valueName":"search_term_string"}}],"inLanguage":"es-DO"},{"@type":["Person","Organization"],"@id":"https:\/\/minutocerord.com\/#\/schema\/person\/60b5372d60aaa0a5171fb6488be9aee6","name":"Genof\u00f3ntes Urb\u00e1ez","image":{"@type":"ImageObject","inLanguage":"es-DO","@id":"https:\/\/secure.gravatar.com\/avatar\/a49ef3186a692098ac3e8a1612261e3ad70cf9e44553dff2929e67939a0ecb9d?s=96&d=identicon&r=g","url":"https:\/\/secure.gravatar.com\/avatar\/a49ef3186a692098ac3e8a1612261e3ad70cf9e44553dff2929e67939a0ecb9d?s=96&d=identicon&r=g","contentUrl":"https:\/\/secure.gravatar.com\/avatar\/a49ef3186a692098ac3e8a1612261e3ad70cf9e44553dff2929e67939a0ecb9d?s=96&d=identicon&r=g","caption":"Genof\u00f3ntes Urb\u00e1ez"},"logo":{"@id":"https:\/\/secure.gravatar.com\/avatar\/a49ef3186a692098ac3e8a1612261e3ad70cf9e44553dff2929e67939a0ecb9d?s=96&d=identicon&r=g"},"description":"Periodista \/ Locutor","sameAs":["https:\/\/www.facebook.com\/Genofnotes","https:\/\/www.instagram.com\/genofnotes\/"]}]}},"jetpack_publicize_connections":[],"jetpack_featured_media_url":"https:\/\/i0.wp.com\/minutocerord.com\/wp-content\/uploads\/2020\/11\/OIP.jpg?fit=474%2C316&ssl=1","jetpack-related-posts":[],"jetpack_sharing_enabled":true,"_links":{"self":[{"href":"https:\/\/minutocerord.com\/index.php?rest_route=\/wp\/v2\/posts\/811","targetHints":{"allow":["GET"]}}],"collection":[{"href":"https:\/\/minutocerord.com\/index.php?rest_route=\/wp\/v2\/posts"}],"about":[{"href":"https:\/\/minutocerord.com\/index.php?rest_route=\/wp\/v2\/types\/post"}],"author":[{"embeddable":true,"href":"https:\/\/minutocerord.com\/index.php?rest_route=\/wp\/v2\/users\/1"}],"replies":[{"embeddable":true,"href":"https:\/\/minutocerord.com\/index.php?rest_route=%2Fwp%2Fv2%2Fcomments&post=811"}],"version-history":[{"count":1,"href":"https:\/\/minutocerord.com\/index.php?rest_route=\/wp\/v2\/posts\/811\/revisions"}],"predecessor-version":[{"id":813,"href":"https:\/\/minutocerord.com\/index.php?rest_route=\/wp\/v2\/posts\/811\/revisions\/813"}],"wp:featuredmedia":[{"embeddable":true,"href":"https:\/\/minutocerord.com\/index.php?rest_route=\/wp\/v2\/media\/814"}],"wp:attachment":[{"href":"https:\/\/minutocerord.com\/index.php?rest_route=%2Fwp%2Fv2%2Fmedia&parent=811"}],"wp:term":[{"taxonomy":"category","embeddable":true,"href":"https:\/\/minutocerord.com\/index.php?rest_route=%2Fwp%2Fv2%2Fcategories&post=811"},{"taxonomy":"post_tag","embeddable":true,"href":"https:\/\/minutocerord.com\/index.php?rest_route=%2Fwp%2Fv2%2Ftags&post=811"}],"curies":[{"name":"wp","href":"https:\/\/api.w.org\/{rel}","templated":true}]}}