{"id":8117,"date":"2022-03-12T00:32:29","date_gmt":"2022-03-12T04:32:29","guid":{"rendered":"https:\/\/minutocerord.com\/?p=8117"},"modified":"2022-03-12T00:32:33","modified_gmt":"2022-03-12T04:32:33","slug":"pn-dice-ausencia-de-policias-en-destacamentos-se-debe-a-los-2457-agentes-puestos-en-retiro","status":"publish","type":"post","link":"https:\/\/minutocerord.com\/?p=8117","title":{"rendered":"PN dice ausencia de polic\u00edas en destacamentos se debe a los 2,457 agentes puestos en retiro"},"content":{"rendered":"\n<p><strong>Santo Domingo, RD.-<\/strong>\u00a0La ausencia de polic\u00edas en los principales destacamentos del Distrito Nacional se debe a la puesta en retiro de al menos 2,457 agentes. As\u00ed lo inform\u00f3 el vocero de la Polic\u00eda Nacional, Diego Pesqueira, quien aclar\u00f3 que dichos oficiales fueron desvinculados por antig\u00fcedad en el servicio y que ninguno de estos se retiraron de la instituci\u00f3n en calidad de cancelados por irregularidad.<\/p>\n\n\n\n<p>Indic\u00f3 que de los 2,457 agentes retirados, 118 integrantes de la instituci\u00f3n se les otorg\u00f3 el retiro por discapacidad, incluyendo a un coronel.<\/p>\n\n\n\n<p>Indic\u00f3 que la mayor\u00eda de los jubilados, eran oficiales superiores y que, por tanto, &#8220;no afecta en lo absoluto al patrullaje por las zonas&#8221;.&nbsp;<\/p>\n","protected":false},"excerpt":{"rendered":"<p>Santo Domingo, RD.-\u00a0La ausencia de polic\u00edas en los principales destacamentos del Distrito Nacional se debe a la puesta en retiro de al menos 2,457 agentes. As\u00ed lo inform\u00f3 el vocero de la Polic\u00eda Nacional, Diego Pesqueira, quien aclar\u00f3 que dichos oficiales fueron desvinculados por antig\u00fcedad en el servicio y que ninguno de estos se retiraron [&hellip;]<\/p>\n","protected":false},"author":1,"featured_media":8118,"comment_status":"open","ping_status":"open","sticky":false,"template":"","format":"standard","meta":{"nf_dc_page":"","jetpack_post_was_ever_published":false,"_jetpack_newsletter_access":"","_jetpack_dont_email_post_to_subs":false,"_jetpack_newsletter_tier_id":0,"_jetpack_memberships_contains_paywalled_content":false,"_jetpack_memberships_contains_paid_content":false,"footnotes":"","jetpack_publicize_message":"","jetpack_publicize_feature_enabled":true,"jetpack_social_post_already_shared":false,"jetpack_social_options":{"image_generator_settings":{"template":"highway","default_image_id":0,"font":"","enabled":false},"version":2}},"categories":[99],"tags":[],"class_list":["post-8117","post","type-post","status-publish","format-standard","has-post-thumbnail","hentry","category-policiales"],"yoast_head":"<!-- This site is optimized with the Yoast SEO plugin v27.4 - https:\/\/yoast.com\/product\/yoast-seo-wordpress\/ -->\n<title>PN dice ausencia de polic\u00edas en destacamentos se debe a los 2,457 agentes puestos en retiro - Minuto Cero RD<\/title>\n<meta name=\"robots\" content=\"index, follow, max-snippet:-1, max-image-preview:large, max-video-preview:-1\" \/>\n<link rel=\"canonical\" href=\"http:\/\/minutocerord.com\/?p=8117\" \/>\n<meta property=\"og:locale\" content=\"es_ES\" \/>\n<meta property=\"og:type\" content=\"article\" \/>\n<meta property=\"og:title\" content=\"PN dice ausencia de polic\u00edas en destacamentos se debe a los 2,457 agentes puestos en retiro - Minuto Cero RD\" \/>\n<meta property=\"og:description\" content=\"Santo Domingo, RD.-\u00a0La ausencia de polic\u00edas en los principales destacamentos del Distrito Nacional se debe a la puesta en retiro de al menos 2,457 agentes. As\u00ed lo inform\u00f3 el vocero de la Polic\u00eda Nacional, Diego Pesqueira, quien aclar\u00f3 que dichos oficiales fueron desvinculados por antig\u00fcedad en el servicio y que ninguno de estos se retiraron [&hellip;]\" \/>\n<meta property=\"og:url\" content=\"http:\/\/minutocerord.com\/?p=8117\" \/>\n<meta property=\"og:site_name\" content=\"Minuto Cero RD\" \/>\n<meta property=\"article:publisher\" content=\"https:\/\/www.facebook.com\/Genofnotes\" \/>\n<meta property=\"article:author\" content=\"https:\/\/www.facebook.com\/Genofnotes\" \/>\n<meta property=\"article:published_time\" content=\"2022-03-12T04:32:29+00:00\" \/>\n<meta property=\"article:modified_time\" content=\"2022-03-12T04:32:33+00:00\" \/>\n<meta property=\"og:image\" content=\"https:\/\/i0.wp.com\/minutocerord.com\/wp-content\/uploads\/2022\/03\/pn_17395956_20211009204355.jpg?fit=1970%2C1024\" \/>\n\t<meta property=\"og:image:width\" content=\"1970\" \/>\n\t<meta property=\"og:image:height\" content=\"1024\" \/>\n\t<meta property=\"og:image:type\" content=\"image\/jpeg\" \/>\n<meta name=\"author\" content=\"Genof\u00f3ntes Urb\u00e1ez\" \/>\n<meta name=\"twitter:card\" content=\"summary_large_image\" \/>\n<meta name=\"twitter:label1\" content=\"Written by\" \/>\n\t<meta name=\"twitter:data1\" content=\"Genof\u00f3ntes Urb\u00e1ez\" \/>\n\t<meta name=\"twitter:label2\" content=\"Est. reading time\" \/>\n\t<meta name=\"twitter:data2\" content=\"1 minuto\" \/>\n<script type=\"application\/ld+json\" class=\"yoast-schema-graph\">{\"@context\":\"https:\\\/\\\/schema.org\",\"@graph\":[{\"@type\":\"Article\",\"@id\":\"http:\\\/\\\/minutocerord.com\\\/?p=8117#article\",\"isPartOf\":{\"@id\":\"http:\\\/\\\/minutocerord.com\\\/?p=8117\"},\"author\":{\"name\":\"Genof\u00f3ntes Urb\u00e1ez\",\"@id\":\"https:\\\/\\\/minutocerord.com\\\/#\\\/schema\\\/person\\\/60b5372d60aaa0a5171fb6488be9aee6\"},\"headline\":\"PN dice ausencia de polic\u00edas en destacamentos se debe a los 2,457 agentes puestos en retiro\",\"datePublished\":\"2022-03-12T04:32:29+00:00\",\"dateModified\":\"2022-03-12T04:32:33+00:00\",\"mainEntityOfPage\":{\"@id\":\"http:\\\/\\\/minutocerord.com\\\/?p=8117\"},\"wordCount\":133,\"commentCount\":0,\"publisher\":{\"@id\":\"https:\\\/\\\/minutocerord.com\\\/#\\\/schema\\\/person\\\/60b5372d60aaa0a5171fb6488be9aee6\"},\"image\":{\"@id\":\"http:\\\/\\\/minutocerord.com\\\/?p=8117#primaryimage\"},\"thumbnailUrl\":\"https:\\\/\\\/i0.wp.com\\\/minutocerord.com\\\/wp-content\\\/uploads\\\/2022\\\/03\\\/pn_17395956_20211009204355.jpg?fit=1970%2C1024&ssl=1\",\"articleSection\":[\"POLICIALES\"],\"inLanguage\":\"es-DO\",\"potentialAction\":[{\"@type\":\"CommentAction\",\"name\":\"Comment\",\"target\":[\"http:\\\/\\\/minutocerord.com\\\/?p=8117#respond\"]}]},{\"@type\":\"WebPage\",\"@id\":\"http:\\\/\\\/minutocerord.com\\\/?p=8117\",\"url\":\"http:\\\/\\\/minutocerord.com\\\/?p=8117\",\"name\":\"PN dice ausencia de polic\u00edas en destacamentos se debe a los 2,457 agentes puestos en retiro - Minuto Cero RD\",\"isPartOf\":{\"@id\":\"https:\\\/\\\/minutocerord.com\\\/#website\"},\"primaryImageOfPage\":{\"@id\":\"http:\\\/\\\/minutocerord.com\\\/?p=8117#primaryimage\"},\"image\":{\"@id\":\"http:\\\/\\\/minutocerord.com\\\/?p=8117#primaryimage\"},\"thumbnailUrl\":\"https:\\\/\\\/i0.wp.com\\\/minutocerord.com\\\/wp-content\\\/uploads\\\/2022\\\/03\\\/pn_17395956_20211009204355.jpg?fit=1970%2C1024&ssl=1\",\"datePublished\":\"2022-03-12T04:32:29+00:00\",\"dateModified\":\"2022-03-12T04:32:33+00:00\",\"breadcrumb\":{\"@id\":\"http:\\\/\\\/minutocerord.com\\\/?p=8117#breadcrumb\"},\"inLanguage\":\"es-DO\",\"potentialAction\":[{\"@type\":\"ReadAction\",\"target\":[\"http:\\\/\\\/minutocerord.com\\\/?p=8117\"]}]},{\"@type\":\"ImageObject\",\"inLanguage\":\"es-DO\",\"@id\":\"http:\\\/\\\/minutocerord.com\\\/?p=8117#primaryimage\",\"url\":\"https:\\\/\\\/i0.wp.com\\\/minutocerord.com\\\/wp-content\\\/uploads\\\/2022\\\/03\\\/pn_17395956_20211009204355.jpg?fit=1970%2C1024&ssl=1\",\"contentUrl\":\"https:\\\/\\\/i0.wp.com\\\/minutocerord.com\\\/wp-content\\\/uploads\\\/2022\\\/03\\\/pn_17395956_20211009204355.jpg?fit=1970%2C1024&ssl=1\",\"width\":1970,\"height\":1024},{\"@type\":\"BreadcrumbList\",\"@id\":\"http:\\\/\\\/minutocerord.com\\\/?p=8117#breadcrumb\",\"itemListElement\":[{\"@type\":\"ListItem\",\"position\":1,\"name\":\"Home\",\"item\":\"https:\\\/\\\/minutocerord.com\\\/\"},{\"@type\":\"ListItem\",\"position\":2,\"name\":\"PN dice ausencia de polic\u00edas en destacamentos se debe a los 2,457 agentes puestos en retiro\"}]},{\"@type\":\"WebSite\",\"@id\":\"https:\\\/\\\/minutocerord.com\\\/#website\",\"url\":\"https:\\\/\\\/minutocerord.com\\\/\",\"name\":\"Minuto Cero RD\",\"description\":\"Periodismo serio y veraz\",\"publisher\":{\"@id\":\"https:\\\/\\\/minutocerord.com\\\/#\\\/schema\\\/person\\\/60b5372d60aaa0a5171fb6488be9aee6\"},\"potentialAction\":[{\"@type\":\"SearchAction\",\"target\":{\"@type\":\"EntryPoint\",\"urlTemplate\":\"https:\\\/\\\/minutocerord.com\\\/?s={search_term_string}\"},\"query-input\":{\"@type\":\"PropertyValueSpecification\",\"valueRequired\":true,\"valueName\":\"search_term_string\"}}],\"inLanguage\":\"es-DO\"},{\"@type\":[\"Person\",\"Organization\"],\"@id\":\"https:\\\/\\\/minutocerord.com\\\/#\\\/schema\\\/person\\\/60b5372d60aaa0a5171fb6488be9aee6\",\"name\":\"Genof\u00f3ntes Urb\u00e1ez\",\"image\":{\"@type\":\"ImageObject\",\"inLanguage\":\"es-DO\",\"@id\":\"https:\\\/\\\/secure.gravatar.com\\\/avatar\\\/a49ef3186a692098ac3e8a1612261e3ad70cf9e44553dff2929e67939a0ecb9d?s=96&d=identicon&r=g\",\"url\":\"https:\\\/\\\/secure.gravatar.com\\\/avatar\\\/a49ef3186a692098ac3e8a1612261e3ad70cf9e44553dff2929e67939a0ecb9d?s=96&d=identicon&r=g\",\"contentUrl\":\"https:\\\/\\\/secure.gravatar.com\\\/avatar\\\/a49ef3186a692098ac3e8a1612261e3ad70cf9e44553dff2929e67939a0ecb9d?s=96&d=identicon&r=g\",\"caption\":\"Genof\u00f3ntes Urb\u00e1ez\"},\"logo\":{\"@id\":\"https:\\\/\\\/secure.gravatar.com\\\/avatar\\\/a49ef3186a692098ac3e8a1612261e3ad70cf9e44553dff2929e67939a0ecb9d?s=96&d=identicon&r=g\"},\"description\":\"Periodista \\\/ Locutor\",\"sameAs\":[\"https:\\\/\\\/www.facebook.com\\\/Genofnotes\",\"https:\\\/\\\/www.instagram.com\\\/genofnotes\\\/\"]}]}<\/script>\n<!-- \/ Yoast SEO plugin. -->","yoast_head_json":{"title":"PN dice ausencia de polic\u00edas en destacamentos se debe a los 2,457 agentes puestos en retiro - Minuto Cero RD","robots":{"index":"index","follow":"follow","max-snippet":"max-snippet:-1","max-image-preview":"max-image-preview:large","max-video-preview":"max-video-preview:-1"},"canonical":"http:\/\/minutocerord.com\/?p=8117","og_locale":"es_ES","og_type":"article","og_title":"PN dice ausencia de polic\u00edas en destacamentos se debe a los 2,457 agentes puestos en retiro - Minuto Cero RD","og_description":"Santo Domingo, RD.-\u00a0La ausencia de polic\u00edas en los principales destacamentos del Distrito Nacional se debe a la puesta en retiro de al menos 2,457 agentes. As\u00ed lo inform\u00f3 el vocero de la Polic\u00eda Nacional, Diego Pesqueira, quien aclar\u00f3 que dichos oficiales fueron desvinculados por antig\u00fcedad en el servicio y que ninguno de estos se retiraron [&hellip;]","og_url":"http:\/\/minutocerord.com\/?p=8117","og_site_name":"Minuto Cero RD","article_publisher":"https:\/\/www.facebook.com\/Genofnotes","article_author":"https:\/\/www.facebook.com\/Genofnotes","article_published_time":"2022-03-12T04:32:29+00:00","article_modified_time":"2022-03-12T04:32:33+00:00","og_image":[{"width":1970,"height":1024,"url":"https:\/\/i0.wp.com\/minutocerord.com\/wp-content\/uploads\/2022\/03\/pn_17395956_20211009204355.jpg?fit=1970%2C1024","type":"image\/jpeg"}],"author":"Genof\u00f3ntes Urb\u00e1ez","twitter_card":"summary_large_image","twitter_misc":{"Written by":"Genof\u00f3ntes Urb\u00e1ez","Est. reading time":"1 minuto"},"schema":{"@context":"https:\/\/schema.org","@graph":[{"@type":"Article","@id":"http:\/\/minutocerord.com\/?p=8117#article","isPartOf":{"@id":"http:\/\/minutocerord.com\/?p=8117"},"author":{"name":"Genof\u00f3ntes Urb\u00e1ez","@id":"https:\/\/minutocerord.com\/#\/schema\/person\/60b5372d60aaa0a5171fb6488be9aee6"},"headline":"PN dice ausencia de polic\u00edas en destacamentos se debe a los 2,457 agentes puestos en retiro","datePublished":"2022-03-12T04:32:29+00:00","dateModified":"2022-03-12T04:32:33+00:00","mainEntityOfPage":{"@id":"http:\/\/minutocerord.com\/?p=8117"},"wordCount":133,"commentCount":0,"publisher":{"@id":"https:\/\/minutocerord.com\/#\/schema\/person\/60b5372d60aaa0a5171fb6488be9aee6"},"image":{"@id":"http:\/\/minutocerord.com\/?p=8117#primaryimage"},"thumbnailUrl":"https:\/\/i0.wp.com\/minutocerord.com\/wp-content\/uploads\/2022\/03\/pn_17395956_20211009204355.jpg?fit=1970%2C1024&ssl=1","articleSection":["POLICIALES"],"inLanguage":"es-DO","potentialAction":[{"@type":"CommentAction","name":"Comment","target":["http:\/\/minutocerord.com\/?p=8117#respond"]}]},{"@type":"WebPage","@id":"http:\/\/minutocerord.com\/?p=8117","url":"http:\/\/minutocerord.com\/?p=8117","name":"PN dice ausencia de polic\u00edas en destacamentos se debe a los 2,457 agentes puestos en retiro - Minuto Cero RD","isPartOf":{"@id":"https:\/\/minutocerord.com\/#website"},"primaryImageOfPage":{"@id":"http:\/\/minutocerord.com\/?p=8117#primaryimage"},"image":{"@id":"http:\/\/minutocerord.com\/?p=8117#primaryimage"},"thumbnailUrl":"https:\/\/i0.wp.com\/minutocerord.com\/wp-content\/uploads\/2022\/03\/pn_17395956_20211009204355.jpg?fit=1970%2C1024&ssl=1","datePublished":"2022-03-12T04:32:29+00:00","dateModified":"2022-03-12T04:32:33+00:00","breadcrumb":{"@id":"http:\/\/minutocerord.com\/?p=8117#breadcrumb"},"inLanguage":"es-DO","potentialAction":[{"@type":"ReadAction","target":["http:\/\/minutocerord.com\/?p=8117"]}]},{"@type":"ImageObject","inLanguage":"es-DO","@id":"http:\/\/minutocerord.com\/?p=8117#primaryimage","url":"https:\/\/i0.wp.com\/minutocerord.com\/wp-content\/uploads\/2022\/03\/pn_17395956_20211009204355.jpg?fit=1970%2C1024&ssl=1","contentUrl":"https:\/\/i0.wp.com\/minutocerord.com\/wp-content\/uploads\/2022\/03\/pn_17395956_20211009204355.jpg?fit=1970%2C1024&ssl=1","width":1970,"height":1024},{"@type":"BreadcrumbList","@id":"http:\/\/minutocerord.com\/?p=8117#breadcrumb","itemListElement":[{"@type":"ListItem","position":1,"name":"Home","item":"https:\/\/minutocerord.com\/"},{"@type":"ListItem","position":2,"name":"PN dice ausencia de polic\u00edas en destacamentos se debe a los 2,457 agentes puestos en retiro"}]},{"@type":"WebSite","@id":"https:\/\/minutocerord.com\/#website","url":"https:\/\/minutocerord.com\/","name":"Minuto Cero RD","description":"Periodismo serio y veraz","publisher":{"@id":"https:\/\/minutocerord.com\/#\/schema\/person\/60b5372d60aaa0a5171fb6488be9aee6"},"potentialAction":[{"@type":"SearchAction","target":{"@type":"EntryPoint","urlTemplate":"https:\/\/minutocerord.com\/?s={search_term_string}"},"query-input":{"@type":"PropertyValueSpecification","valueRequired":true,"valueName":"search_term_string"}}],"inLanguage":"es-DO"},{"@type":["Person","Organization"],"@id":"https:\/\/minutocerord.com\/#\/schema\/person\/60b5372d60aaa0a5171fb6488be9aee6","name":"Genof\u00f3ntes Urb\u00e1ez","image":{"@type":"ImageObject","inLanguage":"es-DO","@id":"https:\/\/secure.gravatar.com\/avatar\/a49ef3186a692098ac3e8a1612261e3ad70cf9e44553dff2929e67939a0ecb9d?s=96&d=identicon&r=g","url":"https:\/\/secure.gravatar.com\/avatar\/a49ef3186a692098ac3e8a1612261e3ad70cf9e44553dff2929e67939a0ecb9d?s=96&d=identicon&r=g","contentUrl":"https:\/\/secure.gravatar.com\/avatar\/a49ef3186a692098ac3e8a1612261e3ad70cf9e44553dff2929e67939a0ecb9d?s=96&d=identicon&r=g","caption":"Genof\u00f3ntes Urb\u00e1ez"},"logo":{"@id":"https:\/\/secure.gravatar.com\/avatar\/a49ef3186a692098ac3e8a1612261e3ad70cf9e44553dff2929e67939a0ecb9d?s=96&d=identicon&r=g"},"description":"Periodista \/ Locutor","sameAs":["https:\/\/www.facebook.com\/Genofnotes","https:\/\/www.instagram.com\/genofnotes\/"]}]}},"jetpack_publicize_connections":[],"jetpack_featured_media_url":"https:\/\/i0.wp.com\/minutocerord.com\/wp-content\/uploads\/2022\/03\/pn_17395956_20211009204355.jpg?fit=1970%2C1024&ssl=1","jetpack-related-posts":[],"jetpack_sharing_enabled":true,"_links":{"self":[{"href":"https:\/\/minutocerord.com\/index.php?rest_route=\/wp\/v2\/posts\/8117","targetHints":{"allow":["GET"]}}],"collection":[{"href":"https:\/\/minutocerord.com\/index.php?rest_route=\/wp\/v2\/posts"}],"about":[{"href":"https:\/\/minutocerord.com\/index.php?rest_route=\/wp\/v2\/types\/post"}],"author":[{"embeddable":true,"href":"https:\/\/minutocerord.com\/index.php?rest_route=\/wp\/v2\/users\/1"}],"replies":[{"embeddable":true,"href":"https:\/\/minutocerord.com\/index.php?rest_route=%2Fwp%2Fv2%2Fcomments&post=8117"}],"version-history":[{"count":1,"href":"https:\/\/minutocerord.com\/index.php?rest_route=\/wp\/v2\/posts\/8117\/revisions"}],"predecessor-version":[{"id":8119,"href":"https:\/\/minutocerord.com\/index.php?rest_route=\/wp\/v2\/posts\/8117\/revisions\/8119"}],"wp:featuredmedia":[{"embeddable":true,"href":"https:\/\/minutocerord.com\/index.php?rest_route=\/wp\/v2\/media\/8118"}],"wp:attachment":[{"href":"https:\/\/minutocerord.com\/index.php?rest_route=%2Fwp%2Fv2%2Fmedia&parent=8117"}],"wp:term":[{"taxonomy":"category","embeddable":true,"href":"https:\/\/minutocerord.com\/index.php?rest_route=%2Fwp%2Fv2%2Fcategories&post=8117"},{"taxonomy":"post_tag","embeddable":true,"href":"https:\/\/minutocerord.com\/index.php?rest_route=%2Fwp%2Fv2%2Ftags&post=8117"}],"curies":[{"name":"wp","href":"https:\/\/api.w.org\/{rel}","templated":true}]}}