{"id":8120,"date":"2022-03-12T01:07:27","date_gmt":"2022-03-12T05:07:27","guid":{"rendered":"https:\/\/minutocerord.com\/?p=8120"},"modified":"2022-03-12T01:07:31","modified_gmt":"2022-03-12T05:07:31","slug":"exdiputada-gladys-azcona-y-su-hijo-estan-entre-los-detenidos-en-el-caso-fm","status":"publish","type":"post","link":"https:\/\/minutocerord.com\/?p=8120","title":{"rendered":"Exdiputada Gladys Azcona y su hijo est\u00e1n entre los detenidos en el Caso FM"},"content":{"rendered":"\n<p>&nbsp;Hasta el jueves 10 de marzo del 2022, Gladys Sof\u00eda Azcona de la Cruz aparec\u00eda sin manchas en su estad\u00eda laboral por el Estado, desde que ingres\u00f3 al Plan Social de la Presidencia, en 1996 y hasta la entrega del cargo de viceministra de Trabajo, en 2020.<\/p>\n\n\n\n<p>Incluso, la dise\u00f1adora de moda y bioanalista, nativa de Sabana Grande de Boy\u00e1, Monte Plata, recibi\u00f3 en 2019, medalla al M\u00e9rito de la Mujer, entregada por el expresidente Danilo Medina por sus aportes a la sociedad.<\/p>\n\n\n\n<p>Pero este viernes, la Procuradur\u00eda Especializada de Antilavado de Activos y Financiamiento del Terrorismo y otros organismos la involucraron, junto a su hijo y cinco personas m\u00e1s, en el Caso FM, llevado a cabo en Santiago, Santo Domingo y Punta Cana en contra el crimen organizado y lavado de activo.<\/p>\n\n\n\n<p>La uni\u00f3n sangu\u00ednea entre ambos est\u00e1 plasmada en la declaraci\u00f3n jurada de la exfuncionaria en la C\u00e1mara de Cuentas.<\/p>\n\n\n\n<p>La Procuradur\u00eda a\u00fan no han detallado qu\u00e9 papel jugaron los v\u00ednculos madre e hijo en la alegada red de lavado.<a><\/a><\/p>\n\n\n\n<p>Solo han revelado que el supuesto cabecilla es Juan Gabriel P\u00e9rez Tejada, cuyo padre, Juan Isidro P\u00e9rez de la Rosa -exdirector de Migraci\u00f3n en Santiago- tambi\u00e9n est\u00e1 apresado. La madre de P\u00e9rez Tejada, la se\u00f1ora Juana Mar\u00eda Tejada Francisco, es miembro de la Fiscal\u00eda Laboral de Santiago, seg\u00fan la lista de procuradores fiscales de la Procuradur\u00eda General.&nbsp;<\/p>\n\n\n\n<p>Los dem\u00e1s involucrados son Anabel Altagracia S\u00e1nchez Santana, Rolando Miguel Reyes Javier y Dyna Madison Noguera Polanco.<\/p>\n","protected":false},"excerpt":{"rendered":"<p>&nbsp;Hasta el jueves 10 de marzo del 2022, Gladys Sof\u00eda Azcona de la Cruz aparec\u00eda sin manchas en su estad\u00eda laboral por el Estado, desde que ingres\u00f3 al Plan Social de la Presidencia, en 1996 y hasta la entrega del cargo de viceministra de Trabajo, en 2020. Incluso, la dise\u00f1adora de moda y bioanalista, nativa [&hellip;]<\/p>\n","protected":false},"author":1,"featured_media":8121,"comment_status":"open","ping_status":"open","sticky":false,"template":"","format":"standard","meta":{"nf_dc_page":"","jetpack_post_was_ever_published":false,"_jetpack_newsletter_access":"","_jetpack_dont_email_post_to_subs":false,"_jetpack_newsletter_tier_id":0,"_jetpack_memberships_contains_paywalled_content":false,"_jetpack_memberships_contains_paid_content":false,"footnotes":"","jetpack_publicize_message":"","jetpack_publicize_feature_enabled":true,"jetpack_social_post_already_shared":false,"jetpack_social_options":{"image_generator_settings":{"template":"highway","default_image_id":0,"font":"","enabled":false},"version":2}},"categories":[65],"tags":[],"class_list":["post-8120","post","type-post","status-publish","format-standard","has-post-thumbnail","hentry","category-nacionales"],"yoast_head":"<!-- This site is optimized with the Yoast SEO plugin v27.4 - https:\/\/yoast.com\/product\/yoast-seo-wordpress\/ -->\n<title>Exdiputada Gladys Azcona y su hijo est\u00e1n entre los detenidos en el Caso FM - Minuto Cero RD<\/title>\n<meta name=\"robots\" content=\"index, follow, max-snippet:-1, max-image-preview:large, max-video-preview:-1\" \/>\n<link rel=\"canonical\" href=\"https:\/\/minutocerord.com\/?p=8120\" \/>\n<meta property=\"og:locale\" content=\"es_ES\" \/>\n<meta property=\"og:type\" content=\"article\" \/>\n<meta property=\"og:title\" content=\"Exdiputada Gladys Azcona y su hijo est\u00e1n entre los detenidos en el Caso FM - Minuto Cero RD\" \/>\n<meta property=\"og:description\" content=\"&nbsp;Hasta el jueves 10 de marzo del 2022, Gladys Sof\u00eda Azcona de la Cruz aparec\u00eda sin manchas en su estad\u00eda laboral por el Estado, desde que ingres\u00f3 al Plan Social de la Presidencia, en 1996 y hasta la entrega del cargo de viceministra de Trabajo, en 2020. Incluso, la dise\u00f1adora de moda y bioanalista, nativa [&hellip;]\" \/>\n<meta property=\"og:url\" content=\"https:\/\/minutocerord.com\/?p=8120\" \/>\n<meta property=\"og:site_name\" content=\"Minuto Cero RD\" \/>\n<meta property=\"article:publisher\" content=\"https:\/\/www.facebook.com\/Genofnotes\" \/>\n<meta property=\"article:author\" content=\"https:\/\/www.facebook.com\/Genofnotes\" \/>\n<meta property=\"article:published_time\" content=\"2022-03-12T05:07:27+00:00\" \/>\n<meta property=\"article:modified_time\" content=\"2022-03-12T05:07:31+00:00\" \/>\n<meta property=\"og:image\" content=\"https:\/\/i0.wp.com\/minutocerord.com\/wp-content\/uploads\/2022\/03\/df4fedcb-gladys-azcona-1.jpg?fit=1000%2C600&ssl=1\" \/>\n\t<meta property=\"og:image:width\" content=\"1000\" \/>\n\t<meta property=\"og:image:height\" content=\"600\" \/>\n\t<meta property=\"og:image:type\" content=\"image\/jpeg\" \/>\n<meta name=\"author\" content=\"Genof\u00f3ntes Urb\u00e1ez\" \/>\n<meta name=\"twitter:card\" content=\"summary_large_image\" \/>\n<meta name=\"twitter:label1\" content=\"Written by\" \/>\n\t<meta name=\"twitter:data1\" content=\"Genof\u00f3ntes Urb\u00e1ez\" \/>\n\t<meta name=\"twitter:label2\" content=\"Est. reading time\" \/>\n\t<meta name=\"twitter:data2\" content=\"2 minutos\" \/>\n<script type=\"application\/ld+json\" class=\"yoast-schema-graph\">{\"@context\":\"https:\\\/\\\/schema.org\",\"@graph\":[{\"@type\":\"Article\",\"@id\":\"https:\\\/\\\/minutocerord.com\\\/?p=8120#article\",\"isPartOf\":{\"@id\":\"https:\\\/\\\/minutocerord.com\\\/?p=8120\"},\"author\":{\"name\":\"Genof\u00f3ntes Urb\u00e1ez\",\"@id\":\"https:\\\/\\\/minutocerord.com\\\/#\\\/schema\\\/person\\\/60b5372d60aaa0a5171fb6488be9aee6\"},\"headline\":\"Exdiputada Gladys Azcona y su hijo est\u00e1n entre los detenidos en el Caso FM\",\"datePublished\":\"2022-03-12T05:07:27+00:00\",\"dateModified\":\"2022-03-12T05:07:31+00:00\",\"mainEntityOfPage\":{\"@id\":\"https:\\\/\\\/minutocerord.com\\\/?p=8120\"},\"wordCount\":284,\"commentCount\":0,\"publisher\":{\"@id\":\"https:\\\/\\\/minutocerord.com\\\/#\\\/schema\\\/person\\\/60b5372d60aaa0a5171fb6488be9aee6\"},\"image\":{\"@id\":\"https:\\\/\\\/minutocerord.com\\\/?p=8120#primaryimage\"},\"thumbnailUrl\":\"https:\\\/\\\/i0.wp.com\\\/minutocerord.com\\\/wp-content\\\/uploads\\\/2022\\\/03\\\/df4fedcb-gladys-azcona-1.jpg?fit=1000%2C600&ssl=1\",\"articleSection\":[\"Nacionales\"],\"inLanguage\":\"es-DO\",\"potentialAction\":[{\"@type\":\"CommentAction\",\"name\":\"Comment\",\"target\":[\"https:\\\/\\\/minutocerord.com\\\/?p=8120#respond\"]}]},{\"@type\":\"WebPage\",\"@id\":\"https:\\\/\\\/minutocerord.com\\\/?p=8120\",\"url\":\"https:\\\/\\\/minutocerord.com\\\/?p=8120\",\"name\":\"Exdiputada Gladys Azcona y su hijo est\u00e1n entre los detenidos en el Caso FM - Minuto Cero RD\",\"isPartOf\":{\"@id\":\"https:\\\/\\\/minutocerord.com\\\/#website\"},\"primaryImageOfPage\":{\"@id\":\"https:\\\/\\\/minutocerord.com\\\/?p=8120#primaryimage\"},\"image\":{\"@id\":\"https:\\\/\\\/minutocerord.com\\\/?p=8120#primaryimage\"},\"thumbnailUrl\":\"https:\\\/\\\/i0.wp.com\\\/minutocerord.com\\\/wp-content\\\/uploads\\\/2022\\\/03\\\/df4fedcb-gladys-azcona-1.jpg?fit=1000%2C600&ssl=1\",\"datePublished\":\"2022-03-12T05:07:27+00:00\",\"dateModified\":\"2022-03-12T05:07:31+00:00\",\"breadcrumb\":{\"@id\":\"https:\\\/\\\/minutocerord.com\\\/?p=8120#breadcrumb\"},\"inLanguage\":\"es-DO\",\"potentialAction\":[{\"@type\":\"ReadAction\",\"target\":[\"https:\\\/\\\/minutocerord.com\\\/?p=8120\"]}]},{\"@type\":\"ImageObject\",\"inLanguage\":\"es-DO\",\"@id\":\"https:\\\/\\\/minutocerord.com\\\/?p=8120#primaryimage\",\"url\":\"https:\\\/\\\/i0.wp.com\\\/minutocerord.com\\\/wp-content\\\/uploads\\\/2022\\\/03\\\/df4fedcb-gladys-azcona-1.jpg?fit=1000%2C600&ssl=1\",\"contentUrl\":\"https:\\\/\\\/i0.wp.com\\\/minutocerord.com\\\/wp-content\\\/uploads\\\/2022\\\/03\\\/df4fedcb-gladys-azcona-1.jpg?fit=1000%2C600&ssl=1\",\"width\":1000,\"height\":600},{\"@type\":\"BreadcrumbList\",\"@id\":\"https:\\\/\\\/minutocerord.com\\\/?p=8120#breadcrumb\",\"itemListElement\":[{\"@type\":\"ListItem\",\"position\":1,\"name\":\"Home\",\"item\":\"https:\\\/\\\/minutocerord.com\\\/\"},{\"@type\":\"ListItem\",\"position\":2,\"name\":\"Exdiputada Gladys Azcona y su hijo est\u00e1n entre los detenidos en el Caso FM\"}]},{\"@type\":\"WebSite\",\"@id\":\"https:\\\/\\\/minutocerord.com\\\/#website\",\"url\":\"https:\\\/\\\/minutocerord.com\\\/\",\"name\":\"Minuto Cero RD\",\"description\":\"Periodismo serio y veraz\",\"publisher\":{\"@id\":\"https:\\\/\\\/minutocerord.com\\\/#\\\/schema\\\/person\\\/60b5372d60aaa0a5171fb6488be9aee6\"},\"potentialAction\":[{\"@type\":\"SearchAction\",\"target\":{\"@type\":\"EntryPoint\",\"urlTemplate\":\"https:\\\/\\\/minutocerord.com\\\/?s={search_term_string}\"},\"query-input\":{\"@type\":\"PropertyValueSpecification\",\"valueRequired\":true,\"valueName\":\"search_term_string\"}}],\"inLanguage\":\"es-DO\"},{\"@type\":[\"Person\",\"Organization\"],\"@id\":\"https:\\\/\\\/minutocerord.com\\\/#\\\/schema\\\/person\\\/60b5372d60aaa0a5171fb6488be9aee6\",\"name\":\"Genof\u00f3ntes Urb\u00e1ez\",\"image\":{\"@type\":\"ImageObject\",\"inLanguage\":\"es-DO\",\"@id\":\"https:\\\/\\\/secure.gravatar.com\\\/avatar\\\/a49ef3186a692098ac3e8a1612261e3ad70cf9e44553dff2929e67939a0ecb9d?s=96&d=identicon&r=g\",\"url\":\"https:\\\/\\\/secure.gravatar.com\\\/avatar\\\/a49ef3186a692098ac3e8a1612261e3ad70cf9e44553dff2929e67939a0ecb9d?s=96&d=identicon&r=g\",\"contentUrl\":\"https:\\\/\\\/secure.gravatar.com\\\/avatar\\\/a49ef3186a692098ac3e8a1612261e3ad70cf9e44553dff2929e67939a0ecb9d?s=96&d=identicon&r=g\",\"caption\":\"Genof\u00f3ntes Urb\u00e1ez\"},\"logo\":{\"@id\":\"https:\\\/\\\/secure.gravatar.com\\\/avatar\\\/a49ef3186a692098ac3e8a1612261e3ad70cf9e44553dff2929e67939a0ecb9d?s=96&d=identicon&r=g\"},\"description\":\"Periodista \\\/ Locutor\",\"sameAs\":[\"https:\\\/\\\/www.facebook.com\\\/Genofnotes\",\"https:\\\/\\\/www.instagram.com\\\/genofnotes\\\/\"]}]}<\/script>\n<!-- \/ Yoast SEO plugin. -->","yoast_head_json":{"title":"Exdiputada Gladys Azcona y su hijo est\u00e1n entre los detenidos en el Caso FM - Minuto Cero RD","robots":{"index":"index","follow":"follow","max-snippet":"max-snippet:-1","max-image-preview":"max-image-preview:large","max-video-preview":"max-video-preview:-1"},"canonical":"https:\/\/minutocerord.com\/?p=8120","og_locale":"es_ES","og_type":"article","og_title":"Exdiputada Gladys Azcona y su hijo est\u00e1n entre los detenidos en el Caso FM - Minuto Cero RD","og_description":"&nbsp;Hasta el jueves 10 de marzo del 2022, Gladys Sof\u00eda Azcona de la Cruz aparec\u00eda sin manchas en su estad\u00eda laboral por el Estado, desde que ingres\u00f3 al Plan Social de la Presidencia, en 1996 y hasta la entrega del cargo de viceministra de Trabajo, en 2020. Incluso, la dise\u00f1adora de moda y bioanalista, nativa [&hellip;]","og_url":"https:\/\/minutocerord.com\/?p=8120","og_site_name":"Minuto Cero RD","article_publisher":"https:\/\/www.facebook.com\/Genofnotes","article_author":"https:\/\/www.facebook.com\/Genofnotes","article_published_time":"2022-03-12T05:07:27+00:00","article_modified_time":"2022-03-12T05:07:31+00:00","og_image":[{"width":1000,"height":600,"url":"https:\/\/i0.wp.com\/minutocerord.com\/wp-content\/uploads\/2022\/03\/df4fedcb-gladys-azcona-1.jpg?fit=1000%2C600&ssl=1","type":"image\/jpeg"}],"author":"Genof\u00f3ntes Urb\u00e1ez","twitter_card":"summary_large_image","twitter_misc":{"Written by":"Genof\u00f3ntes Urb\u00e1ez","Est. reading time":"2 minutos"},"schema":{"@context":"https:\/\/schema.org","@graph":[{"@type":"Article","@id":"https:\/\/minutocerord.com\/?p=8120#article","isPartOf":{"@id":"https:\/\/minutocerord.com\/?p=8120"},"author":{"name":"Genof\u00f3ntes Urb\u00e1ez","@id":"https:\/\/minutocerord.com\/#\/schema\/person\/60b5372d60aaa0a5171fb6488be9aee6"},"headline":"Exdiputada Gladys Azcona y su hijo est\u00e1n entre los detenidos en el Caso FM","datePublished":"2022-03-12T05:07:27+00:00","dateModified":"2022-03-12T05:07:31+00:00","mainEntityOfPage":{"@id":"https:\/\/minutocerord.com\/?p=8120"},"wordCount":284,"commentCount":0,"publisher":{"@id":"https:\/\/minutocerord.com\/#\/schema\/person\/60b5372d60aaa0a5171fb6488be9aee6"},"image":{"@id":"https:\/\/minutocerord.com\/?p=8120#primaryimage"},"thumbnailUrl":"https:\/\/i0.wp.com\/minutocerord.com\/wp-content\/uploads\/2022\/03\/df4fedcb-gladys-azcona-1.jpg?fit=1000%2C600&ssl=1","articleSection":["Nacionales"],"inLanguage":"es-DO","potentialAction":[{"@type":"CommentAction","name":"Comment","target":["https:\/\/minutocerord.com\/?p=8120#respond"]}]},{"@type":"WebPage","@id":"https:\/\/minutocerord.com\/?p=8120","url":"https:\/\/minutocerord.com\/?p=8120","name":"Exdiputada Gladys Azcona y su hijo est\u00e1n entre los detenidos en el Caso FM - Minuto Cero RD","isPartOf":{"@id":"https:\/\/minutocerord.com\/#website"},"primaryImageOfPage":{"@id":"https:\/\/minutocerord.com\/?p=8120#primaryimage"},"image":{"@id":"https:\/\/minutocerord.com\/?p=8120#primaryimage"},"thumbnailUrl":"https:\/\/i0.wp.com\/minutocerord.com\/wp-content\/uploads\/2022\/03\/df4fedcb-gladys-azcona-1.jpg?fit=1000%2C600&ssl=1","datePublished":"2022-03-12T05:07:27+00:00","dateModified":"2022-03-12T05:07:31+00:00","breadcrumb":{"@id":"https:\/\/minutocerord.com\/?p=8120#breadcrumb"},"inLanguage":"es-DO","potentialAction":[{"@type":"ReadAction","target":["https:\/\/minutocerord.com\/?p=8120"]}]},{"@type":"ImageObject","inLanguage":"es-DO","@id":"https:\/\/minutocerord.com\/?p=8120#primaryimage","url":"https:\/\/i0.wp.com\/minutocerord.com\/wp-content\/uploads\/2022\/03\/df4fedcb-gladys-azcona-1.jpg?fit=1000%2C600&ssl=1","contentUrl":"https:\/\/i0.wp.com\/minutocerord.com\/wp-content\/uploads\/2022\/03\/df4fedcb-gladys-azcona-1.jpg?fit=1000%2C600&ssl=1","width":1000,"height":600},{"@type":"BreadcrumbList","@id":"https:\/\/minutocerord.com\/?p=8120#breadcrumb","itemListElement":[{"@type":"ListItem","position":1,"name":"Home","item":"https:\/\/minutocerord.com\/"},{"@type":"ListItem","position":2,"name":"Exdiputada Gladys Azcona y su hijo est\u00e1n entre los detenidos en el Caso FM"}]},{"@type":"WebSite","@id":"https:\/\/minutocerord.com\/#website","url":"https:\/\/minutocerord.com\/","name":"Minuto Cero RD","description":"Periodismo serio y veraz","publisher":{"@id":"https:\/\/minutocerord.com\/#\/schema\/person\/60b5372d60aaa0a5171fb6488be9aee6"},"potentialAction":[{"@type":"SearchAction","target":{"@type":"EntryPoint","urlTemplate":"https:\/\/minutocerord.com\/?s={search_term_string}"},"query-input":{"@type":"PropertyValueSpecification","valueRequired":true,"valueName":"search_term_string"}}],"inLanguage":"es-DO"},{"@type":["Person","Organization"],"@id":"https:\/\/minutocerord.com\/#\/schema\/person\/60b5372d60aaa0a5171fb6488be9aee6","name":"Genof\u00f3ntes Urb\u00e1ez","image":{"@type":"ImageObject","inLanguage":"es-DO","@id":"https:\/\/secure.gravatar.com\/avatar\/a49ef3186a692098ac3e8a1612261e3ad70cf9e44553dff2929e67939a0ecb9d?s=96&d=identicon&r=g","url":"https:\/\/secure.gravatar.com\/avatar\/a49ef3186a692098ac3e8a1612261e3ad70cf9e44553dff2929e67939a0ecb9d?s=96&d=identicon&r=g","contentUrl":"https:\/\/secure.gravatar.com\/avatar\/a49ef3186a692098ac3e8a1612261e3ad70cf9e44553dff2929e67939a0ecb9d?s=96&d=identicon&r=g","caption":"Genof\u00f3ntes Urb\u00e1ez"},"logo":{"@id":"https:\/\/secure.gravatar.com\/avatar\/a49ef3186a692098ac3e8a1612261e3ad70cf9e44553dff2929e67939a0ecb9d?s=96&d=identicon&r=g"},"description":"Periodista \/ Locutor","sameAs":["https:\/\/www.facebook.com\/Genofnotes","https:\/\/www.instagram.com\/genofnotes\/"]}]}},"jetpack_publicize_connections":[],"jetpack_featured_media_url":"https:\/\/i0.wp.com\/minutocerord.com\/wp-content\/uploads\/2022\/03\/df4fedcb-gladys-azcona-1.jpg?fit=1000%2C600&ssl=1","jetpack-related-posts":[],"jetpack_sharing_enabled":true,"_links":{"self":[{"href":"https:\/\/minutocerord.com\/index.php?rest_route=\/wp\/v2\/posts\/8120","targetHints":{"allow":["GET"]}}],"collection":[{"href":"https:\/\/minutocerord.com\/index.php?rest_route=\/wp\/v2\/posts"}],"about":[{"href":"https:\/\/minutocerord.com\/index.php?rest_route=\/wp\/v2\/types\/post"}],"author":[{"embeddable":true,"href":"https:\/\/minutocerord.com\/index.php?rest_route=\/wp\/v2\/users\/1"}],"replies":[{"embeddable":true,"href":"https:\/\/minutocerord.com\/index.php?rest_route=%2Fwp%2Fv2%2Fcomments&post=8120"}],"version-history":[{"count":1,"href":"https:\/\/minutocerord.com\/index.php?rest_route=\/wp\/v2\/posts\/8120\/revisions"}],"predecessor-version":[{"id":8122,"href":"https:\/\/minutocerord.com\/index.php?rest_route=\/wp\/v2\/posts\/8120\/revisions\/8122"}],"wp:featuredmedia":[{"embeddable":true,"href":"https:\/\/minutocerord.com\/index.php?rest_route=\/wp\/v2\/media\/8121"}],"wp:attachment":[{"href":"https:\/\/minutocerord.com\/index.php?rest_route=%2Fwp%2Fv2%2Fmedia&parent=8120"}],"wp:term":[{"taxonomy":"category","embeddable":true,"href":"https:\/\/minutocerord.com\/index.php?rest_route=%2Fwp%2Fv2%2Fcategories&post=8120"},{"taxonomy":"post_tag","embeddable":true,"href":"https:\/\/minutocerord.com\/index.php?rest_route=%2Fwp%2Fv2%2Ftags&post=8120"}],"curies":[{"name":"wp","href":"https:\/\/api.w.org\/{rel}","templated":true}]}}