{"id":8130,"date":"2022-03-12T11:18:15","date_gmt":"2022-03-12T15:18:15","guid":{"rendered":"https:\/\/minutocerord.com\/?p=8130"},"modified":"2022-03-12T11:18:19","modified_gmt":"2022-03-12T15:18:19","slug":"dos-exfuncionarios-junto-a-sus-hijos-involucrados-caso-fm","status":"publish","type":"post","link":"https:\/\/minutocerord.com\/?p=8130","title":{"rendered":"Dos exfuncionarios junto a sus hijos involucrados caso FM"},"content":{"rendered":"\n<p><strong>SANTO DOMINGO.-<\/strong> La Procuradur\u00eda General de la Rep\u00fablica arrest\u00f3 a siete personas acusadas de lavado de activo proveniente del\u00a0narcotr\u00e1fico, durante operativos en\u00a0Santiago, Santo Domingo\u00a0y\u00a0Punta Cana denominado \u00abCaso FM\u00bb.<\/p>\n\n\n\n<p>Dentro de los involucrados figuran la exdiputada y ex viceministra de Trabajo del Partido de la Liberaci\u00f3n Dominicana (PLD) Gladys Sof\u00eda Azcona de la Cruz&nbsp;y su hijo&nbsp;Ramluis Mej\u00eda Azcona&nbsp;as\u00ed como el ex director de Migraci\u00f3n en&nbsp;Santiago, Juan Isidro P\u00e9rez y su hijo Juan Gabriel P\u00e9rez Tejada.<\/p>\n\n\n\n<p>Este \u00faltimo es se\u00f1alado por el&nbsp;Ministerio P\u00fablico&nbsp;como el cabecilla de la alegada red. Mientras que de los dem\u00e1s no ha revelado c\u00f3mo era su participaci\u00f3n.<\/p>\n\n\n\n<p><strong>MEDIDAS DE COERCION&nbsp;<\/strong><\/p>\n\n\n\n<p>El Ministerio P\u00fablico inform\u00f3 este viernes de que solicitar\u00e1 prisi\u00f3n preventiva en contra los imputados&nbsp;&nbsp;Juan Gabriel P\u00e9rez Tejada, Anabel Altagracia S\u00e1nchez Santana, Juan Isidro P\u00e9rez de la Rosa, Rolando Miguel Reyes Javier, Dyna Madison Noguera Polanco, Ramluis Mej\u00eda Azcona y Gladis Sof\u00eda Azcona de la Cruz, seg\u00fan un comunicado de la Procuradur\u00eda.<\/p>\n\n\n\n<p>Al grupo los fiscales ocuparon m\u00e1s de 1 mill\u00f3n de d\u00f3lares y 760,000 pesos, as\u00ed como 13 veh\u00edculos, incluyendo uno marca Ferrari y dos Porsche, agreg\u00f3 la nota.<\/p>\n\n\n\n<p>Seg\u00fan la informaci\u00f3n, el caso FM est\u00e1 vinculado a una red internacional dedicada al lavado de activos provenientes del narcotr\u00e1fico a la que en agosto de 2020 se le ocup\u00f3 4.3 millones de d\u00f3lares tra\u00eddos a Rep\u00fablica Dominicana en bocinas.<\/p>\n\n\n\n<p>Unos 15 fiscales y 145 miembros de la Direcci\u00f3n Nacional de Control de Drogas y otros organismos de seguridad del Estado dominicano estuvieron a cargo de la operaci\u00f3n que cont\u00f3 con la cooperaci\u00f3n internacional de la HSI (Oficina de Investigaciones del Departamento de Seguridad Nacional) de Estados Unidos.<\/p>\n","protected":false},"excerpt":{"rendered":"<p>SANTO DOMINGO.- La Procuradur\u00eda General de la Rep\u00fablica arrest\u00f3 a siete personas acusadas de lavado de activo proveniente del\u00a0narcotr\u00e1fico, durante operativos en\u00a0Santiago, Santo Domingo\u00a0y\u00a0Punta Cana denominado \u00abCaso FM\u00bb. Dentro de los involucrados figuran la exdiputada y ex viceministra de Trabajo del Partido de la Liberaci\u00f3n Dominicana (PLD) Gladys Sof\u00eda Azcona de la Cruz&nbsp;y su hijo&nbsp;Ramluis [&hellip;]<\/p>\n","protected":false},"author":1,"featured_media":8131,"comment_status":"open","ping_status":"open","sticky":false,"template":"","format":"standard","meta":{"nf_dc_page":"","jetpack_post_was_ever_published":false,"_jetpack_newsletter_access":"","_jetpack_dont_email_post_to_subs":false,"_jetpack_newsletter_tier_id":0,"_jetpack_memberships_contains_paywalled_content":false,"_jetpack_memberships_contains_paid_content":false,"footnotes":"","jetpack_publicize_message":"","jetpack_publicize_feature_enabled":true,"jetpack_social_post_already_shared":false,"jetpack_social_options":{"image_generator_settings":{"template":"highway","default_image_id":0,"font":"","enabled":false},"version":2}},"categories":[65],"tags":[],"class_list":["post-8130","post","type-post","status-publish","format-standard","has-post-thumbnail","hentry","category-nacionales"],"yoast_head":"<!-- This site is optimized with the Yoast SEO plugin v27.4 - https:\/\/yoast.com\/product\/yoast-seo-wordpress\/ -->\n<title>Dos exfuncionarios junto a sus hijos involucrados caso FM - Minuto Cero RD<\/title>\n<meta name=\"robots\" content=\"index, follow, max-snippet:-1, max-image-preview:large, max-video-preview:-1\" \/>\n<link rel=\"canonical\" href=\"http:\/\/minutocerord.com\/?p=8130\" \/>\n<meta property=\"og:locale\" content=\"es_ES\" \/>\n<meta property=\"og:type\" content=\"article\" \/>\n<meta property=\"og:title\" content=\"Dos exfuncionarios junto a sus hijos involucrados caso FM - Minuto Cero RD\" \/>\n<meta property=\"og:description\" content=\"SANTO DOMINGO.- La Procuradur\u00eda General de la Rep\u00fablica arrest\u00f3 a siete personas acusadas de lavado de activo proveniente del\u00a0narcotr\u00e1fico, durante operativos en\u00a0Santiago, Santo Domingo\u00a0y\u00a0Punta Cana denominado \u00abCaso FM\u00bb. Dentro de los involucrados figuran la exdiputada y ex viceministra de Trabajo del Partido de la Liberaci\u00f3n Dominicana (PLD) Gladys Sof\u00eda Azcona de la Cruz&nbsp;y su hijo&nbsp;Ramluis [&hellip;]\" \/>\n<meta property=\"og:url\" content=\"http:\/\/minutocerord.com\/?p=8130\" \/>\n<meta property=\"og:site_name\" content=\"Minuto Cero RD\" \/>\n<meta property=\"article:publisher\" content=\"https:\/\/www.facebook.com\/Genofnotes\" \/>\n<meta property=\"article:author\" content=\"https:\/\/www.facebook.com\/Genofnotes\" \/>\n<meta property=\"article:published_time\" content=\"2022-03-12T15:18:15+00:00\" \/>\n<meta property=\"article:modified_time\" content=\"2022-03-12T15:18:19+00:00\" \/>\n<meta property=\"og:image\" content=\"https:\/\/i0.wp.com\/minutocerord.com\/wp-content\/uploads\/2022\/03\/PLD22222.jpg?fit=583%2C342\" \/>\n\t<meta property=\"og:image:width\" content=\"583\" \/>\n\t<meta property=\"og:image:height\" content=\"342\" \/>\n\t<meta property=\"og:image:type\" content=\"image\/jpeg\" \/>\n<meta name=\"author\" content=\"Genof\u00f3ntes Urb\u00e1ez\" \/>\n<meta name=\"twitter:card\" content=\"summary_large_image\" \/>\n<meta name=\"twitter:label1\" content=\"Written by\" \/>\n\t<meta name=\"twitter:data1\" content=\"Genof\u00f3ntes Urb\u00e1ez\" \/>\n\t<meta name=\"twitter:label2\" content=\"Est. reading time\" \/>\n\t<meta name=\"twitter:data2\" content=\"2 minutos\" \/>\n<script type=\"application\/ld+json\" class=\"yoast-schema-graph\">{\"@context\":\"https:\\\/\\\/schema.org\",\"@graph\":[{\"@type\":\"Article\",\"@id\":\"http:\\\/\\\/minutocerord.com\\\/?p=8130#article\",\"isPartOf\":{\"@id\":\"http:\\\/\\\/minutocerord.com\\\/?p=8130\"},\"author\":{\"name\":\"Genof\u00f3ntes Urb\u00e1ez\",\"@id\":\"https:\\\/\\\/minutocerord.com\\\/#\\\/schema\\\/person\\\/60b5372d60aaa0a5171fb6488be9aee6\"},\"headline\":\"Dos exfuncionarios junto a sus hijos involucrados caso FM\",\"datePublished\":\"2022-03-12T15:18:15+00:00\",\"dateModified\":\"2022-03-12T15:18:19+00:00\",\"mainEntityOfPage\":{\"@id\":\"http:\\\/\\\/minutocerord.com\\\/?p=8130\"},\"wordCount\":329,\"commentCount\":0,\"publisher\":{\"@id\":\"https:\\\/\\\/minutocerord.com\\\/#\\\/schema\\\/person\\\/60b5372d60aaa0a5171fb6488be9aee6\"},\"image\":{\"@id\":\"http:\\\/\\\/minutocerord.com\\\/?p=8130#primaryimage\"},\"thumbnailUrl\":\"https:\\\/\\\/i0.wp.com\\\/minutocerord.com\\\/wp-content\\\/uploads\\\/2022\\\/03\\\/PLD22222.jpg?fit=583%2C342&ssl=1\",\"articleSection\":[\"Nacionales\"],\"inLanguage\":\"es-DO\",\"potentialAction\":[{\"@type\":\"CommentAction\",\"name\":\"Comment\",\"target\":[\"http:\\\/\\\/minutocerord.com\\\/?p=8130#respond\"]}]},{\"@type\":\"WebPage\",\"@id\":\"http:\\\/\\\/minutocerord.com\\\/?p=8130\",\"url\":\"http:\\\/\\\/minutocerord.com\\\/?p=8130\",\"name\":\"Dos exfuncionarios junto a sus hijos involucrados caso FM - Minuto Cero RD\",\"isPartOf\":{\"@id\":\"https:\\\/\\\/minutocerord.com\\\/#website\"},\"primaryImageOfPage\":{\"@id\":\"http:\\\/\\\/minutocerord.com\\\/?p=8130#primaryimage\"},\"image\":{\"@id\":\"http:\\\/\\\/minutocerord.com\\\/?p=8130#primaryimage\"},\"thumbnailUrl\":\"https:\\\/\\\/i0.wp.com\\\/minutocerord.com\\\/wp-content\\\/uploads\\\/2022\\\/03\\\/PLD22222.jpg?fit=583%2C342&ssl=1\",\"datePublished\":\"2022-03-12T15:18:15+00:00\",\"dateModified\":\"2022-03-12T15:18:19+00:00\",\"breadcrumb\":{\"@id\":\"http:\\\/\\\/minutocerord.com\\\/?p=8130#breadcrumb\"},\"inLanguage\":\"es-DO\",\"potentialAction\":[{\"@type\":\"ReadAction\",\"target\":[\"http:\\\/\\\/minutocerord.com\\\/?p=8130\"]}]},{\"@type\":\"ImageObject\",\"inLanguage\":\"es-DO\",\"@id\":\"http:\\\/\\\/minutocerord.com\\\/?p=8130#primaryimage\",\"url\":\"https:\\\/\\\/i0.wp.com\\\/minutocerord.com\\\/wp-content\\\/uploads\\\/2022\\\/03\\\/PLD22222.jpg?fit=583%2C342&ssl=1\",\"contentUrl\":\"https:\\\/\\\/i0.wp.com\\\/minutocerord.com\\\/wp-content\\\/uploads\\\/2022\\\/03\\\/PLD22222.jpg?fit=583%2C342&ssl=1\",\"width\":583,\"height\":342},{\"@type\":\"BreadcrumbList\",\"@id\":\"http:\\\/\\\/minutocerord.com\\\/?p=8130#breadcrumb\",\"itemListElement\":[{\"@type\":\"ListItem\",\"position\":1,\"name\":\"Home\",\"item\":\"https:\\\/\\\/minutocerord.com\\\/\"},{\"@type\":\"ListItem\",\"position\":2,\"name\":\"Dos exfuncionarios junto a sus hijos involucrados caso FM\"}]},{\"@type\":\"WebSite\",\"@id\":\"https:\\\/\\\/minutocerord.com\\\/#website\",\"url\":\"https:\\\/\\\/minutocerord.com\\\/\",\"name\":\"Minuto Cero RD\",\"description\":\"Periodismo serio y veraz\",\"publisher\":{\"@id\":\"https:\\\/\\\/minutocerord.com\\\/#\\\/schema\\\/person\\\/60b5372d60aaa0a5171fb6488be9aee6\"},\"potentialAction\":[{\"@type\":\"SearchAction\",\"target\":{\"@type\":\"EntryPoint\",\"urlTemplate\":\"https:\\\/\\\/minutocerord.com\\\/?s={search_term_string}\"},\"query-input\":{\"@type\":\"PropertyValueSpecification\",\"valueRequired\":true,\"valueName\":\"search_term_string\"}}],\"inLanguage\":\"es-DO\"},{\"@type\":[\"Person\",\"Organization\"],\"@id\":\"https:\\\/\\\/minutocerord.com\\\/#\\\/schema\\\/person\\\/60b5372d60aaa0a5171fb6488be9aee6\",\"name\":\"Genof\u00f3ntes Urb\u00e1ez\",\"image\":{\"@type\":\"ImageObject\",\"inLanguage\":\"es-DO\",\"@id\":\"https:\\\/\\\/secure.gravatar.com\\\/avatar\\\/a49ef3186a692098ac3e8a1612261e3ad70cf9e44553dff2929e67939a0ecb9d?s=96&d=identicon&r=g\",\"url\":\"https:\\\/\\\/secure.gravatar.com\\\/avatar\\\/a49ef3186a692098ac3e8a1612261e3ad70cf9e44553dff2929e67939a0ecb9d?s=96&d=identicon&r=g\",\"contentUrl\":\"https:\\\/\\\/secure.gravatar.com\\\/avatar\\\/a49ef3186a692098ac3e8a1612261e3ad70cf9e44553dff2929e67939a0ecb9d?s=96&d=identicon&r=g\",\"caption\":\"Genof\u00f3ntes Urb\u00e1ez\"},\"logo\":{\"@id\":\"https:\\\/\\\/secure.gravatar.com\\\/avatar\\\/a49ef3186a692098ac3e8a1612261e3ad70cf9e44553dff2929e67939a0ecb9d?s=96&d=identicon&r=g\"},\"description\":\"Periodista \\\/ Locutor\",\"sameAs\":[\"https:\\\/\\\/www.facebook.com\\\/Genofnotes\",\"https:\\\/\\\/www.instagram.com\\\/genofnotes\\\/\"]}]}<\/script>\n<!-- \/ Yoast SEO plugin. -->","yoast_head_json":{"title":"Dos exfuncionarios junto a sus hijos involucrados caso FM - Minuto Cero RD","robots":{"index":"index","follow":"follow","max-snippet":"max-snippet:-1","max-image-preview":"max-image-preview:large","max-video-preview":"max-video-preview:-1"},"canonical":"http:\/\/minutocerord.com\/?p=8130","og_locale":"es_ES","og_type":"article","og_title":"Dos exfuncionarios junto a sus hijos involucrados caso FM - Minuto Cero RD","og_description":"SANTO DOMINGO.- La Procuradur\u00eda General de la Rep\u00fablica arrest\u00f3 a siete personas acusadas de lavado de activo proveniente del\u00a0narcotr\u00e1fico, durante operativos en\u00a0Santiago, Santo Domingo\u00a0y\u00a0Punta Cana denominado \u00abCaso FM\u00bb. Dentro de los involucrados figuran la exdiputada y ex viceministra de Trabajo del Partido de la Liberaci\u00f3n Dominicana (PLD) Gladys Sof\u00eda Azcona de la Cruz&nbsp;y su hijo&nbsp;Ramluis [&hellip;]","og_url":"http:\/\/minutocerord.com\/?p=8130","og_site_name":"Minuto Cero RD","article_publisher":"https:\/\/www.facebook.com\/Genofnotes","article_author":"https:\/\/www.facebook.com\/Genofnotes","article_published_time":"2022-03-12T15:18:15+00:00","article_modified_time":"2022-03-12T15:18:19+00:00","og_image":[{"width":583,"height":342,"url":"https:\/\/i0.wp.com\/minutocerord.com\/wp-content\/uploads\/2022\/03\/PLD22222.jpg?fit=583%2C342","type":"image\/jpeg"}],"author":"Genof\u00f3ntes Urb\u00e1ez","twitter_card":"summary_large_image","twitter_misc":{"Written by":"Genof\u00f3ntes Urb\u00e1ez","Est. reading time":"2 minutos"},"schema":{"@context":"https:\/\/schema.org","@graph":[{"@type":"Article","@id":"http:\/\/minutocerord.com\/?p=8130#article","isPartOf":{"@id":"http:\/\/minutocerord.com\/?p=8130"},"author":{"name":"Genof\u00f3ntes Urb\u00e1ez","@id":"https:\/\/minutocerord.com\/#\/schema\/person\/60b5372d60aaa0a5171fb6488be9aee6"},"headline":"Dos exfuncionarios junto a sus hijos involucrados caso FM","datePublished":"2022-03-12T15:18:15+00:00","dateModified":"2022-03-12T15:18:19+00:00","mainEntityOfPage":{"@id":"http:\/\/minutocerord.com\/?p=8130"},"wordCount":329,"commentCount":0,"publisher":{"@id":"https:\/\/minutocerord.com\/#\/schema\/person\/60b5372d60aaa0a5171fb6488be9aee6"},"image":{"@id":"http:\/\/minutocerord.com\/?p=8130#primaryimage"},"thumbnailUrl":"https:\/\/i0.wp.com\/minutocerord.com\/wp-content\/uploads\/2022\/03\/PLD22222.jpg?fit=583%2C342&ssl=1","articleSection":["Nacionales"],"inLanguage":"es-DO","potentialAction":[{"@type":"CommentAction","name":"Comment","target":["http:\/\/minutocerord.com\/?p=8130#respond"]}]},{"@type":"WebPage","@id":"http:\/\/minutocerord.com\/?p=8130","url":"http:\/\/minutocerord.com\/?p=8130","name":"Dos exfuncionarios junto a sus hijos involucrados caso FM - Minuto Cero RD","isPartOf":{"@id":"https:\/\/minutocerord.com\/#website"},"primaryImageOfPage":{"@id":"http:\/\/minutocerord.com\/?p=8130#primaryimage"},"image":{"@id":"http:\/\/minutocerord.com\/?p=8130#primaryimage"},"thumbnailUrl":"https:\/\/i0.wp.com\/minutocerord.com\/wp-content\/uploads\/2022\/03\/PLD22222.jpg?fit=583%2C342&ssl=1","datePublished":"2022-03-12T15:18:15+00:00","dateModified":"2022-03-12T15:18:19+00:00","breadcrumb":{"@id":"http:\/\/minutocerord.com\/?p=8130#breadcrumb"},"inLanguage":"es-DO","potentialAction":[{"@type":"ReadAction","target":["http:\/\/minutocerord.com\/?p=8130"]}]},{"@type":"ImageObject","inLanguage":"es-DO","@id":"http:\/\/minutocerord.com\/?p=8130#primaryimage","url":"https:\/\/i0.wp.com\/minutocerord.com\/wp-content\/uploads\/2022\/03\/PLD22222.jpg?fit=583%2C342&ssl=1","contentUrl":"https:\/\/i0.wp.com\/minutocerord.com\/wp-content\/uploads\/2022\/03\/PLD22222.jpg?fit=583%2C342&ssl=1","width":583,"height":342},{"@type":"BreadcrumbList","@id":"http:\/\/minutocerord.com\/?p=8130#breadcrumb","itemListElement":[{"@type":"ListItem","position":1,"name":"Home","item":"https:\/\/minutocerord.com\/"},{"@type":"ListItem","position":2,"name":"Dos exfuncionarios junto a sus hijos involucrados caso FM"}]},{"@type":"WebSite","@id":"https:\/\/minutocerord.com\/#website","url":"https:\/\/minutocerord.com\/","name":"Minuto Cero RD","description":"Periodismo serio y veraz","publisher":{"@id":"https:\/\/minutocerord.com\/#\/schema\/person\/60b5372d60aaa0a5171fb6488be9aee6"},"potentialAction":[{"@type":"SearchAction","target":{"@type":"EntryPoint","urlTemplate":"https:\/\/minutocerord.com\/?s={search_term_string}"},"query-input":{"@type":"PropertyValueSpecification","valueRequired":true,"valueName":"search_term_string"}}],"inLanguage":"es-DO"},{"@type":["Person","Organization"],"@id":"https:\/\/minutocerord.com\/#\/schema\/person\/60b5372d60aaa0a5171fb6488be9aee6","name":"Genof\u00f3ntes Urb\u00e1ez","image":{"@type":"ImageObject","inLanguage":"es-DO","@id":"https:\/\/secure.gravatar.com\/avatar\/a49ef3186a692098ac3e8a1612261e3ad70cf9e44553dff2929e67939a0ecb9d?s=96&d=identicon&r=g","url":"https:\/\/secure.gravatar.com\/avatar\/a49ef3186a692098ac3e8a1612261e3ad70cf9e44553dff2929e67939a0ecb9d?s=96&d=identicon&r=g","contentUrl":"https:\/\/secure.gravatar.com\/avatar\/a49ef3186a692098ac3e8a1612261e3ad70cf9e44553dff2929e67939a0ecb9d?s=96&d=identicon&r=g","caption":"Genof\u00f3ntes Urb\u00e1ez"},"logo":{"@id":"https:\/\/secure.gravatar.com\/avatar\/a49ef3186a692098ac3e8a1612261e3ad70cf9e44553dff2929e67939a0ecb9d?s=96&d=identicon&r=g"},"description":"Periodista \/ Locutor","sameAs":["https:\/\/www.facebook.com\/Genofnotes","https:\/\/www.instagram.com\/genofnotes\/"]}]}},"jetpack_publicize_connections":[],"jetpack_featured_media_url":"https:\/\/i0.wp.com\/minutocerord.com\/wp-content\/uploads\/2022\/03\/PLD22222.jpg?fit=583%2C342&ssl=1","jetpack-related-posts":[],"jetpack_sharing_enabled":true,"_links":{"self":[{"href":"https:\/\/minutocerord.com\/index.php?rest_route=\/wp\/v2\/posts\/8130","targetHints":{"allow":["GET"]}}],"collection":[{"href":"https:\/\/minutocerord.com\/index.php?rest_route=\/wp\/v2\/posts"}],"about":[{"href":"https:\/\/minutocerord.com\/index.php?rest_route=\/wp\/v2\/types\/post"}],"author":[{"embeddable":true,"href":"https:\/\/minutocerord.com\/index.php?rest_route=\/wp\/v2\/users\/1"}],"replies":[{"embeddable":true,"href":"https:\/\/minutocerord.com\/index.php?rest_route=%2Fwp%2Fv2%2Fcomments&post=8130"}],"version-history":[{"count":1,"href":"https:\/\/minutocerord.com\/index.php?rest_route=\/wp\/v2\/posts\/8130\/revisions"}],"predecessor-version":[{"id":8132,"href":"https:\/\/minutocerord.com\/index.php?rest_route=\/wp\/v2\/posts\/8130\/revisions\/8132"}],"wp:featuredmedia":[{"embeddable":true,"href":"https:\/\/minutocerord.com\/index.php?rest_route=\/wp\/v2\/media\/8131"}],"wp:attachment":[{"href":"https:\/\/minutocerord.com\/index.php?rest_route=%2Fwp%2Fv2%2Fmedia&parent=8130"}],"wp:term":[{"taxonomy":"category","embeddable":true,"href":"https:\/\/minutocerord.com\/index.php?rest_route=%2Fwp%2Fv2%2Fcategories&post=8130"},{"taxonomy":"post_tag","embeddable":true,"href":"https:\/\/minutocerord.com\/index.php?rest_route=%2Fwp%2Fv2%2Ftags&post=8130"}],"curies":[{"name":"wp","href":"https:\/\/api.w.org\/{rel}","templated":true}]}}