{"id":8136,"date":"2022-03-13T00:44:04","date_gmt":"2022-03-13T04:44:04","guid":{"rendered":"https:\/\/minutocerord.com\/?p=8136"},"modified":"2022-03-13T00:44:07","modified_gmt":"2022-03-13T04:44:07","slug":"quien-es-la-periodista-argentina-que-indigno-a-los-dominicanos","status":"publish","type":"post","link":"https:\/\/minutocerord.com\/?p=8136","title":{"rendered":"\u00bfQui\u00e9n es la &#8220;periodista&#8221; argentina que indign\u00f3 a los dominicanos?"},"content":{"rendered":"\n<p>El nombre de Viviana Canosa suena en los \u00faltimos d\u00edas con indignaci\u00f3n en los medios de nuestro pa\u00eds. Tras la visita del presidente Luis Abinader a Argentina, donde sell\u00f3 varios acuerdos de cooperaci\u00f3n con el gobierno del pa\u00eds austral, la comunicadora se mof\u00f3 del primer mandatario y de los dominicanos mand\u00e1ndolos &#8220;a la m*****&#8221; al aire por el jocoso comentario de Abinader a su par Alberto Fern\u00e1ndez sobre el turismo y las &#8220;clases de merengue gratis&#8221; para los argentinos.<\/p>\n\n\n\n<p>&#8220;La sociedad est\u00e1 vulnerada, est\u00e1 harta. Se detuvieron la vida, se detuvieron los corazones. La gente se muri\u00f3, y ustedes se divierten que nos van a dar clases de merengue gratuitas de merengue si vamos a la Rep\u00fablica Dominicana. \u00bf\u00a1Por qu\u00e9 no se van a la m***da!? \u00bf\u00a1Por qu\u00e9 no se van a la m***da todos!?&#8221;, dijo la presentadora sobre el hecho.<\/p>\n\n\n\n<p>La reacci\u00f3n de Viviana Canosa gener\u00f3 indignaci\u00f3n en los dominicanos a trav\u00e9s de las redes sociales. \u00bfPero qui\u00e9n es esta &#8220;periodista&#8221;? Su nombre no est\u00e1 excento de pol\u00e9mica y est\u00e1 ligado al esc\u00e1ndalo en su pa\u00eds.<\/p>\n\n\n\n<p><strong>\u00bfQui\u00e9n es Viviana Canosa?<\/strong><\/p>\n\n\n\n<p>Viviana Canosa es una periodista y conductora de radio y televisi\u00f3n argentina. Conduce desde el a\u00f1o 2019 un programa de pol\u00edtica llamado Nada personal, por Canal 9. All\u00ed ha desempe\u00f1ado un papel controvertido criticando, entre otros, al gobierno de Alberto Fern\u00e1ndez y las medidas que adopt\u00f3 frente a la emergencia sanitaria por la Covid-19.<a><\/a><\/p>\n\n\n\n<p>En agosto de 2020, Canosa se vio envuelta en un fuerte esc\u00e1ndalo tras beber en su programa de una botella que conten\u00eda di\u00f3xido de cloro (CDS), un qu\u00edmico potencialmente peligroso -incluso prohibido por la OPS-ONU- promocionado como supuesta cura para la COVID-19. Durante la emergencia, Vivana Canosa se mostr\u00f3 como un personaje anti-vacuna y los planes de vacunaci\u00f3n del gobierno llamando a la colectividad a no vacunarse.<\/p>\n\n\n\n<p>Asimismo, asegur\u00f3 en dicha transmisi\u00f3n que en los test de COVID-19 existen &#8220;metales y cosas extra\u00f1as&#8221; que alteran los resultados. Decenas de profesionales de medicina de su pa\u00eds salieron a dar declaraciones, desmintiendo la teor\u00eda de la conductora.<\/p>\n\n\n\n<p>Este hecho le vali\u00f3 una imputaci\u00f3n judicial por &#8220;ejercicio ilegal de la medicina&#8221; y denuncias por haber promocionado un remedio falso, horas despu\u00e9s de que un ni\u00f1o de 5 a\u00f1os muriera en una provincia argentina por tomar di\u00f3xido de cloro.<\/p>\n\n\n\n<p>Los colectivos feministas argentinos tambi\u00e9n conocen de Viviana Canosa. Apenas este pasado 8 de marzo, D\u00eda Internacional de la Mujer, la periodista critic\u00f3 a las mujeres que marcharon ese d\u00eda en Buenos Aires con las siguientes palabras. &#8220;Empiecen por darse un ba\u00f1o, depilarse e ir a laburar (trabajar) &#8230; \u00bfQu\u00e9 es para ustedes el famoso patriarcado, mu\u00f1ecas? \u00bfEs un padre ausente, un hermano que les hizo bullying, un pibe (muchacho) que en el secundario no les dio bola (no les correspondi\u00f3), en la universidad no se las gar&#8230; (no tuvieron sexo). \u00bfQu\u00e9 es para ustedes?&#8221;.&nbsp;<\/p>\n\n\n\n<p>Asimismo, es recordada por llamar a una rebeli\u00f3n civil contra el gobierno al aire. &#8220;Se tiene que venir el estallido de la rebeli\u00f3n civil en paz. Tenemos que encontrarle la situaci\u00f3n a la tiran\u00eda que estamos viviendo&#8221;, afirm\u00f3 Viviana Canosa, desconociendo que Alberto Fern\u00e1ndez fue elegido por el voto popular. &#8220;Pido una desobediencia civil sin violencia, en paz, porque todos nosotros conocemos nuestros derechos pero dejamos que el gobierno se los pase por el culo, por eso invito a una rebeli\u00f3n civil en paz&#8221;.<\/p>\n\n\n\n<p>Sus impases con personajes p\u00fablicos representantes del gobierno son actos constantes, incluso llegando a acciones controvertidas. Una de las m\u00e1s recordadas fue cuando le lanz\u00f3 gel antibacterial a la cara al ministro de Seguridad de Argentina, Anibal Fern\u00e1ndez, en plena transmisi\u00f3n luego de un debate p\u00fablico.<\/p>\n","protected":false},"excerpt":{"rendered":"<p>El nombre de Viviana Canosa suena en los \u00faltimos d\u00edas con indignaci\u00f3n en los medios de nuestro pa\u00eds. Tras la visita del presidente Luis Abinader a Argentina, donde sell\u00f3 varios acuerdos de cooperaci\u00f3n con el gobierno del pa\u00eds austral, la comunicadora se mof\u00f3 del primer mandatario y de los dominicanos mand\u00e1ndolos &#8220;a la m*****&#8221; al [&hellip;]<\/p>\n","protected":false},"author":1,"featured_media":8137,"comment_status":"open","ping_status":"open","sticky":false,"template":"","format":"standard","meta":{"nf_dc_page":"","jetpack_post_was_ever_published":false,"_jetpack_newsletter_access":"","_jetpack_dont_email_post_to_subs":false,"_jetpack_newsletter_tier_id":0,"_jetpack_memberships_contains_paywalled_content":false,"_jetpack_memberships_contains_paid_content":false,"footnotes":"","jetpack_publicize_message":"","jetpack_publicize_feature_enabled":true,"jetpack_social_post_already_shared":false,"jetpack_social_options":{"image_generator_settings":{"template":"highway","default_image_id":0,"font":"","enabled":false},"version":2}},"categories":[65],"tags":[],"class_list":["post-8136","post","type-post","status-publish","format-standard","has-post-thumbnail","hentry","category-nacionales"],"yoast_head":"<!-- This site is optimized with the Yoast SEO plugin v27.4 - https:\/\/yoast.com\/product\/yoast-seo-wordpress\/ -->\n<title>\u00bfQui\u00e9n es la &quot;periodista&quot; argentina que indign\u00f3 a los dominicanos? - Minuto Cero RD<\/title>\n<meta name=\"robots\" content=\"index, follow, max-snippet:-1, max-image-preview:large, max-video-preview:-1\" \/>\n<link rel=\"canonical\" href=\"http:\/\/minutocerord.com\/?p=8136\" \/>\n<meta property=\"og:locale\" content=\"es_ES\" \/>\n<meta property=\"og:type\" content=\"article\" \/>\n<meta property=\"og:title\" content=\"\u00bfQui\u00e9n es la &quot;periodista&quot; argentina que indign\u00f3 a los dominicanos? - Minuto Cero RD\" \/>\n<meta property=\"og:description\" content=\"El nombre de Viviana Canosa suena en los \u00faltimos d\u00edas con indignaci\u00f3n en los medios de nuestro pa\u00eds. Tras la visita del presidente Luis Abinader a Argentina, donde sell\u00f3 varios acuerdos de cooperaci\u00f3n con el gobierno del pa\u00eds austral, la comunicadora se mof\u00f3 del primer mandatario y de los dominicanos mand\u00e1ndolos &#8220;a la m*****&#8221; al [&hellip;]\" \/>\n<meta property=\"og:url\" content=\"http:\/\/minutocerord.com\/?p=8136\" \/>\n<meta property=\"og:site_name\" content=\"Minuto Cero RD\" \/>\n<meta property=\"article:publisher\" content=\"https:\/\/www.facebook.com\/Genofnotes\" \/>\n<meta property=\"article:author\" content=\"https:\/\/www.facebook.com\/Genofnotes\" \/>\n<meta property=\"article:published_time\" content=\"2022-03-13T04:44:04+00:00\" \/>\n<meta property=\"article:modified_time\" content=\"2022-03-13T04:44:07+00:00\" \/>\n<meta property=\"og:image\" content=\"https:\/\/i0.wp.com\/minutocerord.com\/wp-content\/uploads\/2022\/03\/e8d4e7430377c8e2015819a0bbb0bb1f.jpg?fit=768%2C512\" \/>\n\t<meta property=\"og:image:width\" content=\"768\" \/>\n\t<meta property=\"og:image:height\" content=\"512\" \/>\n\t<meta property=\"og:image:type\" content=\"image\/jpeg\" \/>\n<meta name=\"author\" content=\"Genof\u00f3ntes Urb\u00e1ez\" \/>\n<meta name=\"twitter:card\" content=\"summary_large_image\" \/>\n<meta name=\"twitter:label1\" content=\"Written by\" \/>\n\t<meta name=\"twitter:data1\" content=\"Genof\u00f3ntes Urb\u00e1ez\" \/>\n\t<meta name=\"twitter:label2\" content=\"Est. reading time\" \/>\n\t<meta name=\"twitter:data2\" content=\"3 minutos\" \/>\n<script type=\"application\/ld+json\" class=\"yoast-schema-graph\">{\"@context\":\"https:\\\/\\\/schema.org\",\"@graph\":[{\"@type\":\"Article\",\"@id\":\"http:\\\/\\\/minutocerord.com\\\/?p=8136#article\",\"isPartOf\":{\"@id\":\"http:\\\/\\\/minutocerord.com\\\/?p=8136\"},\"author\":{\"name\":\"Genof\u00f3ntes Urb\u00e1ez\",\"@id\":\"https:\\\/\\\/minutocerord.com\\\/#\\\/schema\\\/person\\\/60b5372d60aaa0a5171fb6488be9aee6\"},\"headline\":\"\u00bfQui\u00e9n es la &#8220;periodista&#8221; argentina que indign\u00f3 a los dominicanos?\",\"datePublished\":\"2022-03-13T04:44:04+00:00\",\"dateModified\":\"2022-03-13T04:44:07+00:00\",\"mainEntityOfPage\":{\"@id\":\"http:\\\/\\\/minutocerord.com\\\/?p=8136\"},\"wordCount\":664,\"commentCount\":0,\"publisher\":{\"@id\":\"https:\\\/\\\/minutocerord.com\\\/#\\\/schema\\\/person\\\/60b5372d60aaa0a5171fb6488be9aee6\"},\"image\":{\"@id\":\"http:\\\/\\\/minutocerord.com\\\/?p=8136#primaryimage\"},\"thumbnailUrl\":\"https:\\\/\\\/i0.wp.com\\\/minutocerord.com\\\/wp-content\\\/uploads\\\/2022\\\/03\\\/e8d4e7430377c8e2015819a0bbb0bb1f.jpg?fit=768%2C512&ssl=1\",\"articleSection\":[\"Nacionales\"],\"inLanguage\":\"es-DO\",\"potentialAction\":[{\"@type\":\"CommentAction\",\"name\":\"Comment\",\"target\":[\"http:\\\/\\\/minutocerord.com\\\/?p=8136#respond\"]}]},{\"@type\":\"WebPage\",\"@id\":\"http:\\\/\\\/minutocerord.com\\\/?p=8136\",\"url\":\"http:\\\/\\\/minutocerord.com\\\/?p=8136\",\"name\":\"\u00bfQui\u00e9n es la \\\"periodista\\\" argentina que indign\u00f3 a los dominicanos? - Minuto Cero RD\",\"isPartOf\":{\"@id\":\"https:\\\/\\\/minutocerord.com\\\/#website\"},\"primaryImageOfPage\":{\"@id\":\"http:\\\/\\\/minutocerord.com\\\/?p=8136#primaryimage\"},\"image\":{\"@id\":\"http:\\\/\\\/minutocerord.com\\\/?p=8136#primaryimage\"},\"thumbnailUrl\":\"https:\\\/\\\/i0.wp.com\\\/minutocerord.com\\\/wp-content\\\/uploads\\\/2022\\\/03\\\/e8d4e7430377c8e2015819a0bbb0bb1f.jpg?fit=768%2C512&ssl=1\",\"datePublished\":\"2022-03-13T04:44:04+00:00\",\"dateModified\":\"2022-03-13T04:44:07+00:00\",\"breadcrumb\":{\"@id\":\"http:\\\/\\\/minutocerord.com\\\/?p=8136#breadcrumb\"},\"inLanguage\":\"es-DO\",\"potentialAction\":[{\"@type\":\"ReadAction\",\"target\":[\"http:\\\/\\\/minutocerord.com\\\/?p=8136\"]}]},{\"@type\":\"ImageObject\",\"inLanguage\":\"es-DO\",\"@id\":\"http:\\\/\\\/minutocerord.com\\\/?p=8136#primaryimage\",\"url\":\"https:\\\/\\\/i0.wp.com\\\/minutocerord.com\\\/wp-content\\\/uploads\\\/2022\\\/03\\\/e8d4e7430377c8e2015819a0bbb0bb1f.jpg?fit=768%2C512&ssl=1\",\"contentUrl\":\"https:\\\/\\\/i0.wp.com\\\/minutocerord.com\\\/wp-content\\\/uploads\\\/2022\\\/03\\\/e8d4e7430377c8e2015819a0bbb0bb1f.jpg?fit=768%2C512&ssl=1\",\"width\":768,\"height\":512},{\"@type\":\"BreadcrumbList\",\"@id\":\"http:\\\/\\\/minutocerord.com\\\/?p=8136#breadcrumb\",\"itemListElement\":[{\"@type\":\"ListItem\",\"position\":1,\"name\":\"Home\",\"item\":\"https:\\\/\\\/minutocerord.com\\\/\"},{\"@type\":\"ListItem\",\"position\":2,\"name\":\"\u00bfQui\u00e9n es la &#8220;periodista&#8221; argentina que indign\u00f3 a los dominicanos?\"}]},{\"@type\":\"WebSite\",\"@id\":\"https:\\\/\\\/minutocerord.com\\\/#website\",\"url\":\"https:\\\/\\\/minutocerord.com\\\/\",\"name\":\"Minuto Cero RD\",\"description\":\"Periodismo serio y veraz\",\"publisher\":{\"@id\":\"https:\\\/\\\/minutocerord.com\\\/#\\\/schema\\\/person\\\/60b5372d60aaa0a5171fb6488be9aee6\"},\"potentialAction\":[{\"@type\":\"SearchAction\",\"target\":{\"@type\":\"EntryPoint\",\"urlTemplate\":\"https:\\\/\\\/minutocerord.com\\\/?s={search_term_string}\"},\"query-input\":{\"@type\":\"PropertyValueSpecification\",\"valueRequired\":true,\"valueName\":\"search_term_string\"}}],\"inLanguage\":\"es-DO\"},{\"@type\":[\"Person\",\"Organization\"],\"@id\":\"https:\\\/\\\/minutocerord.com\\\/#\\\/schema\\\/person\\\/60b5372d60aaa0a5171fb6488be9aee6\",\"name\":\"Genof\u00f3ntes Urb\u00e1ez\",\"image\":{\"@type\":\"ImageObject\",\"inLanguage\":\"es-DO\",\"@id\":\"https:\\\/\\\/secure.gravatar.com\\\/avatar\\\/a49ef3186a692098ac3e8a1612261e3ad70cf9e44553dff2929e67939a0ecb9d?s=96&d=identicon&r=g\",\"url\":\"https:\\\/\\\/secure.gravatar.com\\\/avatar\\\/a49ef3186a692098ac3e8a1612261e3ad70cf9e44553dff2929e67939a0ecb9d?s=96&d=identicon&r=g\",\"contentUrl\":\"https:\\\/\\\/secure.gravatar.com\\\/avatar\\\/a49ef3186a692098ac3e8a1612261e3ad70cf9e44553dff2929e67939a0ecb9d?s=96&d=identicon&r=g\",\"caption\":\"Genof\u00f3ntes Urb\u00e1ez\"},\"logo\":{\"@id\":\"https:\\\/\\\/secure.gravatar.com\\\/avatar\\\/a49ef3186a692098ac3e8a1612261e3ad70cf9e44553dff2929e67939a0ecb9d?s=96&d=identicon&r=g\"},\"description\":\"Periodista \\\/ Locutor\",\"sameAs\":[\"https:\\\/\\\/www.facebook.com\\\/Genofnotes\",\"https:\\\/\\\/www.instagram.com\\\/genofnotes\\\/\"]}]}<\/script>\n<!-- \/ Yoast SEO plugin. -->","yoast_head_json":{"title":"\u00bfQui\u00e9n es la \"periodista\" argentina que indign\u00f3 a los dominicanos? - Minuto Cero RD","robots":{"index":"index","follow":"follow","max-snippet":"max-snippet:-1","max-image-preview":"max-image-preview:large","max-video-preview":"max-video-preview:-1"},"canonical":"http:\/\/minutocerord.com\/?p=8136","og_locale":"es_ES","og_type":"article","og_title":"\u00bfQui\u00e9n es la \"periodista\" argentina que indign\u00f3 a los dominicanos? - Minuto Cero RD","og_description":"El nombre de Viviana Canosa suena en los \u00faltimos d\u00edas con indignaci\u00f3n en los medios de nuestro pa\u00eds. Tras la visita del presidente Luis Abinader a Argentina, donde sell\u00f3 varios acuerdos de cooperaci\u00f3n con el gobierno del pa\u00eds austral, la comunicadora se mof\u00f3 del primer mandatario y de los dominicanos mand\u00e1ndolos &#8220;a la m*****&#8221; al [&hellip;]","og_url":"http:\/\/minutocerord.com\/?p=8136","og_site_name":"Minuto Cero RD","article_publisher":"https:\/\/www.facebook.com\/Genofnotes","article_author":"https:\/\/www.facebook.com\/Genofnotes","article_published_time":"2022-03-13T04:44:04+00:00","article_modified_time":"2022-03-13T04:44:07+00:00","og_image":[{"width":768,"height":512,"url":"https:\/\/i0.wp.com\/minutocerord.com\/wp-content\/uploads\/2022\/03\/e8d4e7430377c8e2015819a0bbb0bb1f.jpg?fit=768%2C512","type":"image\/jpeg"}],"author":"Genof\u00f3ntes Urb\u00e1ez","twitter_card":"summary_large_image","twitter_misc":{"Written by":"Genof\u00f3ntes Urb\u00e1ez","Est. reading time":"3 minutos"},"schema":{"@context":"https:\/\/schema.org","@graph":[{"@type":"Article","@id":"http:\/\/minutocerord.com\/?p=8136#article","isPartOf":{"@id":"http:\/\/minutocerord.com\/?p=8136"},"author":{"name":"Genof\u00f3ntes Urb\u00e1ez","@id":"https:\/\/minutocerord.com\/#\/schema\/person\/60b5372d60aaa0a5171fb6488be9aee6"},"headline":"\u00bfQui\u00e9n es la &#8220;periodista&#8221; argentina que indign\u00f3 a los dominicanos?","datePublished":"2022-03-13T04:44:04+00:00","dateModified":"2022-03-13T04:44:07+00:00","mainEntityOfPage":{"@id":"http:\/\/minutocerord.com\/?p=8136"},"wordCount":664,"commentCount":0,"publisher":{"@id":"https:\/\/minutocerord.com\/#\/schema\/person\/60b5372d60aaa0a5171fb6488be9aee6"},"image":{"@id":"http:\/\/minutocerord.com\/?p=8136#primaryimage"},"thumbnailUrl":"https:\/\/i0.wp.com\/minutocerord.com\/wp-content\/uploads\/2022\/03\/e8d4e7430377c8e2015819a0bbb0bb1f.jpg?fit=768%2C512&ssl=1","articleSection":["Nacionales"],"inLanguage":"es-DO","potentialAction":[{"@type":"CommentAction","name":"Comment","target":["http:\/\/minutocerord.com\/?p=8136#respond"]}]},{"@type":"WebPage","@id":"http:\/\/minutocerord.com\/?p=8136","url":"http:\/\/minutocerord.com\/?p=8136","name":"\u00bfQui\u00e9n es la \"periodista\" argentina que indign\u00f3 a los dominicanos? - Minuto Cero RD","isPartOf":{"@id":"https:\/\/minutocerord.com\/#website"},"primaryImageOfPage":{"@id":"http:\/\/minutocerord.com\/?p=8136#primaryimage"},"image":{"@id":"http:\/\/minutocerord.com\/?p=8136#primaryimage"},"thumbnailUrl":"https:\/\/i0.wp.com\/minutocerord.com\/wp-content\/uploads\/2022\/03\/e8d4e7430377c8e2015819a0bbb0bb1f.jpg?fit=768%2C512&ssl=1","datePublished":"2022-03-13T04:44:04+00:00","dateModified":"2022-03-13T04:44:07+00:00","breadcrumb":{"@id":"http:\/\/minutocerord.com\/?p=8136#breadcrumb"},"inLanguage":"es-DO","potentialAction":[{"@type":"ReadAction","target":["http:\/\/minutocerord.com\/?p=8136"]}]},{"@type":"ImageObject","inLanguage":"es-DO","@id":"http:\/\/minutocerord.com\/?p=8136#primaryimage","url":"https:\/\/i0.wp.com\/minutocerord.com\/wp-content\/uploads\/2022\/03\/e8d4e7430377c8e2015819a0bbb0bb1f.jpg?fit=768%2C512&ssl=1","contentUrl":"https:\/\/i0.wp.com\/minutocerord.com\/wp-content\/uploads\/2022\/03\/e8d4e7430377c8e2015819a0bbb0bb1f.jpg?fit=768%2C512&ssl=1","width":768,"height":512},{"@type":"BreadcrumbList","@id":"http:\/\/minutocerord.com\/?p=8136#breadcrumb","itemListElement":[{"@type":"ListItem","position":1,"name":"Home","item":"https:\/\/minutocerord.com\/"},{"@type":"ListItem","position":2,"name":"\u00bfQui\u00e9n es la &#8220;periodista&#8221; argentina que indign\u00f3 a los dominicanos?"}]},{"@type":"WebSite","@id":"https:\/\/minutocerord.com\/#website","url":"https:\/\/minutocerord.com\/","name":"Minuto Cero RD","description":"Periodismo serio y veraz","publisher":{"@id":"https:\/\/minutocerord.com\/#\/schema\/person\/60b5372d60aaa0a5171fb6488be9aee6"},"potentialAction":[{"@type":"SearchAction","target":{"@type":"EntryPoint","urlTemplate":"https:\/\/minutocerord.com\/?s={search_term_string}"},"query-input":{"@type":"PropertyValueSpecification","valueRequired":true,"valueName":"search_term_string"}}],"inLanguage":"es-DO"},{"@type":["Person","Organization"],"@id":"https:\/\/minutocerord.com\/#\/schema\/person\/60b5372d60aaa0a5171fb6488be9aee6","name":"Genof\u00f3ntes Urb\u00e1ez","image":{"@type":"ImageObject","inLanguage":"es-DO","@id":"https:\/\/secure.gravatar.com\/avatar\/a49ef3186a692098ac3e8a1612261e3ad70cf9e44553dff2929e67939a0ecb9d?s=96&d=identicon&r=g","url":"https:\/\/secure.gravatar.com\/avatar\/a49ef3186a692098ac3e8a1612261e3ad70cf9e44553dff2929e67939a0ecb9d?s=96&d=identicon&r=g","contentUrl":"https:\/\/secure.gravatar.com\/avatar\/a49ef3186a692098ac3e8a1612261e3ad70cf9e44553dff2929e67939a0ecb9d?s=96&d=identicon&r=g","caption":"Genof\u00f3ntes Urb\u00e1ez"},"logo":{"@id":"https:\/\/secure.gravatar.com\/avatar\/a49ef3186a692098ac3e8a1612261e3ad70cf9e44553dff2929e67939a0ecb9d?s=96&d=identicon&r=g"},"description":"Periodista \/ Locutor","sameAs":["https:\/\/www.facebook.com\/Genofnotes","https:\/\/www.instagram.com\/genofnotes\/"]}]}},"jetpack_publicize_connections":[],"jetpack_featured_media_url":"https:\/\/i0.wp.com\/minutocerord.com\/wp-content\/uploads\/2022\/03\/e8d4e7430377c8e2015819a0bbb0bb1f.jpg?fit=768%2C512&ssl=1","jetpack-related-posts":[],"jetpack_sharing_enabled":true,"_links":{"self":[{"href":"https:\/\/minutocerord.com\/index.php?rest_route=\/wp\/v2\/posts\/8136","targetHints":{"allow":["GET"]}}],"collection":[{"href":"https:\/\/minutocerord.com\/index.php?rest_route=\/wp\/v2\/posts"}],"about":[{"href":"https:\/\/minutocerord.com\/index.php?rest_route=\/wp\/v2\/types\/post"}],"author":[{"embeddable":true,"href":"https:\/\/minutocerord.com\/index.php?rest_route=\/wp\/v2\/users\/1"}],"replies":[{"embeddable":true,"href":"https:\/\/minutocerord.com\/index.php?rest_route=%2Fwp%2Fv2%2Fcomments&post=8136"}],"version-history":[{"count":1,"href":"https:\/\/minutocerord.com\/index.php?rest_route=\/wp\/v2\/posts\/8136\/revisions"}],"predecessor-version":[{"id":8138,"href":"https:\/\/minutocerord.com\/index.php?rest_route=\/wp\/v2\/posts\/8136\/revisions\/8138"}],"wp:featuredmedia":[{"embeddable":true,"href":"https:\/\/minutocerord.com\/index.php?rest_route=\/wp\/v2\/media\/8137"}],"wp:attachment":[{"href":"https:\/\/minutocerord.com\/index.php?rest_route=%2Fwp%2Fv2%2Fmedia&parent=8136"}],"wp:term":[{"taxonomy":"category","embeddable":true,"href":"https:\/\/minutocerord.com\/index.php?rest_route=%2Fwp%2Fv2%2Fcategories&post=8136"},{"taxonomy":"post_tag","embeddable":true,"href":"https:\/\/minutocerord.com\/index.php?rest_route=%2Fwp%2Fv2%2Ftags&post=8136"}],"curies":[{"name":"wp","href":"https:\/\/api.w.org\/{rel}","templated":true}]}}