{"id":8140,"date":"2022-03-17T16:53:46","date_gmt":"2022-03-17T20:53:46","guid":{"rendered":"https:\/\/minutocerord.com\/?p=8140"},"modified":"2022-03-17T16:53:48","modified_gmt":"2022-03-17T20:53:48","slug":"ministerio-de-defensa-ordena-conocer-reintegro-de-pepe-goico","status":"publish","type":"post","link":"https:\/\/minutocerord.com\/?p=8140","title":{"rendered":"Ministerio de Defensa ordena conocer reintegro de Pepe Goico"},"content":{"rendered":"\n<p><strong>SANTO DOMINGO.-<\/strong>El Estado Mayor de las Fuerzas Armadas conocer\u00e1 en los pr\u00f3ximos d\u00edas la solicitud de reintegro del controversial coronel retirado Pedro Julio Goico Guerrero (Pepe Goico), quien fue favorecido por una sentencia del Tribunal Superior Administrativo (TSA) el a\u00f1o pasado.<\/p>\n\n\n\n<p>El D\u00eda tuvo acceso a una copia de la carta donde el ministro de Defensa, teniente general Carlos Luciano D\u00edaz Morfa, solicita el conocimiento de la sentencia 0030-042021 del TSA del 12 de octubre de 2021 para que sea agendada por el Estado Mayor en su pr\u00f3xima reuni\u00f3n.<\/p>\n\n\n\n<p>Adem\u00e1s del reintegro de Pepe Goico, la&nbsp; sentencia del TSA ordena que le sean pagados \u201clos sueldos ca\u00eddos\u201d.<\/p>\n\n\n\n<p>Pepe Goico fue puesto en retiro por el entonces presidente Leonel Fern\u00e1ndez el 30 de agosto de 2004 mediante decreto 1069-04.<\/p>\n\n\n\n<p>Pertenec\u00eda al Cuerpo de Ayudantes Militares del expresidente Hip\u00f3lito Mej\u00eda y fue jefe de la Avanzado militar, especialmente en los viajes al exterior del entonces mandatario. Tambi\u00e9n perteneci\u00f3 a la Primera Brigada del Ej\u00e9rcito Nacional.<\/p>\n\n\n\n<p>Pedro Julio Goico Guerrero ha estado&nbsp; ligado a varios esc\u00e1ndalos, el \u00faltimo de los cuales fue una supuesta trama de espionaje contra la directora de Persecuci\u00f3n de la Procuradur\u00eda General de la Rep\u00fablica, Yeni Berenice Reynoso.<\/p>\n","protected":false},"excerpt":{"rendered":"<p>SANTO DOMINGO.-El Estado Mayor de las Fuerzas Armadas conocer\u00e1 en los pr\u00f3ximos d\u00edas la solicitud de reintegro del controversial coronel retirado Pedro Julio Goico Guerrero (Pepe Goico), quien fue favorecido por una sentencia del Tribunal Superior Administrativo (TSA) el a\u00f1o pasado. El D\u00eda tuvo acceso a una copia de la carta donde el ministro de [&hellip;]<\/p>\n","protected":false},"author":1,"featured_media":8141,"comment_status":"open","ping_status":"open","sticky":false,"template":"","format":"standard","meta":{"nf_dc_page":"","jetpack_post_was_ever_published":false,"_jetpack_newsletter_access":"","_jetpack_dont_email_post_to_subs":false,"_jetpack_newsletter_tier_id":0,"_jetpack_memberships_contains_paywalled_content":false,"_jetpack_memberships_contains_paid_content":false,"footnotes":"","jetpack_publicize_message":"","jetpack_publicize_feature_enabled":true,"jetpack_social_post_already_shared":false,"jetpack_social_options":{"image_generator_settings":{"template":"highway","default_image_id":0,"font":"","enabled":false},"version":2}},"categories":[65],"tags":[],"class_list":["post-8140","post","type-post","status-publish","format-standard","has-post-thumbnail","hentry","category-nacionales"],"yoast_head":"<!-- This site is optimized with the Yoast SEO plugin v27.4 - https:\/\/yoast.com\/product\/yoast-seo-wordpress\/ -->\n<title>Ministerio de Defensa ordena conocer reintegro de Pepe Goico - Minuto Cero RD<\/title>\n<meta name=\"robots\" content=\"index, follow, max-snippet:-1, max-image-preview:large, max-video-preview:-1\" \/>\n<link rel=\"canonical\" href=\"https:\/\/minutocerord.com\/?p=8140\" \/>\n<meta property=\"og:locale\" content=\"es_ES\" \/>\n<meta property=\"og:type\" content=\"article\" \/>\n<meta property=\"og:title\" content=\"Ministerio de Defensa ordena conocer reintegro de Pepe Goico - Minuto Cero RD\" \/>\n<meta property=\"og:description\" content=\"SANTO DOMINGO.-El Estado Mayor de las Fuerzas Armadas conocer\u00e1 en los pr\u00f3ximos d\u00edas la solicitud de reintegro del controversial coronel retirado Pedro Julio Goico Guerrero (Pepe Goico), quien fue favorecido por una sentencia del Tribunal Superior Administrativo (TSA) el a\u00f1o pasado. El D\u00eda tuvo acceso a una copia de la carta donde el ministro de [&hellip;]\" \/>\n<meta property=\"og:url\" content=\"https:\/\/minutocerord.com\/?p=8140\" \/>\n<meta property=\"og:site_name\" content=\"Minuto Cero RD\" \/>\n<meta property=\"article:publisher\" content=\"https:\/\/www.facebook.com\/Genofnotes\" \/>\n<meta property=\"article:author\" content=\"https:\/\/www.facebook.com\/Genofnotes\" \/>\n<meta property=\"article:published_time\" content=\"2022-03-17T20:53:46+00:00\" \/>\n<meta property=\"article:modified_time\" content=\"2022-03-17T20:53:48+00:00\" \/>\n<meta property=\"og:image\" content=\"https:\/\/i0.wp.com\/minutocerord.com\/wp-content\/uploads\/2022\/03\/whatsapp-image-2021-05-19-at-113401-am-1-1024x610-1.jpeg?fit=1024%2C610&ssl=1\" \/>\n\t<meta property=\"og:image:width\" content=\"1024\" \/>\n\t<meta property=\"og:image:height\" content=\"610\" \/>\n\t<meta property=\"og:image:type\" content=\"image\/jpeg\" \/>\n<meta name=\"author\" content=\"Genof\u00f3ntes Urb\u00e1ez\" \/>\n<meta name=\"twitter:card\" content=\"summary_large_image\" \/>\n<meta name=\"twitter:label1\" content=\"Written by\" \/>\n\t<meta name=\"twitter:data1\" content=\"Genof\u00f3ntes Urb\u00e1ez\" \/>\n\t<meta name=\"twitter:label2\" content=\"Est. reading time\" \/>\n\t<meta name=\"twitter:data2\" content=\"1 minuto\" \/>\n<script type=\"application\/ld+json\" class=\"yoast-schema-graph\">{\"@context\":\"https:\\\/\\\/schema.org\",\"@graph\":[{\"@type\":\"Article\",\"@id\":\"https:\\\/\\\/minutocerord.com\\\/?p=8140#article\",\"isPartOf\":{\"@id\":\"https:\\\/\\\/minutocerord.com\\\/?p=8140\"},\"author\":{\"name\":\"Genof\u00f3ntes Urb\u00e1ez\",\"@id\":\"https:\\\/\\\/minutocerord.com\\\/#\\\/schema\\\/person\\\/60b5372d60aaa0a5171fb6488be9aee6\"},\"headline\":\"Ministerio de Defensa ordena conocer reintegro de Pepe Goico\",\"datePublished\":\"2022-03-17T20:53:46+00:00\",\"dateModified\":\"2022-03-17T20:53:48+00:00\",\"mainEntityOfPage\":{\"@id\":\"https:\\\/\\\/minutocerord.com\\\/?p=8140\"},\"wordCount\":226,\"commentCount\":0,\"publisher\":{\"@id\":\"https:\\\/\\\/minutocerord.com\\\/#\\\/schema\\\/person\\\/60b5372d60aaa0a5171fb6488be9aee6\"},\"image\":{\"@id\":\"https:\\\/\\\/minutocerord.com\\\/?p=8140#primaryimage\"},\"thumbnailUrl\":\"https:\\\/\\\/i0.wp.com\\\/minutocerord.com\\\/wp-content\\\/uploads\\\/2022\\\/03\\\/whatsapp-image-2021-05-19-at-113401-am-1-1024x610-1.jpeg?fit=1024%2C610&ssl=1\",\"articleSection\":[\"Nacionales\"],\"inLanguage\":\"es-DO\",\"potentialAction\":[{\"@type\":\"CommentAction\",\"name\":\"Comment\",\"target\":[\"https:\\\/\\\/minutocerord.com\\\/?p=8140#respond\"]}]},{\"@type\":\"WebPage\",\"@id\":\"https:\\\/\\\/minutocerord.com\\\/?p=8140\",\"url\":\"https:\\\/\\\/minutocerord.com\\\/?p=8140\",\"name\":\"Ministerio de Defensa ordena conocer reintegro de Pepe Goico - Minuto Cero RD\",\"isPartOf\":{\"@id\":\"https:\\\/\\\/minutocerord.com\\\/#website\"},\"primaryImageOfPage\":{\"@id\":\"https:\\\/\\\/minutocerord.com\\\/?p=8140#primaryimage\"},\"image\":{\"@id\":\"https:\\\/\\\/minutocerord.com\\\/?p=8140#primaryimage\"},\"thumbnailUrl\":\"https:\\\/\\\/i0.wp.com\\\/minutocerord.com\\\/wp-content\\\/uploads\\\/2022\\\/03\\\/whatsapp-image-2021-05-19-at-113401-am-1-1024x610-1.jpeg?fit=1024%2C610&ssl=1\",\"datePublished\":\"2022-03-17T20:53:46+00:00\",\"dateModified\":\"2022-03-17T20:53:48+00:00\",\"breadcrumb\":{\"@id\":\"https:\\\/\\\/minutocerord.com\\\/?p=8140#breadcrumb\"},\"inLanguage\":\"es-DO\",\"potentialAction\":[{\"@type\":\"ReadAction\",\"target\":[\"https:\\\/\\\/minutocerord.com\\\/?p=8140\"]}]},{\"@type\":\"ImageObject\",\"inLanguage\":\"es-DO\",\"@id\":\"https:\\\/\\\/minutocerord.com\\\/?p=8140#primaryimage\",\"url\":\"https:\\\/\\\/i0.wp.com\\\/minutocerord.com\\\/wp-content\\\/uploads\\\/2022\\\/03\\\/whatsapp-image-2021-05-19-at-113401-am-1-1024x610-1.jpeg?fit=1024%2C610&ssl=1\",\"contentUrl\":\"https:\\\/\\\/i0.wp.com\\\/minutocerord.com\\\/wp-content\\\/uploads\\\/2022\\\/03\\\/whatsapp-image-2021-05-19-at-113401-am-1-1024x610-1.jpeg?fit=1024%2C610&ssl=1\",\"width\":1024,\"height\":610},{\"@type\":\"BreadcrumbList\",\"@id\":\"https:\\\/\\\/minutocerord.com\\\/?p=8140#breadcrumb\",\"itemListElement\":[{\"@type\":\"ListItem\",\"position\":1,\"name\":\"Home\",\"item\":\"https:\\\/\\\/minutocerord.com\\\/\"},{\"@type\":\"ListItem\",\"position\":2,\"name\":\"Ministerio de Defensa ordena conocer reintegro de Pepe Goico\"}]},{\"@type\":\"WebSite\",\"@id\":\"https:\\\/\\\/minutocerord.com\\\/#website\",\"url\":\"https:\\\/\\\/minutocerord.com\\\/\",\"name\":\"Minuto Cero RD\",\"description\":\"Periodismo serio y veraz\",\"publisher\":{\"@id\":\"https:\\\/\\\/minutocerord.com\\\/#\\\/schema\\\/person\\\/60b5372d60aaa0a5171fb6488be9aee6\"},\"potentialAction\":[{\"@type\":\"SearchAction\",\"target\":{\"@type\":\"EntryPoint\",\"urlTemplate\":\"https:\\\/\\\/minutocerord.com\\\/?s={search_term_string}\"},\"query-input\":{\"@type\":\"PropertyValueSpecification\",\"valueRequired\":true,\"valueName\":\"search_term_string\"}}],\"inLanguage\":\"es-DO\"},{\"@type\":[\"Person\",\"Organization\"],\"@id\":\"https:\\\/\\\/minutocerord.com\\\/#\\\/schema\\\/person\\\/60b5372d60aaa0a5171fb6488be9aee6\",\"name\":\"Genof\u00f3ntes Urb\u00e1ez\",\"image\":{\"@type\":\"ImageObject\",\"inLanguage\":\"es-DO\",\"@id\":\"https:\\\/\\\/secure.gravatar.com\\\/avatar\\\/a49ef3186a692098ac3e8a1612261e3ad70cf9e44553dff2929e67939a0ecb9d?s=96&d=identicon&r=g\",\"url\":\"https:\\\/\\\/secure.gravatar.com\\\/avatar\\\/a49ef3186a692098ac3e8a1612261e3ad70cf9e44553dff2929e67939a0ecb9d?s=96&d=identicon&r=g\",\"contentUrl\":\"https:\\\/\\\/secure.gravatar.com\\\/avatar\\\/a49ef3186a692098ac3e8a1612261e3ad70cf9e44553dff2929e67939a0ecb9d?s=96&d=identicon&r=g\",\"caption\":\"Genof\u00f3ntes Urb\u00e1ez\"},\"logo\":{\"@id\":\"https:\\\/\\\/secure.gravatar.com\\\/avatar\\\/a49ef3186a692098ac3e8a1612261e3ad70cf9e44553dff2929e67939a0ecb9d?s=96&d=identicon&r=g\"},\"description\":\"Periodista \\\/ Locutor\",\"sameAs\":[\"https:\\\/\\\/www.facebook.com\\\/Genofnotes\",\"https:\\\/\\\/www.instagram.com\\\/genofnotes\\\/\"]}]}<\/script>\n<!-- \/ Yoast SEO plugin. -->","yoast_head_json":{"title":"Ministerio de Defensa ordena conocer reintegro de Pepe Goico - Minuto Cero RD","robots":{"index":"index","follow":"follow","max-snippet":"max-snippet:-1","max-image-preview":"max-image-preview:large","max-video-preview":"max-video-preview:-1"},"canonical":"https:\/\/minutocerord.com\/?p=8140","og_locale":"es_ES","og_type":"article","og_title":"Ministerio de Defensa ordena conocer reintegro de Pepe Goico - Minuto Cero RD","og_description":"SANTO DOMINGO.-El Estado Mayor de las Fuerzas Armadas conocer\u00e1 en los pr\u00f3ximos d\u00edas la solicitud de reintegro del controversial coronel retirado Pedro Julio Goico Guerrero (Pepe Goico), quien fue favorecido por una sentencia del Tribunal Superior Administrativo (TSA) el a\u00f1o pasado. El D\u00eda tuvo acceso a una copia de la carta donde el ministro de [&hellip;]","og_url":"https:\/\/minutocerord.com\/?p=8140","og_site_name":"Minuto Cero RD","article_publisher":"https:\/\/www.facebook.com\/Genofnotes","article_author":"https:\/\/www.facebook.com\/Genofnotes","article_published_time":"2022-03-17T20:53:46+00:00","article_modified_time":"2022-03-17T20:53:48+00:00","og_image":[{"width":1024,"height":610,"url":"https:\/\/i0.wp.com\/minutocerord.com\/wp-content\/uploads\/2022\/03\/whatsapp-image-2021-05-19-at-113401-am-1-1024x610-1.jpeg?fit=1024%2C610&ssl=1","type":"image\/jpeg"}],"author":"Genof\u00f3ntes Urb\u00e1ez","twitter_card":"summary_large_image","twitter_misc":{"Written by":"Genof\u00f3ntes Urb\u00e1ez","Est. reading time":"1 minuto"},"schema":{"@context":"https:\/\/schema.org","@graph":[{"@type":"Article","@id":"https:\/\/minutocerord.com\/?p=8140#article","isPartOf":{"@id":"https:\/\/minutocerord.com\/?p=8140"},"author":{"name":"Genof\u00f3ntes Urb\u00e1ez","@id":"https:\/\/minutocerord.com\/#\/schema\/person\/60b5372d60aaa0a5171fb6488be9aee6"},"headline":"Ministerio de Defensa ordena conocer reintegro de Pepe Goico","datePublished":"2022-03-17T20:53:46+00:00","dateModified":"2022-03-17T20:53:48+00:00","mainEntityOfPage":{"@id":"https:\/\/minutocerord.com\/?p=8140"},"wordCount":226,"commentCount":0,"publisher":{"@id":"https:\/\/minutocerord.com\/#\/schema\/person\/60b5372d60aaa0a5171fb6488be9aee6"},"image":{"@id":"https:\/\/minutocerord.com\/?p=8140#primaryimage"},"thumbnailUrl":"https:\/\/i0.wp.com\/minutocerord.com\/wp-content\/uploads\/2022\/03\/whatsapp-image-2021-05-19-at-113401-am-1-1024x610-1.jpeg?fit=1024%2C610&ssl=1","articleSection":["Nacionales"],"inLanguage":"es-DO","potentialAction":[{"@type":"CommentAction","name":"Comment","target":["https:\/\/minutocerord.com\/?p=8140#respond"]}]},{"@type":"WebPage","@id":"https:\/\/minutocerord.com\/?p=8140","url":"https:\/\/minutocerord.com\/?p=8140","name":"Ministerio de Defensa ordena conocer reintegro de Pepe Goico - Minuto Cero RD","isPartOf":{"@id":"https:\/\/minutocerord.com\/#website"},"primaryImageOfPage":{"@id":"https:\/\/minutocerord.com\/?p=8140#primaryimage"},"image":{"@id":"https:\/\/minutocerord.com\/?p=8140#primaryimage"},"thumbnailUrl":"https:\/\/i0.wp.com\/minutocerord.com\/wp-content\/uploads\/2022\/03\/whatsapp-image-2021-05-19-at-113401-am-1-1024x610-1.jpeg?fit=1024%2C610&ssl=1","datePublished":"2022-03-17T20:53:46+00:00","dateModified":"2022-03-17T20:53:48+00:00","breadcrumb":{"@id":"https:\/\/minutocerord.com\/?p=8140#breadcrumb"},"inLanguage":"es-DO","potentialAction":[{"@type":"ReadAction","target":["https:\/\/minutocerord.com\/?p=8140"]}]},{"@type":"ImageObject","inLanguage":"es-DO","@id":"https:\/\/minutocerord.com\/?p=8140#primaryimage","url":"https:\/\/i0.wp.com\/minutocerord.com\/wp-content\/uploads\/2022\/03\/whatsapp-image-2021-05-19-at-113401-am-1-1024x610-1.jpeg?fit=1024%2C610&ssl=1","contentUrl":"https:\/\/i0.wp.com\/minutocerord.com\/wp-content\/uploads\/2022\/03\/whatsapp-image-2021-05-19-at-113401-am-1-1024x610-1.jpeg?fit=1024%2C610&ssl=1","width":1024,"height":610},{"@type":"BreadcrumbList","@id":"https:\/\/minutocerord.com\/?p=8140#breadcrumb","itemListElement":[{"@type":"ListItem","position":1,"name":"Home","item":"https:\/\/minutocerord.com\/"},{"@type":"ListItem","position":2,"name":"Ministerio de Defensa ordena conocer reintegro de Pepe Goico"}]},{"@type":"WebSite","@id":"https:\/\/minutocerord.com\/#website","url":"https:\/\/minutocerord.com\/","name":"Minuto Cero RD","description":"Periodismo serio y veraz","publisher":{"@id":"https:\/\/minutocerord.com\/#\/schema\/person\/60b5372d60aaa0a5171fb6488be9aee6"},"potentialAction":[{"@type":"SearchAction","target":{"@type":"EntryPoint","urlTemplate":"https:\/\/minutocerord.com\/?s={search_term_string}"},"query-input":{"@type":"PropertyValueSpecification","valueRequired":true,"valueName":"search_term_string"}}],"inLanguage":"es-DO"},{"@type":["Person","Organization"],"@id":"https:\/\/minutocerord.com\/#\/schema\/person\/60b5372d60aaa0a5171fb6488be9aee6","name":"Genof\u00f3ntes Urb\u00e1ez","image":{"@type":"ImageObject","inLanguage":"es-DO","@id":"https:\/\/secure.gravatar.com\/avatar\/a49ef3186a692098ac3e8a1612261e3ad70cf9e44553dff2929e67939a0ecb9d?s=96&d=identicon&r=g","url":"https:\/\/secure.gravatar.com\/avatar\/a49ef3186a692098ac3e8a1612261e3ad70cf9e44553dff2929e67939a0ecb9d?s=96&d=identicon&r=g","contentUrl":"https:\/\/secure.gravatar.com\/avatar\/a49ef3186a692098ac3e8a1612261e3ad70cf9e44553dff2929e67939a0ecb9d?s=96&d=identicon&r=g","caption":"Genof\u00f3ntes Urb\u00e1ez"},"logo":{"@id":"https:\/\/secure.gravatar.com\/avatar\/a49ef3186a692098ac3e8a1612261e3ad70cf9e44553dff2929e67939a0ecb9d?s=96&d=identicon&r=g"},"description":"Periodista \/ Locutor","sameAs":["https:\/\/www.facebook.com\/Genofnotes","https:\/\/www.instagram.com\/genofnotes\/"]}]}},"jetpack_publicize_connections":[],"jetpack_featured_media_url":"https:\/\/i0.wp.com\/minutocerord.com\/wp-content\/uploads\/2022\/03\/whatsapp-image-2021-05-19-at-113401-am-1-1024x610-1.jpeg?fit=1024%2C610&ssl=1","jetpack-related-posts":[],"jetpack_sharing_enabled":true,"_links":{"self":[{"href":"https:\/\/minutocerord.com\/index.php?rest_route=\/wp\/v2\/posts\/8140","targetHints":{"allow":["GET"]}}],"collection":[{"href":"https:\/\/minutocerord.com\/index.php?rest_route=\/wp\/v2\/posts"}],"about":[{"href":"https:\/\/minutocerord.com\/index.php?rest_route=\/wp\/v2\/types\/post"}],"author":[{"embeddable":true,"href":"https:\/\/minutocerord.com\/index.php?rest_route=\/wp\/v2\/users\/1"}],"replies":[{"embeddable":true,"href":"https:\/\/minutocerord.com\/index.php?rest_route=%2Fwp%2Fv2%2Fcomments&post=8140"}],"version-history":[{"count":1,"href":"https:\/\/minutocerord.com\/index.php?rest_route=\/wp\/v2\/posts\/8140\/revisions"}],"predecessor-version":[{"id":8142,"href":"https:\/\/minutocerord.com\/index.php?rest_route=\/wp\/v2\/posts\/8140\/revisions\/8142"}],"wp:featuredmedia":[{"embeddable":true,"href":"https:\/\/minutocerord.com\/index.php?rest_route=\/wp\/v2\/media\/8141"}],"wp:attachment":[{"href":"https:\/\/minutocerord.com\/index.php?rest_route=%2Fwp%2Fv2%2Fmedia&parent=8140"}],"wp:term":[{"taxonomy":"category","embeddable":true,"href":"https:\/\/minutocerord.com\/index.php?rest_route=%2Fwp%2Fv2%2Fcategories&post=8140"},{"taxonomy":"post_tag","embeddable":true,"href":"https:\/\/minutocerord.com\/index.php?rest_route=%2Fwp%2Fv2%2Ftags&post=8140"}],"curies":[{"name":"wp","href":"https:\/\/api.w.org\/{rel}","templated":true}]}}