{"id":8149,"date":"2022-03-17T17:03:28","date_gmt":"2022-03-17T21:03:28","guid":{"rendered":"https:\/\/minutocerord.com\/?p=8149"},"modified":"2022-03-17T17:03:32","modified_gmt":"2022-03-17T21:03:32","slug":"la-cidh-sugiere-a-rd-crear-mesa-sobre-descendientes-de-haitianos","status":"publish","type":"post","link":"https:\/\/minutocerord.com\/?p=8149","title":{"rendered":"La CIDH sugiere a RD crear mesa sobre descendientes de haitianos"},"content":{"rendered":"\n<p><strong>Santo Domingo.- <\/strong>La presidenta de la Comisi\u00f3n Interamericana de Derechos Humanos (CIDH), Julissa Mantilla, sugiri\u00f3 este jueves a las autoridades de la Rep\u00fablica Dominicana la posibilidad de crear una mesa para discutir la situaci\u00f3n legal de los descendientes de inmigrantes haitianos en el pa\u00eds.<\/p>\n\n\n\n<p>Mantilla hizo la sugerencia al final de una audiencia virtual de la CIDH centrada en los derechos humanos de los migrantes haitianos y de sus descendientes en Rep\u00fablica Dominicana.<\/p>\n\n\n\n<p>La mesa servir\u00eda \u00abno para solucionar\u00bb los problemas, \u00absino para plantear posibilidades\u00bb y para aportar la experiencia de la CIDH en la aplicaci\u00f3n de los est\u00e1ndares de respeto a los derechos humanos, dijo.<\/p>\n\n\n\n<p>\u00abLa comisi\u00f3n quiere escuchar, conocer y aportar en esa l\u00ednea\u00bb, manifest\u00f3 Mantilla, despu\u00e9s de agradecer al Estado dominicano por su \u00abcolaboraci\u00f3n\u00bb, puesta de manifiesto por su participaci\u00f3n a alto nivel en la reuni\u00f3n de hoy.<\/p>\n\n\n\n<p>En la audiencia, los descendientes de haitianos denunciaron que se producen \u00abobstrucciones\u00bb por parte del Estado dominicano en los procesos legales que ata\u00f1en a los miles de personas que fueron despojadas de la nacionalidad dominicana en virtud de una sentencia judicial emitida en 2013.<\/p>\n\n\n\n<p>Afirmaron que m\u00e1s de 35.000 personas que recuperaron la nacionalidad dominicana gracias a una ley de 2014 a\u00fan no han recibido su documento de identidad.<\/p>\n\n\n\n<p>Esta situaci\u00f3n les causa problemas para acceder a servicios p\u00fablicos, entre ellos de salud o de educaci\u00f3n, y les expone al riesgo de ser deportados a Hait\u00ed, seg\u00fan denunciaron.<\/p>\n\n\n\n<p>Otro grupo compuesto por cerca de 8.000 personas que se acogieron a un plan de regularizaci\u00f3n para obtener la nacionalidad dominicana, hay 7.149 personas a la espera de una decisi\u00f3n final por parte del Ejecutivo, a pesar de que el proceso concluy\u00f3 en 2015.<\/p>\n\n\n\n<p>Otras 800 personas de ese grupo recuperaron su nacionalidad dominicana por medio de dos decretos firmados entre 2020 y 2021, pero hasta el momento ninguno de ellos ha recibido la documentaci\u00f3n que acredite su nacionalidad, seg\u00fan denunciaron.<\/p>\n\n\n\n<p>En la audiencia, el embajador dominicano ante la OEA, Josu\u00e9 Fiallo, expuso los esfuerzos del Estado para regularizar a las personas afectadas por la sentencia de 2013 y defendi\u00f3 que los planes de regularizaci\u00f3n se acoten a un plazo determinado, rechazando que se mantengan de forma permanente.<\/p>\n\n\n\n<p>De forma paralela, los grupos de la sociedad civil tambi\u00e9n denunciaron las recientes \u00abdeportaciones masivas\u00bb de haitianos, incluyendo a mujeres embarazadas, lo que ha suscitado cr\u00edticas por parte de la ONU.<\/p>\n\n\n\n<p>El representante regional de ACNUR, Alberto Brunori, record\u00f3 que el sistema de Naciones Unidas se ha pronunciado en dos ocasiones al respecto y que, el pasado febrero, el&nbsp;<strong>Comit\u00e9<\/strong>&nbsp;para la&nbsp;E<strong>liminaci\u00f3n<\/strong>&nbsp;de la&nbsp;D<strong>iscriminaci\u00f3n<\/strong>&nbsp;contra la&nbsp;M<strong>ujer<\/strong>&nbsp;recomend\u00f3 a Rep\u00fablica Dominicana que suspenda las deportaciones de mujeres embarazadas.<\/p>\n\n\n\n<p>Fiall\u00f3 neg\u00f3 que se est\u00e9n produciendo deportaciones masivas y explic\u00f3 que desde 2018 se ha triplicado el n\u00famero de mujeres haitianas que dan a luz en hospitales dominicanos, recalcando que el Estado invierte 5.4 millones de d\u00f3lares al a\u00f1o en darle atenci\u00f3n m\u00e9dica a las parturientas haitianas.EFE<\/p>\n","protected":false},"excerpt":{"rendered":"<p>Santo Domingo.- La presidenta de la Comisi\u00f3n Interamericana de Derechos Humanos (CIDH), Julissa Mantilla, sugiri\u00f3 este jueves a las autoridades de la Rep\u00fablica Dominicana la posibilidad de crear una mesa para discutir la situaci\u00f3n legal de los descendientes de inmigrantes haitianos en el pa\u00eds. Mantilla hizo la sugerencia al final de una audiencia virtual de [&hellip;]<\/p>\n","protected":false},"author":1,"featured_media":8150,"comment_status":"open","ping_status":"open","sticky":false,"template":"","format":"standard","meta":{"nf_dc_page":"","jetpack_post_was_ever_published":false,"_jetpack_newsletter_access":"","_jetpack_dont_email_post_to_subs":false,"_jetpack_newsletter_tier_id":0,"_jetpack_memberships_contains_paywalled_content":false,"_jetpack_memberships_contains_paid_content":false,"footnotes":"","jetpack_publicize_message":"","jetpack_publicize_feature_enabled":true,"jetpack_social_post_already_shared":false,"jetpack_social_options":{"image_generator_settings":{"template":"highway","default_image_id":0,"font":"","enabled":false},"version":2}},"categories":[65],"tags":[],"class_list":["post-8149","post","type-post","status-publish","format-standard","has-post-thumbnail","hentry","category-nacionales"],"yoast_head":"<!-- This site is optimized with the Yoast SEO plugin v27.4 - https:\/\/yoast.com\/product\/yoast-seo-wordpress\/ -->\n<title>La CIDH sugiere a RD crear mesa sobre descendientes de haitianos - Minuto Cero RD<\/title>\n<meta name=\"robots\" content=\"index, follow, max-snippet:-1, max-image-preview:large, max-video-preview:-1\" \/>\n<link rel=\"canonical\" href=\"https:\/\/minutocerord.com\/?p=8149\" \/>\n<meta property=\"og:locale\" content=\"es_ES\" \/>\n<meta property=\"og:type\" content=\"article\" \/>\n<meta property=\"og:title\" content=\"La CIDH sugiere a RD crear mesa sobre descendientes de haitianos - Minuto Cero RD\" \/>\n<meta property=\"og:description\" content=\"Santo Domingo.- La presidenta de la Comisi\u00f3n Interamericana de Derechos Humanos (CIDH), Julissa Mantilla, sugiri\u00f3 este jueves a las autoridades de la Rep\u00fablica Dominicana la posibilidad de crear una mesa para discutir la situaci\u00f3n legal de los descendientes de inmigrantes haitianos en el pa\u00eds. Mantilla hizo la sugerencia al final de una audiencia virtual de [&hellip;]\" \/>\n<meta property=\"og:url\" content=\"https:\/\/minutocerord.com\/?p=8149\" \/>\n<meta property=\"og:site_name\" content=\"Minuto Cero RD\" \/>\n<meta property=\"article:publisher\" content=\"https:\/\/www.facebook.com\/Genofnotes\" \/>\n<meta property=\"article:author\" content=\"https:\/\/www.facebook.com\/Genofnotes\" \/>\n<meta property=\"article:published_time\" content=\"2022-03-17T21:03:28+00:00\" \/>\n<meta property=\"article:modified_time\" content=\"2022-03-17T21:03:32+00:00\" \/>\n<meta property=\"og:image\" content=\"https:\/\/i0.wp.com\/minutocerord.com\/wp-content\/uploads\/2022\/03\/migrantes-haitianos_199255_20211007085326.jpg?fit=825%2C495&ssl=1\" \/>\n\t<meta property=\"og:image:width\" content=\"825\" \/>\n\t<meta property=\"og:image:height\" content=\"495\" \/>\n\t<meta property=\"og:image:type\" content=\"image\/jpeg\" \/>\n<meta name=\"author\" content=\"Genof\u00f3ntes Urb\u00e1ez\" \/>\n<meta name=\"twitter:card\" content=\"summary_large_image\" \/>\n<meta name=\"twitter:label1\" content=\"Written by\" \/>\n\t<meta name=\"twitter:data1\" content=\"Genof\u00f3ntes Urb\u00e1ez\" \/>\n\t<meta name=\"twitter:label2\" content=\"Est. reading time\" \/>\n\t<meta name=\"twitter:data2\" content=\"3 minutos\" \/>\n<script type=\"application\/ld+json\" class=\"yoast-schema-graph\">{\"@context\":\"https:\\\/\\\/schema.org\",\"@graph\":[{\"@type\":\"Article\",\"@id\":\"https:\\\/\\\/minutocerord.com\\\/?p=8149#article\",\"isPartOf\":{\"@id\":\"https:\\\/\\\/minutocerord.com\\\/?p=8149\"},\"author\":{\"name\":\"Genof\u00f3ntes Urb\u00e1ez\",\"@id\":\"https:\\\/\\\/minutocerord.com\\\/#\\\/schema\\\/person\\\/60b5372d60aaa0a5171fb6488be9aee6\"},\"headline\":\"La CIDH sugiere a RD crear mesa sobre descendientes de haitianos\",\"datePublished\":\"2022-03-17T21:03:28+00:00\",\"dateModified\":\"2022-03-17T21:03:32+00:00\",\"mainEntityOfPage\":{\"@id\":\"https:\\\/\\\/minutocerord.com\\\/?p=8149\"},\"wordCount\":540,\"commentCount\":0,\"publisher\":{\"@id\":\"https:\\\/\\\/minutocerord.com\\\/#\\\/schema\\\/person\\\/60b5372d60aaa0a5171fb6488be9aee6\"},\"image\":{\"@id\":\"https:\\\/\\\/minutocerord.com\\\/?p=8149#primaryimage\"},\"thumbnailUrl\":\"https:\\\/\\\/i0.wp.com\\\/minutocerord.com\\\/wp-content\\\/uploads\\\/2022\\\/03\\\/migrantes-haitianos_199255_20211007085326.jpg?fit=825%2C495&ssl=1\",\"articleSection\":[\"Nacionales\"],\"inLanguage\":\"es-DO\",\"potentialAction\":[{\"@type\":\"CommentAction\",\"name\":\"Comment\",\"target\":[\"https:\\\/\\\/minutocerord.com\\\/?p=8149#respond\"]}]},{\"@type\":\"WebPage\",\"@id\":\"https:\\\/\\\/minutocerord.com\\\/?p=8149\",\"url\":\"https:\\\/\\\/minutocerord.com\\\/?p=8149\",\"name\":\"La CIDH sugiere a RD crear mesa sobre descendientes de haitianos - Minuto Cero RD\",\"isPartOf\":{\"@id\":\"https:\\\/\\\/minutocerord.com\\\/#website\"},\"primaryImageOfPage\":{\"@id\":\"https:\\\/\\\/minutocerord.com\\\/?p=8149#primaryimage\"},\"image\":{\"@id\":\"https:\\\/\\\/minutocerord.com\\\/?p=8149#primaryimage\"},\"thumbnailUrl\":\"https:\\\/\\\/i0.wp.com\\\/minutocerord.com\\\/wp-content\\\/uploads\\\/2022\\\/03\\\/migrantes-haitianos_199255_20211007085326.jpg?fit=825%2C495&ssl=1\",\"datePublished\":\"2022-03-17T21:03:28+00:00\",\"dateModified\":\"2022-03-17T21:03:32+00:00\",\"breadcrumb\":{\"@id\":\"https:\\\/\\\/minutocerord.com\\\/?p=8149#breadcrumb\"},\"inLanguage\":\"es-DO\",\"potentialAction\":[{\"@type\":\"ReadAction\",\"target\":[\"https:\\\/\\\/minutocerord.com\\\/?p=8149\"]}]},{\"@type\":\"ImageObject\",\"inLanguage\":\"es-DO\",\"@id\":\"https:\\\/\\\/minutocerord.com\\\/?p=8149#primaryimage\",\"url\":\"https:\\\/\\\/i0.wp.com\\\/minutocerord.com\\\/wp-content\\\/uploads\\\/2022\\\/03\\\/migrantes-haitianos_199255_20211007085326.jpg?fit=825%2C495&ssl=1\",\"contentUrl\":\"https:\\\/\\\/i0.wp.com\\\/minutocerord.com\\\/wp-content\\\/uploads\\\/2022\\\/03\\\/migrantes-haitianos_199255_20211007085326.jpg?fit=825%2C495&ssl=1\",\"width\":825,\"height\":495},{\"@type\":\"BreadcrumbList\",\"@id\":\"https:\\\/\\\/minutocerord.com\\\/?p=8149#breadcrumb\",\"itemListElement\":[{\"@type\":\"ListItem\",\"position\":1,\"name\":\"Home\",\"item\":\"https:\\\/\\\/minutocerord.com\\\/\"},{\"@type\":\"ListItem\",\"position\":2,\"name\":\"La CIDH sugiere a RD crear mesa sobre descendientes de haitianos\"}]},{\"@type\":\"WebSite\",\"@id\":\"https:\\\/\\\/minutocerord.com\\\/#website\",\"url\":\"https:\\\/\\\/minutocerord.com\\\/\",\"name\":\"Minuto Cero RD\",\"description\":\"Periodismo serio y veraz\",\"publisher\":{\"@id\":\"https:\\\/\\\/minutocerord.com\\\/#\\\/schema\\\/person\\\/60b5372d60aaa0a5171fb6488be9aee6\"},\"potentialAction\":[{\"@type\":\"SearchAction\",\"target\":{\"@type\":\"EntryPoint\",\"urlTemplate\":\"https:\\\/\\\/minutocerord.com\\\/?s={search_term_string}\"},\"query-input\":{\"@type\":\"PropertyValueSpecification\",\"valueRequired\":true,\"valueName\":\"search_term_string\"}}],\"inLanguage\":\"es-DO\"},{\"@type\":[\"Person\",\"Organization\"],\"@id\":\"https:\\\/\\\/minutocerord.com\\\/#\\\/schema\\\/person\\\/60b5372d60aaa0a5171fb6488be9aee6\",\"name\":\"Genof\u00f3ntes Urb\u00e1ez\",\"image\":{\"@type\":\"ImageObject\",\"inLanguage\":\"es-DO\",\"@id\":\"https:\\\/\\\/secure.gravatar.com\\\/avatar\\\/a49ef3186a692098ac3e8a1612261e3ad70cf9e44553dff2929e67939a0ecb9d?s=96&d=identicon&r=g\",\"url\":\"https:\\\/\\\/secure.gravatar.com\\\/avatar\\\/a49ef3186a692098ac3e8a1612261e3ad70cf9e44553dff2929e67939a0ecb9d?s=96&d=identicon&r=g\",\"contentUrl\":\"https:\\\/\\\/secure.gravatar.com\\\/avatar\\\/a49ef3186a692098ac3e8a1612261e3ad70cf9e44553dff2929e67939a0ecb9d?s=96&d=identicon&r=g\",\"caption\":\"Genof\u00f3ntes Urb\u00e1ez\"},\"logo\":{\"@id\":\"https:\\\/\\\/secure.gravatar.com\\\/avatar\\\/a49ef3186a692098ac3e8a1612261e3ad70cf9e44553dff2929e67939a0ecb9d?s=96&d=identicon&r=g\"},\"description\":\"Periodista \\\/ Locutor\",\"sameAs\":[\"https:\\\/\\\/www.facebook.com\\\/Genofnotes\",\"https:\\\/\\\/www.instagram.com\\\/genofnotes\\\/\"]}]}<\/script>\n<!-- \/ Yoast SEO plugin. -->","yoast_head_json":{"title":"La CIDH sugiere a RD crear mesa sobre descendientes de haitianos - Minuto Cero RD","robots":{"index":"index","follow":"follow","max-snippet":"max-snippet:-1","max-image-preview":"max-image-preview:large","max-video-preview":"max-video-preview:-1"},"canonical":"https:\/\/minutocerord.com\/?p=8149","og_locale":"es_ES","og_type":"article","og_title":"La CIDH sugiere a RD crear mesa sobre descendientes de haitianos - Minuto Cero RD","og_description":"Santo Domingo.- La presidenta de la Comisi\u00f3n Interamericana de Derechos Humanos (CIDH), Julissa Mantilla, sugiri\u00f3 este jueves a las autoridades de la Rep\u00fablica Dominicana la posibilidad de crear una mesa para discutir la situaci\u00f3n legal de los descendientes de inmigrantes haitianos en el pa\u00eds. Mantilla hizo la sugerencia al final de una audiencia virtual de [&hellip;]","og_url":"https:\/\/minutocerord.com\/?p=8149","og_site_name":"Minuto Cero RD","article_publisher":"https:\/\/www.facebook.com\/Genofnotes","article_author":"https:\/\/www.facebook.com\/Genofnotes","article_published_time":"2022-03-17T21:03:28+00:00","article_modified_time":"2022-03-17T21:03:32+00:00","og_image":[{"width":825,"height":495,"url":"https:\/\/i0.wp.com\/minutocerord.com\/wp-content\/uploads\/2022\/03\/migrantes-haitianos_199255_20211007085326.jpg?fit=825%2C495&ssl=1","type":"image\/jpeg"}],"author":"Genof\u00f3ntes Urb\u00e1ez","twitter_card":"summary_large_image","twitter_misc":{"Written by":"Genof\u00f3ntes Urb\u00e1ez","Est. reading time":"3 minutos"},"schema":{"@context":"https:\/\/schema.org","@graph":[{"@type":"Article","@id":"https:\/\/minutocerord.com\/?p=8149#article","isPartOf":{"@id":"https:\/\/minutocerord.com\/?p=8149"},"author":{"name":"Genof\u00f3ntes Urb\u00e1ez","@id":"https:\/\/minutocerord.com\/#\/schema\/person\/60b5372d60aaa0a5171fb6488be9aee6"},"headline":"La CIDH sugiere a RD crear mesa sobre descendientes de haitianos","datePublished":"2022-03-17T21:03:28+00:00","dateModified":"2022-03-17T21:03:32+00:00","mainEntityOfPage":{"@id":"https:\/\/minutocerord.com\/?p=8149"},"wordCount":540,"commentCount":0,"publisher":{"@id":"https:\/\/minutocerord.com\/#\/schema\/person\/60b5372d60aaa0a5171fb6488be9aee6"},"image":{"@id":"https:\/\/minutocerord.com\/?p=8149#primaryimage"},"thumbnailUrl":"https:\/\/i0.wp.com\/minutocerord.com\/wp-content\/uploads\/2022\/03\/migrantes-haitianos_199255_20211007085326.jpg?fit=825%2C495&ssl=1","articleSection":["Nacionales"],"inLanguage":"es-DO","potentialAction":[{"@type":"CommentAction","name":"Comment","target":["https:\/\/minutocerord.com\/?p=8149#respond"]}]},{"@type":"WebPage","@id":"https:\/\/minutocerord.com\/?p=8149","url":"https:\/\/minutocerord.com\/?p=8149","name":"La CIDH sugiere a RD crear mesa sobre descendientes de haitianos - Minuto Cero RD","isPartOf":{"@id":"https:\/\/minutocerord.com\/#website"},"primaryImageOfPage":{"@id":"https:\/\/minutocerord.com\/?p=8149#primaryimage"},"image":{"@id":"https:\/\/minutocerord.com\/?p=8149#primaryimage"},"thumbnailUrl":"https:\/\/i0.wp.com\/minutocerord.com\/wp-content\/uploads\/2022\/03\/migrantes-haitianos_199255_20211007085326.jpg?fit=825%2C495&ssl=1","datePublished":"2022-03-17T21:03:28+00:00","dateModified":"2022-03-17T21:03:32+00:00","breadcrumb":{"@id":"https:\/\/minutocerord.com\/?p=8149#breadcrumb"},"inLanguage":"es-DO","potentialAction":[{"@type":"ReadAction","target":["https:\/\/minutocerord.com\/?p=8149"]}]},{"@type":"ImageObject","inLanguage":"es-DO","@id":"https:\/\/minutocerord.com\/?p=8149#primaryimage","url":"https:\/\/i0.wp.com\/minutocerord.com\/wp-content\/uploads\/2022\/03\/migrantes-haitianos_199255_20211007085326.jpg?fit=825%2C495&ssl=1","contentUrl":"https:\/\/i0.wp.com\/minutocerord.com\/wp-content\/uploads\/2022\/03\/migrantes-haitianos_199255_20211007085326.jpg?fit=825%2C495&ssl=1","width":825,"height":495},{"@type":"BreadcrumbList","@id":"https:\/\/minutocerord.com\/?p=8149#breadcrumb","itemListElement":[{"@type":"ListItem","position":1,"name":"Home","item":"https:\/\/minutocerord.com\/"},{"@type":"ListItem","position":2,"name":"La CIDH sugiere a RD crear mesa sobre descendientes de haitianos"}]},{"@type":"WebSite","@id":"https:\/\/minutocerord.com\/#website","url":"https:\/\/minutocerord.com\/","name":"Minuto Cero RD","description":"Periodismo serio y veraz","publisher":{"@id":"https:\/\/minutocerord.com\/#\/schema\/person\/60b5372d60aaa0a5171fb6488be9aee6"},"potentialAction":[{"@type":"SearchAction","target":{"@type":"EntryPoint","urlTemplate":"https:\/\/minutocerord.com\/?s={search_term_string}"},"query-input":{"@type":"PropertyValueSpecification","valueRequired":true,"valueName":"search_term_string"}}],"inLanguage":"es-DO"},{"@type":["Person","Organization"],"@id":"https:\/\/minutocerord.com\/#\/schema\/person\/60b5372d60aaa0a5171fb6488be9aee6","name":"Genof\u00f3ntes Urb\u00e1ez","image":{"@type":"ImageObject","inLanguage":"es-DO","@id":"https:\/\/secure.gravatar.com\/avatar\/a49ef3186a692098ac3e8a1612261e3ad70cf9e44553dff2929e67939a0ecb9d?s=96&d=identicon&r=g","url":"https:\/\/secure.gravatar.com\/avatar\/a49ef3186a692098ac3e8a1612261e3ad70cf9e44553dff2929e67939a0ecb9d?s=96&d=identicon&r=g","contentUrl":"https:\/\/secure.gravatar.com\/avatar\/a49ef3186a692098ac3e8a1612261e3ad70cf9e44553dff2929e67939a0ecb9d?s=96&d=identicon&r=g","caption":"Genof\u00f3ntes Urb\u00e1ez"},"logo":{"@id":"https:\/\/secure.gravatar.com\/avatar\/a49ef3186a692098ac3e8a1612261e3ad70cf9e44553dff2929e67939a0ecb9d?s=96&d=identicon&r=g"},"description":"Periodista \/ Locutor","sameAs":["https:\/\/www.facebook.com\/Genofnotes","https:\/\/www.instagram.com\/genofnotes\/"]}]}},"jetpack_publicize_connections":[],"jetpack_featured_media_url":"https:\/\/i0.wp.com\/minutocerord.com\/wp-content\/uploads\/2022\/03\/migrantes-haitianos_199255_20211007085326.jpg?fit=825%2C495&ssl=1","jetpack-related-posts":[],"jetpack_sharing_enabled":true,"_links":{"self":[{"href":"https:\/\/minutocerord.com\/index.php?rest_route=\/wp\/v2\/posts\/8149","targetHints":{"allow":["GET"]}}],"collection":[{"href":"https:\/\/minutocerord.com\/index.php?rest_route=\/wp\/v2\/posts"}],"about":[{"href":"https:\/\/minutocerord.com\/index.php?rest_route=\/wp\/v2\/types\/post"}],"author":[{"embeddable":true,"href":"https:\/\/minutocerord.com\/index.php?rest_route=\/wp\/v2\/users\/1"}],"replies":[{"embeddable":true,"href":"https:\/\/minutocerord.com\/index.php?rest_route=%2Fwp%2Fv2%2Fcomments&post=8149"}],"version-history":[{"count":1,"href":"https:\/\/minutocerord.com\/index.php?rest_route=\/wp\/v2\/posts\/8149\/revisions"}],"predecessor-version":[{"id":8151,"href":"https:\/\/minutocerord.com\/index.php?rest_route=\/wp\/v2\/posts\/8149\/revisions\/8151"}],"wp:featuredmedia":[{"embeddable":true,"href":"https:\/\/minutocerord.com\/index.php?rest_route=\/wp\/v2\/media\/8150"}],"wp:attachment":[{"href":"https:\/\/minutocerord.com\/index.php?rest_route=%2Fwp%2Fv2%2Fmedia&parent=8149"}],"wp:term":[{"taxonomy":"category","embeddable":true,"href":"https:\/\/minutocerord.com\/index.php?rest_route=%2Fwp%2Fv2%2Fcategories&post=8149"},{"taxonomy":"post_tag","embeddable":true,"href":"https:\/\/minutocerord.com\/index.php?rest_route=%2Fwp%2Fv2%2Ftags&post=8149"}],"curies":[{"name":"wp","href":"https:\/\/api.w.org\/{rel}","templated":true}]}}