{"id":8152,"date":"2022-03-17T17:05:57","date_gmt":"2022-03-17T21:05:57","guid":{"rendered":"https:\/\/minutocerord.com\/?p=8152"},"modified":"2022-03-17T17:06:00","modified_gmt":"2022-03-17T21:06:00","slug":"salud-notifica-166-casos-nuevos-de-covid-19-y-ninguna-defuncion","status":"publish","type":"post","link":"https:\/\/minutocerord.com\/?p=8152","title":{"rendered":"Salud notifica 166 casos nuevos de covid-19 y ninguna defunci\u00f3n"},"content":{"rendered":"\n<p><strong>SANTO DOMINGO.-<\/strong> El Ministerio de Salud P\u00fablica (MSP) de la Rep\u00fablica Dominicana notific\u00f3 este jueves 166 nuevos contagios de covid, 50 m\u00e1s que los 116 registrados en la v\u00edspera.<\/p>\n\n\n\n<p>Detall\u00f3 que en el pa\u00eds hay 516 casos activos y que 572,179 personas se han recuperado de la enfermedad.<\/p>\n\n\n\n<p><strong>5,332 PRUEBAS<\/strong><\/p>\n\n\n\n<p>Indic\u00f3 que entre las 9:00 de la ma\u00f1ana del martes e igual hora del mi\u00e9rcoles fueron procesadas 5,332 pruebas&nbsp;que detectaron 9 contagios en el Distrito Nacional, 5 en la provincia Santo Domingo, 98 en Santiago, 7 en La Vega, 7&nbsp;en Puerto Plata, 6 en La Altagracia, 5 en&nbsp;San Pedro de Macor\u00eds, 3 en La Romana, 3 en Valverde, 2 en Espaillat, 2 en San Juan y 2 en San Crist\u00f3bal.<\/p>\n\n\n\n<p><strong>4,375 MUERTOS<\/strong><\/p>\n\n\n\n<p>El total de muertos por covid-19 en el pa\u00eds es de 4,375, el 23.13% de los cuales era hipertenso y el 14.47% diab\u00e9tico.<\/p>\n\n\n\n<p>Entre los infectados hay 2,300 trabajadores de la salud, 1,831 embarazadas y 66,762&nbsp;menores de 20 a\u00f1os.<\/p>\n\n\n\n<p><strong>OCUPACION HOSPITALARIA<\/strong><\/p>\n\n\n\n<p>En Rep\u00fablica Dominicana hay disponibilidad de 2,373 camas para pacientes de COVID, 135 de las cuales (6%) est\u00e1n ocupadas.<\/p>\n\n\n\n<p>Hay 585 camas en unidades de cuidados intensivos, 20 de ellas ocupadas (3%). De 469 ventiladores disponibles en la red hospitalaria, 20 est\u00e1n ocupados (4%).<\/p>\n\n\n\n<p><strong>CIFRAS CONTAGIOS Y MUERTES<\/strong><\/p>\n\n\n\n<p>25 febrero \u2013 318 contagios, 2 defunciones<\/p>\n\n\n\n<p>26 febrero-&nbsp;295 contagios, 3&nbsp;&nbsp;defunciones<\/p>\n\n\n\n<p>27 febrero-&nbsp;221 contagios, 0&nbsp; defunciones<\/p>\n\n\n\n<p>28 febrero-&nbsp;264 contagios, 0&nbsp; defunciones<\/p>\n\n\n\n<p>1 marzo&nbsp;\u2013 356 contagios, 1 defunciones<\/p>\n\n\n\n<p>2 marzo&nbsp;\u2013 245 contagios, 1 defunciones<\/p>\n\n\n\n<p>3&nbsp;marzo&nbsp;\u2013 279 contagios, 0 defunciones<\/p>\n\n\n\n<p>4 marzo&nbsp;\u2013 156 contagios, 0 defunciones<\/p>\n\n\n\n<p>5 marzo&nbsp;\u2013 66 contagios, 0 defunciones<\/p>\n\n\n\n<p>6 marzo&nbsp;\u2013 54 contagios, 0 defunciones<\/p>\n\n\n\n<p>8 marzo&nbsp;\u2013 126 contagios, 0 defunciones<\/p>\n\n\n\n<p>9 marzo&nbsp;\u2013 91 contagios, 1 defunci\u00f3n<\/p>\n\n\n\n<p>10 marzo&nbsp;\u2013 81 contagios, 2 defunciones<\/p>\n\n\n\n<p>11 marzo&nbsp;\u2013 66 contagios, 0 defunciones<\/p>\n\n\n\n<p>12 marzo&nbsp;\u2013 127 contagios, 0 defunciones<\/p>\n\n\n\n<p>13 marzo&nbsp;\u2013 147 contagios, 0 defunciones<\/p>\n\n\n\n<p>14 marzo&nbsp;\u2013 57 contagios, 0 defunciones<\/p>\n\n\n\n<p>15 marzo&nbsp;\u2013 90 contagios, 0 defunciones<\/p>\n\n\n\n<p>16 marzo&nbsp;\u2013 116 contagios, 1 defunci\u00f3n<\/p>\n\n\n\n<p>17 marzo&nbsp;\u2013 166 contagios, 0 defunciones<\/p>\n","protected":false},"excerpt":{"rendered":"<p>SANTO DOMINGO.- El Ministerio de Salud P\u00fablica (MSP) de la Rep\u00fablica Dominicana notific\u00f3 este jueves 166 nuevos contagios de covid, 50 m\u00e1s que los 116 registrados en la v\u00edspera. Detall\u00f3 que en el pa\u00eds hay 516 casos activos y que 572,179 personas se han recuperado de la enfermedad. 5,332 PRUEBAS Indic\u00f3 que entre las 9:00 [&hellip;]<\/p>\n","protected":false},"author":1,"featured_media":8153,"comment_status":"open","ping_status":"open","sticky":false,"template":"","format":"standard","meta":{"nf_dc_page":"","jetpack_post_was_ever_published":false,"_jetpack_newsletter_access":"","_jetpack_dont_email_post_to_subs":false,"_jetpack_newsletter_tier_id":0,"_jetpack_memberships_contains_paywalled_content":false,"_jetpack_memberships_contains_paid_content":false,"footnotes":"","jetpack_publicize_message":"","jetpack_publicize_feature_enabled":true,"jetpack_social_post_already_shared":false,"jetpack_social_options":{"image_generator_settings":{"template":"highway","default_image_id":0,"font":"","enabled":false},"version":2}},"categories":[67],"tags":[],"class_list":["post-8152","post","type-post","status-publish","format-standard","has-post-thumbnail","hentry","category-salud"],"yoast_head":"<!-- This site is optimized with the Yoast SEO plugin v27.4 - https:\/\/yoast.com\/product\/yoast-seo-wordpress\/ -->\n<title>Salud notifica 166 casos nuevos de covid-19 y ninguna defunci\u00f3n - Minuto Cero RD<\/title>\n<meta name=\"robots\" content=\"index, follow, max-snippet:-1, max-image-preview:large, max-video-preview:-1\" \/>\n<link rel=\"canonical\" href=\"http:\/\/minutocerord.com\/?p=8152\" \/>\n<meta property=\"og:locale\" content=\"es_ES\" \/>\n<meta property=\"og:type\" content=\"article\" \/>\n<meta property=\"og:title\" content=\"Salud notifica 166 casos nuevos de covid-19 y ninguna defunci\u00f3n - Minuto Cero RD\" \/>\n<meta property=\"og:description\" content=\"SANTO DOMINGO.- El Ministerio de Salud P\u00fablica (MSP) de la Rep\u00fablica Dominicana notific\u00f3 este jueves 166 nuevos contagios de covid, 50 m\u00e1s que los 116 registrados en la v\u00edspera. Detall\u00f3 que en el pa\u00eds hay 516 casos activos y que 572,179 personas se han recuperado de la enfermedad. 5,332 PRUEBAS Indic\u00f3 que entre las 9:00 [&hellip;]\" \/>\n<meta property=\"og:url\" content=\"http:\/\/minutocerord.com\/?p=8152\" \/>\n<meta property=\"og:site_name\" content=\"Minuto Cero RD\" \/>\n<meta property=\"article:publisher\" content=\"https:\/\/www.facebook.com\/Genofnotes\" \/>\n<meta property=\"article:author\" content=\"https:\/\/www.facebook.com\/Genofnotes\" \/>\n<meta property=\"article:published_time\" content=\"2022-03-17T21:05:57+00:00\" \/>\n<meta property=\"article:modified_time\" content=\"2022-03-17T21:06:00+00:00\" \/>\n<meta property=\"og:image\" content=\"https:\/\/i0.wp.com\/minutocerord.com\/wp-content\/uploads\/2022\/03\/DSC_5531-scaled-1.jpg?fit=2560%2C1482\" \/>\n\t<meta property=\"og:image:width\" content=\"2560\" \/>\n\t<meta property=\"og:image:height\" content=\"1482\" \/>\n\t<meta property=\"og:image:type\" content=\"image\/jpeg\" \/>\n<meta name=\"author\" content=\"Genof\u00f3ntes Urb\u00e1ez\" \/>\n<meta name=\"twitter:card\" content=\"summary_large_image\" \/>\n<meta name=\"twitter:label1\" content=\"Written by\" \/>\n\t<meta name=\"twitter:data1\" content=\"Genof\u00f3ntes Urb\u00e1ez\" \/>\n\t<meta name=\"twitter:label2\" content=\"Est. reading time\" \/>\n\t<meta name=\"twitter:data2\" content=\"2 minutos\" \/>\n<script type=\"application\/ld+json\" class=\"yoast-schema-graph\">{\"@context\":\"https:\\\/\\\/schema.org\",\"@graph\":[{\"@type\":\"Article\",\"@id\":\"http:\\\/\\\/minutocerord.com\\\/?p=8152#article\",\"isPartOf\":{\"@id\":\"http:\\\/\\\/minutocerord.com\\\/?p=8152\"},\"author\":{\"name\":\"Genof\u00f3ntes Urb\u00e1ez\",\"@id\":\"https:\\\/\\\/minutocerord.com\\\/#\\\/schema\\\/person\\\/60b5372d60aaa0a5171fb6488be9aee6\"},\"headline\":\"Salud notifica 166 casos nuevos de covid-19 y ninguna defunci\u00f3n\",\"datePublished\":\"2022-03-17T21:05:57+00:00\",\"dateModified\":\"2022-03-17T21:06:00+00:00\",\"mainEntityOfPage\":{\"@id\":\"http:\\\/\\\/minutocerord.com\\\/?p=8152\"},\"wordCount\":294,\"commentCount\":0,\"publisher\":{\"@id\":\"https:\\\/\\\/minutocerord.com\\\/#\\\/schema\\\/person\\\/60b5372d60aaa0a5171fb6488be9aee6\"},\"image\":{\"@id\":\"http:\\\/\\\/minutocerord.com\\\/?p=8152#primaryimage\"},\"thumbnailUrl\":\"https:\\\/\\\/i0.wp.com\\\/minutocerord.com\\\/wp-content\\\/uploads\\\/2022\\\/03\\\/DSC_5531-scaled-1.jpg?fit=2560%2C1482&ssl=1\",\"articleSection\":[\"Salud\"],\"inLanguage\":\"es-DO\",\"potentialAction\":[{\"@type\":\"CommentAction\",\"name\":\"Comment\",\"target\":[\"http:\\\/\\\/minutocerord.com\\\/?p=8152#respond\"]}]},{\"@type\":\"WebPage\",\"@id\":\"http:\\\/\\\/minutocerord.com\\\/?p=8152\",\"url\":\"http:\\\/\\\/minutocerord.com\\\/?p=8152\",\"name\":\"Salud notifica 166 casos nuevos de covid-19 y ninguna defunci\u00f3n - Minuto Cero RD\",\"isPartOf\":{\"@id\":\"https:\\\/\\\/minutocerord.com\\\/#website\"},\"primaryImageOfPage\":{\"@id\":\"http:\\\/\\\/minutocerord.com\\\/?p=8152#primaryimage\"},\"image\":{\"@id\":\"http:\\\/\\\/minutocerord.com\\\/?p=8152#primaryimage\"},\"thumbnailUrl\":\"https:\\\/\\\/i0.wp.com\\\/minutocerord.com\\\/wp-content\\\/uploads\\\/2022\\\/03\\\/DSC_5531-scaled-1.jpg?fit=2560%2C1482&ssl=1\",\"datePublished\":\"2022-03-17T21:05:57+00:00\",\"dateModified\":\"2022-03-17T21:06:00+00:00\",\"breadcrumb\":{\"@id\":\"http:\\\/\\\/minutocerord.com\\\/?p=8152#breadcrumb\"},\"inLanguage\":\"es-DO\",\"potentialAction\":[{\"@type\":\"ReadAction\",\"target\":[\"http:\\\/\\\/minutocerord.com\\\/?p=8152\"]}]},{\"@type\":\"ImageObject\",\"inLanguage\":\"es-DO\",\"@id\":\"http:\\\/\\\/minutocerord.com\\\/?p=8152#primaryimage\",\"url\":\"https:\\\/\\\/i0.wp.com\\\/minutocerord.com\\\/wp-content\\\/uploads\\\/2022\\\/03\\\/DSC_5531-scaled-1.jpg?fit=2560%2C1482&ssl=1\",\"contentUrl\":\"https:\\\/\\\/i0.wp.com\\\/minutocerord.com\\\/wp-content\\\/uploads\\\/2022\\\/03\\\/DSC_5531-scaled-1.jpg?fit=2560%2C1482&ssl=1\",\"width\":2560,\"height\":1482},{\"@type\":\"BreadcrumbList\",\"@id\":\"http:\\\/\\\/minutocerord.com\\\/?p=8152#breadcrumb\",\"itemListElement\":[{\"@type\":\"ListItem\",\"position\":1,\"name\":\"Home\",\"item\":\"https:\\\/\\\/minutocerord.com\\\/\"},{\"@type\":\"ListItem\",\"position\":2,\"name\":\"Salud notifica 166 casos nuevos de covid-19 y ninguna defunci\u00f3n\"}]},{\"@type\":\"WebSite\",\"@id\":\"https:\\\/\\\/minutocerord.com\\\/#website\",\"url\":\"https:\\\/\\\/minutocerord.com\\\/\",\"name\":\"Minuto Cero RD\",\"description\":\"Periodismo serio y veraz\",\"publisher\":{\"@id\":\"https:\\\/\\\/minutocerord.com\\\/#\\\/schema\\\/person\\\/60b5372d60aaa0a5171fb6488be9aee6\"},\"potentialAction\":[{\"@type\":\"SearchAction\",\"target\":{\"@type\":\"EntryPoint\",\"urlTemplate\":\"https:\\\/\\\/minutocerord.com\\\/?s={search_term_string}\"},\"query-input\":{\"@type\":\"PropertyValueSpecification\",\"valueRequired\":true,\"valueName\":\"search_term_string\"}}],\"inLanguage\":\"es-DO\"},{\"@type\":[\"Person\",\"Organization\"],\"@id\":\"https:\\\/\\\/minutocerord.com\\\/#\\\/schema\\\/person\\\/60b5372d60aaa0a5171fb6488be9aee6\",\"name\":\"Genof\u00f3ntes Urb\u00e1ez\",\"image\":{\"@type\":\"ImageObject\",\"inLanguage\":\"es-DO\",\"@id\":\"https:\\\/\\\/secure.gravatar.com\\\/avatar\\\/a49ef3186a692098ac3e8a1612261e3ad70cf9e44553dff2929e67939a0ecb9d?s=96&d=identicon&r=g\",\"url\":\"https:\\\/\\\/secure.gravatar.com\\\/avatar\\\/a49ef3186a692098ac3e8a1612261e3ad70cf9e44553dff2929e67939a0ecb9d?s=96&d=identicon&r=g\",\"contentUrl\":\"https:\\\/\\\/secure.gravatar.com\\\/avatar\\\/a49ef3186a692098ac3e8a1612261e3ad70cf9e44553dff2929e67939a0ecb9d?s=96&d=identicon&r=g\",\"caption\":\"Genof\u00f3ntes Urb\u00e1ez\"},\"logo\":{\"@id\":\"https:\\\/\\\/secure.gravatar.com\\\/avatar\\\/a49ef3186a692098ac3e8a1612261e3ad70cf9e44553dff2929e67939a0ecb9d?s=96&d=identicon&r=g\"},\"description\":\"Periodista \\\/ Locutor\",\"sameAs\":[\"https:\\\/\\\/www.facebook.com\\\/Genofnotes\",\"https:\\\/\\\/www.instagram.com\\\/genofnotes\\\/\"]}]}<\/script>\n<!-- \/ Yoast SEO plugin. -->","yoast_head_json":{"title":"Salud notifica 166 casos nuevos de covid-19 y ninguna defunci\u00f3n - Minuto Cero RD","robots":{"index":"index","follow":"follow","max-snippet":"max-snippet:-1","max-image-preview":"max-image-preview:large","max-video-preview":"max-video-preview:-1"},"canonical":"http:\/\/minutocerord.com\/?p=8152","og_locale":"es_ES","og_type":"article","og_title":"Salud notifica 166 casos nuevos de covid-19 y ninguna defunci\u00f3n - Minuto Cero RD","og_description":"SANTO DOMINGO.- El Ministerio de Salud P\u00fablica (MSP) de la Rep\u00fablica Dominicana notific\u00f3 este jueves 166 nuevos contagios de covid, 50 m\u00e1s que los 116 registrados en la v\u00edspera. Detall\u00f3 que en el pa\u00eds hay 516 casos activos y que 572,179 personas se han recuperado de la enfermedad. 5,332 PRUEBAS Indic\u00f3 que entre las 9:00 [&hellip;]","og_url":"http:\/\/minutocerord.com\/?p=8152","og_site_name":"Minuto Cero RD","article_publisher":"https:\/\/www.facebook.com\/Genofnotes","article_author":"https:\/\/www.facebook.com\/Genofnotes","article_published_time":"2022-03-17T21:05:57+00:00","article_modified_time":"2022-03-17T21:06:00+00:00","og_image":[{"width":2560,"height":1482,"url":"https:\/\/i0.wp.com\/minutocerord.com\/wp-content\/uploads\/2022\/03\/DSC_5531-scaled-1.jpg?fit=2560%2C1482","type":"image\/jpeg"}],"author":"Genof\u00f3ntes Urb\u00e1ez","twitter_card":"summary_large_image","twitter_misc":{"Written by":"Genof\u00f3ntes Urb\u00e1ez","Est. reading time":"2 minutos"},"schema":{"@context":"https:\/\/schema.org","@graph":[{"@type":"Article","@id":"http:\/\/minutocerord.com\/?p=8152#article","isPartOf":{"@id":"http:\/\/minutocerord.com\/?p=8152"},"author":{"name":"Genof\u00f3ntes Urb\u00e1ez","@id":"https:\/\/minutocerord.com\/#\/schema\/person\/60b5372d60aaa0a5171fb6488be9aee6"},"headline":"Salud notifica 166 casos nuevos de covid-19 y ninguna defunci\u00f3n","datePublished":"2022-03-17T21:05:57+00:00","dateModified":"2022-03-17T21:06:00+00:00","mainEntityOfPage":{"@id":"http:\/\/minutocerord.com\/?p=8152"},"wordCount":294,"commentCount":0,"publisher":{"@id":"https:\/\/minutocerord.com\/#\/schema\/person\/60b5372d60aaa0a5171fb6488be9aee6"},"image":{"@id":"http:\/\/minutocerord.com\/?p=8152#primaryimage"},"thumbnailUrl":"https:\/\/i0.wp.com\/minutocerord.com\/wp-content\/uploads\/2022\/03\/DSC_5531-scaled-1.jpg?fit=2560%2C1482&ssl=1","articleSection":["Salud"],"inLanguage":"es-DO","potentialAction":[{"@type":"CommentAction","name":"Comment","target":["http:\/\/minutocerord.com\/?p=8152#respond"]}]},{"@type":"WebPage","@id":"http:\/\/minutocerord.com\/?p=8152","url":"http:\/\/minutocerord.com\/?p=8152","name":"Salud notifica 166 casos nuevos de covid-19 y ninguna defunci\u00f3n - Minuto Cero RD","isPartOf":{"@id":"https:\/\/minutocerord.com\/#website"},"primaryImageOfPage":{"@id":"http:\/\/minutocerord.com\/?p=8152#primaryimage"},"image":{"@id":"http:\/\/minutocerord.com\/?p=8152#primaryimage"},"thumbnailUrl":"https:\/\/i0.wp.com\/minutocerord.com\/wp-content\/uploads\/2022\/03\/DSC_5531-scaled-1.jpg?fit=2560%2C1482&ssl=1","datePublished":"2022-03-17T21:05:57+00:00","dateModified":"2022-03-17T21:06:00+00:00","breadcrumb":{"@id":"http:\/\/minutocerord.com\/?p=8152#breadcrumb"},"inLanguage":"es-DO","potentialAction":[{"@type":"ReadAction","target":["http:\/\/minutocerord.com\/?p=8152"]}]},{"@type":"ImageObject","inLanguage":"es-DO","@id":"http:\/\/minutocerord.com\/?p=8152#primaryimage","url":"https:\/\/i0.wp.com\/minutocerord.com\/wp-content\/uploads\/2022\/03\/DSC_5531-scaled-1.jpg?fit=2560%2C1482&ssl=1","contentUrl":"https:\/\/i0.wp.com\/minutocerord.com\/wp-content\/uploads\/2022\/03\/DSC_5531-scaled-1.jpg?fit=2560%2C1482&ssl=1","width":2560,"height":1482},{"@type":"BreadcrumbList","@id":"http:\/\/minutocerord.com\/?p=8152#breadcrumb","itemListElement":[{"@type":"ListItem","position":1,"name":"Home","item":"https:\/\/minutocerord.com\/"},{"@type":"ListItem","position":2,"name":"Salud notifica 166 casos nuevos de covid-19 y ninguna defunci\u00f3n"}]},{"@type":"WebSite","@id":"https:\/\/minutocerord.com\/#website","url":"https:\/\/minutocerord.com\/","name":"Minuto Cero RD","description":"Periodismo serio y veraz","publisher":{"@id":"https:\/\/minutocerord.com\/#\/schema\/person\/60b5372d60aaa0a5171fb6488be9aee6"},"potentialAction":[{"@type":"SearchAction","target":{"@type":"EntryPoint","urlTemplate":"https:\/\/minutocerord.com\/?s={search_term_string}"},"query-input":{"@type":"PropertyValueSpecification","valueRequired":true,"valueName":"search_term_string"}}],"inLanguage":"es-DO"},{"@type":["Person","Organization"],"@id":"https:\/\/minutocerord.com\/#\/schema\/person\/60b5372d60aaa0a5171fb6488be9aee6","name":"Genof\u00f3ntes Urb\u00e1ez","image":{"@type":"ImageObject","inLanguage":"es-DO","@id":"https:\/\/secure.gravatar.com\/avatar\/a49ef3186a692098ac3e8a1612261e3ad70cf9e44553dff2929e67939a0ecb9d?s=96&d=identicon&r=g","url":"https:\/\/secure.gravatar.com\/avatar\/a49ef3186a692098ac3e8a1612261e3ad70cf9e44553dff2929e67939a0ecb9d?s=96&d=identicon&r=g","contentUrl":"https:\/\/secure.gravatar.com\/avatar\/a49ef3186a692098ac3e8a1612261e3ad70cf9e44553dff2929e67939a0ecb9d?s=96&d=identicon&r=g","caption":"Genof\u00f3ntes Urb\u00e1ez"},"logo":{"@id":"https:\/\/secure.gravatar.com\/avatar\/a49ef3186a692098ac3e8a1612261e3ad70cf9e44553dff2929e67939a0ecb9d?s=96&d=identicon&r=g"},"description":"Periodista \/ Locutor","sameAs":["https:\/\/www.facebook.com\/Genofnotes","https:\/\/www.instagram.com\/genofnotes\/"]}]}},"jetpack_publicize_connections":[],"jetpack_featured_media_url":"https:\/\/i0.wp.com\/minutocerord.com\/wp-content\/uploads\/2022\/03\/DSC_5531-scaled-1.jpg?fit=2560%2C1482&ssl=1","jetpack-related-posts":[],"jetpack_sharing_enabled":true,"_links":{"self":[{"href":"https:\/\/minutocerord.com\/index.php?rest_route=\/wp\/v2\/posts\/8152","targetHints":{"allow":["GET"]}}],"collection":[{"href":"https:\/\/minutocerord.com\/index.php?rest_route=\/wp\/v2\/posts"}],"about":[{"href":"https:\/\/minutocerord.com\/index.php?rest_route=\/wp\/v2\/types\/post"}],"author":[{"embeddable":true,"href":"https:\/\/minutocerord.com\/index.php?rest_route=\/wp\/v2\/users\/1"}],"replies":[{"embeddable":true,"href":"https:\/\/minutocerord.com\/index.php?rest_route=%2Fwp%2Fv2%2Fcomments&post=8152"}],"version-history":[{"count":1,"href":"https:\/\/minutocerord.com\/index.php?rest_route=\/wp\/v2\/posts\/8152\/revisions"}],"predecessor-version":[{"id":8154,"href":"https:\/\/minutocerord.com\/index.php?rest_route=\/wp\/v2\/posts\/8152\/revisions\/8154"}],"wp:featuredmedia":[{"embeddable":true,"href":"https:\/\/minutocerord.com\/index.php?rest_route=\/wp\/v2\/media\/8153"}],"wp:attachment":[{"href":"https:\/\/minutocerord.com\/index.php?rest_route=%2Fwp%2Fv2%2Fmedia&parent=8152"}],"wp:term":[{"taxonomy":"category","embeddable":true,"href":"https:\/\/minutocerord.com\/index.php?rest_route=%2Fwp%2Fv2%2Fcategories&post=8152"},{"taxonomy":"post_tag","embeddable":true,"href":"https:\/\/minutocerord.com\/index.php?rest_route=%2Fwp%2Fv2%2Ftags&post=8152"}],"curies":[{"name":"wp","href":"https:\/\/api.w.org\/{rel}","templated":true}]}}