{"id":8156,"date":"2022-03-17T17:39:52","date_gmt":"2022-03-17T21:39:52","guid":{"rendered":"https:\/\/minutocerord.com\/?p=8156"},"modified":"2022-03-17T17:45:05","modified_gmt":"2022-03-17T21:45:05","slug":"alfredo-pacheco-llama-atrevido-al-senador-antonio-taveras-lo-acusa-de-poner-en-peligro-las-relaciones-bicamerales","status":"publish","type":"post","link":"https:\/\/minutocerord.com\/?p=8156","title":{"rendered":"Alfredo Pacheco llama atrevido al senador Antonio Taveras; lo acusa de poner en peligro las relaciones bicamerales"},"content":{"rendered":"\n<p><strong>Santo Domingo.- <\/strong>El presidente de la C\u00e1mara de Diputados, Alfredo Pacheco, afirm\u00f3 que hay un senador, en franca alusi\u00f3n al senador Antonio Taveras, que est\u00e1 poniendo en peligro las buenas relaciones existentes entre la c\u00e1mara baja y el Senado, le&nbsp; tild\u00f3 de atrevido y le advirti\u00f3 que desde esa ala del Poder Legislativo lo est\u00e1n acechando.<\/p>\n\n\n\n<p>De forma improvisada durante la sesi\u00f3n ordinaria que se desarrolla en estos momentos Pacheco, expres\u00f3: \u201cHay un senador que est\u00e1 poniendo en peligro las buenas relaciones entre la C\u00e1mara de Diputados y el Senado\u2026 y aqu\u00ed hay muchos diputados que no se lo vamos a permitir\u201d.<\/p>\n\n\n\n<p>Agreg\u00f3: Ese senador es un atrevido. Que sepa \u00e9l que lo estamos acechando, lo estamos chequeando\u201d.<\/p>\n","protected":false},"excerpt":{"rendered":"<p>Santo Domingo.- El presidente de la C\u00e1mara de Diputados, Alfredo Pacheco, afirm\u00f3 que hay un senador, en franca alusi\u00f3n al senador Antonio Taveras, que est\u00e1 poniendo en peligro las buenas relaciones existentes entre la c\u00e1mara baja y el Senado, le&nbsp; tild\u00f3 de atrevido y le advirti\u00f3 que desde esa ala del Poder Legislativo lo est\u00e1n [&hellip;]<\/p>\n","protected":false},"author":1,"featured_media":8157,"comment_status":"open","ping_status":"open","sticky":false,"template":"","format":"standard","meta":{"nf_dc_page":"","jetpack_post_was_ever_published":false,"_jetpack_newsletter_access":"","_jetpack_dont_email_post_to_subs":false,"_jetpack_newsletter_tier_id":0,"_jetpack_memberships_contains_paywalled_content":false,"_jetpack_memberships_contains_paid_content":false,"footnotes":"","jetpack_publicize_message":"","jetpack_publicize_feature_enabled":true,"jetpack_social_post_already_shared":false,"jetpack_social_options":{"image_generator_settings":{"template":"highway","default_image_id":0,"font":"","enabled":false},"version":2}},"categories":[70],"tags":[],"class_list":["post-8156","post","type-post","status-publish","format-standard","has-post-thumbnail","hentry","category-politica"],"yoast_head":"<!-- This site is optimized with the Yoast SEO plugin v27.4 - https:\/\/yoast.com\/product\/yoast-seo-wordpress\/ -->\n<title>Alfredo Pacheco llama atrevido al senador Antonio Taveras; lo acusa de poner en peligro las relaciones bicamerales - Minuto Cero RD<\/title>\n<meta name=\"robots\" content=\"index, follow, max-snippet:-1, max-image-preview:large, max-video-preview:-1\" \/>\n<link rel=\"canonical\" href=\"http:\/\/minutocerord.com\/?p=8156\" \/>\n<meta property=\"og:locale\" content=\"es_ES\" \/>\n<meta property=\"og:type\" content=\"article\" \/>\n<meta property=\"og:title\" content=\"Alfredo Pacheco llama atrevido al senador Antonio Taveras; lo acusa de poner en peligro las relaciones bicamerales - Minuto Cero RD\" \/>\n<meta property=\"og:description\" content=\"Santo Domingo.- El presidente de la C\u00e1mara de Diputados, Alfredo Pacheco, afirm\u00f3 que hay un senador, en franca alusi\u00f3n al senador Antonio Taveras, que est\u00e1 poniendo en peligro las buenas relaciones existentes entre la c\u00e1mara baja y el Senado, le&nbsp; tild\u00f3 de atrevido y le advirti\u00f3 que desde esa ala del Poder Legislativo lo est\u00e1n [&hellip;]\" \/>\n<meta property=\"og:url\" content=\"http:\/\/minutocerord.com\/?p=8156\" \/>\n<meta property=\"og:site_name\" content=\"Minuto Cero RD\" \/>\n<meta property=\"article:publisher\" content=\"https:\/\/www.facebook.com\/Genofnotes\" \/>\n<meta property=\"article:author\" content=\"https:\/\/www.facebook.com\/Genofnotes\" \/>\n<meta property=\"article:published_time\" content=\"2022-03-17T21:39:52+00:00\" \/>\n<meta property=\"article:modified_time\" content=\"2022-03-17T21:45:05+00:00\" \/>\n<meta property=\"og:image\" content=\"https:\/\/i0.wp.com\/minutocerord.com\/wp-content\/uploads\/2022\/03\/Captura-2.png?fit=1257%2C883\" \/>\n\t<meta property=\"og:image:width\" content=\"1257\" \/>\n\t<meta property=\"og:image:height\" content=\"883\" \/>\n\t<meta property=\"og:image:type\" content=\"image\/png\" \/>\n<meta name=\"author\" content=\"Genof\u00f3ntes Urb\u00e1ez\" \/>\n<meta name=\"twitter:card\" content=\"summary_large_image\" \/>\n<meta name=\"twitter:label1\" content=\"Written by\" \/>\n\t<meta name=\"twitter:data1\" content=\"Genof\u00f3ntes Urb\u00e1ez\" \/>\n\t<meta name=\"twitter:label2\" content=\"Est. reading time\" \/>\n\t<meta name=\"twitter:data2\" content=\"1 minuto\" \/>\n<script type=\"application\/ld+json\" class=\"yoast-schema-graph\">{\"@context\":\"https:\\\/\\\/schema.org\",\"@graph\":[{\"@type\":\"Article\",\"@id\":\"http:\\\/\\\/minutocerord.com\\\/?p=8156#article\",\"isPartOf\":{\"@id\":\"http:\\\/\\\/minutocerord.com\\\/?p=8156\"},\"author\":{\"name\":\"Genof\u00f3ntes Urb\u00e1ez\",\"@id\":\"https:\\\/\\\/minutocerord.com\\\/#\\\/schema\\\/person\\\/60b5372d60aaa0a5171fb6488be9aee6\"},\"headline\":\"Alfredo Pacheco llama atrevido al senador Antonio Taveras; lo acusa de poner en peligro las relaciones bicamerales\",\"datePublished\":\"2022-03-17T21:39:52+00:00\",\"dateModified\":\"2022-03-17T21:45:05+00:00\",\"mainEntityOfPage\":{\"@id\":\"http:\\\/\\\/minutocerord.com\\\/?p=8156\"},\"wordCount\":143,\"commentCount\":0,\"publisher\":{\"@id\":\"https:\\\/\\\/minutocerord.com\\\/#\\\/schema\\\/person\\\/60b5372d60aaa0a5171fb6488be9aee6\"},\"image\":{\"@id\":\"http:\\\/\\\/minutocerord.com\\\/?p=8156#primaryimage\"},\"thumbnailUrl\":\"https:\\\/\\\/i0.wp.com\\\/minutocerord.com\\\/wp-content\\\/uploads\\\/2022\\\/03\\\/Captura-2.png?fit=1257%2C883&ssl=1\",\"articleSection\":[\"Pol\u00edtica\"],\"inLanguage\":\"es-DO\",\"potentialAction\":[{\"@type\":\"CommentAction\",\"name\":\"Comment\",\"target\":[\"http:\\\/\\\/minutocerord.com\\\/?p=8156#respond\"]}]},{\"@type\":\"WebPage\",\"@id\":\"http:\\\/\\\/minutocerord.com\\\/?p=8156\",\"url\":\"http:\\\/\\\/minutocerord.com\\\/?p=8156\",\"name\":\"Alfredo Pacheco llama atrevido al senador Antonio Taveras; lo acusa de poner en peligro las relaciones bicamerales - Minuto Cero RD\",\"isPartOf\":{\"@id\":\"https:\\\/\\\/minutocerord.com\\\/#website\"},\"primaryImageOfPage\":{\"@id\":\"http:\\\/\\\/minutocerord.com\\\/?p=8156#primaryimage\"},\"image\":{\"@id\":\"http:\\\/\\\/minutocerord.com\\\/?p=8156#primaryimage\"},\"thumbnailUrl\":\"https:\\\/\\\/i0.wp.com\\\/minutocerord.com\\\/wp-content\\\/uploads\\\/2022\\\/03\\\/Captura-2.png?fit=1257%2C883&ssl=1\",\"datePublished\":\"2022-03-17T21:39:52+00:00\",\"dateModified\":\"2022-03-17T21:45:05+00:00\",\"breadcrumb\":{\"@id\":\"http:\\\/\\\/minutocerord.com\\\/?p=8156#breadcrumb\"},\"inLanguage\":\"es-DO\",\"potentialAction\":[{\"@type\":\"ReadAction\",\"target\":[\"http:\\\/\\\/minutocerord.com\\\/?p=8156\"]}]},{\"@type\":\"ImageObject\",\"inLanguage\":\"es-DO\",\"@id\":\"http:\\\/\\\/minutocerord.com\\\/?p=8156#primaryimage\",\"url\":\"https:\\\/\\\/i0.wp.com\\\/minutocerord.com\\\/wp-content\\\/uploads\\\/2022\\\/03\\\/Captura-2.png?fit=1257%2C883&ssl=1\",\"contentUrl\":\"https:\\\/\\\/i0.wp.com\\\/minutocerord.com\\\/wp-content\\\/uploads\\\/2022\\\/03\\\/Captura-2.png?fit=1257%2C883&ssl=1\",\"width\":1257,\"height\":883},{\"@type\":\"BreadcrumbList\",\"@id\":\"http:\\\/\\\/minutocerord.com\\\/?p=8156#breadcrumb\",\"itemListElement\":[{\"@type\":\"ListItem\",\"position\":1,\"name\":\"Home\",\"item\":\"https:\\\/\\\/minutocerord.com\\\/\"},{\"@type\":\"ListItem\",\"position\":2,\"name\":\"Alfredo Pacheco llama atrevido al senador Antonio Taveras; lo acusa de poner en peligro las relaciones bicamerales\"}]},{\"@type\":\"WebSite\",\"@id\":\"https:\\\/\\\/minutocerord.com\\\/#website\",\"url\":\"https:\\\/\\\/minutocerord.com\\\/\",\"name\":\"Minuto Cero RD\",\"description\":\"Periodismo serio y veraz\",\"publisher\":{\"@id\":\"https:\\\/\\\/minutocerord.com\\\/#\\\/schema\\\/person\\\/60b5372d60aaa0a5171fb6488be9aee6\"},\"potentialAction\":[{\"@type\":\"SearchAction\",\"target\":{\"@type\":\"EntryPoint\",\"urlTemplate\":\"https:\\\/\\\/minutocerord.com\\\/?s={search_term_string}\"},\"query-input\":{\"@type\":\"PropertyValueSpecification\",\"valueRequired\":true,\"valueName\":\"search_term_string\"}}],\"inLanguage\":\"es-DO\"},{\"@type\":[\"Person\",\"Organization\"],\"@id\":\"https:\\\/\\\/minutocerord.com\\\/#\\\/schema\\\/person\\\/60b5372d60aaa0a5171fb6488be9aee6\",\"name\":\"Genof\u00f3ntes Urb\u00e1ez\",\"image\":{\"@type\":\"ImageObject\",\"inLanguage\":\"es-DO\",\"@id\":\"https:\\\/\\\/secure.gravatar.com\\\/avatar\\\/a49ef3186a692098ac3e8a1612261e3ad70cf9e44553dff2929e67939a0ecb9d?s=96&d=identicon&r=g\",\"url\":\"https:\\\/\\\/secure.gravatar.com\\\/avatar\\\/a49ef3186a692098ac3e8a1612261e3ad70cf9e44553dff2929e67939a0ecb9d?s=96&d=identicon&r=g\",\"contentUrl\":\"https:\\\/\\\/secure.gravatar.com\\\/avatar\\\/a49ef3186a692098ac3e8a1612261e3ad70cf9e44553dff2929e67939a0ecb9d?s=96&d=identicon&r=g\",\"caption\":\"Genof\u00f3ntes Urb\u00e1ez\"},\"logo\":{\"@id\":\"https:\\\/\\\/secure.gravatar.com\\\/avatar\\\/a49ef3186a692098ac3e8a1612261e3ad70cf9e44553dff2929e67939a0ecb9d?s=96&d=identicon&r=g\"},\"description\":\"Periodista \\\/ Locutor\",\"sameAs\":[\"https:\\\/\\\/www.facebook.com\\\/Genofnotes\",\"https:\\\/\\\/www.instagram.com\\\/genofnotes\\\/\"]}]}<\/script>\n<!-- \/ Yoast SEO plugin. -->","yoast_head_json":{"title":"Alfredo Pacheco llama atrevido al senador Antonio Taveras; lo acusa de poner en peligro las relaciones bicamerales - Minuto Cero RD","robots":{"index":"index","follow":"follow","max-snippet":"max-snippet:-1","max-image-preview":"max-image-preview:large","max-video-preview":"max-video-preview:-1"},"canonical":"http:\/\/minutocerord.com\/?p=8156","og_locale":"es_ES","og_type":"article","og_title":"Alfredo Pacheco llama atrevido al senador Antonio Taveras; lo acusa de poner en peligro las relaciones bicamerales - Minuto Cero RD","og_description":"Santo Domingo.- El presidente de la C\u00e1mara de Diputados, Alfredo Pacheco, afirm\u00f3 que hay un senador, en franca alusi\u00f3n al senador Antonio Taveras, que est\u00e1 poniendo en peligro las buenas relaciones existentes entre la c\u00e1mara baja y el Senado, le&nbsp; tild\u00f3 de atrevido y le advirti\u00f3 que desde esa ala del Poder Legislativo lo est\u00e1n [&hellip;]","og_url":"http:\/\/minutocerord.com\/?p=8156","og_site_name":"Minuto Cero RD","article_publisher":"https:\/\/www.facebook.com\/Genofnotes","article_author":"https:\/\/www.facebook.com\/Genofnotes","article_published_time":"2022-03-17T21:39:52+00:00","article_modified_time":"2022-03-17T21:45:05+00:00","og_image":[{"width":1257,"height":883,"url":"https:\/\/i0.wp.com\/minutocerord.com\/wp-content\/uploads\/2022\/03\/Captura-2.png?fit=1257%2C883","type":"image\/png"}],"author":"Genof\u00f3ntes Urb\u00e1ez","twitter_card":"summary_large_image","twitter_misc":{"Written by":"Genof\u00f3ntes Urb\u00e1ez","Est. reading time":"1 minuto"},"schema":{"@context":"https:\/\/schema.org","@graph":[{"@type":"Article","@id":"http:\/\/minutocerord.com\/?p=8156#article","isPartOf":{"@id":"http:\/\/minutocerord.com\/?p=8156"},"author":{"name":"Genof\u00f3ntes Urb\u00e1ez","@id":"https:\/\/minutocerord.com\/#\/schema\/person\/60b5372d60aaa0a5171fb6488be9aee6"},"headline":"Alfredo Pacheco llama atrevido al senador Antonio Taveras; lo acusa de poner en peligro las relaciones bicamerales","datePublished":"2022-03-17T21:39:52+00:00","dateModified":"2022-03-17T21:45:05+00:00","mainEntityOfPage":{"@id":"http:\/\/minutocerord.com\/?p=8156"},"wordCount":143,"commentCount":0,"publisher":{"@id":"https:\/\/minutocerord.com\/#\/schema\/person\/60b5372d60aaa0a5171fb6488be9aee6"},"image":{"@id":"http:\/\/minutocerord.com\/?p=8156#primaryimage"},"thumbnailUrl":"https:\/\/i0.wp.com\/minutocerord.com\/wp-content\/uploads\/2022\/03\/Captura-2.png?fit=1257%2C883&ssl=1","articleSection":["Pol\u00edtica"],"inLanguage":"es-DO","potentialAction":[{"@type":"CommentAction","name":"Comment","target":["http:\/\/minutocerord.com\/?p=8156#respond"]}]},{"@type":"WebPage","@id":"http:\/\/minutocerord.com\/?p=8156","url":"http:\/\/minutocerord.com\/?p=8156","name":"Alfredo Pacheco llama atrevido al senador Antonio Taveras; lo acusa de poner en peligro las relaciones bicamerales - Minuto Cero RD","isPartOf":{"@id":"https:\/\/minutocerord.com\/#website"},"primaryImageOfPage":{"@id":"http:\/\/minutocerord.com\/?p=8156#primaryimage"},"image":{"@id":"http:\/\/minutocerord.com\/?p=8156#primaryimage"},"thumbnailUrl":"https:\/\/i0.wp.com\/minutocerord.com\/wp-content\/uploads\/2022\/03\/Captura-2.png?fit=1257%2C883&ssl=1","datePublished":"2022-03-17T21:39:52+00:00","dateModified":"2022-03-17T21:45:05+00:00","breadcrumb":{"@id":"http:\/\/minutocerord.com\/?p=8156#breadcrumb"},"inLanguage":"es-DO","potentialAction":[{"@type":"ReadAction","target":["http:\/\/minutocerord.com\/?p=8156"]}]},{"@type":"ImageObject","inLanguage":"es-DO","@id":"http:\/\/minutocerord.com\/?p=8156#primaryimage","url":"https:\/\/i0.wp.com\/minutocerord.com\/wp-content\/uploads\/2022\/03\/Captura-2.png?fit=1257%2C883&ssl=1","contentUrl":"https:\/\/i0.wp.com\/minutocerord.com\/wp-content\/uploads\/2022\/03\/Captura-2.png?fit=1257%2C883&ssl=1","width":1257,"height":883},{"@type":"BreadcrumbList","@id":"http:\/\/minutocerord.com\/?p=8156#breadcrumb","itemListElement":[{"@type":"ListItem","position":1,"name":"Home","item":"https:\/\/minutocerord.com\/"},{"@type":"ListItem","position":2,"name":"Alfredo Pacheco llama atrevido al senador Antonio Taveras; lo acusa de poner en peligro las relaciones bicamerales"}]},{"@type":"WebSite","@id":"https:\/\/minutocerord.com\/#website","url":"https:\/\/minutocerord.com\/","name":"Minuto Cero RD","description":"Periodismo serio y veraz","publisher":{"@id":"https:\/\/minutocerord.com\/#\/schema\/person\/60b5372d60aaa0a5171fb6488be9aee6"},"potentialAction":[{"@type":"SearchAction","target":{"@type":"EntryPoint","urlTemplate":"https:\/\/minutocerord.com\/?s={search_term_string}"},"query-input":{"@type":"PropertyValueSpecification","valueRequired":true,"valueName":"search_term_string"}}],"inLanguage":"es-DO"},{"@type":["Person","Organization"],"@id":"https:\/\/minutocerord.com\/#\/schema\/person\/60b5372d60aaa0a5171fb6488be9aee6","name":"Genof\u00f3ntes Urb\u00e1ez","image":{"@type":"ImageObject","inLanguage":"es-DO","@id":"https:\/\/secure.gravatar.com\/avatar\/a49ef3186a692098ac3e8a1612261e3ad70cf9e44553dff2929e67939a0ecb9d?s=96&d=identicon&r=g","url":"https:\/\/secure.gravatar.com\/avatar\/a49ef3186a692098ac3e8a1612261e3ad70cf9e44553dff2929e67939a0ecb9d?s=96&d=identicon&r=g","contentUrl":"https:\/\/secure.gravatar.com\/avatar\/a49ef3186a692098ac3e8a1612261e3ad70cf9e44553dff2929e67939a0ecb9d?s=96&d=identicon&r=g","caption":"Genof\u00f3ntes Urb\u00e1ez"},"logo":{"@id":"https:\/\/secure.gravatar.com\/avatar\/a49ef3186a692098ac3e8a1612261e3ad70cf9e44553dff2929e67939a0ecb9d?s=96&d=identicon&r=g"},"description":"Periodista \/ Locutor","sameAs":["https:\/\/www.facebook.com\/Genofnotes","https:\/\/www.instagram.com\/genofnotes\/"]}]}},"jetpack_publicize_connections":[],"jetpack_featured_media_url":"https:\/\/i0.wp.com\/minutocerord.com\/wp-content\/uploads\/2022\/03\/Captura-2.png?fit=1257%2C883&ssl=1","jetpack-related-posts":[],"jetpack_sharing_enabled":true,"_links":{"self":[{"href":"https:\/\/minutocerord.com\/index.php?rest_route=\/wp\/v2\/posts\/8156","targetHints":{"allow":["GET"]}}],"collection":[{"href":"https:\/\/minutocerord.com\/index.php?rest_route=\/wp\/v2\/posts"}],"about":[{"href":"https:\/\/minutocerord.com\/index.php?rest_route=\/wp\/v2\/types\/post"}],"author":[{"embeddable":true,"href":"https:\/\/minutocerord.com\/index.php?rest_route=\/wp\/v2\/users\/1"}],"replies":[{"embeddable":true,"href":"https:\/\/minutocerord.com\/index.php?rest_route=%2Fwp%2Fv2%2Fcomments&post=8156"}],"version-history":[{"count":2,"href":"https:\/\/minutocerord.com\/index.php?rest_route=\/wp\/v2\/posts\/8156\/revisions"}],"predecessor-version":[{"id":8162,"href":"https:\/\/minutocerord.com\/index.php?rest_route=\/wp\/v2\/posts\/8156\/revisions\/8162"}],"wp:featuredmedia":[{"embeddable":true,"href":"https:\/\/minutocerord.com\/index.php?rest_route=\/wp\/v2\/media\/8157"}],"wp:attachment":[{"href":"https:\/\/minutocerord.com\/index.php?rest_route=%2Fwp%2Fv2%2Fmedia&parent=8156"}],"wp:term":[{"taxonomy":"category","embeddable":true,"href":"https:\/\/minutocerord.com\/index.php?rest_route=%2Fwp%2Fv2%2Fcategories&post=8156"},{"taxonomy":"post_tag","embeddable":true,"href":"https:\/\/minutocerord.com\/index.php?rest_route=%2Fwp%2Fv2%2Ftags&post=8156"}],"curies":[{"name":"wp","href":"https:\/\/api.w.org\/{rel}","templated":true}]}}