{"id":8159,"date":"2022-03-17T17:41:44","date_gmt":"2022-03-17T21:41:44","guid":{"rendered":"https:\/\/minutocerord.com\/?p=8159"},"modified":"2022-03-17T17:41:46","modified_gmt":"2022-03-17T21:41:46","slug":"luis-inchausti-es-condenado-a-5-anos-de-prision-por-violencia-de-genero-contra-su-ex-pareja","status":"publish","type":"post","link":"https:\/\/minutocerord.com\/?p=8159","title":{"rendered":"Luis Inchausti es condenado a 5 a\u00f1os de prisi\u00f3n por violencia de g\u00e9nero contra su ex pareja"},"content":{"rendered":"\n<p><strong>Santo Domingo, RD.- <\/strong>El Tercer Tribunal Colegiado del Distrito Nacional, conden\u00f3 al dirigente pol\u00edtico Luis Inchausti Rivera a cinco a\u00f1os de prisi\u00f3n, tras ser encontrado culpable de violencia de g\u00e9nero contra su ex pareja.<\/p>\n\n\n\n<p>El tribunal, compuesto presidido por la jueza Ana Lee, e integrado por Milagros Ram\u00edrez y Leticia Noboa dispuso que la pena impuesta fuera bajo la modalidad de dos de arresto domiciliario y tres suspendidos bajo reglas.<\/p>\n\n\n\n<p>En el dispositivo el tribunal se impuso como reglas al condenado la obligatoriedad de residir en un domicilio fijo, abstenerse de la ingesta de bebidas alcoh\u00f3licas y asistir al Centro de Intervenci\u00f3n Conductual para Hombres para moldear la conducta.<\/p>\n\n\n\n<p>Adem\u00e1s, Inchausti Rivera fue condenado al pago de las costas penales y civiles del proceso, as\u00ed como a abstenerse de acercarse a la v\u00edctima, a quien favorece una orden de protecci\u00f3n.<a><\/a><\/p>\n\n\n\n<p>Orden\u00f3 adem\u00e1s que en caso de que el procesado por violencia de g\u00e9nero e intrafamiliar, incumpla las reglas, deber\u00e1 agotar la prisi\u00f3n en el Centro de Correcci\u00f3n y Rehabilitaci\u00f3n Najayo Hombres.<\/p>\n\n\n\n<p>De acuerdo a la acusaci\u00f3n&nbsp; presentada en el tribunal por la fiscal litigante Leidy Garc\u00eda, en reiteradas ocasiones entre 2014 y 2021, Inchausti agredi\u00f3 a la v\u00edctima de manera f\u00edsica, verbal y psicol\u00f3gica, tanto en soledad como en presencia de la hija de ambos.<\/p>\n\n\n\n<p>Agrega que la agresi\u00f3n m\u00e1s reciente se produjo el 13 de febrero de 2021 en el sector Piantini, del Distrito Nacional, luego de originarse una discusi\u00f3n entre ambos.<\/p>\n\n\n\n<p>Inchausti fue involucrado en el expediente del alegado desfalco de RD$1,427 millones cometido contra el Estado a trav\u00e9s del Programa Eventual M\u00ednimo de Empleos (PEME), durante el primer gobierno de Leonel Fern\u00e1ndez.<\/p>\n","protected":false},"excerpt":{"rendered":"<p>Santo Domingo, RD.- El Tercer Tribunal Colegiado del Distrito Nacional, conden\u00f3 al dirigente pol\u00edtico Luis Inchausti Rivera a cinco a\u00f1os de prisi\u00f3n, tras ser encontrado culpable de violencia de g\u00e9nero contra su ex pareja. El tribunal, compuesto presidido por la jueza Ana Lee, e integrado por Milagros Ram\u00edrez y Leticia Noboa dispuso que la pena [&hellip;]<\/p>\n","protected":false},"author":1,"featured_media":8160,"comment_status":"open","ping_status":"open","sticky":false,"template":"","format":"standard","meta":{"nf_dc_page":"","jetpack_post_was_ever_published":false,"_jetpack_newsletter_access":"","_jetpack_dont_email_post_to_subs":false,"_jetpack_newsletter_tier_id":0,"_jetpack_memberships_contains_paywalled_content":false,"_jetpack_memberships_contains_paid_content":false,"footnotes":"","jetpack_publicize_message":"","jetpack_publicize_feature_enabled":true,"jetpack_social_post_already_shared":false,"jetpack_social_options":{"image_generator_settings":{"template":"highway","default_image_id":0,"font":"","enabled":false},"version":2}},"categories":[93],"tags":[],"class_list":["post-8159","post","type-post","status-publish","format-standard","has-post-thumbnail","hentry","category-justicia"],"yoast_head":"<!-- This site is optimized with the Yoast SEO plugin v27.4 - https:\/\/yoast.com\/product\/yoast-seo-wordpress\/ -->\n<title>Luis Inchausti es condenado a 5 a\u00f1os de prisi\u00f3n por violencia de g\u00e9nero contra su ex pareja - Minuto Cero RD<\/title>\n<meta name=\"robots\" content=\"index, follow, max-snippet:-1, max-image-preview:large, max-video-preview:-1\" \/>\n<link rel=\"canonical\" href=\"https:\/\/minutocerord.com\/?p=8159\" \/>\n<meta property=\"og:locale\" content=\"es_ES\" \/>\n<meta property=\"og:type\" content=\"article\" \/>\n<meta property=\"og:title\" content=\"Luis Inchausti es condenado a 5 a\u00f1os de prisi\u00f3n por violencia de g\u00e9nero contra su ex pareja - Minuto Cero RD\" \/>\n<meta property=\"og:description\" content=\"Santo Domingo, RD.- El Tercer Tribunal Colegiado del Distrito Nacional, conden\u00f3 al dirigente pol\u00edtico Luis Inchausti Rivera a cinco a\u00f1os de prisi\u00f3n, tras ser encontrado culpable de violencia de g\u00e9nero contra su ex pareja. El tribunal, compuesto presidido por la jueza Ana Lee, e integrado por Milagros Ram\u00edrez y Leticia Noboa dispuso que la pena [&hellip;]\" \/>\n<meta property=\"og:url\" content=\"https:\/\/minutocerord.com\/?p=8159\" \/>\n<meta property=\"og:site_name\" content=\"Minuto Cero RD\" \/>\n<meta property=\"article:publisher\" content=\"https:\/\/www.facebook.com\/Genofnotes\" \/>\n<meta property=\"article:author\" content=\"https:\/\/www.facebook.com\/Genofnotes\" \/>\n<meta property=\"article:published_time\" content=\"2022-03-17T21:41:44+00:00\" \/>\n<meta property=\"article:modified_time\" content=\"2022-03-17T21:41:46+00:00\" \/>\n<meta property=\"og:image\" content=\"https:\/\/i0.wp.com\/minutocerord.com\/wp-content\/uploads\/2022\/03\/202203171920361.jpeg?fit=1147%2C874&ssl=1\" \/>\n\t<meta property=\"og:image:width\" content=\"1147\" \/>\n\t<meta property=\"og:image:height\" content=\"874\" \/>\n\t<meta property=\"og:image:type\" content=\"image\/jpeg\" \/>\n<meta name=\"author\" content=\"Genof\u00f3ntes Urb\u00e1ez\" \/>\n<meta name=\"twitter:card\" content=\"summary_large_image\" \/>\n<meta name=\"twitter:label1\" content=\"Written by\" \/>\n\t<meta name=\"twitter:data1\" content=\"Genof\u00f3ntes Urb\u00e1ez\" \/>\n\t<meta name=\"twitter:label2\" content=\"Est. reading time\" \/>\n\t<meta name=\"twitter:data2\" content=\"2 minutos\" \/>\n<script type=\"application\/ld+json\" class=\"yoast-schema-graph\">{\"@context\":\"https:\\\/\\\/schema.org\",\"@graph\":[{\"@type\":\"Article\",\"@id\":\"https:\\\/\\\/minutocerord.com\\\/?p=8159#article\",\"isPartOf\":{\"@id\":\"https:\\\/\\\/minutocerord.com\\\/?p=8159\"},\"author\":{\"name\":\"Genof\u00f3ntes Urb\u00e1ez\",\"@id\":\"https:\\\/\\\/minutocerord.com\\\/#\\\/schema\\\/person\\\/60b5372d60aaa0a5171fb6488be9aee6\"},\"headline\":\"Luis Inchausti es condenado a 5 a\u00f1os de prisi\u00f3n por violencia de g\u00e9nero contra su ex pareja\",\"datePublished\":\"2022-03-17T21:41:44+00:00\",\"dateModified\":\"2022-03-17T21:41:46+00:00\",\"mainEntityOfPage\":{\"@id\":\"https:\\\/\\\/minutocerord.com\\\/?p=8159\"},\"wordCount\":318,\"commentCount\":0,\"publisher\":{\"@id\":\"https:\\\/\\\/minutocerord.com\\\/#\\\/schema\\\/person\\\/60b5372d60aaa0a5171fb6488be9aee6\"},\"image\":{\"@id\":\"https:\\\/\\\/minutocerord.com\\\/?p=8159#primaryimage\"},\"thumbnailUrl\":\"https:\\\/\\\/i0.wp.com\\\/minutocerord.com\\\/wp-content\\\/uploads\\\/2022\\\/03\\\/202203171920361.jpeg?fit=1147%2C874&ssl=1\",\"articleSection\":[\"Justicia\"],\"inLanguage\":\"es-DO\",\"potentialAction\":[{\"@type\":\"CommentAction\",\"name\":\"Comment\",\"target\":[\"https:\\\/\\\/minutocerord.com\\\/?p=8159#respond\"]}]},{\"@type\":\"WebPage\",\"@id\":\"https:\\\/\\\/minutocerord.com\\\/?p=8159\",\"url\":\"https:\\\/\\\/minutocerord.com\\\/?p=8159\",\"name\":\"Luis Inchausti es condenado a 5 a\u00f1os de prisi\u00f3n por violencia de g\u00e9nero contra su ex pareja - Minuto Cero RD\",\"isPartOf\":{\"@id\":\"https:\\\/\\\/minutocerord.com\\\/#website\"},\"primaryImageOfPage\":{\"@id\":\"https:\\\/\\\/minutocerord.com\\\/?p=8159#primaryimage\"},\"image\":{\"@id\":\"https:\\\/\\\/minutocerord.com\\\/?p=8159#primaryimage\"},\"thumbnailUrl\":\"https:\\\/\\\/i0.wp.com\\\/minutocerord.com\\\/wp-content\\\/uploads\\\/2022\\\/03\\\/202203171920361.jpeg?fit=1147%2C874&ssl=1\",\"datePublished\":\"2022-03-17T21:41:44+00:00\",\"dateModified\":\"2022-03-17T21:41:46+00:00\",\"breadcrumb\":{\"@id\":\"https:\\\/\\\/minutocerord.com\\\/?p=8159#breadcrumb\"},\"inLanguage\":\"es-DO\",\"potentialAction\":[{\"@type\":\"ReadAction\",\"target\":[\"https:\\\/\\\/minutocerord.com\\\/?p=8159\"]}]},{\"@type\":\"ImageObject\",\"inLanguage\":\"es-DO\",\"@id\":\"https:\\\/\\\/minutocerord.com\\\/?p=8159#primaryimage\",\"url\":\"https:\\\/\\\/i0.wp.com\\\/minutocerord.com\\\/wp-content\\\/uploads\\\/2022\\\/03\\\/202203171920361.jpeg?fit=1147%2C874&ssl=1\",\"contentUrl\":\"https:\\\/\\\/i0.wp.com\\\/minutocerord.com\\\/wp-content\\\/uploads\\\/2022\\\/03\\\/202203171920361.jpeg?fit=1147%2C874&ssl=1\",\"width\":1147,\"height\":874},{\"@type\":\"BreadcrumbList\",\"@id\":\"https:\\\/\\\/minutocerord.com\\\/?p=8159#breadcrumb\",\"itemListElement\":[{\"@type\":\"ListItem\",\"position\":1,\"name\":\"Home\",\"item\":\"https:\\\/\\\/minutocerord.com\\\/\"},{\"@type\":\"ListItem\",\"position\":2,\"name\":\"Luis Inchausti es condenado a 5 a\u00f1os de prisi\u00f3n por violencia de g\u00e9nero contra su ex pareja\"}]},{\"@type\":\"WebSite\",\"@id\":\"https:\\\/\\\/minutocerord.com\\\/#website\",\"url\":\"https:\\\/\\\/minutocerord.com\\\/\",\"name\":\"Minuto Cero RD\",\"description\":\"Periodismo serio y veraz\",\"publisher\":{\"@id\":\"https:\\\/\\\/minutocerord.com\\\/#\\\/schema\\\/person\\\/60b5372d60aaa0a5171fb6488be9aee6\"},\"potentialAction\":[{\"@type\":\"SearchAction\",\"target\":{\"@type\":\"EntryPoint\",\"urlTemplate\":\"https:\\\/\\\/minutocerord.com\\\/?s={search_term_string}\"},\"query-input\":{\"@type\":\"PropertyValueSpecification\",\"valueRequired\":true,\"valueName\":\"search_term_string\"}}],\"inLanguage\":\"es-DO\"},{\"@type\":[\"Person\",\"Organization\"],\"@id\":\"https:\\\/\\\/minutocerord.com\\\/#\\\/schema\\\/person\\\/60b5372d60aaa0a5171fb6488be9aee6\",\"name\":\"Genof\u00f3ntes Urb\u00e1ez\",\"image\":{\"@type\":\"ImageObject\",\"inLanguage\":\"es-DO\",\"@id\":\"https:\\\/\\\/secure.gravatar.com\\\/avatar\\\/a49ef3186a692098ac3e8a1612261e3ad70cf9e44553dff2929e67939a0ecb9d?s=96&d=identicon&r=g\",\"url\":\"https:\\\/\\\/secure.gravatar.com\\\/avatar\\\/a49ef3186a692098ac3e8a1612261e3ad70cf9e44553dff2929e67939a0ecb9d?s=96&d=identicon&r=g\",\"contentUrl\":\"https:\\\/\\\/secure.gravatar.com\\\/avatar\\\/a49ef3186a692098ac3e8a1612261e3ad70cf9e44553dff2929e67939a0ecb9d?s=96&d=identicon&r=g\",\"caption\":\"Genof\u00f3ntes Urb\u00e1ez\"},\"logo\":{\"@id\":\"https:\\\/\\\/secure.gravatar.com\\\/avatar\\\/a49ef3186a692098ac3e8a1612261e3ad70cf9e44553dff2929e67939a0ecb9d?s=96&d=identicon&r=g\"},\"description\":\"Periodista \\\/ Locutor\",\"sameAs\":[\"https:\\\/\\\/www.facebook.com\\\/Genofnotes\",\"https:\\\/\\\/www.instagram.com\\\/genofnotes\\\/\"]}]}<\/script>\n<!-- \/ Yoast SEO plugin. -->","yoast_head_json":{"title":"Luis Inchausti es condenado a 5 a\u00f1os de prisi\u00f3n por violencia de g\u00e9nero contra su ex pareja - Minuto Cero RD","robots":{"index":"index","follow":"follow","max-snippet":"max-snippet:-1","max-image-preview":"max-image-preview:large","max-video-preview":"max-video-preview:-1"},"canonical":"https:\/\/minutocerord.com\/?p=8159","og_locale":"es_ES","og_type":"article","og_title":"Luis Inchausti es condenado a 5 a\u00f1os de prisi\u00f3n por violencia de g\u00e9nero contra su ex pareja - Minuto Cero RD","og_description":"Santo Domingo, RD.- El Tercer Tribunal Colegiado del Distrito Nacional, conden\u00f3 al dirigente pol\u00edtico Luis Inchausti Rivera a cinco a\u00f1os de prisi\u00f3n, tras ser encontrado culpable de violencia de g\u00e9nero contra su ex pareja. El tribunal, compuesto presidido por la jueza Ana Lee, e integrado por Milagros Ram\u00edrez y Leticia Noboa dispuso que la pena [&hellip;]","og_url":"https:\/\/minutocerord.com\/?p=8159","og_site_name":"Minuto Cero RD","article_publisher":"https:\/\/www.facebook.com\/Genofnotes","article_author":"https:\/\/www.facebook.com\/Genofnotes","article_published_time":"2022-03-17T21:41:44+00:00","article_modified_time":"2022-03-17T21:41:46+00:00","og_image":[{"width":1147,"height":874,"url":"https:\/\/i0.wp.com\/minutocerord.com\/wp-content\/uploads\/2022\/03\/202203171920361.jpeg?fit=1147%2C874&ssl=1","type":"image\/jpeg"}],"author":"Genof\u00f3ntes Urb\u00e1ez","twitter_card":"summary_large_image","twitter_misc":{"Written by":"Genof\u00f3ntes Urb\u00e1ez","Est. reading time":"2 minutos"},"schema":{"@context":"https:\/\/schema.org","@graph":[{"@type":"Article","@id":"https:\/\/minutocerord.com\/?p=8159#article","isPartOf":{"@id":"https:\/\/minutocerord.com\/?p=8159"},"author":{"name":"Genof\u00f3ntes Urb\u00e1ez","@id":"https:\/\/minutocerord.com\/#\/schema\/person\/60b5372d60aaa0a5171fb6488be9aee6"},"headline":"Luis Inchausti es condenado a 5 a\u00f1os de prisi\u00f3n por violencia de g\u00e9nero contra su ex pareja","datePublished":"2022-03-17T21:41:44+00:00","dateModified":"2022-03-17T21:41:46+00:00","mainEntityOfPage":{"@id":"https:\/\/minutocerord.com\/?p=8159"},"wordCount":318,"commentCount":0,"publisher":{"@id":"https:\/\/minutocerord.com\/#\/schema\/person\/60b5372d60aaa0a5171fb6488be9aee6"},"image":{"@id":"https:\/\/minutocerord.com\/?p=8159#primaryimage"},"thumbnailUrl":"https:\/\/i0.wp.com\/minutocerord.com\/wp-content\/uploads\/2022\/03\/202203171920361.jpeg?fit=1147%2C874&ssl=1","articleSection":["Justicia"],"inLanguage":"es-DO","potentialAction":[{"@type":"CommentAction","name":"Comment","target":["https:\/\/minutocerord.com\/?p=8159#respond"]}]},{"@type":"WebPage","@id":"https:\/\/minutocerord.com\/?p=8159","url":"https:\/\/minutocerord.com\/?p=8159","name":"Luis Inchausti es condenado a 5 a\u00f1os de prisi\u00f3n por violencia de g\u00e9nero contra su ex pareja - Minuto Cero RD","isPartOf":{"@id":"https:\/\/minutocerord.com\/#website"},"primaryImageOfPage":{"@id":"https:\/\/minutocerord.com\/?p=8159#primaryimage"},"image":{"@id":"https:\/\/minutocerord.com\/?p=8159#primaryimage"},"thumbnailUrl":"https:\/\/i0.wp.com\/minutocerord.com\/wp-content\/uploads\/2022\/03\/202203171920361.jpeg?fit=1147%2C874&ssl=1","datePublished":"2022-03-17T21:41:44+00:00","dateModified":"2022-03-17T21:41:46+00:00","breadcrumb":{"@id":"https:\/\/minutocerord.com\/?p=8159#breadcrumb"},"inLanguage":"es-DO","potentialAction":[{"@type":"ReadAction","target":["https:\/\/minutocerord.com\/?p=8159"]}]},{"@type":"ImageObject","inLanguage":"es-DO","@id":"https:\/\/minutocerord.com\/?p=8159#primaryimage","url":"https:\/\/i0.wp.com\/minutocerord.com\/wp-content\/uploads\/2022\/03\/202203171920361.jpeg?fit=1147%2C874&ssl=1","contentUrl":"https:\/\/i0.wp.com\/minutocerord.com\/wp-content\/uploads\/2022\/03\/202203171920361.jpeg?fit=1147%2C874&ssl=1","width":1147,"height":874},{"@type":"BreadcrumbList","@id":"https:\/\/minutocerord.com\/?p=8159#breadcrumb","itemListElement":[{"@type":"ListItem","position":1,"name":"Home","item":"https:\/\/minutocerord.com\/"},{"@type":"ListItem","position":2,"name":"Luis Inchausti es condenado a 5 a\u00f1os de prisi\u00f3n por violencia de g\u00e9nero contra su ex pareja"}]},{"@type":"WebSite","@id":"https:\/\/minutocerord.com\/#website","url":"https:\/\/minutocerord.com\/","name":"Minuto Cero RD","description":"Periodismo serio y veraz","publisher":{"@id":"https:\/\/minutocerord.com\/#\/schema\/person\/60b5372d60aaa0a5171fb6488be9aee6"},"potentialAction":[{"@type":"SearchAction","target":{"@type":"EntryPoint","urlTemplate":"https:\/\/minutocerord.com\/?s={search_term_string}"},"query-input":{"@type":"PropertyValueSpecification","valueRequired":true,"valueName":"search_term_string"}}],"inLanguage":"es-DO"},{"@type":["Person","Organization"],"@id":"https:\/\/minutocerord.com\/#\/schema\/person\/60b5372d60aaa0a5171fb6488be9aee6","name":"Genof\u00f3ntes Urb\u00e1ez","image":{"@type":"ImageObject","inLanguage":"es-DO","@id":"https:\/\/secure.gravatar.com\/avatar\/a49ef3186a692098ac3e8a1612261e3ad70cf9e44553dff2929e67939a0ecb9d?s=96&d=identicon&r=g","url":"https:\/\/secure.gravatar.com\/avatar\/a49ef3186a692098ac3e8a1612261e3ad70cf9e44553dff2929e67939a0ecb9d?s=96&d=identicon&r=g","contentUrl":"https:\/\/secure.gravatar.com\/avatar\/a49ef3186a692098ac3e8a1612261e3ad70cf9e44553dff2929e67939a0ecb9d?s=96&d=identicon&r=g","caption":"Genof\u00f3ntes Urb\u00e1ez"},"logo":{"@id":"https:\/\/secure.gravatar.com\/avatar\/a49ef3186a692098ac3e8a1612261e3ad70cf9e44553dff2929e67939a0ecb9d?s=96&d=identicon&r=g"},"description":"Periodista \/ Locutor","sameAs":["https:\/\/www.facebook.com\/Genofnotes","https:\/\/www.instagram.com\/genofnotes\/"]}]}},"jetpack_publicize_connections":[],"jetpack_featured_media_url":"https:\/\/i0.wp.com\/minutocerord.com\/wp-content\/uploads\/2022\/03\/202203171920361.jpeg?fit=1147%2C874&ssl=1","jetpack-related-posts":[],"jetpack_sharing_enabled":true,"_links":{"self":[{"href":"https:\/\/minutocerord.com\/index.php?rest_route=\/wp\/v2\/posts\/8159","targetHints":{"allow":["GET"]}}],"collection":[{"href":"https:\/\/minutocerord.com\/index.php?rest_route=\/wp\/v2\/posts"}],"about":[{"href":"https:\/\/minutocerord.com\/index.php?rest_route=\/wp\/v2\/types\/post"}],"author":[{"embeddable":true,"href":"https:\/\/minutocerord.com\/index.php?rest_route=\/wp\/v2\/users\/1"}],"replies":[{"embeddable":true,"href":"https:\/\/minutocerord.com\/index.php?rest_route=%2Fwp%2Fv2%2Fcomments&post=8159"}],"version-history":[{"count":1,"href":"https:\/\/minutocerord.com\/index.php?rest_route=\/wp\/v2\/posts\/8159\/revisions"}],"predecessor-version":[{"id":8161,"href":"https:\/\/minutocerord.com\/index.php?rest_route=\/wp\/v2\/posts\/8159\/revisions\/8161"}],"wp:featuredmedia":[{"embeddable":true,"href":"https:\/\/minutocerord.com\/index.php?rest_route=\/wp\/v2\/media\/8160"}],"wp:attachment":[{"href":"https:\/\/minutocerord.com\/index.php?rest_route=%2Fwp%2Fv2%2Fmedia&parent=8159"}],"wp:term":[{"taxonomy":"category","embeddable":true,"href":"https:\/\/minutocerord.com\/index.php?rest_route=%2Fwp%2Fv2%2Fcategories&post=8159"},{"taxonomy":"post_tag","embeddable":true,"href":"https:\/\/minutocerord.com\/index.php?rest_route=%2Fwp%2Fv2%2Ftags&post=8159"}],"curies":[{"name":"wp","href":"https:\/\/api.w.org\/{rel}","templated":true}]}}