{"id":8169,"date":"2022-03-17T18:31:36","date_gmt":"2022-03-17T22:31:36","guid":{"rendered":"https:\/\/minutocerord.com\/?p=8169"},"modified":"2022-03-17T18:31:40","modified_gmt":"2022-03-17T22:31:40","slug":"un-juez-concedio-la-extradicion-al-ex-presidente-hondureno-juan-orlando-hernandez-a-eeuu-por-narcotrafico","status":"publish","type":"post","link":"https:\/\/minutocerord.com\/?p=8169","title":{"rendered":"Un juez concedi\u00f3 la extradici\u00f3n al ex presidente hondure\u00f1o Juan Orlando Hern\u00e1ndez a EEUU por narcotr\u00e1fico"},"content":{"rendered":"\n<p><strong>Honduras.- <\/strong>Un juez de Tegucigalpa concedi\u00f3 este mi\u00e9rcoles la extradici\u00f3n a Estados Unidos del expresidente de Honduras Juan Orlando Hern\u00e1ndez (2014-2022), reclamado para ser procesado por narcotr\u00e1fico y uso ilegal de armas.<\/p>\n\n\n\n<p>\u201cJuez de Extradici\u00f3n de Primera Instancia resuelve: conceder solicitud de Extradici\u00f3n remitida por la Corte del Distrito Sur de Nueva York para el expresidente de la Rep\u00fablica Juan Orlando Hern\u00e1ndez Alvarado\u201d, inform\u00f3 en Twitter la Corte Suprema de Justicia.<\/p>\n\n\n\n<p>AP<\/p>\n","protected":false},"excerpt":{"rendered":"<p>Honduras.- Un juez de Tegucigalpa concedi\u00f3 este mi\u00e9rcoles la extradici\u00f3n a Estados Unidos del expresidente de Honduras Juan Orlando Hern\u00e1ndez (2014-2022), reclamado para ser procesado por narcotr\u00e1fico y uso ilegal de armas. \u201cJuez de Extradici\u00f3n de Primera Instancia resuelve: conceder solicitud de Extradici\u00f3n remitida por la Corte del Distrito Sur de Nueva York para el [&hellip;]<\/p>\n","protected":false},"author":1,"featured_media":8170,"comment_status":"open","ping_status":"open","sticky":false,"template":"","format":"standard","meta":{"nf_dc_page":"","jetpack_post_was_ever_published":false,"_jetpack_newsletter_access":"","_jetpack_dont_email_post_to_subs":false,"_jetpack_newsletter_tier_id":0,"_jetpack_memberships_contains_paywalled_content":false,"_jetpack_memberships_contains_paid_content":false,"footnotes":"","jetpack_publicize_message":"","jetpack_publicize_feature_enabled":true,"jetpack_social_post_already_shared":false,"jetpack_social_options":{"image_generator_settings":{"template":"highway","default_image_id":0,"font":"","enabled":false},"version":2}},"categories":[66],"tags":[],"class_list":["post-8169","post","type-post","status-publish","format-standard","has-post-thumbnail","hentry","category-internacionales"],"yoast_head":"<!-- This site is optimized with the Yoast SEO plugin v27.4 - https:\/\/yoast.com\/product\/yoast-seo-wordpress\/ -->\n<title>Un juez concedi\u00f3 la extradici\u00f3n al ex presidente hondure\u00f1o Juan Orlando Hern\u00e1ndez a EEUU por narcotr\u00e1fico - Minuto Cero RD<\/title>\n<meta name=\"robots\" content=\"index, follow, max-snippet:-1, max-image-preview:large, max-video-preview:-1\" \/>\n<link rel=\"canonical\" href=\"https:\/\/minutocerord.com\/?p=8169\" \/>\n<meta property=\"og:locale\" content=\"es_ES\" \/>\n<meta property=\"og:type\" content=\"article\" \/>\n<meta property=\"og:title\" content=\"Un juez concedi\u00f3 la extradici\u00f3n al ex presidente hondure\u00f1o Juan Orlando Hern\u00e1ndez a EEUU por narcotr\u00e1fico - Minuto Cero RD\" \/>\n<meta property=\"og:description\" content=\"Honduras.- Un juez de Tegucigalpa concedi\u00f3 este mi\u00e9rcoles la extradici\u00f3n a Estados Unidos del expresidente de Honduras Juan Orlando Hern\u00e1ndez (2014-2022), reclamado para ser procesado por narcotr\u00e1fico y uso ilegal de armas. \u201cJuez de Extradici\u00f3n de Primera Instancia resuelve: conceder solicitud de Extradici\u00f3n remitida por la Corte del Distrito Sur de Nueva York para el [&hellip;]\" \/>\n<meta property=\"og:url\" content=\"https:\/\/minutocerord.com\/?p=8169\" \/>\n<meta property=\"og:site_name\" content=\"Minuto Cero RD\" \/>\n<meta property=\"article:publisher\" content=\"https:\/\/www.facebook.com\/Genofnotes\" \/>\n<meta property=\"article:author\" content=\"https:\/\/www.facebook.com\/Genofnotes\" \/>\n<meta property=\"article:published_time\" content=\"2022-03-17T22:31:36+00:00\" \/>\n<meta property=\"article:modified_time\" content=\"2022-03-17T22:31:40+00:00\" \/>\n<meta property=\"og:image\" content=\"https:\/\/i0.wp.com\/minutocerord.com\/wp-content\/uploads\/2022\/03\/ATSQJ7ZB6MQMTXBA7RQSXDEB5A.jpg?fit=992%2C661&ssl=1\" \/>\n\t<meta property=\"og:image:width\" content=\"992\" \/>\n\t<meta property=\"og:image:height\" content=\"661\" \/>\n\t<meta property=\"og:image:type\" content=\"image\/jpeg\" \/>\n<meta name=\"author\" content=\"Genof\u00f3ntes Urb\u00e1ez\" \/>\n<meta name=\"twitter:card\" content=\"summary_large_image\" \/>\n<meta name=\"twitter:label1\" content=\"Written by\" \/>\n\t<meta name=\"twitter:data1\" content=\"Genof\u00f3ntes Urb\u00e1ez\" \/>\n\t<meta name=\"twitter:label2\" content=\"Est. reading time\" \/>\n\t<meta name=\"twitter:data2\" content=\"1 minuto\" \/>\n<script type=\"application\/ld+json\" class=\"yoast-schema-graph\">{\"@context\":\"https:\\\/\\\/schema.org\",\"@graph\":[{\"@type\":\"Article\",\"@id\":\"https:\\\/\\\/minutocerord.com\\\/?p=8169#article\",\"isPartOf\":{\"@id\":\"https:\\\/\\\/minutocerord.com\\\/?p=8169\"},\"author\":{\"name\":\"Genof\u00f3ntes Urb\u00e1ez\",\"@id\":\"https:\\\/\\\/minutocerord.com\\\/#\\\/schema\\\/person\\\/60b5372d60aaa0a5171fb6488be9aee6\"},\"headline\":\"Un juez concedi\u00f3 la extradici\u00f3n al ex presidente hondure\u00f1o Juan Orlando Hern\u00e1ndez a EEUU por narcotr\u00e1fico\",\"datePublished\":\"2022-03-17T22:31:36+00:00\",\"dateModified\":\"2022-03-17T22:31:40+00:00\",\"mainEntityOfPage\":{\"@id\":\"https:\\\/\\\/minutocerord.com\\\/?p=8169\"},\"wordCount\":101,\"commentCount\":0,\"publisher\":{\"@id\":\"https:\\\/\\\/minutocerord.com\\\/#\\\/schema\\\/person\\\/60b5372d60aaa0a5171fb6488be9aee6\"},\"image\":{\"@id\":\"https:\\\/\\\/minutocerord.com\\\/?p=8169#primaryimage\"},\"thumbnailUrl\":\"https:\\\/\\\/i0.wp.com\\\/minutocerord.com\\\/wp-content\\\/uploads\\\/2022\\\/03\\\/ATSQJ7ZB6MQMTXBA7RQSXDEB5A.jpg?fit=992%2C661&ssl=1\",\"articleSection\":[\"Internacionales\"],\"inLanguage\":\"es-DO\",\"potentialAction\":[{\"@type\":\"CommentAction\",\"name\":\"Comment\",\"target\":[\"https:\\\/\\\/minutocerord.com\\\/?p=8169#respond\"]}]},{\"@type\":\"WebPage\",\"@id\":\"https:\\\/\\\/minutocerord.com\\\/?p=8169\",\"url\":\"https:\\\/\\\/minutocerord.com\\\/?p=8169\",\"name\":\"Un juez concedi\u00f3 la extradici\u00f3n al ex presidente hondure\u00f1o Juan Orlando Hern\u00e1ndez a EEUU por narcotr\u00e1fico - Minuto Cero RD\",\"isPartOf\":{\"@id\":\"https:\\\/\\\/minutocerord.com\\\/#website\"},\"primaryImageOfPage\":{\"@id\":\"https:\\\/\\\/minutocerord.com\\\/?p=8169#primaryimage\"},\"image\":{\"@id\":\"https:\\\/\\\/minutocerord.com\\\/?p=8169#primaryimage\"},\"thumbnailUrl\":\"https:\\\/\\\/i0.wp.com\\\/minutocerord.com\\\/wp-content\\\/uploads\\\/2022\\\/03\\\/ATSQJ7ZB6MQMTXBA7RQSXDEB5A.jpg?fit=992%2C661&ssl=1\",\"datePublished\":\"2022-03-17T22:31:36+00:00\",\"dateModified\":\"2022-03-17T22:31:40+00:00\",\"breadcrumb\":{\"@id\":\"https:\\\/\\\/minutocerord.com\\\/?p=8169#breadcrumb\"},\"inLanguage\":\"es-DO\",\"potentialAction\":[{\"@type\":\"ReadAction\",\"target\":[\"https:\\\/\\\/minutocerord.com\\\/?p=8169\"]}]},{\"@type\":\"ImageObject\",\"inLanguage\":\"es-DO\",\"@id\":\"https:\\\/\\\/minutocerord.com\\\/?p=8169#primaryimage\",\"url\":\"https:\\\/\\\/i0.wp.com\\\/minutocerord.com\\\/wp-content\\\/uploads\\\/2022\\\/03\\\/ATSQJ7ZB6MQMTXBA7RQSXDEB5A.jpg?fit=992%2C661&ssl=1\",\"contentUrl\":\"https:\\\/\\\/i0.wp.com\\\/minutocerord.com\\\/wp-content\\\/uploads\\\/2022\\\/03\\\/ATSQJ7ZB6MQMTXBA7RQSXDEB5A.jpg?fit=992%2C661&ssl=1\",\"width\":992,\"height\":661},{\"@type\":\"BreadcrumbList\",\"@id\":\"https:\\\/\\\/minutocerord.com\\\/?p=8169#breadcrumb\",\"itemListElement\":[{\"@type\":\"ListItem\",\"position\":1,\"name\":\"Home\",\"item\":\"https:\\\/\\\/minutocerord.com\\\/\"},{\"@type\":\"ListItem\",\"position\":2,\"name\":\"Un juez concedi\u00f3 la extradici\u00f3n al ex presidente hondure\u00f1o Juan Orlando Hern\u00e1ndez a EEUU por narcotr\u00e1fico\"}]},{\"@type\":\"WebSite\",\"@id\":\"https:\\\/\\\/minutocerord.com\\\/#website\",\"url\":\"https:\\\/\\\/minutocerord.com\\\/\",\"name\":\"Minuto Cero RD\",\"description\":\"Periodismo serio y veraz\",\"publisher\":{\"@id\":\"https:\\\/\\\/minutocerord.com\\\/#\\\/schema\\\/person\\\/60b5372d60aaa0a5171fb6488be9aee6\"},\"potentialAction\":[{\"@type\":\"SearchAction\",\"target\":{\"@type\":\"EntryPoint\",\"urlTemplate\":\"https:\\\/\\\/minutocerord.com\\\/?s={search_term_string}\"},\"query-input\":{\"@type\":\"PropertyValueSpecification\",\"valueRequired\":true,\"valueName\":\"search_term_string\"}}],\"inLanguage\":\"es-DO\"},{\"@type\":[\"Person\",\"Organization\"],\"@id\":\"https:\\\/\\\/minutocerord.com\\\/#\\\/schema\\\/person\\\/60b5372d60aaa0a5171fb6488be9aee6\",\"name\":\"Genof\u00f3ntes Urb\u00e1ez\",\"image\":{\"@type\":\"ImageObject\",\"inLanguage\":\"es-DO\",\"@id\":\"https:\\\/\\\/secure.gravatar.com\\\/avatar\\\/a49ef3186a692098ac3e8a1612261e3ad70cf9e44553dff2929e67939a0ecb9d?s=96&d=identicon&r=g\",\"url\":\"https:\\\/\\\/secure.gravatar.com\\\/avatar\\\/a49ef3186a692098ac3e8a1612261e3ad70cf9e44553dff2929e67939a0ecb9d?s=96&d=identicon&r=g\",\"contentUrl\":\"https:\\\/\\\/secure.gravatar.com\\\/avatar\\\/a49ef3186a692098ac3e8a1612261e3ad70cf9e44553dff2929e67939a0ecb9d?s=96&d=identicon&r=g\",\"caption\":\"Genof\u00f3ntes Urb\u00e1ez\"},\"logo\":{\"@id\":\"https:\\\/\\\/secure.gravatar.com\\\/avatar\\\/a49ef3186a692098ac3e8a1612261e3ad70cf9e44553dff2929e67939a0ecb9d?s=96&d=identicon&r=g\"},\"description\":\"Periodista \\\/ Locutor\",\"sameAs\":[\"https:\\\/\\\/www.facebook.com\\\/Genofnotes\",\"https:\\\/\\\/www.instagram.com\\\/genofnotes\\\/\"]}]}<\/script>\n<!-- \/ Yoast SEO plugin. -->","yoast_head_json":{"title":"Un juez concedi\u00f3 la extradici\u00f3n al ex presidente hondure\u00f1o Juan Orlando Hern\u00e1ndez a EEUU por narcotr\u00e1fico - Minuto Cero RD","robots":{"index":"index","follow":"follow","max-snippet":"max-snippet:-1","max-image-preview":"max-image-preview:large","max-video-preview":"max-video-preview:-1"},"canonical":"https:\/\/minutocerord.com\/?p=8169","og_locale":"es_ES","og_type":"article","og_title":"Un juez concedi\u00f3 la extradici\u00f3n al ex presidente hondure\u00f1o Juan Orlando Hern\u00e1ndez a EEUU por narcotr\u00e1fico - Minuto Cero RD","og_description":"Honduras.- Un juez de Tegucigalpa concedi\u00f3 este mi\u00e9rcoles la extradici\u00f3n a Estados Unidos del expresidente de Honduras Juan Orlando Hern\u00e1ndez (2014-2022), reclamado para ser procesado por narcotr\u00e1fico y uso ilegal de armas. \u201cJuez de Extradici\u00f3n de Primera Instancia resuelve: conceder solicitud de Extradici\u00f3n remitida por la Corte del Distrito Sur de Nueva York para el [&hellip;]","og_url":"https:\/\/minutocerord.com\/?p=8169","og_site_name":"Minuto Cero RD","article_publisher":"https:\/\/www.facebook.com\/Genofnotes","article_author":"https:\/\/www.facebook.com\/Genofnotes","article_published_time":"2022-03-17T22:31:36+00:00","article_modified_time":"2022-03-17T22:31:40+00:00","og_image":[{"width":992,"height":661,"url":"https:\/\/i0.wp.com\/minutocerord.com\/wp-content\/uploads\/2022\/03\/ATSQJ7ZB6MQMTXBA7RQSXDEB5A.jpg?fit=992%2C661&ssl=1","type":"image\/jpeg"}],"author":"Genof\u00f3ntes Urb\u00e1ez","twitter_card":"summary_large_image","twitter_misc":{"Written by":"Genof\u00f3ntes Urb\u00e1ez","Est. reading time":"1 minuto"},"schema":{"@context":"https:\/\/schema.org","@graph":[{"@type":"Article","@id":"https:\/\/minutocerord.com\/?p=8169#article","isPartOf":{"@id":"https:\/\/minutocerord.com\/?p=8169"},"author":{"name":"Genof\u00f3ntes Urb\u00e1ez","@id":"https:\/\/minutocerord.com\/#\/schema\/person\/60b5372d60aaa0a5171fb6488be9aee6"},"headline":"Un juez concedi\u00f3 la extradici\u00f3n al ex presidente hondure\u00f1o Juan Orlando Hern\u00e1ndez a EEUU por narcotr\u00e1fico","datePublished":"2022-03-17T22:31:36+00:00","dateModified":"2022-03-17T22:31:40+00:00","mainEntityOfPage":{"@id":"https:\/\/minutocerord.com\/?p=8169"},"wordCount":101,"commentCount":0,"publisher":{"@id":"https:\/\/minutocerord.com\/#\/schema\/person\/60b5372d60aaa0a5171fb6488be9aee6"},"image":{"@id":"https:\/\/minutocerord.com\/?p=8169#primaryimage"},"thumbnailUrl":"https:\/\/i0.wp.com\/minutocerord.com\/wp-content\/uploads\/2022\/03\/ATSQJ7ZB6MQMTXBA7RQSXDEB5A.jpg?fit=992%2C661&ssl=1","articleSection":["Internacionales"],"inLanguage":"es-DO","potentialAction":[{"@type":"CommentAction","name":"Comment","target":["https:\/\/minutocerord.com\/?p=8169#respond"]}]},{"@type":"WebPage","@id":"https:\/\/minutocerord.com\/?p=8169","url":"https:\/\/minutocerord.com\/?p=8169","name":"Un juez concedi\u00f3 la extradici\u00f3n al ex presidente hondure\u00f1o Juan Orlando Hern\u00e1ndez a EEUU por narcotr\u00e1fico - Minuto Cero RD","isPartOf":{"@id":"https:\/\/minutocerord.com\/#website"},"primaryImageOfPage":{"@id":"https:\/\/minutocerord.com\/?p=8169#primaryimage"},"image":{"@id":"https:\/\/minutocerord.com\/?p=8169#primaryimage"},"thumbnailUrl":"https:\/\/i0.wp.com\/minutocerord.com\/wp-content\/uploads\/2022\/03\/ATSQJ7ZB6MQMTXBA7RQSXDEB5A.jpg?fit=992%2C661&ssl=1","datePublished":"2022-03-17T22:31:36+00:00","dateModified":"2022-03-17T22:31:40+00:00","breadcrumb":{"@id":"https:\/\/minutocerord.com\/?p=8169#breadcrumb"},"inLanguage":"es-DO","potentialAction":[{"@type":"ReadAction","target":["https:\/\/minutocerord.com\/?p=8169"]}]},{"@type":"ImageObject","inLanguage":"es-DO","@id":"https:\/\/minutocerord.com\/?p=8169#primaryimage","url":"https:\/\/i0.wp.com\/minutocerord.com\/wp-content\/uploads\/2022\/03\/ATSQJ7ZB6MQMTXBA7RQSXDEB5A.jpg?fit=992%2C661&ssl=1","contentUrl":"https:\/\/i0.wp.com\/minutocerord.com\/wp-content\/uploads\/2022\/03\/ATSQJ7ZB6MQMTXBA7RQSXDEB5A.jpg?fit=992%2C661&ssl=1","width":992,"height":661},{"@type":"BreadcrumbList","@id":"https:\/\/minutocerord.com\/?p=8169#breadcrumb","itemListElement":[{"@type":"ListItem","position":1,"name":"Home","item":"https:\/\/minutocerord.com\/"},{"@type":"ListItem","position":2,"name":"Un juez concedi\u00f3 la extradici\u00f3n al ex presidente hondure\u00f1o Juan Orlando Hern\u00e1ndez a EEUU por narcotr\u00e1fico"}]},{"@type":"WebSite","@id":"https:\/\/minutocerord.com\/#website","url":"https:\/\/minutocerord.com\/","name":"Minuto Cero RD","description":"Periodismo serio y veraz","publisher":{"@id":"https:\/\/minutocerord.com\/#\/schema\/person\/60b5372d60aaa0a5171fb6488be9aee6"},"potentialAction":[{"@type":"SearchAction","target":{"@type":"EntryPoint","urlTemplate":"https:\/\/minutocerord.com\/?s={search_term_string}"},"query-input":{"@type":"PropertyValueSpecification","valueRequired":true,"valueName":"search_term_string"}}],"inLanguage":"es-DO"},{"@type":["Person","Organization"],"@id":"https:\/\/minutocerord.com\/#\/schema\/person\/60b5372d60aaa0a5171fb6488be9aee6","name":"Genof\u00f3ntes Urb\u00e1ez","image":{"@type":"ImageObject","inLanguage":"es-DO","@id":"https:\/\/secure.gravatar.com\/avatar\/a49ef3186a692098ac3e8a1612261e3ad70cf9e44553dff2929e67939a0ecb9d?s=96&d=identicon&r=g","url":"https:\/\/secure.gravatar.com\/avatar\/a49ef3186a692098ac3e8a1612261e3ad70cf9e44553dff2929e67939a0ecb9d?s=96&d=identicon&r=g","contentUrl":"https:\/\/secure.gravatar.com\/avatar\/a49ef3186a692098ac3e8a1612261e3ad70cf9e44553dff2929e67939a0ecb9d?s=96&d=identicon&r=g","caption":"Genof\u00f3ntes Urb\u00e1ez"},"logo":{"@id":"https:\/\/secure.gravatar.com\/avatar\/a49ef3186a692098ac3e8a1612261e3ad70cf9e44553dff2929e67939a0ecb9d?s=96&d=identicon&r=g"},"description":"Periodista \/ Locutor","sameAs":["https:\/\/www.facebook.com\/Genofnotes","https:\/\/www.instagram.com\/genofnotes\/"]}]}},"jetpack_publicize_connections":[],"jetpack_featured_media_url":"https:\/\/i0.wp.com\/minutocerord.com\/wp-content\/uploads\/2022\/03\/ATSQJ7ZB6MQMTXBA7RQSXDEB5A.jpg?fit=992%2C661&ssl=1","jetpack-related-posts":[],"jetpack_sharing_enabled":true,"_links":{"self":[{"href":"https:\/\/minutocerord.com\/index.php?rest_route=\/wp\/v2\/posts\/8169","targetHints":{"allow":["GET"]}}],"collection":[{"href":"https:\/\/minutocerord.com\/index.php?rest_route=\/wp\/v2\/posts"}],"about":[{"href":"https:\/\/minutocerord.com\/index.php?rest_route=\/wp\/v2\/types\/post"}],"author":[{"embeddable":true,"href":"https:\/\/minutocerord.com\/index.php?rest_route=\/wp\/v2\/users\/1"}],"replies":[{"embeddable":true,"href":"https:\/\/minutocerord.com\/index.php?rest_route=%2Fwp%2Fv2%2Fcomments&post=8169"}],"version-history":[{"count":1,"href":"https:\/\/minutocerord.com\/index.php?rest_route=\/wp\/v2\/posts\/8169\/revisions"}],"predecessor-version":[{"id":8171,"href":"https:\/\/minutocerord.com\/index.php?rest_route=\/wp\/v2\/posts\/8169\/revisions\/8171"}],"wp:featuredmedia":[{"embeddable":true,"href":"https:\/\/minutocerord.com\/index.php?rest_route=\/wp\/v2\/media\/8170"}],"wp:attachment":[{"href":"https:\/\/minutocerord.com\/index.php?rest_route=%2Fwp%2Fv2%2Fmedia&parent=8169"}],"wp:term":[{"taxonomy":"category","embeddable":true,"href":"https:\/\/minutocerord.com\/index.php?rest_route=%2Fwp%2Fv2%2Fcategories&post=8169"},{"taxonomy":"post_tag","embeddable":true,"href":"https:\/\/minutocerord.com\/index.php?rest_route=%2Fwp%2Fv2%2Ftags&post=8169"}],"curies":[{"name":"wp","href":"https:\/\/api.w.org\/{rel}","templated":true}]}}