{"id":8175,"date":"2022-03-17T21:34:00","date_gmt":"2022-03-18T01:34:00","guid":{"rendered":"https:\/\/minutocerord.com\/?p=8175"},"modified":"2022-03-17T21:34:05","modified_gmt":"2022-03-18T01:34:05","slug":"piden-explicar-perdida-de-rd8-mil-mm-en-fondos-de-pensiones","status":"publish","type":"post","link":"https:\/\/minutocerord.com\/?p=8175","title":{"rendered":"Piden explicar p\u00e9rdida de RD$8 mil MM en fondos de pensiones"},"content":{"rendered":"\n<p><strong>Santo Domingo.-<\/strong> Los sindicatos dominicanos denunciaron este jueves la disminuci\u00f3n de los fondos en las cuentas de los afiliados de las Administradoras de Fondos de Pensiones (AFP), en medio de un debate p\u00fablico sobre el sistema de pensiones.<\/p>\n\n\n\n<p>En las \u00faltimas semanas, los trabajadores dominicanos han perdido 8,000 millones de pesos (unos 145 millones de d\u00f3lares) en sus fondos de pensiones, seg\u00fan c\u00e1lculos de los sindicatos, lo que las AFP atribuyen a una apreciaci\u00f3n \u00abinusual\u00bb del peso frente al d\u00f3lar.<\/p>\n\n\n\n<p>En rueda de prensa, las centrales sindicales reprocharon la decisi\u00f3n de las AFP de cargar a los afiliados \u00abla p\u00e9rdida de sus ganancias\u00bb en violaci\u00f3n a la Ley de Seguridad Social y sin que la Superintendencia de Pensiones haya hecho los c\u00e1lculos correspondientes para determinar la legalidad de esa medida.<\/p>\n\n\n\n<p>Las AFP \u00abprefirieron no afectar sus ganancias\u00bb y \u00abprefirieron que fueran sus afiliados, trabajadores y empleados, los que vieran disminuir sus ahorros lo que les afecta lo acumulado para sus pensiones\u00bb, afirmaron los sindicatos en una nota le\u00edda a la prensa.<\/p>\n\n\n\n<p>Esto, se\u00f1alaron, a pesar de que el porcentaje de rentabilidad de las AFP que operan en el pa\u00eds es de \u00ablos m\u00e1s altos de la regi\u00f3n\u00bb.<\/p>\n\n\n\n<p>La Asociaci\u00f3n Dominicana de Administradoras de Fondos de Pensiones (Adafp) explic\u00f3 esta semana que el rendimiento de las inversiones de los fondos de pensiones no es fijo, pues var\u00eda de acuerdo con el comportamiento del mercado y de la econom\u00eda.<\/p>\n\n\n\n<p>Asimismo, la patronal de los fondos de pensiones opin\u00f3 que \u00abel impacto causado\u00bb por la apreciaci\u00f3n del peso frente al d\u00f3lar se prev\u00e9 que sea transitorio.<\/p>\n\n\n\n<p>La pol\u00e9mica se produce en pleno debate p\u00fablico sobre la reforma del sistema de pensiones, creado en 2001 y que cedi\u00f3 la gesti\u00f3n de las pensiones a fondos privados.<\/p>\n\n\n\n<p>Organizaciones sociales y sindicales del pa\u00eds han propuesto reestructurar todo el sistema de seguridad social y las pensiones, mientras que otras favorecen nacionalizarlo.<\/p>\n\n\n\n<p>Tras el inicio de la pandemia se gener\u00f3 en el pa\u00eds un debate sobre la posibilidad de obligar a las AFP a entregar a los trabajadores el 30 % de sus fondos de pensiones, para hacer frente a la crisis, una propuesta que lleg\u00f3 al Congreso Nacional pero no ha logrado el apoyo para ser aprobada.<\/p>\n\n\n\n<p>La Adafp, por su lado, ha presentado una iniciativa para lograr un sistema de pensiones \u00abm\u00e1s eficiente y solidario\u00bb y entre cuyas principales propuestas est\u00e1 llevar la edad de retiro de 60 a 65 a\u00f1os.EFE<\/p>\n","protected":false},"excerpt":{"rendered":"<p>Santo Domingo.- Los sindicatos dominicanos denunciaron este jueves la disminuci\u00f3n de los fondos en las cuentas de los afiliados de las Administradoras de Fondos de Pensiones (AFP), en medio de un debate p\u00fablico sobre el sistema de pensiones. En las \u00faltimas semanas, los trabajadores dominicanos han perdido 8,000 millones de pesos (unos 145 millones de [&hellip;]<\/p>\n","protected":false},"author":1,"featured_media":8176,"comment_status":"open","ping_status":"open","sticky":false,"template":"","format":"standard","meta":{"nf_dc_page":"","jetpack_post_was_ever_published":false,"_jetpack_newsletter_access":"","_jetpack_dont_email_post_to_subs":false,"_jetpack_newsletter_tier_id":0,"_jetpack_memberships_contains_paywalled_content":false,"_jetpack_memberships_contains_paid_content":false,"footnotes":"","jetpack_publicize_message":"","jetpack_publicize_feature_enabled":true,"jetpack_social_post_already_shared":false,"jetpack_social_options":{"image_generator_settings":{"template":"highway","default_image_id":0,"font":"","enabled":false},"version":2}},"categories":[74],"tags":[],"class_list":["post-8175","post","type-post","status-publish","format-standard","has-post-thumbnail","hentry","category-economicas"],"yoast_head":"<!-- This site is optimized with the Yoast SEO plugin v27.4 - https:\/\/yoast.com\/product\/yoast-seo-wordpress\/ -->\n<title>Piden explicar p\u00e9rdida de RD$8 mil MM en fondos de pensiones - Minuto Cero RD<\/title>\n<meta name=\"robots\" content=\"index, follow, max-snippet:-1, max-image-preview:large, max-video-preview:-1\" \/>\n<link rel=\"canonical\" href=\"https:\/\/minutocerord.com\/?p=8175\" \/>\n<meta property=\"og:locale\" content=\"es_ES\" \/>\n<meta property=\"og:type\" content=\"article\" \/>\n<meta property=\"og:title\" content=\"Piden explicar p\u00e9rdida de RD$8 mil MM en fondos de pensiones - Minuto Cero RD\" \/>\n<meta property=\"og:description\" content=\"Santo Domingo.- Los sindicatos dominicanos denunciaron este jueves la disminuci\u00f3n de los fondos en las cuentas de los afiliados de las Administradoras de Fondos de Pensiones (AFP), en medio de un debate p\u00fablico sobre el sistema de pensiones. En las \u00faltimas semanas, los trabajadores dominicanos han perdido 8,000 millones de pesos (unos 145 millones de [&hellip;]\" \/>\n<meta property=\"og:url\" content=\"https:\/\/minutocerord.com\/?p=8175\" \/>\n<meta property=\"og:site_name\" content=\"Minuto Cero RD\" \/>\n<meta property=\"article:publisher\" content=\"https:\/\/www.facebook.com\/Genofnotes\" \/>\n<meta property=\"article:author\" content=\"https:\/\/www.facebook.com\/Genofnotes\" \/>\n<meta property=\"article:published_time\" content=\"2022-03-18T01:34:00+00:00\" \/>\n<meta property=\"article:modified_time\" content=\"2022-03-18T01:34:05+00:00\" \/>\n<meta property=\"og:image\" content=\"https:\/\/i0.wp.com\/minutocerord.com\/wp-content\/uploads\/2022\/03\/sindicatos-exigen-al-estado-dominicano-explicar-que-esta-sucediendo-con-fondo-de-pensiones.jpeg?fit=613%2C380&ssl=1\" \/>\n\t<meta property=\"og:image:width\" content=\"613\" \/>\n\t<meta property=\"og:image:height\" content=\"380\" \/>\n\t<meta property=\"og:image:type\" content=\"image\/jpeg\" \/>\n<meta name=\"author\" content=\"Genof\u00f3ntes Urb\u00e1ez\" \/>\n<meta name=\"twitter:card\" content=\"summary_large_image\" \/>\n<meta name=\"twitter:label1\" content=\"Written by\" \/>\n\t<meta name=\"twitter:data1\" content=\"Genof\u00f3ntes Urb\u00e1ez\" \/>\n\t<meta name=\"twitter:label2\" content=\"Est. reading time\" \/>\n\t<meta name=\"twitter:data2\" content=\"2 minutos\" \/>\n<script type=\"application\/ld+json\" class=\"yoast-schema-graph\">{\"@context\":\"https:\\\/\\\/schema.org\",\"@graph\":[{\"@type\":\"Article\",\"@id\":\"https:\\\/\\\/minutocerord.com\\\/?p=8175#article\",\"isPartOf\":{\"@id\":\"https:\\\/\\\/minutocerord.com\\\/?p=8175\"},\"author\":{\"name\":\"Genof\u00f3ntes Urb\u00e1ez\",\"@id\":\"https:\\\/\\\/minutocerord.com\\\/#\\\/schema\\\/person\\\/60b5372d60aaa0a5171fb6488be9aee6\"},\"headline\":\"Piden explicar p\u00e9rdida de RD$8 mil MM en fondos de pensiones\",\"datePublished\":\"2022-03-18T01:34:00+00:00\",\"dateModified\":\"2022-03-18T01:34:05+00:00\",\"mainEntityOfPage\":{\"@id\":\"https:\\\/\\\/minutocerord.com\\\/?p=8175\"},\"wordCount\":441,\"commentCount\":0,\"publisher\":{\"@id\":\"https:\\\/\\\/minutocerord.com\\\/#\\\/schema\\\/person\\\/60b5372d60aaa0a5171fb6488be9aee6\"},\"image\":{\"@id\":\"https:\\\/\\\/minutocerord.com\\\/?p=8175#primaryimage\"},\"thumbnailUrl\":\"https:\\\/\\\/i0.wp.com\\\/minutocerord.com\\\/wp-content\\\/uploads\\\/2022\\\/03\\\/sindicatos-exigen-al-estado-dominicano-explicar-que-esta-sucediendo-con-fondo-de-pensiones.jpeg?fit=613%2C380&ssl=1\",\"articleSection\":[\"Econ\u00f3micas\"],\"inLanguage\":\"es-DO\",\"potentialAction\":[{\"@type\":\"CommentAction\",\"name\":\"Comment\",\"target\":[\"https:\\\/\\\/minutocerord.com\\\/?p=8175#respond\"]}]},{\"@type\":\"WebPage\",\"@id\":\"https:\\\/\\\/minutocerord.com\\\/?p=8175\",\"url\":\"https:\\\/\\\/minutocerord.com\\\/?p=8175\",\"name\":\"Piden explicar p\u00e9rdida de RD$8 mil MM en fondos de pensiones - Minuto Cero RD\",\"isPartOf\":{\"@id\":\"https:\\\/\\\/minutocerord.com\\\/#website\"},\"primaryImageOfPage\":{\"@id\":\"https:\\\/\\\/minutocerord.com\\\/?p=8175#primaryimage\"},\"image\":{\"@id\":\"https:\\\/\\\/minutocerord.com\\\/?p=8175#primaryimage\"},\"thumbnailUrl\":\"https:\\\/\\\/i0.wp.com\\\/minutocerord.com\\\/wp-content\\\/uploads\\\/2022\\\/03\\\/sindicatos-exigen-al-estado-dominicano-explicar-que-esta-sucediendo-con-fondo-de-pensiones.jpeg?fit=613%2C380&ssl=1\",\"datePublished\":\"2022-03-18T01:34:00+00:00\",\"dateModified\":\"2022-03-18T01:34:05+00:00\",\"breadcrumb\":{\"@id\":\"https:\\\/\\\/minutocerord.com\\\/?p=8175#breadcrumb\"},\"inLanguage\":\"es-DO\",\"potentialAction\":[{\"@type\":\"ReadAction\",\"target\":[\"https:\\\/\\\/minutocerord.com\\\/?p=8175\"]}]},{\"@type\":\"ImageObject\",\"inLanguage\":\"es-DO\",\"@id\":\"https:\\\/\\\/minutocerord.com\\\/?p=8175#primaryimage\",\"url\":\"https:\\\/\\\/i0.wp.com\\\/minutocerord.com\\\/wp-content\\\/uploads\\\/2022\\\/03\\\/sindicatos-exigen-al-estado-dominicano-explicar-que-esta-sucediendo-con-fondo-de-pensiones.jpeg?fit=613%2C380&ssl=1\",\"contentUrl\":\"https:\\\/\\\/i0.wp.com\\\/minutocerord.com\\\/wp-content\\\/uploads\\\/2022\\\/03\\\/sindicatos-exigen-al-estado-dominicano-explicar-que-esta-sucediendo-con-fondo-de-pensiones.jpeg?fit=613%2C380&ssl=1\",\"width\":613,\"height\":380},{\"@type\":\"BreadcrumbList\",\"@id\":\"https:\\\/\\\/minutocerord.com\\\/?p=8175#breadcrumb\",\"itemListElement\":[{\"@type\":\"ListItem\",\"position\":1,\"name\":\"Home\",\"item\":\"https:\\\/\\\/minutocerord.com\\\/\"},{\"@type\":\"ListItem\",\"position\":2,\"name\":\"Piden explicar p\u00e9rdida de RD$8 mil MM en fondos de pensiones\"}]},{\"@type\":\"WebSite\",\"@id\":\"https:\\\/\\\/minutocerord.com\\\/#website\",\"url\":\"https:\\\/\\\/minutocerord.com\\\/\",\"name\":\"Minuto Cero RD\",\"description\":\"Periodismo serio y veraz\",\"publisher\":{\"@id\":\"https:\\\/\\\/minutocerord.com\\\/#\\\/schema\\\/person\\\/60b5372d60aaa0a5171fb6488be9aee6\"},\"potentialAction\":[{\"@type\":\"SearchAction\",\"target\":{\"@type\":\"EntryPoint\",\"urlTemplate\":\"https:\\\/\\\/minutocerord.com\\\/?s={search_term_string}\"},\"query-input\":{\"@type\":\"PropertyValueSpecification\",\"valueRequired\":true,\"valueName\":\"search_term_string\"}}],\"inLanguage\":\"es-DO\"},{\"@type\":[\"Person\",\"Organization\"],\"@id\":\"https:\\\/\\\/minutocerord.com\\\/#\\\/schema\\\/person\\\/60b5372d60aaa0a5171fb6488be9aee6\",\"name\":\"Genof\u00f3ntes Urb\u00e1ez\",\"image\":{\"@type\":\"ImageObject\",\"inLanguage\":\"es-DO\",\"@id\":\"https:\\\/\\\/secure.gravatar.com\\\/avatar\\\/a49ef3186a692098ac3e8a1612261e3ad70cf9e44553dff2929e67939a0ecb9d?s=96&d=identicon&r=g\",\"url\":\"https:\\\/\\\/secure.gravatar.com\\\/avatar\\\/a49ef3186a692098ac3e8a1612261e3ad70cf9e44553dff2929e67939a0ecb9d?s=96&d=identicon&r=g\",\"contentUrl\":\"https:\\\/\\\/secure.gravatar.com\\\/avatar\\\/a49ef3186a692098ac3e8a1612261e3ad70cf9e44553dff2929e67939a0ecb9d?s=96&d=identicon&r=g\",\"caption\":\"Genof\u00f3ntes Urb\u00e1ez\"},\"logo\":{\"@id\":\"https:\\\/\\\/secure.gravatar.com\\\/avatar\\\/a49ef3186a692098ac3e8a1612261e3ad70cf9e44553dff2929e67939a0ecb9d?s=96&d=identicon&r=g\"},\"description\":\"Periodista \\\/ Locutor\",\"sameAs\":[\"https:\\\/\\\/www.facebook.com\\\/Genofnotes\",\"https:\\\/\\\/www.instagram.com\\\/genofnotes\\\/\"]}]}<\/script>\n<!-- \/ Yoast SEO plugin. -->","yoast_head_json":{"title":"Piden explicar p\u00e9rdida de RD$8 mil MM en fondos de pensiones - Minuto Cero RD","robots":{"index":"index","follow":"follow","max-snippet":"max-snippet:-1","max-image-preview":"max-image-preview:large","max-video-preview":"max-video-preview:-1"},"canonical":"https:\/\/minutocerord.com\/?p=8175","og_locale":"es_ES","og_type":"article","og_title":"Piden explicar p\u00e9rdida de RD$8 mil MM en fondos de pensiones - Minuto Cero RD","og_description":"Santo Domingo.- Los sindicatos dominicanos denunciaron este jueves la disminuci\u00f3n de los fondos en las cuentas de los afiliados de las Administradoras de Fondos de Pensiones (AFP), en medio de un debate p\u00fablico sobre el sistema de pensiones. En las \u00faltimas semanas, los trabajadores dominicanos han perdido 8,000 millones de pesos (unos 145 millones de [&hellip;]","og_url":"https:\/\/minutocerord.com\/?p=8175","og_site_name":"Minuto Cero RD","article_publisher":"https:\/\/www.facebook.com\/Genofnotes","article_author":"https:\/\/www.facebook.com\/Genofnotes","article_published_time":"2022-03-18T01:34:00+00:00","article_modified_time":"2022-03-18T01:34:05+00:00","og_image":[{"width":613,"height":380,"url":"https:\/\/i0.wp.com\/minutocerord.com\/wp-content\/uploads\/2022\/03\/sindicatos-exigen-al-estado-dominicano-explicar-que-esta-sucediendo-con-fondo-de-pensiones.jpeg?fit=613%2C380&ssl=1","type":"image\/jpeg"}],"author":"Genof\u00f3ntes Urb\u00e1ez","twitter_card":"summary_large_image","twitter_misc":{"Written by":"Genof\u00f3ntes Urb\u00e1ez","Est. reading time":"2 minutos"},"schema":{"@context":"https:\/\/schema.org","@graph":[{"@type":"Article","@id":"https:\/\/minutocerord.com\/?p=8175#article","isPartOf":{"@id":"https:\/\/minutocerord.com\/?p=8175"},"author":{"name":"Genof\u00f3ntes Urb\u00e1ez","@id":"https:\/\/minutocerord.com\/#\/schema\/person\/60b5372d60aaa0a5171fb6488be9aee6"},"headline":"Piden explicar p\u00e9rdida de RD$8 mil MM en fondos de pensiones","datePublished":"2022-03-18T01:34:00+00:00","dateModified":"2022-03-18T01:34:05+00:00","mainEntityOfPage":{"@id":"https:\/\/minutocerord.com\/?p=8175"},"wordCount":441,"commentCount":0,"publisher":{"@id":"https:\/\/minutocerord.com\/#\/schema\/person\/60b5372d60aaa0a5171fb6488be9aee6"},"image":{"@id":"https:\/\/minutocerord.com\/?p=8175#primaryimage"},"thumbnailUrl":"https:\/\/i0.wp.com\/minutocerord.com\/wp-content\/uploads\/2022\/03\/sindicatos-exigen-al-estado-dominicano-explicar-que-esta-sucediendo-con-fondo-de-pensiones.jpeg?fit=613%2C380&ssl=1","articleSection":["Econ\u00f3micas"],"inLanguage":"es-DO","potentialAction":[{"@type":"CommentAction","name":"Comment","target":["https:\/\/minutocerord.com\/?p=8175#respond"]}]},{"@type":"WebPage","@id":"https:\/\/minutocerord.com\/?p=8175","url":"https:\/\/minutocerord.com\/?p=8175","name":"Piden explicar p\u00e9rdida de RD$8 mil MM en fondos de pensiones - Minuto Cero RD","isPartOf":{"@id":"https:\/\/minutocerord.com\/#website"},"primaryImageOfPage":{"@id":"https:\/\/minutocerord.com\/?p=8175#primaryimage"},"image":{"@id":"https:\/\/minutocerord.com\/?p=8175#primaryimage"},"thumbnailUrl":"https:\/\/i0.wp.com\/minutocerord.com\/wp-content\/uploads\/2022\/03\/sindicatos-exigen-al-estado-dominicano-explicar-que-esta-sucediendo-con-fondo-de-pensiones.jpeg?fit=613%2C380&ssl=1","datePublished":"2022-03-18T01:34:00+00:00","dateModified":"2022-03-18T01:34:05+00:00","breadcrumb":{"@id":"https:\/\/minutocerord.com\/?p=8175#breadcrumb"},"inLanguage":"es-DO","potentialAction":[{"@type":"ReadAction","target":["https:\/\/minutocerord.com\/?p=8175"]}]},{"@type":"ImageObject","inLanguage":"es-DO","@id":"https:\/\/minutocerord.com\/?p=8175#primaryimage","url":"https:\/\/i0.wp.com\/minutocerord.com\/wp-content\/uploads\/2022\/03\/sindicatos-exigen-al-estado-dominicano-explicar-que-esta-sucediendo-con-fondo-de-pensiones.jpeg?fit=613%2C380&ssl=1","contentUrl":"https:\/\/i0.wp.com\/minutocerord.com\/wp-content\/uploads\/2022\/03\/sindicatos-exigen-al-estado-dominicano-explicar-que-esta-sucediendo-con-fondo-de-pensiones.jpeg?fit=613%2C380&ssl=1","width":613,"height":380},{"@type":"BreadcrumbList","@id":"https:\/\/minutocerord.com\/?p=8175#breadcrumb","itemListElement":[{"@type":"ListItem","position":1,"name":"Home","item":"https:\/\/minutocerord.com\/"},{"@type":"ListItem","position":2,"name":"Piden explicar p\u00e9rdida de RD$8 mil MM en fondos de pensiones"}]},{"@type":"WebSite","@id":"https:\/\/minutocerord.com\/#website","url":"https:\/\/minutocerord.com\/","name":"Minuto Cero RD","description":"Periodismo serio y veraz","publisher":{"@id":"https:\/\/minutocerord.com\/#\/schema\/person\/60b5372d60aaa0a5171fb6488be9aee6"},"potentialAction":[{"@type":"SearchAction","target":{"@type":"EntryPoint","urlTemplate":"https:\/\/minutocerord.com\/?s={search_term_string}"},"query-input":{"@type":"PropertyValueSpecification","valueRequired":true,"valueName":"search_term_string"}}],"inLanguage":"es-DO"},{"@type":["Person","Organization"],"@id":"https:\/\/minutocerord.com\/#\/schema\/person\/60b5372d60aaa0a5171fb6488be9aee6","name":"Genof\u00f3ntes Urb\u00e1ez","image":{"@type":"ImageObject","inLanguage":"es-DO","@id":"https:\/\/secure.gravatar.com\/avatar\/a49ef3186a692098ac3e8a1612261e3ad70cf9e44553dff2929e67939a0ecb9d?s=96&d=identicon&r=g","url":"https:\/\/secure.gravatar.com\/avatar\/a49ef3186a692098ac3e8a1612261e3ad70cf9e44553dff2929e67939a0ecb9d?s=96&d=identicon&r=g","contentUrl":"https:\/\/secure.gravatar.com\/avatar\/a49ef3186a692098ac3e8a1612261e3ad70cf9e44553dff2929e67939a0ecb9d?s=96&d=identicon&r=g","caption":"Genof\u00f3ntes Urb\u00e1ez"},"logo":{"@id":"https:\/\/secure.gravatar.com\/avatar\/a49ef3186a692098ac3e8a1612261e3ad70cf9e44553dff2929e67939a0ecb9d?s=96&d=identicon&r=g"},"description":"Periodista \/ Locutor","sameAs":["https:\/\/www.facebook.com\/Genofnotes","https:\/\/www.instagram.com\/genofnotes\/"]}]}},"jetpack_publicize_connections":[],"jetpack_featured_media_url":"https:\/\/i0.wp.com\/minutocerord.com\/wp-content\/uploads\/2022\/03\/sindicatos-exigen-al-estado-dominicano-explicar-que-esta-sucediendo-con-fondo-de-pensiones.jpeg?fit=613%2C380&ssl=1","jetpack-related-posts":[],"jetpack_sharing_enabled":true,"_links":{"self":[{"href":"https:\/\/minutocerord.com\/index.php?rest_route=\/wp\/v2\/posts\/8175","targetHints":{"allow":["GET"]}}],"collection":[{"href":"https:\/\/minutocerord.com\/index.php?rest_route=\/wp\/v2\/posts"}],"about":[{"href":"https:\/\/minutocerord.com\/index.php?rest_route=\/wp\/v2\/types\/post"}],"author":[{"embeddable":true,"href":"https:\/\/minutocerord.com\/index.php?rest_route=\/wp\/v2\/users\/1"}],"replies":[{"embeddable":true,"href":"https:\/\/minutocerord.com\/index.php?rest_route=%2Fwp%2Fv2%2Fcomments&post=8175"}],"version-history":[{"count":1,"href":"https:\/\/minutocerord.com\/index.php?rest_route=\/wp\/v2\/posts\/8175\/revisions"}],"predecessor-version":[{"id":8177,"href":"https:\/\/minutocerord.com\/index.php?rest_route=\/wp\/v2\/posts\/8175\/revisions\/8177"}],"wp:featuredmedia":[{"embeddable":true,"href":"https:\/\/minutocerord.com\/index.php?rest_route=\/wp\/v2\/media\/8176"}],"wp:attachment":[{"href":"https:\/\/minutocerord.com\/index.php?rest_route=%2Fwp%2Fv2%2Fmedia&parent=8175"}],"wp:term":[{"taxonomy":"category","embeddable":true,"href":"https:\/\/minutocerord.com\/index.php?rest_route=%2Fwp%2Fv2%2Fcategories&post=8175"},{"taxonomy":"post_tag","embeddable":true,"href":"https:\/\/minutocerord.com\/index.php?rest_route=%2Fwp%2Fv2%2Ftags&post=8175"}],"curies":[{"name":"wp","href":"https:\/\/api.w.org\/{rel}","templated":true}]}}