{"id":8187,"date":"2022-03-20T23:08:58","date_gmt":"2022-03-21T03:08:58","guid":{"rendered":"https:\/\/minutocerord.com\/?p=8187"},"modified":"2022-03-20T23:09:50","modified_gmt":"2022-03-21T03:09:50","slug":"porque-le-falto-el-respeto-la-supuesta-razon-por-la-que-el-abusador-mando-a-matar-a-david-ortiz","status":"publish","type":"post","link":"https:\/\/minutocerord.com\/?p=8187","title":{"rendered":"\u00bfPorque &#8220;le falt\u00f3 el respeto&#8221;?: La supuesta raz\u00f3n por la que El abusador mand\u00f3 a matar a David Ortiz"},"content":{"rendered":"\n<p><strong>Santo Domingo.- <\/strong>El expelotero y bateador designado de los Media Rojas de Boston, David Ortiz, quien dio a conocer este s\u00e1bado los resultados de la investigaci\u00f3n privada que orden\u00f3 hacer con relaci\u00f3n al atentado que sufri\u00f3 en el pa\u00eds en el 2019, revel\u00f3 que C\u00e9sar Emilio Peralta (Cesar el Abusador) fue quien planific\u00f3 y orden\u00f3 su muerte.<\/p>\n\n\n\n<p>Ortiz quien recibi\u00f3 un disparo a quemarropa por la espalda que lo dej\u00f3 al filo de la muerte, supuestamente fue atacado por \u00f3rdenes del narcotraficante alegadamente porque sinti\u00f3 que el deportista le falt\u00f3 el respeto, \u201cllev\u00e1ndolo a fijar una recompensa por la cabeza de Ortiz y autorizar al variopinto escuadr\u00f3n de sicarios que intentaron asesinarlo\u201d.<\/p>\n\n\n\n<p>No obstante, el peri\u00f3dico de Boston, no deja claro, por cu\u00e1l raz\u00f3n C\u00e9sar el Abusador se sinti\u00f3 irrespetado por el pelotero.<\/p>\n\n\n\n<p>La investigaci\u00f3n, que fue realizada por The Ed Davis Company (que tambi\u00e9n le presta servicios al Globe relacionados con seguridad en la consulta), y Ric Prado, un antiguo funcionario de alto nivel de la CIA, arroj\u00f3 que Peralta afirm\u00f3 que hizo que dispararan contra Ortiz.<a><\/a><\/p>\n\n\n\n<p>Seg\u00fan publica Boston Globe, estos hallazgos contradicen las narrativas presentadas por las autoridades policiales dominicanas, que primero alegaron que una persona no especificada fij\u00f3 una recompensa sobre Ortiz por un motivo desconocido. Sin embargo, abandonaron esa teor\u00eda y le atribuyeron al tiroteo un caso de identidad equivocada, sin implicar a Peralta en ning\u00fan momento.<\/p>\n\n\n\n<p>De su lado, el abogado de \u201cEl Abusador\u201d con despacho en Miami, Joaqu\u00edn P\u00e9rez, dijo que su defendido \u201cno ten\u00eda nada que ver\u201d con el atentado.<\/p>\n\n\n\n<p>\u201cA pesar de lo malo que pueda ser C\u00e9sar Peralta, es completamente falso decir que tuvo algo que ver con esto\u201d, seg\u00fan afirm\u00f3 P\u00e9rez.<\/p>\n\n\n\n<p>P\u00e9rez describi\u00f3 a Ortiz y Peralta como \u201camigos cercanos\u201d y dijo que Peralta se encontraba entre la multitud que acudi\u00f3 a la cl\u00ednica a donde Ortiz fue llevado de emergencia, aferr\u00e1ndose a la vida, en la noche del tiroteo. Mientras que Ortiz neg\u00f3 tener algo m\u00e1s que una relaci\u00f3n casual con Peralta.<\/p>\n","protected":false},"excerpt":{"rendered":"<p>Santo Domingo.- El expelotero y bateador designado de los Media Rojas de Boston, David Ortiz, quien dio a conocer este s\u00e1bado los resultados de la investigaci\u00f3n privada que orden\u00f3 hacer con relaci\u00f3n al atentado que sufri\u00f3 en el pa\u00eds en el 2019, revel\u00f3 que C\u00e9sar Emilio Peralta (Cesar el Abusador) fue quien planific\u00f3 y orden\u00f3 [&hellip;]<\/p>\n","protected":false},"author":1,"featured_media":8188,"comment_status":"open","ping_status":"open","sticky":false,"template":"","format":"standard","meta":{"nf_dc_page":"","jetpack_post_was_ever_published":false,"_jetpack_newsletter_access":"","_jetpack_dont_email_post_to_subs":false,"_jetpack_newsletter_tier_id":0,"_jetpack_memberships_contains_paywalled_content":false,"_jetpack_memberships_contains_paid_content":false,"footnotes":"","jetpack_publicize_message":"","jetpack_publicize_feature_enabled":true,"jetpack_social_post_already_shared":false,"jetpack_social_options":{"image_generator_settings":{"template":"highway","default_image_id":0,"font":"","enabled":false},"version":2}},"categories":[65],"tags":[],"class_list":["post-8187","post","type-post","status-publish","format-standard","has-post-thumbnail","hentry","category-nacionales"],"yoast_head":"<!-- This site is optimized with the Yoast SEO plugin v27.4 - https:\/\/yoast.com\/product\/yoast-seo-wordpress\/ -->\n<title>\u00bfPorque &quot;le falt\u00f3 el respeto&quot;?: La supuesta raz\u00f3n por la que El abusador mand\u00f3 a matar a David Ortiz - Minuto Cero RD<\/title>\n<meta name=\"robots\" content=\"index, follow, max-snippet:-1, max-image-preview:large, max-video-preview:-1\" \/>\n<link rel=\"canonical\" href=\"http:\/\/minutocerord.com\/?p=8187\" \/>\n<meta property=\"og:locale\" content=\"es_ES\" \/>\n<meta property=\"og:type\" content=\"article\" \/>\n<meta property=\"og:title\" content=\"\u00bfPorque &quot;le falt\u00f3 el respeto&quot;?: La supuesta raz\u00f3n por la que El abusador mand\u00f3 a matar a David Ortiz - Minuto Cero RD\" \/>\n<meta property=\"og:description\" content=\"Santo Domingo.- El expelotero y bateador designado de los Media Rojas de Boston, David Ortiz, quien dio a conocer este s\u00e1bado los resultados de la investigaci\u00f3n privada que orden\u00f3 hacer con relaci\u00f3n al atentado que sufri\u00f3 en el pa\u00eds en el 2019, revel\u00f3 que C\u00e9sar Emilio Peralta (Cesar el Abusador) fue quien planific\u00f3 y orden\u00f3 [&hellip;]\" \/>\n<meta property=\"og:url\" content=\"http:\/\/minutocerord.com\/?p=8187\" \/>\n<meta property=\"og:site_name\" content=\"Minuto Cero RD\" \/>\n<meta property=\"article:publisher\" content=\"https:\/\/www.facebook.com\/Genofnotes\" \/>\n<meta property=\"article:author\" content=\"https:\/\/www.facebook.com\/Genofnotes\" \/>\n<meta property=\"article:published_time\" content=\"2022-03-21T03:08:58+00:00\" \/>\n<meta property=\"article:modified_time\" content=\"2022-03-21T03:09:50+00:00\" \/>\n<meta property=\"og:image\" content=\"https:\/\/i0.wp.com\/minutocerord.com\/wp-content\/uploads\/2022\/03\/Captura-3.png?fit=748%2C567\" \/>\n\t<meta property=\"og:image:width\" content=\"748\" \/>\n\t<meta property=\"og:image:height\" content=\"567\" \/>\n\t<meta property=\"og:image:type\" content=\"image\/png\" \/>\n<meta name=\"author\" content=\"Genof\u00f3ntes Urb\u00e1ez\" \/>\n<meta name=\"twitter:card\" content=\"summary_large_image\" \/>\n<meta name=\"twitter:label1\" content=\"Written by\" \/>\n\t<meta name=\"twitter:data1\" content=\"Genof\u00f3ntes Urb\u00e1ez\" \/>\n\t<meta name=\"twitter:label2\" content=\"Est. reading time\" \/>\n\t<meta name=\"twitter:data2\" content=\"2 minutos\" \/>\n<script type=\"application\/ld+json\" class=\"yoast-schema-graph\">{\"@context\":\"https:\\\/\\\/schema.org\",\"@graph\":[{\"@type\":\"Article\",\"@id\":\"http:\\\/\\\/minutocerord.com\\\/?p=8187#article\",\"isPartOf\":{\"@id\":\"http:\\\/\\\/minutocerord.com\\\/?p=8187\"},\"author\":{\"name\":\"Genof\u00f3ntes Urb\u00e1ez\",\"@id\":\"https:\\\/\\\/minutocerord.com\\\/#\\\/schema\\\/person\\\/60b5372d60aaa0a5171fb6488be9aee6\"},\"headline\":\"\u00bfPorque &#8220;le falt\u00f3 el respeto&#8221;?: La supuesta raz\u00f3n por la que El abusador mand\u00f3 a matar a David Ortiz\",\"datePublished\":\"2022-03-21T03:08:58+00:00\",\"dateModified\":\"2022-03-21T03:09:50+00:00\",\"mainEntityOfPage\":{\"@id\":\"http:\\\/\\\/minutocerord.com\\\/?p=8187\"},\"wordCount\":381,\"commentCount\":0,\"publisher\":{\"@id\":\"https:\\\/\\\/minutocerord.com\\\/#\\\/schema\\\/person\\\/60b5372d60aaa0a5171fb6488be9aee6\"},\"image\":{\"@id\":\"http:\\\/\\\/minutocerord.com\\\/?p=8187#primaryimage\"},\"thumbnailUrl\":\"https:\\\/\\\/i0.wp.com\\\/minutocerord.com\\\/wp-content\\\/uploads\\\/2022\\\/03\\\/Captura-3.png?fit=748%2C567&ssl=1\",\"articleSection\":[\"Nacionales\"],\"inLanguage\":\"es-DO\",\"potentialAction\":[{\"@type\":\"CommentAction\",\"name\":\"Comment\",\"target\":[\"http:\\\/\\\/minutocerord.com\\\/?p=8187#respond\"]}]},{\"@type\":\"WebPage\",\"@id\":\"http:\\\/\\\/minutocerord.com\\\/?p=8187\",\"url\":\"http:\\\/\\\/minutocerord.com\\\/?p=8187\",\"name\":\"\u00bfPorque \\\"le falt\u00f3 el respeto\\\"?: La supuesta raz\u00f3n por la que El abusador mand\u00f3 a matar a David Ortiz - Minuto Cero RD\",\"isPartOf\":{\"@id\":\"https:\\\/\\\/minutocerord.com\\\/#website\"},\"primaryImageOfPage\":{\"@id\":\"http:\\\/\\\/minutocerord.com\\\/?p=8187#primaryimage\"},\"image\":{\"@id\":\"http:\\\/\\\/minutocerord.com\\\/?p=8187#primaryimage\"},\"thumbnailUrl\":\"https:\\\/\\\/i0.wp.com\\\/minutocerord.com\\\/wp-content\\\/uploads\\\/2022\\\/03\\\/Captura-3.png?fit=748%2C567&ssl=1\",\"datePublished\":\"2022-03-21T03:08:58+00:00\",\"dateModified\":\"2022-03-21T03:09:50+00:00\",\"breadcrumb\":{\"@id\":\"http:\\\/\\\/minutocerord.com\\\/?p=8187#breadcrumb\"},\"inLanguage\":\"es-DO\",\"potentialAction\":[{\"@type\":\"ReadAction\",\"target\":[\"http:\\\/\\\/minutocerord.com\\\/?p=8187\"]}]},{\"@type\":\"ImageObject\",\"inLanguage\":\"es-DO\",\"@id\":\"http:\\\/\\\/minutocerord.com\\\/?p=8187#primaryimage\",\"url\":\"https:\\\/\\\/i0.wp.com\\\/minutocerord.com\\\/wp-content\\\/uploads\\\/2022\\\/03\\\/Captura-3.png?fit=748%2C567&ssl=1\",\"contentUrl\":\"https:\\\/\\\/i0.wp.com\\\/minutocerord.com\\\/wp-content\\\/uploads\\\/2022\\\/03\\\/Captura-3.png?fit=748%2C567&ssl=1\",\"width\":748,\"height\":567},{\"@type\":\"BreadcrumbList\",\"@id\":\"http:\\\/\\\/minutocerord.com\\\/?p=8187#breadcrumb\",\"itemListElement\":[{\"@type\":\"ListItem\",\"position\":1,\"name\":\"Home\",\"item\":\"https:\\\/\\\/minutocerord.com\\\/\"},{\"@type\":\"ListItem\",\"position\":2,\"name\":\"\u00bfPorque &#8220;le falt\u00f3 el respeto&#8221;?: La supuesta raz\u00f3n por la que El abusador mand\u00f3 a matar a David Ortiz\"}]},{\"@type\":\"WebSite\",\"@id\":\"https:\\\/\\\/minutocerord.com\\\/#website\",\"url\":\"https:\\\/\\\/minutocerord.com\\\/\",\"name\":\"Minuto Cero RD\",\"description\":\"Periodismo serio y veraz\",\"publisher\":{\"@id\":\"https:\\\/\\\/minutocerord.com\\\/#\\\/schema\\\/person\\\/60b5372d60aaa0a5171fb6488be9aee6\"},\"potentialAction\":[{\"@type\":\"SearchAction\",\"target\":{\"@type\":\"EntryPoint\",\"urlTemplate\":\"https:\\\/\\\/minutocerord.com\\\/?s={search_term_string}\"},\"query-input\":{\"@type\":\"PropertyValueSpecification\",\"valueRequired\":true,\"valueName\":\"search_term_string\"}}],\"inLanguage\":\"es-DO\"},{\"@type\":[\"Person\",\"Organization\"],\"@id\":\"https:\\\/\\\/minutocerord.com\\\/#\\\/schema\\\/person\\\/60b5372d60aaa0a5171fb6488be9aee6\",\"name\":\"Genof\u00f3ntes Urb\u00e1ez\",\"image\":{\"@type\":\"ImageObject\",\"inLanguage\":\"es-DO\",\"@id\":\"https:\\\/\\\/secure.gravatar.com\\\/avatar\\\/a49ef3186a692098ac3e8a1612261e3ad70cf9e44553dff2929e67939a0ecb9d?s=96&d=identicon&r=g\",\"url\":\"https:\\\/\\\/secure.gravatar.com\\\/avatar\\\/a49ef3186a692098ac3e8a1612261e3ad70cf9e44553dff2929e67939a0ecb9d?s=96&d=identicon&r=g\",\"contentUrl\":\"https:\\\/\\\/secure.gravatar.com\\\/avatar\\\/a49ef3186a692098ac3e8a1612261e3ad70cf9e44553dff2929e67939a0ecb9d?s=96&d=identicon&r=g\",\"caption\":\"Genof\u00f3ntes Urb\u00e1ez\"},\"logo\":{\"@id\":\"https:\\\/\\\/secure.gravatar.com\\\/avatar\\\/a49ef3186a692098ac3e8a1612261e3ad70cf9e44553dff2929e67939a0ecb9d?s=96&d=identicon&r=g\"},\"description\":\"Periodista \\\/ Locutor\",\"sameAs\":[\"https:\\\/\\\/www.facebook.com\\\/Genofnotes\",\"https:\\\/\\\/www.instagram.com\\\/genofnotes\\\/\"]}]}<\/script>\n<!-- \/ Yoast SEO plugin. -->","yoast_head_json":{"title":"\u00bfPorque \"le falt\u00f3 el respeto\"?: La supuesta raz\u00f3n por la que El abusador mand\u00f3 a matar a David Ortiz - Minuto Cero RD","robots":{"index":"index","follow":"follow","max-snippet":"max-snippet:-1","max-image-preview":"max-image-preview:large","max-video-preview":"max-video-preview:-1"},"canonical":"http:\/\/minutocerord.com\/?p=8187","og_locale":"es_ES","og_type":"article","og_title":"\u00bfPorque \"le falt\u00f3 el respeto\"?: La supuesta raz\u00f3n por la que El abusador mand\u00f3 a matar a David Ortiz - Minuto Cero RD","og_description":"Santo Domingo.- El expelotero y bateador designado de los Media Rojas de Boston, David Ortiz, quien dio a conocer este s\u00e1bado los resultados de la investigaci\u00f3n privada que orden\u00f3 hacer con relaci\u00f3n al atentado que sufri\u00f3 en el pa\u00eds en el 2019, revel\u00f3 que C\u00e9sar Emilio Peralta (Cesar el Abusador) fue quien planific\u00f3 y orden\u00f3 [&hellip;]","og_url":"http:\/\/minutocerord.com\/?p=8187","og_site_name":"Minuto Cero RD","article_publisher":"https:\/\/www.facebook.com\/Genofnotes","article_author":"https:\/\/www.facebook.com\/Genofnotes","article_published_time":"2022-03-21T03:08:58+00:00","article_modified_time":"2022-03-21T03:09:50+00:00","og_image":[{"width":748,"height":567,"url":"https:\/\/i0.wp.com\/minutocerord.com\/wp-content\/uploads\/2022\/03\/Captura-3.png?fit=748%2C567","type":"image\/png"}],"author":"Genof\u00f3ntes Urb\u00e1ez","twitter_card":"summary_large_image","twitter_misc":{"Written by":"Genof\u00f3ntes Urb\u00e1ez","Est. reading time":"2 minutos"},"schema":{"@context":"https:\/\/schema.org","@graph":[{"@type":"Article","@id":"http:\/\/minutocerord.com\/?p=8187#article","isPartOf":{"@id":"http:\/\/minutocerord.com\/?p=8187"},"author":{"name":"Genof\u00f3ntes Urb\u00e1ez","@id":"https:\/\/minutocerord.com\/#\/schema\/person\/60b5372d60aaa0a5171fb6488be9aee6"},"headline":"\u00bfPorque &#8220;le falt\u00f3 el respeto&#8221;?: La supuesta raz\u00f3n por la que El abusador mand\u00f3 a matar a David Ortiz","datePublished":"2022-03-21T03:08:58+00:00","dateModified":"2022-03-21T03:09:50+00:00","mainEntityOfPage":{"@id":"http:\/\/minutocerord.com\/?p=8187"},"wordCount":381,"commentCount":0,"publisher":{"@id":"https:\/\/minutocerord.com\/#\/schema\/person\/60b5372d60aaa0a5171fb6488be9aee6"},"image":{"@id":"http:\/\/minutocerord.com\/?p=8187#primaryimage"},"thumbnailUrl":"https:\/\/i0.wp.com\/minutocerord.com\/wp-content\/uploads\/2022\/03\/Captura-3.png?fit=748%2C567&ssl=1","articleSection":["Nacionales"],"inLanguage":"es-DO","potentialAction":[{"@type":"CommentAction","name":"Comment","target":["http:\/\/minutocerord.com\/?p=8187#respond"]}]},{"@type":"WebPage","@id":"http:\/\/minutocerord.com\/?p=8187","url":"http:\/\/minutocerord.com\/?p=8187","name":"\u00bfPorque \"le falt\u00f3 el respeto\"?: La supuesta raz\u00f3n por la que El abusador mand\u00f3 a matar a David Ortiz - Minuto Cero RD","isPartOf":{"@id":"https:\/\/minutocerord.com\/#website"},"primaryImageOfPage":{"@id":"http:\/\/minutocerord.com\/?p=8187#primaryimage"},"image":{"@id":"http:\/\/minutocerord.com\/?p=8187#primaryimage"},"thumbnailUrl":"https:\/\/i0.wp.com\/minutocerord.com\/wp-content\/uploads\/2022\/03\/Captura-3.png?fit=748%2C567&ssl=1","datePublished":"2022-03-21T03:08:58+00:00","dateModified":"2022-03-21T03:09:50+00:00","breadcrumb":{"@id":"http:\/\/minutocerord.com\/?p=8187#breadcrumb"},"inLanguage":"es-DO","potentialAction":[{"@type":"ReadAction","target":["http:\/\/minutocerord.com\/?p=8187"]}]},{"@type":"ImageObject","inLanguage":"es-DO","@id":"http:\/\/minutocerord.com\/?p=8187#primaryimage","url":"https:\/\/i0.wp.com\/minutocerord.com\/wp-content\/uploads\/2022\/03\/Captura-3.png?fit=748%2C567&ssl=1","contentUrl":"https:\/\/i0.wp.com\/minutocerord.com\/wp-content\/uploads\/2022\/03\/Captura-3.png?fit=748%2C567&ssl=1","width":748,"height":567},{"@type":"BreadcrumbList","@id":"http:\/\/minutocerord.com\/?p=8187#breadcrumb","itemListElement":[{"@type":"ListItem","position":1,"name":"Home","item":"https:\/\/minutocerord.com\/"},{"@type":"ListItem","position":2,"name":"\u00bfPorque &#8220;le falt\u00f3 el respeto&#8221;?: La supuesta raz\u00f3n por la que El abusador mand\u00f3 a matar a David Ortiz"}]},{"@type":"WebSite","@id":"https:\/\/minutocerord.com\/#website","url":"https:\/\/minutocerord.com\/","name":"Minuto Cero RD","description":"Periodismo serio y veraz","publisher":{"@id":"https:\/\/minutocerord.com\/#\/schema\/person\/60b5372d60aaa0a5171fb6488be9aee6"},"potentialAction":[{"@type":"SearchAction","target":{"@type":"EntryPoint","urlTemplate":"https:\/\/minutocerord.com\/?s={search_term_string}"},"query-input":{"@type":"PropertyValueSpecification","valueRequired":true,"valueName":"search_term_string"}}],"inLanguage":"es-DO"},{"@type":["Person","Organization"],"@id":"https:\/\/minutocerord.com\/#\/schema\/person\/60b5372d60aaa0a5171fb6488be9aee6","name":"Genof\u00f3ntes Urb\u00e1ez","image":{"@type":"ImageObject","inLanguage":"es-DO","@id":"https:\/\/secure.gravatar.com\/avatar\/a49ef3186a692098ac3e8a1612261e3ad70cf9e44553dff2929e67939a0ecb9d?s=96&d=identicon&r=g","url":"https:\/\/secure.gravatar.com\/avatar\/a49ef3186a692098ac3e8a1612261e3ad70cf9e44553dff2929e67939a0ecb9d?s=96&d=identicon&r=g","contentUrl":"https:\/\/secure.gravatar.com\/avatar\/a49ef3186a692098ac3e8a1612261e3ad70cf9e44553dff2929e67939a0ecb9d?s=96&d=identicon&r=g","caption":"Genof\u00f3ntes Urb\u00e1ez"},"logo":{"@id":"https:\/\/secure.gravatar.com\/avatar\/a49ef3186a692098ac3e8a1612261e3ad70cf9e44553dff2929e67939a0ecb9d?s=96&d=identicon&r=g"},"description":"Periodista \/ Locutor","sameAs":["https:\/\/www.facebook.com\/Genofnotes","https:\/\/www.instagram.com\/genofnotes\/"]}]}},"jetpack_publicize_connections":[],"jetpack_featured_media_url":"https:\/\/i0.wp.com\/minutocerord.com\/wp-content\/uploads\/2022\/03\/Captura-3.png?fit=748%2C567&ssl=1","jetpack-related-posts":[],"jetpack_sharing_enabled":true,"_links":{"self":[{"href":"https:\/\/minutocerord.com\/index.php?rest_route=\/wp\/v2\/posts\/8187","targetHints":{"allow":["GET"]}}],"collection":[{"href":"https:\/\/minutocerord.com\/index.php?rest_route=\/wp\/v2\/posts"}],"about":[{"href":"https:\/\/minutocerord.com\/index.php?rest_route=\/wp\/v2\/types\/post"}],"author":[{"embeddable":true,"href":"https:\/\/minutocerord.com\/index.php?rest_route=\/wp\/v2\/users\/1"}],"replies":[{"embeddable":true,"href":"https:\/\/minutocerord.com\/index.php?rest_route=%2Fwp%2Fv2%2Fcomments&post=8187"}],"version-history":[{"count":2,"href":"https:\/\/minutocerord.com\/index.php?rest_route=\/wp\/v2\/posts\/8187\/revisions"}],"predecessor-version":[{"id":8190,"href":"https:\/\/minutocerord.com\/index.php?rest_route=\/wp\/v2\/posts\/8187\/revisions\/8190"}],"wp:featuredmedia":[{"embeddable":true,"href":"https:\/\/minutocerord.com\/index.php?rest_route=\/wp\/v2\/media\/8188"}],"wp:attachment":[{"href":"https:\/\/minutocerord.com\/index.php?rest_route=%2Fwp%2Fv2%2Fmedia&parent=8187"}],"wp:term":[{"taxonomy":"category","embeddable":true,"href":"https:\/\/minutocerord.com\/index.php?rest_route=%2Fwp%2Fv2%2Fcategories&post=8187"},{"taxonomy":"post_tag","embeddable":true,"href":"https:\/\/minutocerord.com\/index.php?rest_route=%2Fwp%2Fv2%2Ftags&post=8187"}],"curies":[{"name":"wp","href":"https:\/\/api.w.org\/{rel}","templated":true}]}}